{"id":39385,"date":"2025-08-26T11:31:59","date_gmt":"2025-08-26T14:31:59","guid":{"rendered":"https:\/\/hcd.malargue.gov.ar\/?p=39385"},"modified":"2025-08-26T11:32:03","modified_gmt":"2025-08-26T14:32:03","slug":"resolucion-n-287-2-025","status":"publish","type":"post","link":"https:\/\/hcd.malargue.gov.ar\/?p=39385","title":{"rendered":"RESOLUCI\u00d3N N\u00b0 287\/2.025"},"content":{"rendered":"\n<h4 class=\"wp-block-heading has-text-align-center\"><strong>El HCD declar\u00f3 de Inter\u00e9s Hist\u00f3rico y Cultural el Aljibe de la Escuelita de la Ripiera<\/strong><\/h4>\n\n\n\n<p><em>El Honorable Concejo Deliberante aprob\u00f3 la Resoluci\u00f3n N\u00b0 287\/2.025, mediante la cual se declar\u00f3 de Inter\u00e9s Departamental, Hist\u00f3rico y Cultural el antiguo aljibe de la Escuelita de la Ripiera, ubicado en Portezuelo del Viento \u2013 R\u00edo Grande.<\/em><\/p>\n\n\n\n<p><em>La pieza legal tambi\u00e9n solicita al Departamento Ejecutivo Municipal que gestione su declaraci\u00f3n como Patrimonio Hist\u00f3rico Municipal y que se avance en las acciones necesarias para garantizar su preservaci\u00f3n.<\/em><\/p>\n\n\n\n<p><em>El aljibe constituye el \u00fanico testimonio material de la primera Escuela Hogar creada en 1941 por iniciativa del ingeniero Ren\u00e9 Addor, en tiempos del Yacimiento Carbon\u00edfero \u201cGeneral San Mart\u00edn\u201d (Mina Car). Esta instituci\u00f3n educativa fue luego trasladada a La Ripiera y finalmente a Las Loicas, donde hoy funciona la Escuela Albergue N\u00b0 8-497 \u201cBernardo Alberto Houssay\u201d.<\/em><\/p>\n\n\n\n<p><em>El HCD destac\u00f3 que el aljibe representa un s\u00edmbolo de la memoria colectiva y del esfuerzo de los pioneros que apostaron a la educaci\u00f3n como motor de progreso, en una etapa marcada por la intensa actividad minera y el desarrollo productivo de la zona.<\/em><\/p>\n\n\n\n<p><em>Adem\u00e1s, se solicit\u00f3 al Ejecutivo la elaboraci\u00f3n de un Plan Integral de Puesta en Valor del sitio, con tareas de limpieza, adecuaci\u00f3n, se\u00f1al\u00e9tica y la incorporaci\u00f3n del lugar al Inventario de Bienes Patrimoniales del Departamento, asegurando su difusi\u00f3n y protecci\u00f3n para las futuras generaciones.<\/em><\/p>\n\n\n\n<p class=\"has-text-align-center\"><strong>PIEZA LEGAL<\/strong><\/p>\n\n\n<div class=\"wp-block-image\">\n<figure class=\"alignright size-full is-resized\"><a href=\"http:\/\/hcd.malargue.gov.ar\/2025\/Rs%20287%202025%20Aljibe%20de%20la%20Esc.%20La%20Ripiera.pdf\"><img loading=\"lazy\" decoding=\"async\" width=\"512\" height=\"512\" src=\"https:\/\/hcd.malargue.gov.ar\/wp-content\/uploads\/2018\/06\/PDF-JPG.jpg\" alt=\"\" class=\"wp-image-7950\" style=\"width:134px;height:auto\" srcset=\"https:\/\/hcd.malargue.gov.ar\/wp-content\/uploads\/2018\/06\/PDF-JPG.jpg 512w, https:\/\/hcd.malargue.gov.ar\/wp-content\/uploads\/2018\/06\/PDF-JPG-150x150.jpg 150w, https:\/\/hcd.malargue.gov.ar\/wp-content\/uploads\/2018\/06\/PDF-JPG-300x300.jpg 300w\" sizes=\"auto, (max-width: 512px) 100vw, 512px\" \/><\/a><\/figure>\n<\/div>\n\n\n<p><strong>AUTORA CONCEJALA EMILCE MANSILLA<\/strong><\/p>\n\n\n\n<p><strong>BLOQUE PARTIDO JUSTICIALISTA<\/strong> <\/p>\n\n\n\n<p>VISTO: El contenido de los Expediente N\u00b0 4.221\/2.025-0. Bloque Partido Justicialista Proyecto de Declaraci\u00f3n: Declarar de Inter\u00e9s Hist\u00f3rico y Cultural al Aljibe de la Escuelita de la Ripiera, cito en Portezuelo del Viento-Rio Grande y Expediente N\u00b0 4.223\/2.025-0. Bloque Partido Justicialista Proyecto de Resoluci\u00f3n: Solicitar al Departamento Ejecutivo Municipal la declaraci\u00f3n de Patrimonio Hist\u00f3rico Municipal, dando su debida protecci\u00f3n, al viejo aljibe de la Escuelita de la Ripiera, cito en Portezuelo del Viento-Rio Grande.<\/p>\n\n\n\n<p>y;<\/p>\n\n\n\n<p>CONSIDERANDO: Que en el a\u00f1o 1.941, bajo la iniciativa del ingeniero suizo-franc\u00e9s Ren\u00e9 Addor, Administrador General del Yacimiento Carbon\u00edfero \u201cGeneral San Mart\u00edn\u201d, m\u00e1s conocido como Mina Car, se cre\u00f3 la primera Escuela Hogar en la zona denominada Portezuelo del Viento.<\/p>\n\n\n\n<p>Que dicha Escuela fue posteriormente trasladada al paraje <em>La Ripiera<\/em>, ubicado a tres (3) kil\u00f3metros del sitio original y m\u00e1s tarde a Las Loicas, donde actualmente funciona la Escuela Albergue N\u00b0 8-497 <em>\u201cBernardo Alberto Houssay\u201d<\/em>.<\/p>\n\n\n\n<p>Que <em>Mina Car<\/em> desarroll\u00f3 sus tareas de extracci\u00f3n de carb\u00f3n de piedra (asfaltita) hasta su cierre definitivo en 1.951, contando en su apogeo con la participaci\u00f3n de trabajadores y personal administrativo de diversas nacionalidades y con un movimiento estimado de cien (100) camiones diarios que transportaban el mineral por un camino de ripio de cuarenta (40) kil\u00f3metros, entre Bardas Blancas y Malarg\u00fce, mantenido manualmente con pala, rastrillo y azada.<\/p>\n\n\n\n<p>Que el crecimiento poblacional y productivo de la zona hizo necesaria la creaci\u00f3n de una Escuela Albergue que garantizara la educaci\u00f3n de los ni\u00f1os malarg\u00fcinos, en pos del desarrollo comunitario.<\/p>\n\n\n\n<p>Que de aquella primera experiencia educativa solo ha quedado un aljibe, que constituye testimonio material de la memoria colectiva y de los hombres y mujeres que, con esfuerzo y visi\u00f3n, apostaron a la educaci\u00f3n como pilar fundamental del progreso.<\/p>\n\n\n\n<p>Que resulta un deber moral y pol\u00edtico rescatar del olvido a los pioneros de nuestro Departamento, otorgando valor, protecci\u00f3n y reconocimiento a los espacios e hitos que forman parte de nuestra identidad hist\u00f3rica.<\/p>\n\n\n\n<p>Que la puesta en valor y protecci\u00f3n de este bien permitir\u00e1 transmitir a las generaciones presentes y futuras el legado de trabajo, esfuerzo y compromiso de quienes forjaron nuestra comunidad.<\/p>\n\n\n\n<p>EL HONORABLE CONCEJO DELIBERANTE DE LA MUNICIPALIDAD DE MALARG\u00dcE EN USO DE LAS FACULTADES QUE LE SON PROPIAS<\/p>\n\n\n\n<p>RESUELVE<\/p>\n\n\n\n<p>ART\u00cdCULO 1\u00ba: Declarar de Inter\u00e9s Departamental, Hist\u00f3rico y Cultural, el Aljibe de la Escuela Hogar <em>\u201cLa Ripiera\u201d<\/em>, ubicado en la zona conocida como <em>Portezuelo del Viento<\/em>, distrito de R\u00edo Grande, Departamento de Malarg\u00fce.<\/p>\n\n\n\n<p>ART\u00cdCULO 2\u00ba: Solicitar a la Secretar\u00eda de Desarrollo Humano de la Municipalidad de Malarg\u00fce y por su intermedio a la Direcci\u00f3n de Cultura o al organismo que en el futuro la reemplace, que realice las gestiones necesarias para lograr la Declaraci\u00f3n del Aljibe de la Escuela Hogar <em>\u201cLa Ripiera\u201d<\/em> como bien patrimonial provincial y su incorporaci\u00f3n efectiva al Inventario de Bienes Patrimoniales del Departamento de Malarg\u00fce.<\/p>\n\n\n\n<p>ART\u00cdCULO 3\u00ba: Requerir al Departamento Ejecutivo Municipal que, a trav\u00e9s de las \u00e1reas competentes, elabore y ejecute un Plan Integral de Puesta en Valor del sitio, que contemple tareas de limpieza, adecuaci\u00f3n del entorno y colocaci\u00f3n de se\u00f1al\u00e9tica, placas u otras estructuras que permitan su correcta identificaci\u00f3n, preservaci\u00f3n y difusi\u00f3n como Patrimonio Hist\u00f3rico de Malarg\u00fce.<\/p>\n\n\n\n<p>ART\u00cdCULO 4\u00ba: Remitir copia de la presente Resoluci\u00f3n al Ministro de Educaci\u00f3n, Cultura, Infancias y Direcci\u00f3n General de Escuelas de la Provincia de Mendoza, Lic. Tadeo Garc\u00eda Zalazar; al Secretario de Desarrollo Humano, Prof. Juan Jos\u00e9 Narambuena; a la Directora de Cultura, Prof. \u00c9rica Della Bianca y al Director de Educaci\u00f3n, Prof. Gustavo Caba\u00f1a.<\/p>\n\n\n\n<p>ART\u00cdCULO 5\u00ba: Comun\u00edquese, reg\u00edstrese, agr\u00e9guese copia de la presente en las actuaciones correspondientes y arch\u00edvese.<\/p>\n\n\n\n<p>DADA EN LA SALA DE SESIONES DR.&nbsp; RICARDO BALBIN DEL HONORABLE CONCEJO DELIBERANTE DE LA MUNICIPALIDAD DE MALARG\u00dcE A CATORCE D\u00cdAS DE AGOSTO DE DOS MIL VEINTICINCO.<\/p>\n\n\n\n<p><\/p>\n","protected":false},"excerpt":{"rendered":"<p>El HCD declar\u00f3 de Inter\u00e9s Hist\u00f3rico y Cultural el Aljibe de la Escuelita de la Ripiera El Honorable Concejo Deliberante aprob\u00f3 la Resoluci\u00f3n N\u00b0 287\/2.025, mediante la cual se declar\u00f3 de Inter\u00e9s Departamental, Hist\u00f3rico y Cultural el antiguo aljibe de la Escuelita de la Ripiera, ubicado en Portezuelo del Viento \u2013 R\u00edo Grande. La pieza [&hellip;]<\/p>\n","protected":false},"author":5,"featured_media":39386,"comment_status":"closed","ping_status":"closed","sticky":false,"template":"","format":"standard","meta":{"footnotes":""},"categories":[52,29,33,51],"tags":[],"class_list":["post-39385","post","type-post","status-publish","format-standard","has-post-thumbnail","hentry","category-gacetillas","category-lesgilacion","category-prensa","category-resoluciones"],"yoast_head":"<!-- This site is optimized with the Yoast SEO plugin v19.10 - https:\/\/yoast.com\/wordpress\/plugins\/seo\/ -->\n<title>RESOLUCI\u00d3N N\u00b0 287\/2.025 - Malarg\u00fce HCD<\/title>\n<meta name=\"robots\" content=\"index, follow, max-snippet:-1, max-image-preview:large, max-video-preview:-1\" \/>\n<link rel=\"canonical\" href=\"https:\/\/hcd.malargue.gov.ar\/?p=39385\" \/>\n<meta property=\"og:locale\" content=\"es_ES\" \/>\n<meta property=\"og:type\" content=\"article\" \/>\n<meta property=\"og:title\" content=\"RESOLUCI\u00d3N N\u00b0 287\/2.025 - Malarg\u00fce HCD\" \/>\n<meta property=\"og:description\" content=\"El HCD declar\u00f3 de Inter\u00e9s Hist\u00f3rico y Cultural el Aljibe de la Escuelita de la Ripiera El Honorable Concejo Deliberante aprob\u00f3 la Resoluci\u00f3n N\u00b0 287\/2.025, mediante la cual se declar\u00f3 de Inter\u00e9s Departamental, Hist\u00f3rico y Cultural el antiguo aljibe de la Escuelita de la Ripiera, ubicado en Portezuelo del Viento \u2013 R\u00edo Grande. La pieza [&hellip;]\" \/>\n<meta property=\"og:url\" content=\"https:\/\/hcd.malargue.gov.ar\/?p=39385\" \/>\n<meta property=\"og:site_name\" content=\"Malarg\u00fce HCD\" \/>\n<meta property=\"article:published_time\" content=\"2025-08-26T14:31:59+00:00\" \/>\n<meta property=\"article:modified_time\" content=\"2025-08-26T14:32:03+00:00\" \/>\n<meta property=\"og:image\" content=\"https:\/\/hcd.malargue.gov.ar\/wp-content\/uploads\/2025\/08\/RESOLUCION-287-2025.png\" \/>\n\t<meta property=\"og:image:width\" content=\"940\" \/>\n\t<meta property=\"og:image:height\" content=\"788\" \/>\n\t<meta property=\"og:image:type\" content=\"image\/png\" \/>\n<meta name=\"author\" content=\"Belen Pedernera Ferragut\" \/>\n<meta name=\"twitter:card\" content=\"summary_large_image\" \/>\n<meta name=\"twitter:label1\" content=\"Escrito por\" \/>\n\t<meta name=\"twitter:data1\" content=\"Belen Pedernera Ferragut\" \/>\n\t<meta name=\"twitter:label2\" content=\"Tiempo de lectura\" \/>\n\t<meta name=\"twitter:data2\" content=\"5 minutos\" \/>\n<script type=\"application\/ld+json\" class=\"yoast-schema-graph\">{\"@context\":\"https:\/\/schema.org\",\"@graph\":[{\"@type\":\"WebPage\",\"@id\":\"https:\/\/hcd.malargue.gov.ar\/?p=39385\",\"url\":\"https:\/\/hcd.malargue.gov.ar\/?p=39385\",\"name\":\"RESOLUCI\u00d3N N\u00b0 287\/2.025 - Malarg\u00fce HCD\",\"isPartOf\":{\"@id\":\"https:\/\/hcd.malargue.gov.ar\/#website\"},\"datePublished\":\"2025-08-26T14:31:59+00:00\",\"dateModified\":\"2025-08-26T14:32:03+00:00\",\"author\":{\"@id\":\"https:\/\/hcd.malargue.gov.ar\/#\/schema\/person\/3fd6bbab64edd703961b795156c955d0\"},\"breadcrumb\":{\"@id\":\"https:\/\/hcd.malargue.gov.ar\/?p=39385#breadcrumb\"},\"inLanguage\":\"es-AR\",\"potentialAction\":[{\"@type\":\"ReadAction\",\"target\":[\"https:\/\/hcd.malargue.gov.ar\/?p=39385\"]}]},{\"@type\":\"BreadcrumbList\",\"@id\":\"https:\/\/hcd.malargue.gov.ar\/?p=39385#breadcrumb\",\"itemListElement\":[{\"@type\":\"ListItem\",\"position\":1,\"name\":\"Inicio\",\"item\":\"https:\/\/hcd.malargue.gov.ar\/\"},{\"@type\":\"ListItem\",\"position\":2,\"name\":\"RESOLUCI\u00d3N N\u00b0 287\/2.025\"}]},{\"@type\":\"WebSite\",\"@id\":\"https:\/\/hcd.malargue.gov.ar\/#website\",\"url\":\"https:\/\/hcd.malargue.gov.ar\/\",\"name\":\"Malarg\u00fce HCD\",\"description\":\"Malarg\u00fce Mendoza Argentina\",\"potentialAction\":[{\"@type\":\"SearchAction\",\"target\":{\"@type\":\"EntryPoint\",\"urlTemplate\":\"https:\/\/hcd.malargue.gov.ar\/?s={search_term_string}\"},\"query-input\":\"required name=search_term_string\"}],\"inLanguage\":\"es-AR\"},{\"@type\":\"Person\",\"@id\":\"https:\/\/hcd.malargue.gov.ar\/#\/schema\/person\/3fd6bbab64edd703961b795156c955d0\",\"name\":\"Belen Pedernera Ferragut\",\"image\":{\"@type\":\"ImageObject\",\"inLanguage\":\"es-AR\",\"@id\":\"https:\/\/hcd.malargue.gov.ar\/#\/schema\/person\/image\/\",\"url\":\"https:\/\/secure.gravatar.com\/avatar\/1054ffab3893de4bb3eb29bdd22f7e34b8537bf5d34d9dab311818154ad5b71f?s=96&d=mm&r=g\",\"contentUrl\":\"https:\/\/secure.gravatar.com\/avatar\/1054ffab3893de4bb3eb29bdd22f7e34b8537bf5d34d9dab311818154ad5b71f?s=96&d=mm&r=g\",\"caption\":\"Belen Pedernera Ferragut\"},\"url\":\"https:\/\/hcd.malargue.gov.ar\/?author=5\"}]}<\/script>\n<!-- \/ Yoast SEO plugin. -->","yoast_head_json":{"title":"RESOLUCI\u00d3N N\u00b0 287\/2.025 - Malarg\u00fce HCD","robots":{"index":"index","follow":"follow","max-snippet":"max-snippet:-1","max-image-preview":"max-image-preview:large","max-video-preview":"max-video-preview:-1"},"canonical":"https:\/\/hcd.malargue.gov.ar\/?p=39385","og_locale":"es_ES","og_type":"article","og_title":"RESOLUCI\u00d3N N\u00b0 287\/2.025 - Malarg\u00fce HCD","og_description":"El HCD declar\u00f3 de Inter\u00e9s Hist\u00f3rico y Cultural el Aljibe de la Escuelita de la Ripiera El Honorable Concejo Deliberante aprob\u00f3 la Resoluci\u00f3n N\u00b0 287\/2.025, mediante la cual se declar\u00f3 de Inter\u00e9s Departamental, Hist\u00f3rico y Cultural el antiguo aljibe de la Escuelita de la Ripiera, ubicado en Portezuelo del Viento \u2013 R\u00edo Grande. La pieza [&hellip;]","og_url":"https:\/\/hcd.malargue.gov.ar\/?p=39385","og_site_name":"Malarg\u00fce HCD","article_published_time":"2025-08-26T14:31:59+00:00","article_modified_time":"2025-08-26T14:32:03+00:00","og_image":[{"width":940,"height":788,"url":"https:\/\/hcd.malargue.gov.ar\/wp-content\/uploads\/2025\/08\/RESOLUCION-287-2025.png","type":"image\/png"}],"author":"Belen Pedernera Ferragut","twitter_card":"summary_large_image","twitter_misc":{"Escrito por":"Belen Pedernera Ferragut","Tiempo de lectura":"5 minutos"},"schema":{"@context":"https:\/\/schema.org","@graph":[{"@type":"WebPage","@id":"https:\/\/hcd.malargue.gov.ar\/?p=39385","url":"https:\/\/hcd.malargue.gov.ar\/?p=39385","name":"RESOLUCI\u00d3N N\u00b0 287\/2.025 - Malarg\u00fce HCD","isPartOf":{"@id":"https:\/\/hcd.malargue.gov.ar\/#website"},"datePublished":"2025-08-26T14:31:59+00:00","dateModified":"2025-08-26T14:32:03+00:00","author":{"@id":"https:\/\/hcd.malargue.gov.ar\/#\/schema\/person\/3fd6bbab64edd703961b795156c955d0"},"breadcrumb":{"@id":"https:\/\/hcd.malargue.gov.ar\/?p=39385#breadcrumb"},"inLanguage":"es-AR","potentialAction":[{"@type":"ReadAction","target":["https:\/\/hcd.malargue.gov.ar\/?p=39385"]}]},{"@type":"BreadcrumbList","@id":"https:\/\/hcd.malargue.gov.ar\/?p=39385#breadcrumb","itemListElement":[{"@type":"ListItem","position":1,"name":"Inicio","item":"https:\/\/hcd.malargue.gov.ar\/"},{"@type":"ListItem","position":2,"name":"RESOLUCI\u00d3N N\u00b0 287\/2.025"}]},{"@type":"WebSite","@id":"https:\/\/hcd.malargue.gov.ar\/#website","url":"https:\/\/hcd.malargue.gov.ar\/","name":"Malarg\u00fce HCD","description":"Malarg\u00fce Mendoza Argentina","potentialAction":[{"@type":"SearchAction","target":{"@type":"EntryPoint","urlTemplate":"https:\/\/hcd.malargue.gov.ar\/?s={search_term_string}"},"query-input":"required name=search_term_string"}],"inLanguage":"es-AR"},{"@type":"Person","@id":"https:\/\/hcd.malargue.gov.ar\/#\/schema\/person\/3fd6bbab64edd703961b795156c955d0","name":"Belen Pedernera Ferragut","image":{"@type":"ImageObject","inLanguage":"es-AR","@id":"https:\/\/hcd.malargue.gov.ar\/#\/schema\/person\/image\/","url":"https:\/\/secure.gravatar.com\/avatar\/1054ffab3893de4bb3eb29bdd22f7e34b8537bf5d34d9dab311818154ad5b71f?s=96&d=mm&r=g","contentUrl":"https:\/\/secure.gravatar.com\/avatar\/1054ffab3893de4bb3eb29bdd22f7e34b8537bf5d34d9dab311818154ad5b71f?s=96&d=mm&r=g","caption":"Belen Pedernera Ferragut"},"url":"https:\/\/hcd.malargue.gov.ar\/?author=5"}]}},"_links":{"self":[{"href":"https:\/\/hcd.malargue.gov.ar\/index.php?rest_route=\/wp\/v2\/posts\/39385","targetHints":{"allow":["GET"]}}],"collection":[{"href":"https:\/\/hcd.malargue.gov.ar\/index.php?rest_route=\/wp\/v2\/posts"}],"about":[{"href":"https:\/\/hcd.malargue.gov.ar\/index.php?rest_route=\/wp\/v2\/types\/post"}],"author":[{"embeddable":true,"href":"https:\/\/hcd.malargue.gov.ar\/index.php?rest_route=\/wp\/v2\/users\/5"}],"replies":[{"embeddable":true,"href":"https:\/\/hcd.malargue.gov.ar\/index.php?rest_route=%2Fwp%2Fv2%2Fcomments&post=39385"}],"version-history":[{"count":1,"href":"https:\/\/hcd.malargue.gov.ar\/index.php?rest_route=\/wp\/v2\/posts\/39385\/revisions"}],"predecessor-version":[{"id":39387,"href":"https:\/\/hcd.malargue.gov.ar\/index.php?rest_route=\/wp\/v2\/posts\/39385\/revisions\/39387"}],"wp:featuredmedia":[{"embeddable":true,"href":"https:\/\/hcd.malargue.gov.ar\/index.php?rest_route=\/wp\/v2\/media\/39386"}],"wp:attachment":[{"href":"https:\/\/hcd.malargue.gov.ar\/index.php?rest_route=%2Fwp%2Fv2%2Fmedia&parent=39385"}],"wp:term":[{"taxonomy":"category","embeddable":true,"href":"https:\/\/hcd.malargue.gov.ar\/index.php?rest_route=%2Fwp%2Fv2%2Fcategories&post=39385"},{"taxonomy":"post_tag","embeddable":true,"href":"https:\/\/hcd.malargue.gov.ar\/index.php?rest_route=%2Fwp%2Fv2%2Ftags&post=39385"}],"curies":[{"name":"wp","href":"https:\/\/api.w.org\/{rel}","templated":true}]}}