{"id":39395,"date":"2025-08-28T10:51:02","date_gmt":"2025-08-28T13:51:02","guid":{"rendered":"https:\/\/hcd.malargue.gov.ar\/?p=39395"},"modified":"2025-08-28T10:57:45","modified_gmt":"2025-08-28T13:57:45","slug":"hcd-llevo-a-cabo-la-21-sesion-ordinaria-aprobando-4-piezas-legales","status":"publish","type":"post","link":"https:\/\/hcd.malargue.gov.ar\/?p=39395","title":{"rendered":"EL HCD LLEV\u00d3 A CABO LA 21\u00b0 SESI\u00d3N ORDINARIA APROBANDO 4 PIEZAS LEGALES"},"content":{"rendered":"\n<h6 class=\"wp-block-heading has-text-align-right\">SESI\u00d3N ORDINARIA \u2013\u00a0 28 de Agosto del 2025<\/h6>\n\n\n\n<h6 class=\"wp-block-heading has-text-align-right\">Presidiendo la Sesi\u00f3n:&nbsp;&nbsp;Concejal Rodrigo Hidalgo  (Bloque Partido Justicialista)<\/h6>\n\n\n\n<h6 class=\"wp-block-heading has-text-align-right\">Concejales Presentes:\u00a0 Magali Acosta, Emilce Mansilla, Pablo Cabrera(Virtual) (Bloque Partido Justicialista), Silvina Camiolo (Reconstruyendo Malarg\u00fce), Francisco Parada (Bloque Partido Encuentro)\u00a0Viviana Mosca, Pablo Villarruel (Bloque Frente Cambia Mendoza) Martin Palma (Bloque UCR-Independiente), Elizabeth Gonzalez (Bloque Uni\u00f3n Mendocina)<\/h6>\n\n\n\n<p>A las 9:00 hs de este jueves 28 de agosto, dio inici\u00f3 el<a href=\"https:\/\/hcd.malargue.gov.ar\/?p=39393\"> Orden del Dia de la Sesi\u00f3n Ordinaria convocada.<\/a><\/p>\n\n\n\n<p>Dando cumplimiento al Orden del D\u00eda elevaron un total de 2 Proyectos de los Sres Concejales y\u00a0 1 Expedientes provenientes del Departamento Ejecutivo a las distintas Comisiones de trabajo para su correspondiente tratamiento. Detalle:<\/p>\n\n\n\n<blockquote class=\"wp-block-quote is-layout-flow wp-block-quote-is-layout-flow\">\n<p><strong><em>La COMISI\u00d3N DE EDUCACI\u00d3N, HIGIENE, MORALIDAD, ACCI\u00d3N SOCIAL Y CULTURA (EHMASyC) recepcionar\u00e1\u00a01 proyecto:\u00a0<\/em><\/strong><\/p>\n\n\n\n<ul class=\"wp-block-list\">\n<li><em>Expte. N\u00b0 5.454\/2.025-0. Proyecto de Resoluci\u00f3n: Solicitud de regularizaci\u00f3n dominial Escuela de Formaci\u00f3n Profesional \u201cRoberto Atilio Balmaceda\u201d CCT N\u00b0 6-040. (BLOQUE PARTIDO JUSTICIALISTA). Autores Concejales: Rodrigo HIDALGO. Emilce MANSILLA, Magali ACOSTA, Pablo CABRERA.\u00a0<\/em><\/li>\n<\/ul>\n\n\n\n<p><strong><em>La COMISI\u00d3N DE HACIENDA PRESUPUESTO LEGISLACI\u00d3N Y ASUNTOS CONSTITUCIONALES (HPLAC) recepcionar\u00e1\u00a01 proyecto:<\/em><\/strong><\/p>\n\n\n\n<ul class=\"wp-block-list\">\n<li>Solicitud N\u00b0 10.303-2.025. Oficina de Despacho Municipalidad de Malarg\u00fce. Eleva copia Decreto N\u00b0 906\/2.025. Donaci\u00f3n efectuada por el Gobierno de la Provincia de Mendoza a favor de la Municipalidad de Malarg\u00fce. (Gesti\u00f3n Documental)<\/li>\n<\/ul>\n\n\n\n<p><em><strong>La COMISI\u00d3N DE OBRAS P\u00daBLICAS, TURISMO Y RECURSOS NATURALES (OPTyRN) recepcionar\u00e1 1 proyecto:\u00a0<\/strong><\/em><\/p>\n\n\n\n<ul class=\"wp-block-list\">\n<li><em>Expte. N\u00b0 5.468\/2.025-0. Proyecto de Ordenanza: \u201cPrograma Municipal de mejora y regularizaci\u00f3n de Edificios de Organizaciones Sociales y Comunitarias del Departamento de Malarg\u00fce\u201d. (BLOQUE RECONSTRUYENDO MALARG\u00dcE). Autora Concejal Silvina CAMIOLO.<\/em> (Tras el an\u00e1lisis en la Comisi\u00f3n de Obras Publicas, pasa a la Comisi\u00f3n de Hacienda).<\/li>\n<\/ul>\n<\/blockquote>\n\n\n<div class=\"wp-block-image\">\n<figure class=\"aligncenter size-large\"><img loading=\"lazy\" decoding=\"async\" width=\"1024\" height=\"576\" src=\"https:\/\/hcd.malargue.gov.ar\/wp-content\/uploads\/2025\/08\/539612300_1089615026677718_8818657201106602991_n-1024x576.jpg\" alt=\"\" class=\"wp-image-39397\" srcset=\"https:\/\/hcd.malargue.gov.ar\/wp-content\/uploads\/2025\/08\/539612300_1089615026677718_8818657201106602991_n-1024x576.jpg 1024w, https:\/\/hcd.malargue.gov.ar\/wp-content\/uploads\/2025\/08\/539612300_1089615026677718_8818657201106602991_n-300x169.jpg 300w, https:\/\/hcd.malargue.gov.ar\/wp-content\/uploads\/2025\/08\/539612300_1089615026677718_8818657201106602991_n-768x432.jpg 768w, https:\/\/hcd.malargue.gov.ar\/wp-content\/uploads\/2025\/08\/539612300_1089615026677718_8818657201106602991_n.jpg 1040w\" sizes=\"auto, (max-width: 1024px) 100vw, 1024px\" \/><\/figure>\n<\/div>\n\n\n<p>En el punto <em><strong>h)<\/strong><\/em><strong><em>Despachos de las Comisiones de Trabajo<\/em><\/strong>, se aprobaron\u00a04 Piezas Legales,\u00a0 detalle:<\/p>\n\n\n\n<ul class=\"wp-block-list\">\n<li><strong>Resoluci\u00f3n: <\/strong>Crear en el Departamento Ejecutivo Municipal el Fondo de Asistencia Econ\u00f3mica destinada a los vecinos de La Junta. (Expte. N\u00b0 3.978\/2.025-0. )<\/li>\n\n\n\n<li><strong>Resoluci\u00f3n:<\/strong> Construcci\u00f3n de Monumento o Memorial en Boulevard Juan Agust\u00edn Maza. (Expte. N\u00b0 5.024-2.025-0. \u2013 Expte. N\u00b0 5.405-HC-063-2.024))<\/li>\n\n\n\n<li><strong>Declaraci\u00f3n:<\/strong> Declarar de Inter\u00e9s Departamental el Programa de Atenci\u00f3n Primaria y Promoci\u00f3n de la Salud Municipal. (Expte. N\u00b0 5.321\/2.025-0).<\/li>\n\n\n\n<li><strong>Resoluci\u00f3n:<\/strong> \u201cDistinguir a la pareja Jazm\u00edn Zobarzo y Juan Cruz Zobarzo quienes tuvieron una destacada participaci\u00f3n y se consagraron campeones del Festival Nacional de la Cueca 2.025\u201d. (Expte. N\u00b0 5.330\/2.025).<\/li>\n<\/ul>\n\n\n\n<p>Sin m\u00e1s que tratar, el Presidente del Cuerpo Deliberativo dio por finalizada la Sesi\u00f3n.<\/p>\n\n\n\n<p class=\"has-text-align-center\">\ud83c\udfa5 <strong>VER LA SESI\u00d3N EN VIVO<\/strong>: <a href=\"https:\/\/www.youtube.com\/live\/h9Z28kLKx7w\">https:\/\/www.youtube.com\/live\/h9Z28kLKx7w<\/a><\/p>\n\n\n\n<p class=\"has-text-align-center\"><a href=\"https:\/\/www.facebook.com\/share\/p\/16qQMYSAxg\/\">\ud83d\udcf8 <strong>GALERIA DE FOTOS<\/strong><\/a><\/p>\n\n\n\n<p><\/p>\n","protected":false},"excerpt":{"rendered":"<p>SESI\u00d3N ORDINARIA \u2013\u00a0 28 de Agosto del 2025 Presidiendo la Sesi\u00f3n:&nbsp;&nbsp;Concejal Rodrigo Hidalgo (Bloque Partido Justicialista) Concejales Presentes:\u00a0 Magali Acosta, Emilce Mansilla, Pablo Cabrera(Virtual) (Bloque Partido Justicialista), Silvina Camiolo (Reconstruyendo Malarg\u00fce), Francisco Parada (Bloque Partido Encuentro)\u00a0Viviana Mosca, Pablo Villarruel (Bloque Frente Cambia Mendoza) Martin Palma (Bloque UCR-Independiente), Elizabeth Gonzalez (Bloque Uni\u00f3n Mendocina) A las 9:00 [&hellip;]<\/p>\n","protected":false},"author":5,"featured_media":39396,"comment_status":"closed","ping_status":"closed","sticky":false,"template":"","format":"standard","meta":{"footnotes":""},"categories":[52,58,33,36],"tags":[],"class_list":["post-39395","post","type-post","status-publish","format-standard","has-post-thumbnail","hentry","category-gacetillas","category-ordinarias","category-prensa","category-sesiones"],"yoast_head":"<!-- This site is optimized with the Yoast SEO plugin v19.10 - https:\/\/yoast.com\/wordpress\/plugins\/seo\/ -->\n<title>EL HCD LLEV\u00d3 A CABO LA 21\u00b0 SESI\u00d3N ORDINARIA APROBANDO 4 PIEZAS LEGALES - Malarg\u00fce HCD<\/title>\n<meta name=\"robots\" content=\"index, follow, max-snippet:-1, max-image-preview:large, max-video-preview:-1\" \/>\n<link rel=\"canonical\" href=\"https:\/\/hcd.malargue.gov.ar\/?p=39395\" \/>\n<meta property=\"og:locale\" content=\"es_ES\" \/>\n<meta property=\"og:type\" content=\"article\" \/>\n<meta property=\"og:title\" content=\"EL HCD LLEV\u00d3 A CABO LA 21\u00b0 SESI\u00d3N ORDINARIA APROBANDO 4 PIEZAS LEGALES - Malarg\u00fce HCD\" \/>\n<meta property=\"og:description\" content=\"SESI\u00d3N ORDINARIA \u2013\u00a0 28 de Agosto del 2025 Presidiendo la Sesi\u00f3n:&nbsp;&nbsp;Concejal Rodrigo Hidalgo (Bloque Partido Justicialista) Concejales Presentes:\u00a0 Magali Acosta, Emilce Mansilla, Pablo Cabrera(Virtual) (Bloque Partido Justicialista), Silvina Camiolo (Reconstruyendo Malarg\u00fce), Francisco Parada (Bloque Partido Encuentro)\u00a0Viviana Mosca, Pablo Villarruel (Bloque Frente Cambia Mendoza) Martin Palma (Bloque UCR-Independiente), Elizabeth Gonzalez (Bloque Uni\u00f3n Mendocina) A las 9:00 [&hellip;]\" \/>\n<meta property=\"og:url\" content=\"https:\/\/hcd.malargue.gov.ar\/?p=39395\" \/>\n<meta property=\"og:site_name\" content=\"Malarg\u00fce HCD\" \/>\n<meta property=\"article:published_time\" content=\"2025-08-28T13:51:02+00:00\" \/>\n<meta property=\"article:modified_time\" content=\"2025-08-28T13:57:45+00:00\" \/>\n<meta property=\"og:image\" content=\"https:\/\/hcd.malargue.gov.ar\/wp-content\/uploads\/2025\/08\/538366613_1089614336677787_710663404497913197_n.jpg\" \/>\n\t<meta property=\"og:image:width\" content=\"1000\" \/>\n\t<meta property=\"og:image:height\" content=\"563\" \/>\n\t<meta property=\"og:image:type\" content=\"image\/jpeg\" \/>\n<meta name=\"author\" content=\"Belen Pedernera Ferragut\" \/>\n<meta name=\"twitter:card\" content=\"summary_large_image\" \/>\n<meta name=\"twitter:label1\" content=\"Escrito por\" \/>\n\t<meta name=\"twitter:data1\" content=\"Belen Pedernera Ferragut\" \/>\n\t<meta name=\"twitter:label2\" content=\"Tiempo de lectura\" \/>\n\t<meta name=\"twitter:data2\" content=\"2 minutos\" \/>\n<script type=\"application\/ld+json\" class=\"yoast-schema-graph\">{\"@context\":\"https:\/\/schema.org\",\"@graph\":[{\"@type\":\"WebPage\",\"@id\":\"https:\/\/hcd.malargue.gov.ar\/?p=39395\",\"url\":\"https:\/\/hcd.malargue.gov.ar\/?p=39395\",\"name\":\"EL HCD LLEV\u00d3 A CABO LA 21\u00b0 SESI\u00d3N ORDINARIA APROBANDO 4 PIEZAS LEGALES - Malarg\u00fce HCD\",\"isPartOf\":{\"@id\":\"https:\/\/hcd.malargue.gov.ar\/#website\"},\"datePublished\":\"2025-08-28T13:51:02+00:00\",\"dateModified\":\"2025-08-28T13:57:45+00:00\",\"author\":{\"@id\":\"https:\/\/hcd.malargue.gov.ar\/#\/schema\/person\/3fd6bbab64edd703961b795156c955d0\"},\"breadcrumb\":{\"@id\":\"https:\/\/hcd.malargue.gov.ar\/?p=39395#breadcrumb\"},\"inLanguage\":\"es-AR\",\"potentialAction\":[{\"@type\":\"ReadAction\",\"target\":[\"https:\/\/hcd.malargue.gov.ar\/?p=39395\"]}]},{\"@type\":\"BreadcrumbList\",\"@id\":\"https:\/\/hcd.malargue.gov.ar\/?p=39395#breadcrumb\",\"itemListElement\":[{\"@type\":\"ListItem\",\"position\":1,\"name\":\"Inicio\",\"item\":\"https:\/\/hcd.malargue.gov.ar\/\"},{\"@type\":\"ListItem\",\"position\":2,\"name\":\"EL HCD LLEV\u00d3 A CABO LA 21\u00b0 SESI\u00d3N ORDINARIA APROBANDO 4 PIEZAS LEGALES\"}]},{\"@type\":\"WebSite\",\"@id\":\"https:\/\/hcd.malargue.gov.ar\/#website\",\"url\":\"https:\/\/hcd.malargue.gov.ar\/\",\"name\":\"Malarg\u00fce HCD\",\"description\":\"Malarg\u00fce Mendoza Argentina\",\"potentialAction\":[{\"@type\":\"SearchAction\",\"target\":{\"@type\":\"EntryPoint\",\"urlTemplate\":\"https:\/\/hcd.malargue.gov.ar\/?s={search_term_string}\"},\"query-input\":\"required name=search_term_string\"}],\"inLanguage\":\"es-AR\"},{\"@type\":\"Person\",\"@id\":\"https:\/\/hcd.malargue.gov.ar\/#\/schema\/person\/3fd6bbab64edd703961b795156c955d0\",\"name\":\"Belen Pedernera Ferragut\",\"image\":{\"@type\":\"ImageObject\",\"inLanguage\":\"es-AR\",\"@id\":\"https:\/\/hcd.malargue.gov.ar\/#\/schema\/person\/image\/\",\"url\":\"https:\/\/secure.gravatar.com\/avatar\/1054ffab3893de4bb3eb29bdd22f7e34b8537bf5d34d9dab311818154ad5b71f?s=96&d=mm&r=g\",\"contentUrl\":\"https:\/\/secure.gravatar.com\/avatar\/1054ffab3893de4bb3eb29bdd22f7e34b8537bf5d34d9dab311818154ad5b71f?s=96&d=mm&r=g\",\"caption\":\"Belen Pedernera Ferragut\"},\"url\":\"https:\/\/hcd.malargue.gov.ar\/?author=5\"}]}<\/script>\n<!-- \/ Yoast SEO plugin. -->","yoast_head_json":{"title":"EL HCD LLEV\u00d3 A CABO LA 21\u00b0 SESI\u00d3N ORDINARIA APROBANDO 4 PIEZAS LEGALES - Malarg\u00fce HCD","robots":{"index":"index","follow":"follow","max-snippet":"max-snippet:-1","max-image-preview":"max-image-preview:large","max-video-preview":"max-video-preview:-1"},"canonical":"https:\/\/hcd.malargue.gov.ar\/?p=39395","og_locale":"es_ES","og_type":"article","og_title":"EL HCD LLEV\u00d3 A CABO LA 21\u00b0 SESI\u00d3N ORDINARIA APROBANDO 4 PIEZAS LEGALES - Malarg\u00fce HCD","og_description":"SESI\u00d3N ORDINARIA \u2013\u00a0 28 de Agosto del 2025 Presidiendo la Sesi\u00f3n:&nbsp;&nbsp;Concejal Rodrigo Hidalgo (Bloque Partido Justicialista) Concejales Presentes:\u00a0 Magali Acosta, Emilce Mansilla, Pablo Cabrera(Virtual) (Bloque Partido Justicialista), Silvina Camiolo (Reconstruyendo Malarg\u00fce), Francisco Parada (Bloque Partido Encuentro)\u00a0Viviana Mosca, Pablo Villarruel (Bloque Frente Cambia Mendoza) Martin Palma (Bloque UCR-Independiente), Elizabeth Gonzalez (Bloque Uni\u00f3n Mendocina) A las 9:00 [&hellip;]","og_url":"https:\/\/hcd.malargue.gov.ar\/?p=39395","og_site_name":"Malarg\u00fce HCD","article_published_time":"2025-08-28T13:51:02+00:00","article_modified_time":"2025-08-28T13:57:45+00:00","og_image":[{"width":1000,"height":563,"url":"https:\/\/hcd.malargue.gov.ar\/wp-content\/uploads\/2025\/08\/538366613_1089614336677787_710663404497913197_n.jpg","type":"image\/jpeg"}],"author":"Belen Pedernera Ferragut","twitter_card":"summary_large_image","twitter_misc":{"Escrito por":"Belen Pedernera Ferragut","Tiempo de lectura":"2 minutos"},"schema":{"@context":"https:\/\/schema.org","@graph":[{"@type":"WebPage","@id":"https:\/\/hcd.malargue.gov.ar\/?p=39395","url":"https:\/\/hcd.malargue.gov.ar\/?p=39395","name":"EL HCD LLEV\u00d3 A CABO LA 21\u00b0 SESI\u00d3N ORDINARIA APROBANDO 4 PIEZAS LEGALES - Malarg\u00fce HCD","isPartOf":{"@id":"https:\/\/hcd.malargue.gov.ar\/#website"},"datePublished":"2025-08-28T13:51:02+00:00","dateModified":"2025-08-28T13:57:45+00:00","author":{"@id":"https:\/\/hcd.malargue.gov.ar\/#\/schema\/person\/3fd6bbab64edd703961b795156c955d0"},"breadcrumb":{"@id":"https:\/\/hcd.malargue.gov.ar\/?p=39395#breadcrumb"},"inLanguage":"es-AR","potentialAction":[{"@type":"ReadAction","target":["https:\/\/hcd.malargue.gov.ar\/?p=39395"]}]},{"@type":"BreadcrumbList","@id":"https:\/\/hcd.malargue.gov.ar\/?p=39395#breadcrumb","itemListElement":[{"@type":"ListItem","position":1,"name":"Inicio","item":"https:\/\/hcd.malargue.gov.ar\/"},{"@type":"ListItem","position":2,"name":"EL HCD LLEV\u00d3 A CABO LA 21\u00b0 SESI\u00d3N ORDINARIA APROBANDO 4 PIEZAS LEGALES"}]},{"@type":"WebSite","@id":"https:\/\/hcd.malargue.gov.ar\/#website","url":"https:\/\/hcd.malargue.gov.ar\/","name":"Malarg\u00fce HCD","description":"Malarg\u00fce Mendoza Argentina","potentialAction":[{"@type":"SearchAction","target":{"@type":"EntryPoint","urlTemplate":"https:\/\/hcd.malargue.gov.ar\/?s={search_term_string}"},"query-input":"required name=search_term_string"}],"inLanguage":"es-AR"},{"@type":"Person","@id":"https:\/\/hcd.malargue.gov.ar\/#\/schema\/person\/3fd6bbab64edd703961b795156c955d0","name":"Belen Pedernera Ferragut","image":{"@type":"ImageObject","inLanguage":"es-AR","@id":"https:\/\/hcd.malargue.gov.ar\/#\/schema\/person\/image\/","url":"https:\/\/secure.gravatar.com\/avatar\/1054ffab3893de4bb3eb29bdd22f7e34b8537bf5d34d9dab311818154ad5b71f?s=96&d=mm&r=g","contentUrl":"https:\/\/secure.gravatar.com\/avatar\/1054ffab3893de4bb3eb29bdd22f7e34b8537bf5d34d9dab311818154ad5b71f?s=96&d=mm&r=g","caption":"Belen Pedernera Ferragut"},"url":"https:\/\/hcd.malargue.gov.ar\/?author=5"}]}},"_links":{"self":[{"href":"https:\/\/hcd.malargue.gov.ar\/index.php?rest_route=\/wp\/v2\/posts\/39395","targetHints":{"allow":["GET"]}}],"collection":[{"href":"https:\/\/hcd.malargue.gov.ar\/index.php?rest_route=\/wp\/v2\/posts"}],"about":[{"href":"https:\/\/hcd.malargue.gov.ar\/index.php?rest_route=\/wp\/v2\/types\/post"}],"author":[{"embeddable":true,"href":"https:\/\/hcd.malargue.gov.ar\/index.php?rest_route=\/wp\/v2\/users\/5"}],"replies":[{"embeddable":true,"href":"https:\/\/hcd.malargue.gov.ar\/index.php?rest_route=%2Fwp%2Fv2%2Fcomments&post=39395"}],"version-history":[{"count":2,"href":"https:\/\/hcd.malargue.gov.ar\/index.php?rest_route=\/wp\/v2\/posts\/39395\/revisions"}],"predecessor-version":[{"id":39399,"href":"https:\/\/hcd.malargue.gov.ar\/index.php?rest_route=\/wp\/v2\/posts\/39395\/revisions\/39399"}],"wp:featuredmedia":[{"embeddable":true,"href":"https:\/\/hcd.malargue.gov.ar\/index.php?rest_route=\/wp\/v2\/media\/39396"}],"wp:attachment":[{"href":"https:\/\/hcd.malargue.gov.ar\/index.php?rest_route=%2Fwp%2Fv2%2Fmedia&parent=39395"}],"wp:term":[{"taxonomy":"category","embeddable":true,"href":"https:\/\/hcd.malargue.gov.ar\/index.php?rest_route=%2Fwp%2Fv2%2Fcategories&post=39395"},{"taxonomy":"post_tag","embeddable":true,"href":"https:\/\/hcd.malargue.gov.ar\/index.php?rest_route=%2Fwp%2Fv2%2Ftags&post=39395"}],"curies":[{"name":"wp","href":"https:\/\/api.w.org\/{rel}","templated":true}]}}