{"id":39408,"date":"2025-08-29T09:20:33","date_gmt":"2025-08-29T12:20:33","guid":{"rendered":"https:\/\/hcd.malargue.gov.ar\/?p=39408"},"modified":"2025-08-29T09:22:10","modified_gmt":"2025-08-29T12:22:10","slug":"resolucion-n-297-2-025","status":"publish","type":"post","link":"https:\/\/hcd.malargue.gov.ar\/?p=39408","title":{"rendered":"RESOLUCI\u00d3N N\u00b0 297\/2.025"},"content":{"rendered":"\n<p><em>El Honorable Concejo Deliberante aprob\u00f3 la Resoluci\u00f3n N\u00b0 297\/2.025, mediante la cual se solicita al Departamento Ejecutivo Municipal un informe detallado sobre el funcionamiento de los jardines maternales que dependen del \u00e1mbito municipal.<\/em><\/p>\n\n\n\n<p><em>La medida busca garantizar que estas instituciones, fundamentales para la educaci\u00f3n y contenci\u00f3n de la primera infancia, cumplan con los requisitos legales y de calidad que aseguren el derecho de los ni\u00f1os y la tranquilidad de las familias que conf\u00edan en este servicio.<\/em><\/p>\n\n\n\n<p><em>Entre los puntos m\u00e1s relevantes, se requiere informaci\u00f3n sobre el listado de jardines maternales en funcionamiento, sus condiciones edilicias, la obtenci\u00f3n de la Clave \u00danica de Establecimiento (CUE) otorgada por la Direcci\u00f3n General de Escuelas y la situaci\u00f3n espec\u00edfica del Jard\u00edn Maternal \u201cLucecitas de Estrellas\u201d, que actualmente no cuenta con dicho registro oficial.<\/em><\/p>\n\n\n\n<p><em>La ausencia del CUE impide que la instituci\u00f3n, su personal docente y su alumnado est\u00e9n incluidos en el sistema de Gesti\u00f3n Educativa Mendoza, lo que genera limitaciones administrativas y educativas como la imposibilidad de emitir certificados de escolaridad o acceder a programas oficiales de apoyo.<\/em><\/p>\n\n\n\n<p><em>Adem\u00e1s, el Concejo Deliberante solicit\u00f3 que se informe sobre el estado de habilitaci\u00f3n edilicia de los jardines, as\u00ed como la n\u00f3mina del personal municipal afectado a estas instituciones, con el objetivo de contar con datos precisos que permitan un adecuado control y fiscalizaci\u00f3n.<\/em><\/p>\n\n\n\n<p class=\"has-text-align-center\"><strong>PIEZA LEGAL<\/strong><\/p>\n\n\n<div class=\"wp-block-image\">\n<figure class=\"alignright is-resized\"><a href=\"http:\/\/hcd.malargue.gov.ar\/2025\/Rs%20297%202025%20Pedido%20Informe%20Jardines%20Maternales.pdf\"><img loading=\"lazy\" decoding=\"async\" width=\"512\" height=\"512\" src=\"https:\/\/hcd.malargue.gov.ar\/wp-content\/uploads\/2018\/06\/PDF-JPG.jpg\" alt=\"\" class=\"wp-image-7950\" style=\"width:129px;height:auto\" srcset=\"https:\/\/hcd.malargue.gov.ar\/wp-content\/uploads\/2018\/06\/PDF-JPG.jpg 512w, https:\/\/hcd.malargue.gov.ar\/wp-content\/uploads\/2018\/06\/PDF-JPG-150x150.jpg 150w, https:\/\/hcd.malargue.gov.ar\/wp-content\/uploads\/2018\/06\/PDF-JPG-300x300.jpg 300w\" sizes=\"auto, (max-width: 512px) 100vw, 512px\" \/><\/a><\/figure>\n<\/div>\n\n\n<p><strong>AUTORA CONCEJALA SILVINA CAMIOLO<\/strong><\/p>\n\n\n\n<p><strong>BLOQUE RECONSTRUYENDO MALARG\u00dcE<\/strong><\/p>\n\n\n\n<p>VISTO: El contenido del Expediente N\u00b0 5.030\/2.025-0. Bloque Reconstruyendo Malarg\u00fce. Proyecto de Resoluci\u00f3n: Solicitar al Departamento Ejecutivo Municipal, informe sobre jardines maternales que funcionan en el \u00e1mbito municipal.&nbsp;<\/p>\n\n\n\n<p>La funci\u00f3n de control y fiscalizaci\u00f3n que ejerce este Honorable Concejo Deliberante sobre las acciones del Departamento Ejecutivo Municipal, en especial respecto de los servicios vinculados a la ni\u00f1ez y a la educaci\u00f3n en la primera infancia.<\/p>\n\n\n\n<p>y;<\/p>\n\n\n\n<p>CONSIDERANDO: Que el Municipio de Malarg\u00fce cuenta con jardines maternales que cumplen un rol esencial en el desarrollo integral de ni\u00f1os y ni\u00f1as durante sus primeros a\u00f1os de vida, facilitando a su vez que numerosas familias puedan acceder al empleo o a la formaci\u00f3n laboral.<\/p>\n\n\n\n<p>Que resulta imprescindible conocer con precisi\u00f3n cu\u00e1les son los Jardines Maternales Municipales actualmente en funcionamiento, su ubicaci\u00f3n, situaci\u00f3n de habilitaci\u00f3n edilicia y condici\u00f3n ante la Direcci\u00f3n General de Escuelas, a fin de garantizar el cumplimiento de los est\u00e1ndares de calidad y legalidad requeridos para su funcionamiento.<\/p>\n\n\n\n<p>Que se ha tomado conocimiento de que el Jard\u00edn Maternal \u201cLucecitas de Estrellas\u201d no cuenta con n\u00famero de Clave \u00danica de Establecimiento (CUE), asignado por la Direcci\u00f3n General de Escuelas de Mendoza como c\u00f3digo oficial identificatorio de cada Instituci\u00f3n Educativa.<\/p>\n\n\n\n<p>Que la falta de dicho registro impide la incorporaci\u00f3n del establecimiento, su personal docente y su alumnado en el sistema Gesti\u00f3n Educativa Mendoza, generando consecuencias tales como la imposibilidad de registrar trayectorias escolares, emitir certificados de escolaridad, acceder a capacitaciones docentes oficiales y a programas de apoyo educativo.<\/p>\n\n\n\n<p>Que los tr\u00e1mites para la obtenci\u00f3n de la Clave \u00danica de Establecimiento requieren la presentaci\u00f3n de documentaci\u00f3n institucional, edilicia y administrativa ante la Direcci\u00f3n General de Escuelas, siendo condici\u00f3n necesaria para el reconocimiento oficial del establecimiento.<\/p>\n\n\n\n<p>Que se desconocen hasta la fecha los motivos por los cuales dicho jard\u00edn no ha obtenido la Clave \u00danica de Establecimiento, lo que configura un estado de irregularidad institucional que debe ser esclarecido y resuelto en resguardo de los derechos de los ni\u00f1os y del personal que all\u00ed se desempe\u00f1a.<\/p>\n\n\n\n<p>Que el Jard\u00edn Maternal \u201cLucecitas de Estrellas\u201d se encuentra emplazado en una zona estrat\u00e9gica de la Ciudad, lo que incrementa su relevancia como espacio educativo y de contenci\u00f3n social.<\/p>\n\n\n\n<p>Que asimismo resulta necesario conocer si dicho establecimiento cuenta con habilitaci\u00f3n edilicia otorgada por las autoridades competentes, que garantice las condiciones de seguridad, salubridad e infraestructura exigidas para instituciones educativas de nivel inicial.<\/p>\n\n\n\n<p>Que este Honorable Concejo Deliberante tiene la atribuci\u00f3n y el deber de requerir al Departamento Ejecutivo Municipal la informaci\u00f3n necesaria cuando existan dudas razonables sobre el funcionamiento de dependencias bajo su \u00f3rbita.<\/p>\n\n\n\n<p>EL HONORABLE CONCEJO DELIBERANTE DE LA MUNICIPALIDAD DE MALARG\u00dcE EN USO DE LAS FACULTADES QUE LE SON PROPIAS<\/p>\n\n\n\n<p>RESUELVE<\/p>\n\n\n\n<p>ART\u00cdCULO 1\u00ba: Solic\u00edtese al Departamento Ejecutivo Municipal que, a trav\u00e9s del \u00e1rea que corresponda, remita a este Concejo Deliberante, en un plazo de diez (10) d\u00edas h\u00e1biles, un informe detallado que contenga:<\/p>\n\n\n\n<p>a) Listado completo de los Jardines Maternales Municipales en funcionamiento, con indicaci\u00f3n de:<\/p>\n\n\n\n<ul class=\"wp-block-list\">\n<li>Nombre del Establecimiento.<\/li>\n\n\n\n<li>Domicilio.<\/li>\n\n\n\n<li>Condici\u00f3n edilicia (si cuentan o no con habilitaci\u00f3n formal).<\/li>\n\n\n\n<li>N\u00famero de Clave \u00danica de Establecimiento otorgado por la Direcci\u00f3n General de Escuelas, en caso de poseerlo.<\/li>\n<\/ul>\n\n\n\n<p>b) En relaci\u00f3n al Jard\u00edn Maternal \u201cLucecitas de Estrellas\u201d:<\/p>\n\n\n\n<ul class=\"wp-block-list\">\n<li>Informe si cuenta con Habilitaci\u00f3n edilicia para su funcionamiento.<\/li>\n\n\n\n<li>Indique si ha iniciado o no el tr\u00e1mite para la obtenci\u00f3n de la Clave \u00danica de Establecimiento y en caso negativo, precise los motivos.<\/li>\n\n\n\n<li>Detalle si su personal y alumnado se encuentran inscriptos en el Sistema Gesti\u00f3n Educativa Mendoza; en caso negativo, exponga las consecuencias administrativas, educativas y sociales derivadas de dicha situaci\u00f3n.<\/li>\n<\/ul>\n\n\n\n<p>c) N\u00f3mina de todo el personal municipal afectado a los Jardines Maternales municipales, consignando:<\/p>\n\n\n\n<ul class=\"wp-block-list\">\n<li>Nombre y apellido.<\/li>\n\n\n\n<li>Funci\u00f3n que desempe\u00f1a.<\/li>\n\n\n\n<li>Clase (categor\u00eda) dentro del Escalaf\u00f3n Municipal.<\/li>\n<\/ul>\n\n\n\n<p>ART\u00cdCULO 2\u00ba: Comun\u00edquese, reg\u00edstrese, agr\u00e9guese copia de la presente en las actuaciones correspondientes y arch\u00edvese.<\/p>\n\n\n\n<p>DADA EN LA SALA DE SESIONES DR.&nbsp; RICARDO BALBIN DEL HONORABLE CONCEJO DELIBERANTE DE LA MUNICIPALIDAD DE MALARG\u00dcE A VEINTIUN D\u00cdAS DE AGOSTO DE DOS MIL VEINTICINCO.<\/p>\n","protected":false},"excerpt":{"rendered":"<p>El Honorable Concejo Deliberante aprob\u00f3 la Resoluci\u00f3n N\u00b0 297\/2.025, mediante la cual se solicita al Departamento Ejecutivo Municipal un informe detallado sobre el funcionamiento de los jardines maternales que dependen del \u00e1mbito municipal. La medida busca garantizar que estas instituciones, fundamentales para la educaci\u00f3n y contenci\u00f3n de la primera infancia, cumplan con los requisitos legales [&hellip;]<\/p>\n","protected":false},"author":5,"featured_media":39410,"comment_status":"closed","ping_status":"closed","sticky":false,"template":"","format":"standard","meta":{"footnotes":""},"categories":[52,29,33,51],"tags":[],"class_list":["post-39408","post","type-post","status-publish","format-standard","has-post-thumbnail","hentry","category-gacetillas","category-lesgilacion","category-prensa","category-resoluciones"],"yoast_head":"<!-- This site is optimized with the Yoast SEO plugin v19.10 - https:\/\/yoast.com\/wordpress\/plugins\/seo\/ -->\n<title>RESOLUCI\u00d3N N\u00b0 297\/2.025 - Malarg\u00fce HCD<\/title>\n<meta name=\"robots\" content=\"index, follow, max-snippet:-1, max-image-preview:large, max-video-preview:-1\" \/>\n<link rel=\"canonical\" href=\"https:\/\/hcd.malargue.gov.ar\/?p=39408\" \/>\n<meta property=\"og:locale\" content=\"es_ES\" \/>\n<meta property=\"og:type\" content=\"article\" \/>\n<meta property=\"og:title\" content=\"RESOLUCI\u00d3N N\u00b0 297\/2.025 - Malarg\u00fce HCD\" \/>\n<meta property=\"og:description\" content=\"El Honorable Concejo Deliberante aprob\u00f3 la Resoluci\u00f3n N\u00b0 297\/2.025, mediante la cual se solicita al Departamento Ejecutivo Municipal un informe detallado sobre el funcionamiento de los jardines maternales que dependen del \u00e1mbito municipal. La medida busca garantizar que estas instituciones, fundamentales para la educaci\u00f3n y contenci\u00f3n de la primera infancia, cumplan con los requisitos legales [&hellip;]\" \/>\n<meta property=\"og:url\" content=\"https:\/\/hcd.malargue.gov.ar\/?p=39408\" \/>\n<meta property=\"og:site_name\" content=\"Malarg\u00fce HCD\" \/>\n<meta property=\"article:published_time\" content=\"2025-08-29T12:20:33+00:00\" \/>\n<meta property=\"article:modified_time\" content=\"2025-08-29T12:22:10+00:00\" \/>\n<meta property=\"og:image\" content=\"https:\/\/hcd.malargue.gov.ar\/wp-content\/uploads\/2025\/08\/RESOLUCION-297-2025.png\" \/>\n\t<meta property=\"og:image:width\" content=\"940\" \/>\n\t<meta property=\"og:image:height\" content=\"788\" \/>\n\t<meta property=\"og:image:type\" content=\"image\/png\" \/>\n<meta name=\"author\" content=\"Belen Pedernera Ferragut\" \/>\n<meta name=\"twitter:card\" content=\"summary_large_image\" \/>\n<meta name=\"twitter:label1\" content=\"Escrito por\" \/>\n\t<meta name=\"twitter:data1\" content=\"Belen Pedernera Ferragut\" \/>\n\t<meta name=\"twitter:label2\" content=\"Tiempo de lectura\" \/>\n\t<meta name=\"twitter:data2\" content=\"5 minutos\" \/>\n<script type=\"application\/ld+json\" class=\"yoast-schema-graph\">{\"@context\":\"https:\/\/schema.org\",\"@graph\":[{\"@type\":\"WebPage\",\"@id\":\"https:\/\/hcd.malargue.gov.ar\/?p=39408\",\"url\":\"https:\/\/hcd.malargue.gov.ar\/?p=39408\",\"name\":\"RESOLUCI\u00d3N N\u00b0 297\/2.025 - Malarg\u00fce HCD\",\"isPartOf\":{\"@id\":\"https:\/\/hcd.malargue.gov.ar\/#website\"},\"datePublished\":\"2025-08-29T12:20:33+00:00\",\"dateModified\":\"2025-08-29T12:22:10+00:00\",\"author\":{\"@id\":\"https:\/\/hcd.malargue.gov.ar\/#\/schema\/person\/3fd6bbab64edd703961b795156c955d0\"},\"breadcrumb\":{\"@id\":\"https:\/\/hcd.malargue.gov.ar\/?p=39408#breadcrumb\"},\"inLanguage\":\"es-AR\",\"potentialAction\":[{\"@type\":\"ReadAction\",\"target\":[\"https:\/\/hcd.malargue.gov.ar\/?p=39408\"]}]},{\"@type\":\"BreadcrumbList\",\"@id\":\"https:\/\/hcd.malargue.gov.ar\/?p=39408#breadcrumb\",\"itemListElement\":[{\"@type\":\"ListItem\",\"position\":1,\"name\":\"Inicio\",\"item\":\"https:\/\/hcd.malargue.gov.ar\/\"},{\"@type\":\"ListItem\",\"position\":2,\"name\":\"RESOLUCI\u00d3N N\u00b0 297\/2.025\"}]},{\"@type\":\"WebSite\",\"@id\":\"https:\/\/hcd.malargue.gov.ar\/#website\",\"url\":\"https:\/\/hcd.malargue.gov.ar\/\",\"name\":\"Malarg\u00fce HCD\",\"description\":\"Malarg\u00fce Mendoza Argentina\",\"potentialAction\":[{\"@type\":\"SearchAction\",\"target\":{\"@type\":\"EntryPoint\",\"urlTemplate\":\"https:\/\/hcd.malargue.gov.ar\/?s={search_term_string}\"},\"query-input\":\"required name=search_term_string\"}],\"inLanguage\":\"es-AR\"},{\"@type\":\"Person\",\"@id\":\"https:\/\/hcd.malargue.gov.ar\/#\/schema\/person\/3fd6bbab64edd703961b795156c955d0\",\"name\":\"Belen Pedernera Ferragut\",\"image\":{\"@type\":\"ImageObject\",\"inLanguage\":\"es-AR\",\"@id\":\"https:\/\/hcd.malargue.gov.ar\/#\/schema\/person\/image\/\",\"url\":\"https:\/\/secure.gravatar.com\/avatar\/1054ffab3893de4bb3eb29bdd22f7e34b8537bf5d34d9dab311818154ad5b71f?s=96&d=mm&r=g\",\"contentUrl\":\"https:\/\/secure.gravatar.com\/avatar\/1054ffab3893de4bb3eb29bdd22f7e34b8537bf5d34d9dab311818154ad5b71f?s=96&d=mm&r=g\",\"caption\":\"Belen Pedernera Ferragut\"},\"url\":\"https:\/\/hcd.malargue.gov.ar\/?author=5\"}]}<\/script>\n<!-- \/ Yoast SEO plugin. -->","yoast_head_json":{"title":"RESOLUCI\u00d3N N\u00b0 297\/2.025 - Malarg\u00fce HCD","robots":{"index":"index","follow":"follow","max-snippet":"max-snippet:-1","max-image-preview":"max-image-preview:large","max-video-preview":"max-video-preview:-1"},"canonical":"https:\/\/hcd.malargue.gov.ar\/?p=39408","og_locale":"es_ES","og_type":"article","og_title":"RESOLUCI\u00d3N N\u00b0 297\/2.025 - Malarg\u00fce HCD","og_description":"El Honorable Concejo Deliberante aprob\u00f3 la Resoluci\u00f3n N\u00b0 297\/2.025, mediante la cual se solicita al Departamento Ejecutivo Municipal un informe detallado sobre el funcionamiento de los jardines maternales que dependen del \u00e1mbito municipal. La medida busca garantizar que estas instituciones, fundamentales para la educaci\u00f3n y contenci\u00f3n de la primera infancia, cumplan con los requisitos legales [&hellip;]","og_url":"https:\/\/hcd.malargue.gov.ar\/?p=39408","og_site_name":"Malarg\u00fce HCD","article_published_time":"2025-08-29T12:20:33+00:00","article_modified_time":"2025-08-29T12:22:10+00:00","og_image":[{"width":940,"height":788,"url":"https:\/\/hcd.malargue.gov.ar\/wp-content\/uploads\/2025\/08\/RESOLUCION-297-2025.png","type":"image\/png"}],"author":"Belen Pedernera Ferragut","twitter_card":"summary_large_image","twitter_misc":{"Escrito por":"Belen Pedernera Ferragut","Tiempo de lectura":"5 minutos"},"schema":{"@context":"https:\/\/schema.org","@graph":[{"@type":"WebPage","@id":"https:\/\/hcd.malargue.gov.ar\/?p=39408","url":"https:\/\/hcd.malargue.gov.ar\/?p=39408","name":"RESOLUCI\u00d3N N\u00b0 297\/2.025 - Malarg\u00fce HCD","isPartOf":{"@id":"https:\/\/hcd.malargue.gov.ar\/#website"},"datePublished":"2025-08-29T12:20:33+00:00","dateModified":"2025-08-29T12:22:10+00:00","author":{"@id":"https:\/\/hcd.malargue.gov.ar\/#\/schema\/person\/3fd6bbab64edd703961b795156c955d0"},"breadcrumb":{"@id":"https:\/\/hcd.malargue.gov.ar\/?p=39408#breadcrumb"},"inLanguage":"es-AR","potentialAction":[{"@type":"ReadAction","target":["https:\/\/hcd.malargue.gov.ar\/?p=39408"]}]},{"@type":"BreadcrumbList","@id":"https:\/\/hcd.malargue.gov.ar\/?p=39408#breadcrumb","itemListElement":[{"@type":"ListItem","position":1,"name":"Inicio","item":"https:\/\/hcd.malargue.gov.ar\/"},{"@type":"ListItem","position":2,"name":"RESOLUCI\u00d3N N\u00b0 297\/2.025"}]},{"@type":"WebSite","@id":"https:\/\/hcd.malargue.gov.ar\/#website","url":"https:\/\/hcd.malargue.gov.ar\/","name":"Malarg\u00fce HCD","description":"Malarg\u00fce Mendoza Argentina","potentialAction":[{"@type":"SearchAction","target":{"@type":"EntryPoint","urlTemplate":"https:\/\/hcd.malargue.gov.ar\/?s={search_term_string}"},"query-input":"required name=search_term_string"}],"inLanguage":"es-AR"},{"@type":"Person","@id":"https:\/\/hcd.malargue.gov.ar\/#\/schema\/person\/3fd6bbab64edd703961b795156c955d0","name":"Belen Pedernera Ferragut","image":{"@type":"ImageObject","inLanguage":"es-AR","@id":"https:\/\/hcd.malargue.gov.ar\/#\/schema\/person\/image\/","url":"https:\/\/secure.gravatar.com\/avatar\/1054ffab3893de4bb3eb29bdd22f7e34b8537bf5d34d9dab311818154ad5b71f?s=96&d=mm&r=g","contentUrl":"https:\/\/secure.gravatar.com\/avatar\/1054ffab3893de4bb3eb29bdd22f7e34b8537bf5d34d9dab311818154ad5b71f?s=96&d=mm&r=g","caption":"Belen Pedernera Ferragut"},"url":"https:\/\/hcd.malargue.gov.ar\/?author=5"}]}},"_links":{"self":[{"href":"https:\/\/hcd.malargue.gov.ar\/index.php?rest_route=\/wp\/v2\/posts\/39408","targetHints":{"allow":["GET"]}}],"collection":[{"href":"https:\/\/hcd.malargue.gov.ar\/index.php?rest_route=\/wp\/v2\/posts"}],"about":[{"href":"https:\/\/hcd.malargue.gov.ar\/index.php?rest_route=\/wp\/v2\/types\/post"}],"author":[{"embeddable":true,"href":"https:\/\/hcd.malargue.gov.ar\/index.php?rest_route=\/wp\/v2\/users\/5"}],"replies":[{"embeddable":true,"href":"https:\/\/hcd.malargue.gov.ar\/index.php?rest_route=%2Fwp%2Fv2%2Fcomments&post=39408"}],"version-history":[{"count":2,"href":"https:\/\/hcd.malargue.gov.ar\/index.php?rest_route=\/wp\/v2\/posts\/39408\/revisions"}],"predecessor-version":[{"id":39411,"href":"https:\/\/hcd.malargue.gov.ar\/index.php?rest_route=\/wp\/v2\/posts\/39408\/revisions\/39411"}],"wp:featuredmedia":[{"embeddable":true,"href":"https:\/\/hcd.malargue.gov.ar\/index.php?rest_route=\/wp\/v2\/media\/39410"}],"wp:attachment":[{"href":"https:\/\/hcd.malargue.gov.ar\/index.php?rest_route=%2Fwp%2Fv2%2Fmedia&parent=39408"}],"wp:term":[{"taxonomy":"category","embeddable":true,"href":"https:\/\/hcd.malargue.gov.ar\/index.php?rest_route=%2Fwp%2Fv2%2Fcategories&post=39408"},{"taxonomy":"post_tag","embeddable":true,"href":"https:\/\/hcd.malargue.gov.ar\/index.php?rest_route=%2Fwp%2Fv2%2Ftags&post=39408"}],"curies":[{"name":"wp","href":"https:\/\/api.w.org\/{rel}","templated":true}]}}