{"id":39412,"date":"2025-08-29T09:59:58","date_gmt":"2025-08-29T12:59:58","guid":{"rendered":"https:\/\/hcd.malargue.gov.ar\/?p=39412"},"modified":"2025-08-29T10:08:20","modified_gmt":"2025-08-29T13:08:20","slug":"declaracion-n-362-2-025","status":"publish","type":"post","link":"https:\/\/hcd.malargue.gov.ar\/?p=39412","title":{"rendered":"DECLARACI\u00d3N N\u00b0 362\/2.025"},"content":{"rendered":"\n<h4 class=\"wp-block-heading has-text-align-center\"><strong>El HCD declar\u00f3 de Inter\u00e9s Departamental el concurso \u201cDise\u00f1a la Ranita del Pehuenche\u201d<\/strong><\/h4>\n\n\n\n<p><em>El HCD declar\u00f3 de Inter\u00e9s Departamental, Ambiental, Educativo y Cultural el concurso \u201cDise\u00f1a la Ranita del Pehuenche\u201d, una iniciativa creada por la Facultad de Ciencias Exactas y Naturales de la Universidad Nacional de Cuyo, en articulaci\u00f3n con la Direcci\u00f3n de Ambiente y la Direcci\u00f3n de Cultura de la Municipalidad de Malarg\u00fce, en el marco de los Proyectos de Extensi\u00f3n Universitaria Jorge Alberto S\u00e1bato.<\/em><\/p>\n\n\n\n<p><em>El certamen busca concientizar sobre la preservaci\u00f3n de la Ranita del Pehuenche (Alsodes pehuenche), especie que en 2018 fue declarada Monumento Natural Departamental mediante Resoluci\u00f3n N\u00b0 623 y que se encuentra en peligro cr\u00edtico, seg\u00fan la Uni\u00f3n Internacional para la Conservaci\u00f3n de la Naturaleza.<\/em><\/p>\n\n\n\n<p><em>Desde 2021, la Facultad de Ciencias Exactas y Naturales de la UNCuyo lleva adelante investigaciones y tareas de monitoreo de esta especie, en coordinaci\u00f3n con organismos nacionales y provinciales, reforzando la necesidad de generar acciones de sensibilizaci\u00f3n y compromiso comunitario.<\/em><\/p>\n\n\n\n<p><em>El concurso no solo representa una propuesta educativa y ambiental, sino tambi\u00e9n una oportunidad cultural que convoca a artistas y hacedores locales a dise\u00f1ar productos de identidad vinculados con la Ranita del Pehuenche. Dichos trabajos podr\u00e1n convertirse en material de difusi\u00f3n y merchandising, lo que contribuir\u00e1 a instalar la problem\u00e1tica en la sociedad y, al mismo tiempo, potenciar el desarrollo econ\u00f3mico y creativo de la comunidad.<\/em><\/p>\n\n\n<div class=\"wp-block-image\">\n<figure class=\"alignright size-full is-resized\"><img loading=\"lazy\" decoding=\"async\" width=\"961\" height=\"733\" src=\"https:\/\/hcd.malargue.gov.ar\/wp-content\/uploads\/2025\/08\/WhatsApp-Image-2025-08-25-at-09.40.56-2.jpeg\" alt=\"\" class=\"wp-image-39418\" style=\"width:546px;height:auto\" srcset=\"https:\/\/hcd.malargue.gov.ar\/wp-content\/uploads\/2025\/08\/WhatsApp-Image-2025-08-25-at-09.40.56-2.jpeg 961w, https:\/\/hcd.malargue.gov.ar\/wp-content\/uploads\/2025\/08\/WhatsApp-Image-2025-08-25-at-09.40.56-2-300x229.jpeg 300w, https:\/\/hcd.malargue.gov.ar\/wp-content\/uploads\/2025\/08\/WhatsApp-Image-2025-08-25-at-09.40.56-2-768x586.jpeg 768w\" sizes=\"auto, (max-width: 961px) 100vw, 961px\" \/><\/figure>\n<\/div>\n\n\n<p><em>En este marco, la Concejala Emilce Mansilla se hizo presente en el acto de lanzamiento del certamen para entregar copia de la Declaraci\u00f3n a los organizadores, en un reconocimiento que refuerza el valor educativo y ambiental de la iniciativa. El evento se desarroll\u00f3 el viernes 22 de agosto de 2025 en la sede local de la Facultad de Ciencias Exactas y Naturales de la UNCuyo.<\/em><\/p>\n\n\n\n<p><em>De esta manera, el Cuerpo Deliberativo reafirma su compromiso en la protecci\u00f3n del entorno natural y la biodiversidad del departamento, promoviendo acciones conjuntas que garanticen el cuidado de especies emblem\u00e1ticas como la Ranita del Pehuenche, s\u00edmbolo ambiental de Malarg\u00fce.<\/em><\/p>\n\n\n\n<p class=\"has-text-align-center\"><strong>PIEZA LEGAL<\/strong><\/p>\n\n\n<div class=\"wp-block-image\">\n<figure class=\"alignright is-resized\"><a href=\"http:\/\/hcd.malargue.gov.ar\/2025\/Dc%20362%202025%20Declaracion%20Ranita%20Pehuenche.pdf\"><img loading=\"lazy\" decoding=\"async\" width=\"512\" height=\"512\" src=\"https:\/\/hcd.malargue.gov.ar\/wp-content\/uploads\/2018\/06\/PDF-JPG.jpg\" alt=\"\" class=\"wp-image-7950\" style=\"width:135px;height:auto\" srcset=\"https:\/\/hcd.malargue.gov.ar\/wp-content\/uploads\/2018\/06\/PDF-JPG.jpg 512w, https:\/\/hcd.malargue.gov.ar\/wp-content\/uploads\/2018\/06\/PDF-JPG-150x150.jpg 150w, https:\/\/hcd.malargue.gov.ar\/wp-content\/uploads\/2018\/06\/PDF-JPG-300x300.jpg 300w\" sizes=\"auto, (max-width: 512px) 100vw, 512px\" \/><\/a><\/figure>\n<\/div>\n\n\n<p><strong>AUTORA CONCEJALA EMILCE MANSILLA<\/strong><\/p>\n\n\n\n<p><strong>BLOQUE PARTIDO JUSTICIALISTA<\/strong><\/p>\n\n\n\n<p>VISTO: El contenido del Expediente N\u00b0 5.389\/2.025-0 Bloque Partido Justicialista. Proyecto de Declaraci\u00f3n: Declarar de Inter\u00e9s Departamental, Ambiental, Educativo y Cultural el Concurso &#8220;Dise\u00f1a la Ranita del Pehuenche&#8221;<\/p>\n\n\n\n<p>El concurso \u201cDise\u00f1a la Ranita del Pehuenche\u201d, creado por la Facultad de Ciencias Exactas y Naturales de la Universidad Nacional de Cuyo, en articulaci\u00f3n con la Direcci\u00f3n de Ambiente y la Direcci\u00f3n de Cultura de la Municipalidad de Malarg\u00fce, en el marco de los Proyectos de Extensi\u00f3n Universitaria <em>Jorge Alberto S\u00e1bato<\/em><\/p>\n\n\n\n<p>y;<\/p>\n\n\n\n<p>CONSIDERANDO: Que mediante Resoluci\u00f3n N\u00b0 623\/2.018 este Honorable Concejo Deliberante declar\u00f3 Monumento Natural Departamental a la Ranita del Pehuenche (Alsodes Pehuenche).<\/p>\n\n\n\n<p>Que las declaraciones de inter\u00e9s deben alentar acciones de concientizaci\u00f3n, cuidado y preservaci\u00f3n de la especie protegida.<\/p>\n\n\n\n<p>Que la Facultad de Ciencias Exactas y Naturales de la Universidad Nacional de Cuyo, desde el a\u00f1o 2.021, desarrolla investigaciones y tareas de monitoreo de la especie, en coordinaci\u00f3n con la Direcci\u00f3n Nacional de Recursos Naturales y la Tecnicatura en Conservaci\u00f3n de la Naturaleza del Instituto N\u00b0 9-016 Educaci\u00f3n F\u00edsica Dr. Jorge E. Coll.<\/p>\n\n\n\n<p>Que la Ranita del Pehuenche fue declarada en peligro por la Asociaci\u00f3n Herpetol\u00f3gica Argentina y por la Secretar\u00eda de Ambiente y Desarrollo Sustentable de la Naci\u00f3n mediante Resoluci\u00f3n N\u00b0 1.055\/2.013 y en peligro cr\u00edtico por la Uni\u00f3n Internacional para la Conservaci\u00f3n de la Naturaleza.<\/p>\n\n\n\n<p>Que es deber de los representantes del pueblo promover acciones que garanticen el cuidado del entorno natural y la continuidad de las especies que integran nuestro ecosistema, en beneficio de las generaciones presentes y futuras.<\/p>\n\n\n\n<p>Que tales acciones implican:<\/p>\n\n\n\n<ul class=\"wp-block-list\">\n<li>Informar y generar conciencia sobre las especies que habitan nuestro territorio, favoreciendo la convivencia arm\u00f3nica.<\/li>\n\n\n\n<li>Fomentar h\u00e1bitos responsables que no impacten negativamente en su existencia.<\/li>\n<\/ul>\n\n\n\n<p>Que la protecci\u00f3n de la biodiversidad constituye una obligaci\u00f3n moral y \u00e9tica de toda la comunidad, dado que cada especie tiene un valor intr\u00ednseco e irremplazable.<\/p>\n\n\n\n<p>Que el presente concurso representa una acci\u00f3n cultural y educativa, al tiempo que contribuye a la concientizaci\u00f3n en torno al cuidado y preservaci\u00f3n del Monumento Natural <em>Ranita del Pehuenche<\/em>.<\/p>\n\n\n\n<p>Que la participaci\u00f3n de artistas y hacedores culturales locales no solo fortalece la causa ambiental, sino que tambi\u00e9n aporta a la creaci\u00f3n de productos de identidad y Merchandising con proyecci\u00f3n m\u00e1s all\u00e1 del \u00e1mbito local, favoreciendo la difusi\u00f3n de la problem\u00e1tica y aportando al desarrollo econ\u00f3mico de la comunidad.<\/p>\n\n\n\n<p>EL HONORABLE CONCEJO DELIBERANTE DE LA MUNICIPALIDAD DE MALARG\u00dcE EN USO DE LAS FACULTADES QUE LE SON PROPIAS<\/p>\n\n\n\n<p>DECLARA<\/p>\n\n\n\n<p>ART\u00cdCULO 1\u00ba: Declarar de Inter\u00e9s Departamental Ambiental Cultural y Educativo el Concurso &#8220;Dise\u00f1a la Ranita del Pehuenche\u201d<\/p>\n\n\n\n<p>ART\u00cdCULO 2\u00ba: Promover la participaci\u00f3n de los hacedores culturales locales, a trav\u00e9s de invitaciones en los medios de comunicaci\u00f3n, junto a las bases del presente concurso.<\/p>\n\n\n\n<p>ART\u00cdCULO 3\u00ba: Remitir copia de la presente Resoluci\u00f3n a todas las instituciones intervinientes.<\/p>\n\n\n\n<p>ART\u00cdCULO 4\u00ba: Hacer entrega de un certificado, a los organizadores en ocasi\u00f3n del lanzamiento del certamen, previsto para el d\u00eda viernes 22 de agosto de 2.025, a las 20:30 horas, en la sede local de la Facultad de Ciencias Exactas y Naturales de la Universidad Nacional de Cuyo.<\/p>\n\n\n\n<p>ART\u00cdCULO 5\u00ba: Comun\u00edquese, reg\u00edstrese, agr\u00e9guese copia de la presente en las actuaciones correspondientes y arch\u00edvese.<\/p>\n\n\n\n<p>DADA EN LA SALA DE SESIONES DR.&nbsp; RICARDO BALBIN DEL HONORABLE CONCEJO DELIBERANTE DE LA MUNICIPALIDAD DE MALARG\u00dcE A VEINTIUN D\u00cdAS DE AGOSTO DE DOS MIL VEINTICINCO.<\/p>\n\n\n\n<p>VISTO: El contenido del Expediente N\u00b0 5.389\/2.025-0 Bloque Partido Justicialista. Proyecto de Declaraci\u00f3n: Declarar de Inter\u00e9s Departamental, Ambiental, Educativo y Cultural el Concurso &#8220;Dise\u00f1a la Ranita del Pehuenche&#8221;<\/p>\n\n\n\n<p>El concurso \u201cDise\u00f1a la Ranita del Pehuenche\u201d, creado por la Facultad de Ciencias Exactas y Naturales de la Universidad Nacional de Cuyo, en articulaci\u00f3n con la Direcci\u00f3n de Ambiente y la Direcci\u00f3n de Cultura de la Municipalidad de Malarg\u00fce, en el marco de los Proyectos de Extensi\u00f3n Universitaria <em>Jorge Alberto S\u00e1bato<\/em><\/p>\n\n\n\n<p>y;<\/p>\n\n\n\n<p>CONSIDERANDO: Que mediante Resoluci\u00f3n N\u00b0 623\/2.018 este Honorable Concejo Deliberante declar\u00f3 Monumento Natural Departamental a la Ranita del Pehuenche (Alsodes Pehuenche).<\/p>\n\n\n\n<p>Que las declaraciones de inter\u00e9s deben alentar acciones de concientizaci\u00f3n, cuidado y preservaci\u00f3n de la especie protegida.<\/p>\n\n\n\n<p>Que la Facultad de Ciencias Exactas y Naturales de la Universidad Nacional de Cuyo, desde el a\u00f1o 2.021, desarrolla investigaciones y tareas de monitoreo de la especie, en coordinaci\u00f3n con la Direcci\u00f3n Nacional de Recursos Naturales y la Tecnicatura en Conservaci\u00f3n de la Naturaleza del Instituto N\u00b0 9-016 Educaci\u00f3n F\u00edsica Dr. Jorge E. Coll.<\/p>\n\n\n\n<p>Que la Ranita del Pehuenche fue declarada en peligro por la Asociaci\u00f3n Herpetol\u00f3gica Argentina y por la Secretar\u00eda de Ambiente y Desarrollo Sustentable de la Naci\u00f3n mediante Resoluci\u00f3n N\u00b0 1.055\/2.013 y en peligro cr\u00edtico por la Uni\u00f3n Internacional para la Conservaci\u00f3n de la Naturaleza.<\/p>\n\n\n\n<p>Que es deber de los representantes del pueblo promover acciones que garanticen el cuidado del entorno natural y la continuidad de las especies que integran nuestro ecosistema, en beneficio de las generaciones presentes y futuras.<\/p>\n\n\n\n<p>Que tales acciones implican:<\/p>\n\n\n\n<ul class=\"wp-block-list\">\n<li>Informar y generar conciencia sobre las especies que habitan nuestro territorio, favoreciendo la convivencia arm\u00f3nica.<\/li>\n\n\n\n<li>Fomentar h\u00e1bitos responsables que no impacten negativamente en su existencia.<\/li>\n<\/ul>\n\n\n\n<p>Que la protecci\u00f3n de la biodiversidad constituye una obligaci\u00f3n moral y \u00e9tica de toda la comunidad, dado que cada especie tiene un valor intr\u00ednseco e irremplazable.<\/p>\n\n\n\n<p>Que el presente concurso representa una acci\u00f3n cultural y educativa, al tiempo que contribuye a la concientizaci\u00f3n en torno al cuidado y preservaci\u00f3n del Monumento Natural <em>Ranita del Pehuenche<\/em>.<\/p>\n\n\n\n<p>Que la participaci\u00f3n de artistas y hacedores culturales locales no solo fortalece la causa ambiental, sino que tambi\u00e9n aporta a la creaci\u00f3n de productos de identidad y Merchandising con proyecci\u00f3n m\u00e1s all\u00e1 del \u00e1mbito local, favoreciendo la difusi\u00f3n de la problem\u00e1tica y aportando al desarrollo econ\u00f3mico de la comunidad.<\/p>\n\n\n\n<p>EL HONORABLE CONCEJO DELIBERANTE DE LA MUNICIPALIDAD DE MALARG\u00dcE EN USO DE LAS FACULTADES QUE LE SON PROPIAS<\/p>\n\n\n\n<p>DECLARA<\/p>\n\n\n\n<p>ART\u00cdCULO 1\u00ba: Declarar de Inter\u00e9s Departamental Ambiental Cultural y Educativo el Concurso &#8220;Dise\u00f1a la Ranita del Pehuenche\u201d<\/p>\n\n\n\n<p>ART\u00cdCULO 2\u00ba: Promover la participaci\u00f3n de los hacedores culturales locales, a trav\u00e9s de invitaciones en los medios de comunicaci\u00f3n, junto a las bases del presente concurso.<\/p>\n\n\n\n<p>ART\u00cdCULO 3\u00ba: Remitir copia de la presente Resoluci\u00f3n a todas las instituciones intervinientes.<\/p>\n\n\n\n<p>ART\u00cdCULO 4\u00ba: Hacer entrega de un certificado, a los organizadores en ocasi\u00f3n del lanzamiento del certamen, previsto para el d\u00eda viernes 22 de agosto de 2.025, a las 20:30 horas, en la sede local de la Facultad de Ciencias Exactas y Naturales de la Universidad Nacional de Cuyo.<\/p>\n\n\n\n<p>ART\u00cdCULO 5\u00ba: Comun\u00edquese, reg\u00edstrese, agr\u00e9guese copia de la presente en las actuaciones correspondientes y arch\u00edvese.<\/p>\n\n\n\n<p>DADA EN LA SALA DE SESIONES DR.&nbsp; RICARDO BALBIN DEL HONORABLE CONCEJO DELIBERANTE DE LA MUNICIPALIDAD DE MALARG\u00dcE A VEINTIUN D\u00cdAS DE AGOSTO DE DOS MIL VEINTICINCO.<\/p>\n","protected":false},"excerpt":{"rendered":"<p>El HCD declar\u00f3 de Inter\u00e9s Departamental el concurso \u201cDise\u00f1a la Ranita del Pehuenche\u201d El HCD declar\u00f3 de Inter\u00e9s Departamental, Ambiental, Educativo y Cultural el concurso \u201cDise\u00f1a la Ranita del Pehuenche\u201d, una iniciativa creada por la Facultad de Ciencias Exactas y Naturales de la Universidad Nacional de Cuyo, en articulaci\u00f3n con la Direcci\u00f3n de Ambiente y [&hellip;]<\/p>\n","protected":false},"author":5,"featured_media":39419,"comment_status":"closed","ping_status":"closed","sticky":false,"template":"","format":"standard","meta":{"footnotes":""},"categories":[46,52,29,33],"tags":[],"class_list":["post-39412","post","type-post","status-publish","format-standard","has-post-thumbnail","hentry","category-declaraciones","category-gacetillas","category-lesgilacion","category-prensa"],"yoast_head":"<!-- This site is optimized with the Yoast SEO plugin v19.10 - https:\/\/yoast.com\/wordpress\/plugins\/seo\/ -->\n<title>DECLARACI\u00d3N N\u00b0 362\/2.025 - Malarg\u00fce HCD<\/title>\n<meta name=\"robots\" content=\"index, follow, max-snippet:-1, max-image-preview:large, max-video-preview:-1\" \/>\n<link rel=\"canonical\" href=\"https:\/\/hcd.malargue.gov.ar\/?p=39412\" \/>\n<meta property=\"og:locale\" content=\"es_ES\" \/>\n<meta property=\"og:type\" content=\"article\" \/>\n<meta property=\"og:title\" content=\"DECLARACI\u00d3N N\u00b0 362\/2.025 - Malarg\u00fce HCD\" \/>\n<meta property=\"og:description\" content=\"El HCD declar\u00f3 de Inter\u00e9s Departamental el concurso \u201cDise\u00f1a la Ranita del Pehuenche\u201d El HCD declar\u00f3 de Inter\u00e9s Departamental, Ambiental, Educativo y Cultural el concurso \u201cDise\u00f1a la Ranita del Pehuenche\u201d, una iniciativa creada por la Facultad de Ciencias Exactas y Naturales de la Universidad Nacional de Cuyo, en articulaci\u00f3n con la Direcci\u00f3n de Ambiente y [&hellip;]\" \/>\n<meta property=\"og:url\" content=\"https:\/\/hcd.malargue.gov.ar\/?p=39412\" \/>\n<meta property=\"og:site_name\" content=\"Malarg\u00fce HCD\" \/>\n<meta property=\"article:published_time\" content=\"2025-08-29T12:59:58+00:00\" \/>\n<meta property=\"article:modified_time\" content=\"2025-08-29T13:08:20+00:00\" \/>\n<meta property=\"og:image\" content=\"https:\/\/hcd.malargue.gov.ar\/wp-content\/uploads\/2025\/08\/DECLARACION-362-2025.png\" \/>\n\t<meta property=\"og:image:width\" content=\"940\" \/>\n\t<meta property=\"og:image:height\" content=\"788\" \/>\n\t<meta property=\"og:image:type\" content=\"image\/png\" \/>\n<meta name=\"author\" content=\"Belen Pedernera Ferragut\" \/>\n<meta name=\"twitter:card\" content=\"summary_large_image\" \/>\n<meta name=\"twitter:label1\" content=\"Escrito por\" \/>\n\t<meta name=\"twitter:data1\" content=\"Belen Pedernera Ferragut\" \/>\n\t<meta name=\"twitter:label2\" content=\"Tiempo de lectura\" \/>\n\t<meta name=\"twitter:data2\" content=\"7 minutos\" \/>\n<script type=\"application\/ld+json\" class=\"yoast-schema-graph\">{\"@context\":\"https:\/\/schema.org\",\"@graph\":[{\"@type\":\"WebPage\",\"@id\":\"https:\/\/hcd.malargue.gov.ar\/?p=39412\",\"url\":\"https:\/\/hcd.malargue.gov.ar\/?p=39412\",\"name\":\"DECLARACI\u00d3N N\u00b0 362\/2.025 - Malarg\u00fce HCD\",\"isPartOf\":{\"@id\":\"https:\/\/hcd.malargue.gov.ar\/#website\"},\"datePublished\":\"2025-08-29T12:59:58+00:00\",\"dateModified\":\"2025-08-29T13:08:20+00:00\",\"author\":{\"@id\":\"https:\/\/hcd.malargue.gov.ar\/#\/schema\/person\/3fd6bbab64edd703961b795156c955d0\"},\"breadcrumb\":{\"@id\":\"https:\/\/hcd.malargue.gov.ar\/?p=39412#breadcrumb\"},\"inLanguage\":\"es-AR\",\"potentialAction\":[{\"@type\":\"ReadAction\",\"target\":[\"https:\/\/hcd.malargue.gov.ar\/?p=39412\"]}]},{\"@type\":\"BreadcrumbList\",\"@id\":\"https:\/\/hcd.malargue.gov.ar\/?p=39412#breadcrumb\",\"itemListElement\":[{\"@type\":\"ListItem\",\"position\":1,\"name\":\"Inicio\",\"item\":\"https:\/\/hcd.malargue.gov.ar\/\"},{\"@type\":\"ListItem\",\"position\":2,\"name\":\"DECLARACI\u00d3N N\u00b0 362\/2.025\"}]},{\"@type\":\"WebSite\",\"@id\":\"https:\/\/hcd.malargue.gov.ar\/#website\",\"url\":\"https:\/\/hcd.malargue.gov.ar\/\",\"name\":\"Malarg\u00fce HCD\",\"description\":\"Malarg\u00fce Mendoza Argentina\",\"potentialAction\":[{\"@type\":\"SearchAction\",\"target\":{\"@type\":\"EntryPoint\",\"urlTemplate\":\"https:\/\/hcd.malargue.gov.ar\/?s={search_term_string}\"},\"query-input\":\"required name=search_term_string\"}],\"inLanguage\":\"es-AR\"},{\"@type\":\"Person\",\"@id\":\"https:\/\/hcd.malargue.gov.ar\/#\/schema\/person\/3fd6bbab64edd703961b795156c955d0\",\"name\":\"Belen Pedernera Ferragut\",\"image\":{\"@type\":\"ImageObject\",\"inLanguage\":\"es-AR\",\"@id\":\"https:\/\/hcd.malargue.gov.ar\/#\/schema\/person\/image\/\",\"url\":\"https:\/\/secure.gravatar.com\/avatar\/1054ffab3893de4bb3eb29bdd22f7e34b8537bf5d34d9dab311818154ad5b71f?s=96&d=mm&r=g\",\"contentUrl\":\"https:\/\/secure.gravatar.com\/avatar\/1054ffab3893de4bb3eb29bdd22f7e34b8537bf5d34d9dab311818154ad5b71f?s=96&d=mm&r=g\",\"caption\":\"Belen Pedernera Ferragut\"},\"url\":\"https:\/\/hcd.malargue.gov.ar\/?author=5\"}]}<\/script>\n<!-- \/ Yoast SEO plugin. -->","yoast_head_json":{"title":"DECLARACI\u00d3N N\u00b0 362\/2.025 - Malarg\u00fce HCD","robots":{"index":"index","follow":"follow","max-snippet":"max-snippet:-1","max-image-preview":"max-image-preview:large","max-video-preview":"max-video-preview:-1"},"canonical":"https:\/\/hcd.malargue.gov.ar\/?p=39412","og_locale":"es_ES","og_type":"article","og_title":"DECLARACI\u00d3N N\u00b0 362\/2.025 - Malarg\u00fce HCD","og_description":"El HCD declar\u00f3 de Inter\u00e9s Departamental el concurso \u201cDise\u00f1a la Ranita del Pehuenche\u201d El HCD declar\u00f3 de Inter\u00e9s Departamental, Ambiental, Educativo y Cultural el concurso \u201cDise\u00f1a la Ranita del Pehuenche\u201d, una iniciativa creada por la Facultad de Ciencias Exactas y Naturales de la Universidad Nacional de Cuyo, en articulaci\u00f3n con la Direcci\u00f3n de Ambiente y [&hellip;]","og_url":"https:\/\/hcd.malargue.gov.ar\/?p=39412","og_site_name":"Malarg\u00fce HCD","article_published_time":"2025-08-29T12:59:58+00:00","article_modified_time":"2025-08-29T13:08:20+00:00","og_image":[{"width":940,"height":788,"url":"https:\/\/hcd.malargue.gov.ar\/wp-content\/uploads\/2025\/08\/DECLARACION-362-2025.png","type":"image\/png"}],"author":"Belen Pedernera Ferragut","twitter_card":"summary_large_image","twitter_misc":{"Escrito por":"Belen Pedernera Ferragut","Tiempo de lectura":"7 minutos"},"schema":{"@context":"https:\/\/schema.org","@graph":[{"@type":"WebPage","@id":"https:\/\/hcd.malargue.gov.ar\/?p=39412","url":"https:\/\/hcd.malargue.gov.ar\/?p=39412","name":"DECLARACI\u00d3N N\u00b0 362\/2.025 - Malarg\u00fce HCD","isPartOf":{"@id":"https:\/\/hcd.malargue.gov.ar\/#website"},"datePublished":"2025-08-29T12:59:58+00:00","dateModified":"2025-08-29T13:08:20+00:00","author":{"@id":"https:\/\/hcd.malargue.gov.ar\/#\/schema\/person\/3fd6bbab64edd703961b795156c955d0"},"breadcrumb":{"@id":"https:\/\/hcd.malargue.gov.ar\/?p=39412#breadcrumb"},"inLanguage":"es-AR","potentialAction":[{"@type":"ReadAction","target":["https:\/\/hcd.malargue.gov.ar\/?p=39412"]}]},{"@type":"BreadcrumbList","@id":"https:\/\/hcd.malargue.gov.ar\/?p=39412#breadcrumb","itemListElement":[{"@type":"ListItem","position":1,"name":"Inicio","item":"https:\/\/hcd.malargue.gov.ar\/"},{"@type":"ListItem","position":2,"name":"DECLARACI\u00d3N N\u00b0 362\/2.025"}]},{"@type":"WebSite","@id":"https:\/\/hcd.malargue.gov.ar\/#website","url":"https:\/\/hcd.malargue.gov.ar\/","name":"Malarg\u00fce HCD","description":"Malarg\u00fce Mendoza Argentina","potentialAction":[{"@type":"SearchAction","target":{"@type":"EntryPoint","urlTemplate":"https:\/\/hcd.malargue.gov.ar\/?s={search_term_string}"},"query-input":"required name=search_term_string"}],"inLanguage":"es-AR"},{"@type":"Person","@id":"https:\/\/hcd.malargue.gov.ar\/#\/schema\/person\/3fd6bbab64edd703961b795156c955d0","name":"Belen Pedernera Ferragut","image":{"@type":"ImageObject","inLanguage":"es-AR","@id":"https:\/\/hcd.malargue.gov.ar\/#\/schema\/person\/image\/","url":"https:\/\/secure.gravatar.com\/avatar\/1054ffab3893de4bb3eb29bdd22f7e34b8537bf5d34d9dab311818154ad5b71f?s=96&d=mm&r=g","contentUrl":"https:\/\/secure.gravatar.com\/avatar\/1054ffab3893de4bb3eb29bdd22f7e34b8537bf5d34d9dab311818154ad5b71f?s=96&d=mm&r=g","caption":"Belen Pedernera Ferragut"},"url":"https:\/\/hcd.malargue.gov.ar\/?author=5"}]}},"_links":{"self":[{"href":"https:\/\/hcd.malargue.gov.ar\/index.php?rest_route=\/wp\/v2\/posts\/39412","targetHints":{"allow":["GET"]}}],"collection":[{"href":"https:\/\/hcd.malargue.gov.ar\/index.php?rest_route=\/wp\/v2\/posts"}],"about":[{"href":"https:\/\/hcd.malargue.gov.ar\/index.php?rest_route=\/wp\/v2\/types\/post"}],"author":[{"embeddable":true,"href":"https:\/\/hcd.malargue.gov.ar\/index.php?rest_route=\/wp\/v2\/users\/5"}],"replies":[{"embeddable":true,"href":"https:\/\/hcd.malargue.gov.ar\/index.php?rest_route=%2Fwp%2Fv2%2Fcomments&post=39412"}],"version-history":[{"count":1,"href":"https:\/\/hcd.malargue.gov.ar\/index.php?rest_route=\/wp\/v2\/posts\/39412\/revisions"}],"predecessor-version":[{"id":39420,"href":"https:\/\/hcd.malargue.gov.ar\/index.php?rest_route=\/wp\/v2\/posts\/39412\/revisions\/39420"}],"wp:featuredmedia":[{"embeddable":true,"href":"https:\/\/hcd.malargue.gov.ar\/index.php?rest_route=\/wp\/v2\/media\/39419"}],"wp:attachment":[{"href":"https:\/\/hcd.malargue.gov.ar\/index.php?rest_route=%2Fwp%2Fv2%2Fmedia&parent=39412"}],"wp:term":[{"taxonomy":"category","embeddable":true,"href":"https:\/\/hcd.malargue.gov.ar\/index.php?rest_route=%2Fwp%2Fv2%2Fcategories&post=39412"},{"taxonomy":"post_tag","embeddable":true,"href":"https:\/\/hcd.malargue.gov.ar\/index.php?rest_route=%2Fwp%2Fv2%2Ftags&post=39412"}],"curies":[{"name":"wp","href":"https:\/\/api.w.org\/{rel}","templated":true}]}}