{"id":39426,"date":"2025-09-02T11:55:04","date_gmt":"2025-09-02T14:55:04","guid":{"rendered":"https:\/\/hcd.malargue.gov.ar\/?p=39426"},"modified":"2025-09-02T12:07:55","modified_gmt":"2025-09-02T15:07:55","slug":"resolucion-n-306-2-025","status":"publish","type":"post","link":"https:\/\/hcd.malargue.gov.ar\/?p=39426","title":{"rendered":"RESOLUCI\u00d3N N\u00b0 306\/2.025"},"content":{"rendered":"\n<h4 class=\"wp-block-heading has-text-align-center\"><strong>El HCD declar\u00f3 de Inter\u00e9s Departamental el Programa Municipal de Atenci\u00f3n Primaria y Promoci\u00f3n de la Salud<\/strong><\/h4>\n\n\n\n<p><em>El Honorable Concejo Deliberante aprob\u00f3 la Resoluci\u00f3n N\u00b0 306\/2.025, mediante la cual declar\u00f3 de Inter\u00e9s Departamental el Programa de Atenci\u00f3n Primaria y Promoci\u00f3n de la Salud, implementado en el \u00e1mbito de la Municipalidad de Malarg\u00fce.<\/em><\/p>\n\n\n<div class=\"wp-block-image\">\n<figure class=\"alignright size-full is-resized\"><img loading=\"lazy\" decoding=\"async\" width=\"720\" height=\"882\" src=\"https:\/\/hcd.malargue.gov.ar\/wp-content\/uploads\/2025\/09\/WhatsApp-Image-2025-09-02-at-11.58.51.jpeg\" alt=\"\" class=\"wp-image-39429\" style=\"width:296px;height:auto\" srcset=\"https:\/\/hcd.malargue.gov.ar\/wp-content\/uploads\/2025\/09\/WhatsApp-Image-2025-09-02-at-11.58.51.jpeg 720w, https:\/\/hcd.malargue.gov.ar\/wp-content\/uploads\/2025\/09\/WhatsApp-Image-2025-09-02-at-11.58.51-245x300.jpeg 245w\" sizes=\"auto, (max-width: 720px) 100vw, 720px\" \/><\/figure>\n<\/div>\n\n\n<p><em>La iniciativa, pionera en la provincia, reconoce la labor de las enfermeras Bel\u00e9n Salvadores, Romina Vergara y Mariela Zurita, mentoras e impulsoras del proyecto, que busca fortalecer la salud de los empleados municipales mediante un abordaje integral y cercano.<\/em><\/p>\n\n\n\n<p><em>D\u00edas atr\u00e1s, las profesionales visitaron cada una de las oficinas del HCD, present\u00e1ndose cordialmente ante los empleados y realizando controles b\u00e1sicos de signos vitales. Informaron adem\u00e1s que el servicio funcionar\u00e1 en la planta baja del edificio municipal, donde cualquier trabajador que lo desee podr\u00e1 acercarse. Asimismo, dejaron un n\u00famero de contacto (<strong>2604-030995<\/strong>) para recibir llamados y acudir en caso de ser requeridas.<\/em> <\/p>\n\n\n\n<p><em>El programa contempla controles b\u00e1sicos de salud, detecci\u00f3n temprana de factores de riesgo, campa\u00f1as de promoci\u00f3n y prevenci\u00f3n, talleres educativos, creaci\u00f3n de un registro digital de atenciones, seguimiento de enfermedades cr\u00f3nicas, primeros auxilios y articulaci\u00f3n con la OSEP.<\/em><\/p>\n\n\n\n<p><em>Con esta propuesta, el Concejo no solo busca jerarquizar el rol de la enfermer\u00eda en el \u00e1mbito municipal, sino que tambi\u00e9n reafirma su compromiso con una gesti\u00f3n p\u00fablica innovadora, orientada al bienestar f\u00edsico y mental de sus trabajadores.<\/em><\/p>\n\n\n\n<p><em>La Resoluci\u00f3n distingue especialmente a las enfermeras impulsoras del programa, a quienes se les entregar\u00e1 una copia del reconocimiento junto con un Diploma de Distinci\u00f3n por su aporte a la salud p\u00fablica municipal y a la mejora de la calidad de vida de la comunidad.<\/em><\/p>\n\n\n\n<p class=\"has-text-align-center\"><strong>PIEZA LEGAL<\/strong><\/p>\n\n\n<div class=\"wp-block-image\">\n<figure class=\"alignright is-resized\"><a href=\"http:\/\/hcd.malargue.gov.ar\/2025\/Rs%20306%202025%20Programa%20Promocion%20Salud.pdf\"><img loading=\"lazy\" decoding=\"async\" width=\"512\" height=\"512\" src=\"https:\/\/hcd.malargue.gov.ar\/wp-content\/uploads\/2018\/06\/PDF-JPG.jpg\" alt=\"\" class=\"wp-image-7950\" style=\"width:134px;height:auto\" srcset=\"https:\/\/hcd.malargue.gov.ar\/wp-content\/uploads\/2018\/06\/PDF-JPG.jpg 512w, https:\/\/hcd.malargue.gov.ar\/wp-content\/uploads\/2018\/06\/PDF-JPG-150x150.jpg 150w, https:\/\/hcd.malargue.gov.ar\/wp-content\/uploads\/2018\/06\/PDF-JPG-300x300.jpg 300w\" sizes=\"auto, (max-width: 512px) 100vw, 512px\" \/><\/a><\/figure>\n<\/div>\n\n\n<p><strong>AUTORA CONCEJALA ELIZABETH GONZALEZ<\/strong><\/p>\n\n\n\n<p><strong>BLOQUE UNION MENDOCINA<\/strong><\/p>\n\n\n\n<p>VISTO: El contenido del Expediente N\u00b0 5.321\/2.025-0. Bloque La Uni\u00f3n Mendocina. Proyecto de Resoluci\u00f3n: Declarar de Inter\u00e9s Departamental el Programa de Atenci\u00f3n Primaria y Promoci\u00f3n de la Salud Municipal<\/p>\n\n\n\n<p>La necesidad de reconocer la autor\u00eda, la iniciativa y la mentor\u00eda del grupo de enfermeras del Departamento de Malarg\u00fce, as\u00ed como de fortalecer las pol\u00edticas de salud p\u00fablica en el \u00e1mbito local, destacando la importancia de contar con un equipo de enfermer\u00eda dentro del <em>Programa de Atenci\u00f3n Primaria de la Salud<\/em>, a fin de garantizar un abordaje integral, cercano y continuo para los empleados municipales, promoviendo su bienestar f\u00edsico y mental.<\/p>\n\n\n\n<p>y;<\/p>\n\n\n\n<p>CONSIDERANDO: Que este programa surge de la convicci\u00f3n de que una gesti\u00f3n p\u00fablica que se ocupa de la salud de sus trabajadores no solo mejora su calidad de vida, sino que optimiza el funcionamiento institucional, previene problem\u00e1ticas futuras y establece un rumbo innovador en la administraci\u00f3n p\u00fablica local.<\/p>\n\n\n\n<p>Que este proyecto posiciona a la Municipalidad de Malarg\u00fce como pionera en el \u00e1mbito provincial, al constituirse en una de las primeras en implementar una pol\u00edtica de salud laboral con enfoque comunitario y territorial.<\/p>\n\n\n\n<p>Que la propuesta permite detectar y abordar oportunamente situaciones de salud que suelen postergarse por falta de acceso, al tiempo que jerarquiza y visibiliza el rol de la enfermer\u00eda dentro del Estado.<\/p>\n\n\n\n<p>Que es facultad del Honorable Concejo Deliberante reconocer y acompa\u00f1ar este tipo de iniciativas, valorando la visi\u00f3n de las enfermeras como agentes fundamentales en el desarrollo de pol\u00edticas p\u00fablicas de salud municipal.<\/p>\n\n\n\n<p>Que son objetivos espec\u00edficos del programa:<\/p>\n\n\n\n<ul class=\"wp-block-list\">\n<li>Brindar controles b\u00e1sicos de Salud (presi\u00f3n arterial, glucemia, signos vitales, peso\/talla).<\/li>\n\n\n\n<li>Detectar tempranamente factores de riesgo para actuar preventivamente.<\/li>\n\n\n\n<li>Desarrollar campa\u00f1as tem\u00e1ticas de promoci\u00f3n y prevenci\u00f3n (vacunaci\u00f3n, alimentaci\u00f3n saludable, salud sexual y reproductiva, salud mental, ergonom\u00eda, entre otras).<\/li>\n\n\n\n<li>Ofrecer Talleres y Charlas Educativas en distintas dependencias municipales.<\/li>\n\n\n\n<li>Crear un Registro Digital y sistematizado de controles y atenciones, que permita elaborar estad\u00edsticas de salud laboral para la toma de decisiones.<\/li>\n\n\n\n<li>Establecer un Sistema de Seguimiento de empleados con enfermedades cr\u00f3nicas.<\/li>\n\n\n\n<li>Brindar primeros auxilios en situaciones de urgencia menor dentro del \u00e1mbito municipal.<\/li>\n\n\n\n<li>Promover entornos laborales saludables mediante educaci\u00f3n y h\u00e1bitos de autocuidado.<\/li>\n\n\n\n<li>Fortalecer la articulaci\u00f3n con la Obra Social de Empleados P\u00fablicos (OSEP) para derivaciones y seguimiento de casos.<\/li>\n<\/ul>\n\n\n\n<p>Que reconocer y jerarquizar la profesi\u00f3n de enfermer\u00eda en el \u00e1mbito municipal significa valorar no solo a quienes la ejercen, sino tambi\u00e9n reafirmar el Compromiso Institucional con una gesti\u00f3n m\u00e1s humana, inclusiva y eficiente.<\/p>\n\n\n\n<p>EL HONORABLE CONCEJO DELIBERANTE DE LA MUNICIPALIDAD DE MALARG\u00dcE EN USO DE LAS FACULTADES QUE LE SON PROPIAS<\/p>\n\n\n\n<p>RESUELVE<\/p>\n\n\n\n<p>ART\u00cdCULO 1\u00ba: Declarar de Inter\u00e9s Departamental el Programa Municipal de Atenci\u00f3n Primaria y Promoci\u00f3n de la Salud municipal, implementado en el \u00e1mbito de la Municipalidad de Malarg\u00fce, por su aporte a la prevenci\u00f3n, el cuidado integral y el fortalecimiento de la salud de los empleados municipales.<\/p>\n\n\n\n<p>ART\u00cdCULO 2\u00ba: Distinguir especialmente la labor y autor\u00eda de las enfermeras profesionales <em>Bel\u00e9n Salvadores, Romina Vergara y Mariela Zurita,<\/em> mentoras e impulsoras del programa, en m\u00e9rito a su compromiso con la salud p\u00fablica municipal y la mejora de la calidad de vida de la comunidad.<\/p>\n\n\n\n<p>ART\u00cdCULO 3\u00ba: Remitir copia de la presente resoluci\u00f3n a las mencionadas profesionales, junto con un Diploma de Distinci\u00f3n con la siguiente leyenda:<em> \u201cEn reconocimiento a su valioso aporte al bienestar de la comunidad, se declara de Inter\u00e9s Departamental el Programa Municipal de Atenci\u00f3n Primaria y Promoci\u00f3n de la Salud&#8221;.<\/em><\/p>\n\n\n\n<p>ART\u00cdCULO 4\u00ba: Comun\u00edquese, reg\u00edstrese, agr\u00e9guese copia de la presente en las actuaciones correspondientes y arch\u00edvese.<\/p>\n\n\n\n<p>DADA EN LA SALA DE SESIONES DR.&nbsp; RICARDO BALBIN DEL HONORABLE CONCEJO DELIBERANTE DE LA MUNICIPALIDAD DE MALARG\u00dcE A VEINTIOCHO D\u00cdAS DE AGOSTO DE DOS MIL VEINTICINCO.<\/p>\n","protected":false},"excerpt":{"rendered":"<p>El HCD declar\u00f3 de Inter\u00e9s Departamental el Programa Municipal de Atenci\u00f3n Primaria y Promoci\u00f3n de la Salud El Honorable Concejo Deliberante aprob\u00f3 la Resoluci\u00f3n N\u00b0 306\/2.025, mediante la cual declar\u00f3 de Inter\u00e9s Departamental el Programa de Atenci\u00f3n Primaria y Promoci\u00f3n de la Salud, implementado en el \u00e1mbito de la Municipalidad de Malarg\u00fce. La iniciativa, pionera [&hellip;]<\/p>\n","protected":false},"author":5,"featured_media":39427,"comment_status":"closed","ping_status":"closed","sticky":false,"template":"","format":"standard","meta":{"footnotes":""},"categories":[52,29,33,51],"tags":[],"class_list":["post-39426","post","type-post","status-publish","format-standard","has-post-thumbnail","hentry","category-gacetillas","category-lesgilacion","category-prensa","category-resoluciones"],"yoast_head":"<!-- This site is optimized with the Yoast SEO plugin v19.10 - https:\/\/yoast.com\/wordpress\/plugins\/seo\/ -->\n<title>RESOLUCI\u00d3N N\u00b0 306\/2.025 - Malarg\u00fce HCD<\/title>\n<meta name=\"robots\" content=\"index, follow, max-snippet:-1, max-image-preview:large, max-video-preview:-1\" \/>\n<link rel=\"canonical\" href=\"https:\/\/hcd.malargue.gov.ar\/?p=39426\" \/>\n<meta property=\"og:locale\" content=\"es_ES\" \/>\n<meta property=\"og:type\" content=\"article\" \/>\n<meta property=\"og:title\" content=\"RESOLUCI\u00d3N N\u00b0 306\/2.025 - Malarg\u00fce HCD\" \/>\n<meta property=\"og:description\" content=\"El HCD declar\u00f3 de Inter\u00e9s Departamental el Programa Municipal de Atenci\u00f3n Primaria y Promoci\u00f3n de la Salud El Honorable Concejo Deliberante aprob\u00f3 la Resoluci\u00f3n N\u00b0 306\/2.025, mediante la cual declar\u00f3 de Inter\u00e9s Departamental el Programa de Atenci\u00f3n Primaria y Promoci\u00f3n de la Salud, implementado en el \u00e1mbito de la Municipalidad de Malarg\u00fce. La iniciativa, pionera [&hellip;]\" \/>\n<meta property=\"og:url\" content=\"https:\/\/hcd.malargue.gov.ar\/?p=39426\" \/>\n<meta property=\"og:site_name\" content=\"Malarg\u00fce HCD\" \/>\n<meta property=\"article:published_time\" content=\"2025-09-02T14:55:04+00:00\" \/>\n<meta property=\"article:modified_time\" content=\"2025-09-02T15:07:55+00:00\" \/>\n<meta property=\"og:image\" content=\"https:\/\/hcd.malargue.gov.ar\/wp-content\/uploads\/2025\/09\/306-2025-RESOLUCION.png\" \/>\n\t<meta property=\"og:image:width\" content=\"940\" \/>\n\t<meta property=\"og:image:height\" content=\"788\" \/>\n\t<meta property=\"og:image:type\" content=\"image\/png\" \/>\n<meta name=\"author\" content=\"Belen Pedernera Ferragut\" \/>\n<meta name=\"twitter:card\" content=\"summary_large_image\" \/>\n<meta name=\"twitter:label1\" content=\"Escrito por\" \/>\n\t<meta name=\"twitter:data1\" content=\"Belen Pedernera Ferragut\" \/>\n\t<meta name=\"twitter:label2\" content=\"Tiempo de lectura\" \/>\n\t<meta name=\"twitter:data2\" content=\"5 minutos\" \/>\n<script type=\"application\/ld+json\" class=\"yoast-schema-graph\">{\"@context\":\"https:\/\/schema.org\",\"@graph\":[{\"@type\":\"WebPage\",\"@id\":\"https:\/\/hcd.malargue.gov.ar\/?p=39426\",\"url\":\"https:\/\/hcd.malargue.gov.ar\/?p=39426\",\"name\":\"RESOLUCI\u00d3N N\u00b0 306\/2.025 - Malarg\u00fce HCD\",\"isPartOf\":{\"@id\":\"https:\/\/hcd.malargue.gov.ar\/#website\"},\"datePublished\":\"2025-09-02T14:55:04+00:00\",\"dateModified\":\"2025-09-02T15:07:55+00:00\",\"author\":{\"@id\":\"https:\/\/hcd.malargue.gov.ar\/#\/schema\/person\/3fd6bbab64edd703961b795156c955d0\"},\"breadcrumb\":{\"@id\":\"https:\/\/hcd.malargue.gov.ar\/?p=39426#breadcrumb\"},\"inLanguage\":\"es-AR\",\"potentialAction\":[{\"@type\":\"ReadAction\",\"target\":[\"https:\/\/hcd.malargue.gov.ar\/?p=39426\"]}]},{\"@type\":\"BreadcrumbList\",\"@id\":\"https:\/\/hcd.malargue.gov.ar\/?p=39426#breadcrumb\",\"itemListElement\":[{\"@type\":\"ListItem\",\"position\":1,\"name\":\"Inicio\",\"item\":\"https:\/\/hcd.malargue.gov.ar\/\"},{\"@type\":\"ListItem\",\"position\":2,\"name\":\"RESOLUCI\u00d3N N\u00b0 306\/2.025\"}]},{\"@type\":\"WebSite\",\"@id\":\"https:\/\/hcd.malargue.gov.ar\/#website\",\"url\":\"https:\/\/hcd.malargue.gov.ar\/\",\"name\":\"Malarg\u00fce HCD\",\"description\":\"Malarg\u00fce Mendoza Argentina\",\"potentialAction\":[{\"@type\":\"SearchAction\",\"target\":{\"@type\":\"EntryPoint\",\"urlTemplate\":\"https:\/\/hcd.malargue.gov.ar\/?s={search_term_string}\"},\"query-input\":\"required name=search_term_string\"}],\"inLanguage\":\"es-AR\"},{\"@type\":\"Person\",\"@id\":\"https:\/\/hcd.malargue.gov.ar\/#\/schema\/person\/3fd6bbab64edd703961b795156c955d0\",\"name\":\"Belen Pedernera Ferragut\",\"image\":{\"@type\":\"ImageObject\",\"inLanguage\":\"es-AR\",\"@id\":\"https:\/\/hcd.malargue.gov.ar\/#\/schema\/person\/image\/\",\"url\":\"https:\/\/secure.gravatar.com\/avatar\/1054ffab3893de4bb3eb29bdd22f7e34b8537bf5d34d9dab311818154ad5b71f?s=96&d=mm&r=g\",\"contentUrl\":\"https:\/\/secure.gravatar.com\/avatar\/1054ffab3893de4bb3eb29bdd22f7e34b8537bf5d34d9dab311818154ad5b71f?s=96&d=mm&r=g\",\"caption\":\"Belen Pedernera Ferragut\"},\"url\":\"https:\/\/hcd.malargue.gov.ar\/?author=5\"}]}<\/script>\n<!-- \/ Yoast SEO plugin. -->","yoast_head_json":{"title":"RESOLUCI\u00d3N N\u00b0 306\/2.025 - Malarg\u00fce HCD","robots":{"index":"index","follow":"follow","max-snippet":"max-snippet:-1","max-image-preview":"max-image-preview:large","max-video-preview":"max-video-preview:-1"},"canonical":"https:\/\/hcd.malargue.gov.ar\/?p=39426","og_locale":"es_ES","og_type":"article","og_title":"RESOLUCI\u00d3N N\u00b0 306\/2.025 - Malarg\u00fce HCD","og_description":"El HCD declar\u00f3 de Inter\u00e9s Departamental el Programa Municipal de Atenci\u00f3n Primaria y Promoci\u00f3n de la Salud El Honorable Concejo Deliberante aprob\u00f3 la Resoluci\u00f3n N\u00b0 306\/2.025, mediante la cual declar\u00f3 de Inter\u00e9s Departamental el Programa de Atenci\u00f3n Primaria y Promoci\u00f3n de la Salud, implementado en el \u00e1mbito de la Municipalidad de Malarg\u00fce. La iniciativa, pionera [&hellip;]","og_url":"https:\/\/hcd.malargue.gov.ar\/?p=39426","og_site_name":"Malarg\u00fce HCD","article_published_time":"2025-09-02T14:55:04+00:00","article_modified_time":"2025-09-02T15:07:55+00:00","og_image":[{"width":940,"height":788,"url":"https:\/\/hcd.malargue.gov.ar\/wp-content\/uploads\/2025\/09\/306-2025-RESOLUCION.png","type":"image\/png"}],"author":"Belen Pedernera Ferragut","twitter_card":"summary_large_image","twitter_misc":{"Escrito por":"Belen Pedernera Ferragut","Tiempo de lectura":"5 minutos"},"schema":{"@context":"https:\/\/schema.org","@graph":[{"@type":"WebPage","@id":"https:\/\/hcd.malargue.gov.ar\/?p=39426","url":"https:\/\/hcd.malargue.gov.ar\/?p=39426","name":"RESOLUCI\u00d3N N\u00b0 306\/2.025 - Malarg\u00fce HCD","isPartOf":{"@id":"https:\/\/hcd.malargue.gov.ar\/#website"},"datePublished":"2025-09-02T14:55:04+00:00","dateModified":"2025-09-02T15:07:55+00:00","author":{"@id":"https:\/\/hcd.malargue.gov.ar\/#\/schema\/person\/3fd6bbab64edd703961b795156c955d0"},"breadcrumb":{"@id":"https:\/\/hcd.malargue.gov.ar\/?p=39426#breadcrumb"},"inLanguage":"es-AR","potentialAction":[{"@type":"ReadAction","target":["https:\/\/hcd.malargue.gov.ar\/?p=39426"]}]},{"@type":"BreadcrumbList","@id":"https:\/\/hcd.malargue.gov.ar\/?p=39426#breadcrumb","itemListElement":[{"@type":"ListItem","position":1,"name":"Inicio","item":"https:\/\/hcd.malargue.gov.ar\/"},{"@type":"ListItem","position":2,"name":"RESOLUCI\u00d3N N\u00b0 306\/2.025"}]},{"@type":"WebSite","@id":"https:\/\/hcd.malargue.gov.ar\/#website","url":"https:\/\/hcd.malargue.gov.ar\/","name":"Malarg\u00fce HCD","description":"Malarg\u00fce Mendoza Argentina","potentialAction":[{"@type":"SearchAction","target":{"@type":"EntryPoint","urlTemplate":"https:\/\/hcd.malargue.gov.ar\/?s={search_term_string}"},"query-input":"required name=search_term_string"}],"inLanguage":"es-AR"},{"@type":"Person","@id":"https:\/\/hcd.malargue.gov.ar\/#\/schema\/person\/3fd6bbab64edd703961b795156c955d0","name":"Belen Pedernera Ferragut","image":{"@type":"ImageObject","inLanguage":"es-AR","@id":"https:\/\/hcd.malargue.gov.ar\/#\/schema\/person\/image\/","url":"https:\/\/secure.gravatar.com\/avatar\/1054ffab3893de4bb3eb29bdd22f7e34b8537bf5d34d9dab311818154ad5b71f?s=96&d=mm&r=g","contentUrl":"https:\/\/secure.gravatar.com\/avatar\/1054ffab3893de4bb3eb29bdd22f7e34b8537bf5d34d9dab311818154ad5b71f?s=96&d=mm&r=g","caption":"Belen Pedernera Ferragut"},"url":"https:\/\/hcd.malargue.gov.ar\/?author=5"}]}},"_links":{"self":[{"href":"https:\/\/hcd.malargue.gov.ar\/index.php?rest_route=\/wp\/v2\/posts\/39426","targetHints":{"allow":["GET"]}}],"collection":[{"href":"https:\/\/hcd.malargue.gov.ar\/index.php?rest_route=\/wp\/v2\/posts"}],"about":[{"href":"https:\/\/hcd.malargue.gov.ar\/index.php?rest_route=\/wp\/v2\/types\/post"}],"author":[{"embeddable":true,"href":"https:\/\/hcd.malargue.gov.ar\/index.php?rest_route=\/wp\/v2\/users\/5"}],"replies":[{"embeddable":true,"href":"https:\/\/hcd.malargue.gov.ar\/index.php?rest_route=%2Fwp%2Fv2%2Fcomments&post=39426"}],"version-history":[{"count":2,"href":"https:\/\/hcd.malargue.gov.ar\/index.php?rest_route=\/wp\/v2\/posts\/39426\/revisions"}],"predecessor-version":[{"id":39431,"href":"https:\/\/hcd.malargue.gov.ar\/index.php?rest_route=\/wp\/v2\/posts\/39426\/revisions\/39431"}],"wp:featuredmedia":[{"embeddable":true,"href":"https:\/\/hcd.malargue.gov.ar\/index.php?rest_route=\/wp\/v2\/media\/39427"}],"wp:attachment":[{"href":"https:\/\/hcd.malargue.gov.ar\/index.php?rest_route=%2Fwp%2Fv2%2Fmedia&parent=39426"}],"wp:term":[{"taxonomy":"category","embeddable":true,"href":"https:\/\/hcd.malargue.gov.ar\/index.php?rest_route=%2Fwp%2Fv2%2Fcategories&post=39426"},{"taxonomy":"post_tag","embeddable":true,"href":"https:\/\/hcd.malargue.gov.ar\/index.php?rest_route=%2Fwp%2Fv2%2Ftags&post=39426"}],"curies":[{"name":"wp","href":"https:\/\/api.w.org\/{rel}","templated":true}]}}