{"id":39432,"date":"2025-09-02T08:36:00","date_gmt":"2025-09-02T11:36:00","guid":{"rendered":"https:\/\/hcd.malargue.gov.ar\/?p=39432"},"modified":"2025-09-03T08:37:42","modified_gmt":"2025-09-03T11:37:42","slug":"resolucion-n-302-2-025","status":"publish","type":"post","link":"https:\/\/hcd.malargue.gov.ar\/?p=39432","title":{"rendered":"RESOLUCI\u00d3N N\u00b0 302\/2.025"},"content":{"rendered":"\n<h4 class=\"wp-block-heading has-text-align-center\"><strong>El HCD solicit\u00f3 la creaci\u00f3n de un Fondo de Asistencia Econ\u00f3mica para vecinos de La Junta<\/strong><\/h4>\n\n\n\n<p><em>El Honorable Concejo Deliberante de Malarg\u00fce aprob\u00f3 la Resoluci\u00f3n N\u00b0 302\/2.025, mediante la cual se solicita al Departamento Ejecutivo Municipal la creaci\u00f3n de un Fondo de Asistencia Econ\u00f3mica destinado a los vecinos de La Junta, con el objetivo de adquirir tanques domiciliarios para el almacenamiento de agua.<\/em><\/p>\n\n\n\n<p><em>La iniciativa, presentada por el Bloque Frente Cambia Mendoza, surge a partir de la necesidad expresada por los habitantes del paraje, quienes enfrentan serias dificultades en la provisi\u00f3n y conservaci\u00f3n del recurso h\u00eddrico. Actualmente, el agua potable llega a la zona \u00fanicamente a trav\u00e9s de camiones municipales, lo que expone a la comunidad al riesgo de desabastecimiento en caso de fallas mec\u00e1nicas o condiciones clim\u00e1ticas adversas.<\/em><\/p>\n\n\n\n<p><em>Cabe destacar que la planta de filtraci\u00f3n de La Junta se encuentra fuera de funcionamiento desde hace m\u00e1s de ocho a\u00f1os por falta de insumos esenciales, lo que agrava la situaci\u00f3n del suministro.<\/em><\/p>\n\n\n\n<p><em>La Resoluci\u00f3n establece que la Secretar\u00eda de Infraestructura y Servicios P\u00fablicos, junto con la Direcci\u00f3n de Obras P\u00fablicas, realicen un censo para determinar la cantidad de tanques necesarios, mientras que la Direcci\u00f3n de Inclusi\u00f3n y Desarrollo Social tendr\u00e1 a su cargo las encuestas sociales para definir a las familias beneficiarias. Asimismo, se dispuso que la Direcci\u00f3n de Ambiente implemente programas de capacitaci\u00f3n para promover el uso responsable del agua entre vecinos y estudiantes.<\/em><\/p>\n\n\n\n<p><em>Con esta medida, el Concejo busca mejorar las condiciones de almacenamiento del recurso y contribuir a una mejor calidad de vida para la comunidad de La Junta.<\/em><\/p>\n\n\n\n<p class=\"has-text-align-center\"><strong>PIEZA LEGAL<\/strong><\/p>\n\n\n<div class=\"wp-block-image\">\n<figure class=\"alignright is-resized\"><a href=\"http:\/\/hcd.malargue.gov.ar\/2025\/Rs%20302%202025%20Asistencia%20Economica%20vecinos%20de%20la%20Junta.pdf\"><img loading=\"lazy\" decoding=\"async\" width=\"512\" height=\"512\" src=\"https:\/\/hcd.malargue.gov.ar\/wp-content\/uploads\/2018\/06\/PDF-JPG.jpg\" alt=\"\" class=\"wp-image-7950\" style=\"width:132px;height:auto\" srcset=\"https:\/\/hcd.malargue.gov.ar\/wp-content\/uploads\/2018\/06\/PDF-JPG.jpg 512w, https:\/\/hcd.malargue.gov.ar\/wp-content\/uploads\/2018\/06\/PDF-JPG-150x150.jpg 150w, https:\/\/hcd.malargue.gov.ar\/wp-content\/uploads\/2018\/06\/PDF-JPG-300x300.jpg 300w\" sizes=\"auto, (max-width: 512px) 100vw, 512px\" \/><\/a><\/figure>\n<\/div>\n\n\n<p><strong>AUTOR CONCEJAL VIVIANA MOSCA<\/strong><\/p>\n\n\n\n<p><strong>BLOQUE FRENTE CAMBIA MENDOZA<\/strong><\/p>\n\n\n\n<p>VISTO: El contenido del Expediente N\u00b0 3.978\/2.025-0. Bloque Frente Cambia Mendoza. Proyecto de Resoluci\u00f3n: Crear en el Departamento Ejecutivo Municipal el Fondo de Asistencia Econ\u00f3mica destinada a los vecinos de La Junta.<\/p>\n\n\n\n<p>La necesidad manifestada por los vecinos del paraje La Junta respecto de mejorar la provisi\u00f3n y el almacenamiento de agua de red \u2014no potable\u2014, teniendo en cuenta que la mayor\u00eda de los hogares no cuenta con tanques para su correcta conservaci\u00f3n.<\/p>\n\n\n\n<p>y;<\/p>\n\n\n\n<p>CONSIDERANDO: Que el agua es un servicio esencial y constituye un derecho humano.<\/p>\n\n\n\n<p>Que la Asamblea General de las Naciones Unidas, en el a\u00f1o 2.010, Declar\u00f3 el Acceso al agua potable como un Derecho Humano Fundamental.<\/p>\n\n\n\n<p>Que en la actualidad los pobladores de La Junta cuentan como \u00fanico recurso de agua potable con la distribuci\u00f3n realizada por camiones municipales, situaci\u00f3n que conlleva el riesgo de desabastecimiento ante eventuales inconvenientes mec\u00e1nicos de los veh\u00edculos o inclemencias clim\u00e1ticas.<\/p>\n\n\n\n<p>Que desde hace m\u00e1s de ocho (8) a\u00f1os la planta de filtraci\u00f3n de agua del paraje no funciona correctamente debido a la falta de insumos, principalmente filtros indispensables para el tratamiento, recordando que dicha planta tiene como funci\u00f3n mejorar la calidad del agua, pero no potabilizarla.<\/p>\n\n\n\n<p>Que en la medida en que la poblaci\u00f3n del paraje contin\u00fae en aumento, la problem\u00e1tica de la distribuci\u00f3n y almacenamiento domiciliario del agua se tornar\u00e1 cada vez m\u00e1s compleja.<\/p>\n\n\n\n<p>Que la provisi\u00f3n de tanques domiciliarios contribuir\u00e1 a mejorar significativamente la calidad de vida de los habitantes, especialmente en la \u00e9poca estival, cuando el consumo se incrementa notablemente.<\/p>\n\n\n\n<p>Que resulta fundamental concientizar a la comunidad sobre el cuidado y uso responsable del agua, mediante charlas con los vecinos, programas de educaci\u00f3n ambiental en las escuelas y otras estrategias que permitan preservar este recurso escaso y vital.<\/p>\n\n\n\n<p>EL HONORABLE CONCEJO DELIBERANTE DE LA MUNICIPALIDAD DE MALARG\u00dcE EN USO DE LAS FACULTADES QUE LE SON PROPIAS<\/p>\n\n\n\n<p>RESUELVE<\/p>\n\n\n\n<p>ART\u00cdCULO 1\u00ba: Solicitar al Departamento Ejecutivo Municipal la creaci\u00f3n de un Fondo de Asistencia Econ\u00f3mica destinado a los vecinos de La Junta con el fin de efectuar la compra de tanques de agua domiciliarios para su almacenamiento.<\/p>\n\n\n\n<p>ART\u00cdCULO 2\u00ba: Solicitar al Departamento Ejecutivo Municipal que, dentro de las facultades que le son propias, destine en el Presupuesto del Ejercicio del a\u00f1o 2.026 una Partida Especial, a modo de fondo sin reposici\u00f3n, para la compra de tanques de agua con las siguientes caracter\u00edsticas:<\/p>\n\n\n\n<p>a) Capacidad m\u00ednima: 300 litros.<\/p>\n\n\n\n<p>b) Material: polietileno resistente y duradero.<\/p>\n\n\n\n<p>c) Apto para exteriores y condiciones clim\u00e1ticas variadas<\/p>\n\n\n\n<p>ART\u00cdCULO 3\u00ba: Establecer que la Secretar\u00eda de Infraestructura y Servicios P\u00fablicos, a trav\u00e9s de la Direcci\u00f3n de Obras P\u00fablicas, ser\u00e1 la encargada de realizar un censo domiciliario a fin de determinar el n\u00famero de tanques necesarios para su adquisici\u00f3n y posterior entrega.<\/p>\n\n\n\n<p>ART\u00cdCULO 4\u00ba: Encomendar a la Direcci\u00f3n de Inclusi\u00f3n y Desarrollo Social la realizaci\u00f3n de encuestas sociales que permitan establecer las familias beneficiarias del Fondo de Asistencia Econ\u00f3mica destinado a la compra de tanques de agua.<\/p>\n\n\n\n<p>ART\u00cdCULO 5\u00ba: Disponer que la Direcci\u00f3n de Ambiente, a trav\u00e9s del Programa de Educaci\u00f3n Ambiental, implemente las capacitaciones necesarias dirigidas a vecinos y estudiantes de La Junta sobre el cuidado y uso responsable del agua. Dichas capacitaciones podr\u00e1n desarrollarse en los establecimientos educativos de nivel primario y secundario, previa autorizaci\u00f3n de la Direcci\u00f3n General de Escuelas, y para la comunidad en general en el Sal\u00f3n de Usos M\u00faltiples Municipal.<\/p>\n\n\n\n<p>ART\u00cdCULO 6\u00ba: Comun\u00edquese, reg\u00edstrese, agr\u00e9guese copia de la presente en las actuaciones correspondientes y arch\u00edvese.<\/p>\n\n\n\n<p>DADA EN LA SALA DE SESIONES DR.&nbsp; RICARDO BALBIN DEL HONORABLE CONCEJO DELIBERANTE DE LA MUNICIPALIDAD DE MALARG\u00dcE A VEINTIOCHO D\u00cdAS DE AGOSTO DE DOS MIL VEINTICINCO.<\/p>\n","protected":false},"excerpt":{"rendered":"<p>El HCD solicit\u00f3 la creaci\u00f3n de un Fondo de Asistencia Econ\u00f3mica para vecinos de La Junta El Honorable Concejo Deliberante de Malarg\u00fce aprob\u00f3 la Resoluci\u00f3n N\u00b0 302\/2.025, mediante la cual se solicita al Departamento Ejecutivo Municipal la creaci\u00f3n de un Fondo de Asistencia Econ\u00f3mica destinado a los vecinos de La Junta, con el objetivo de [&hellip;]<\/p>\n","protected":false},"author":5,"featured_media":39433,"comment_status":"closed","ping_status":"closed","sticky":false,"template":"","format":"standard","meta":{"footnotes":""},"categories":[52,29,33,51],"tags":[],"class_list":["post-39432","post","type-post","status-publish","format-standard","has-post-thumbnail","hentry","category-gacetillas","category-lesgilacion","category-prensa","category-resoluciones"],"yoast_head":"<!-- This site is optimized with the Yoast SEO plugin v19.10 - https:\/\/yoast.com\/wordpress\/plugins\/seo\/ -->\n<title>RESOLUCI\u00d3N N\u00b0 302\/2.025 - Malarg\u00fce HCD<\/title>\n<meta name=\"robots\" content=\"index, follow, max-snippet:-1, max-image-preview:large, max-video-preview:-1\" \/>\n<link rel=\"canonical\" href=\"https:\/\/hcd.malargue.gov.ar\/?p=39432\" \/>\n<meta property=\"og:locale\" content=\"es_ES\" \/>\n<meta property=\"og:type\" content=\"article\" \/>\n<meta property=\"og:title\" content=\"RESOLUCI\u00d3N N\u00b0 302\/2.025 - Malarg\u00fce HCD\" \/>\n<meta property=\"og:description\" content=\"El HCD solicit\u00f3 la creaci\u00f3n de un Fondo de Asistencia Econ\u00f3mica para vecinos de La Junta El Honorable Concejo Deliberante de Malarg\u00fce aprob\u00f3 la Resoluci\u00f3n N\u00b0 302\/2.025, mediante la cual se solicita al Departamento Ejecutivo Municipal la creaci\u00f3n de un Fondo de Asistencia Econ\u00f3mica destinado a los vecinos de La Junta, con el objetivo de [&hellip;]\" \/>\n<meta property=\"og:url\" content=\"https:\/\/hcd.malargue.gov.ar\/?p=39432\" \/>\n<meta property=\"og:site_name\" content=\"Malarg\u00fce HCD\" \/>\n<meta property=\"article:published_time\" content=\"2025-09-02T11:36:00+00:00\" \/>\n<meta property=\"article:modified_time\" content=\"2025-09-03T11:37:42+00:00\" \/>\n<meta property=\"og:image\" content=\"https:\/\/hcd.malargue.gov.ar\/wp-content\/uploads\/2025\/09\/RESOLUCION-302-2025.png\" \/>\n\t<meta property=\"og:image:width\" content=\"940\" \/>\n\t<meta property=\"og:image:height\" content=\"788\" \/>\n\t<meta property=\"og:image:type\" content=\"image\/png\" \/>\n<meta name=\"author\" content=\"Belen Pedernera Ferragut\" \/>\n<meta name=\"twitter:card\" content=\"summary_large_image\" \/>\n<meta name=\"twitter:label1\" content=\"Escrito por\" \/>\n\t<meta name=\"twitter:data1\" content=\"Belen Pedernera Ferragut\" \/>\n\t<meta name=\"twitter:label2\" content=\"Tiempo de lectura\" \/>\n\t<meta name=\"twitter:data2\" content=\"5 minutos\" \/>\n<script type=\"application\/ld+json\" class=\"yoast-schema-graph\">{\"@context\":\"https:\/\/schema.org\",\"@graph\":[{\"@type\":\"WebPage\",\"@id\":\"https:\/\/hcd.malargue.gov.ar\/?p=39432\",\"url\":\"https:\/\/hcd.malargue.gov.ar\/?p=39432\",\"name\":\"RESOLUCI\u00d3N N\u00b0 302\/2.025 - Malarg\u00fce HCD\",\"isPartOf\":{\"@id\":\"https:\/\/hcd.malargue.gov.ar\/#website\"},\"datePublished\":\"2025-09-02T11:36:00+00:00\",\"dateModified\":\"2025-09-03T11:37:42+00:00\",\"author\":{\"@id\":\"https:\/\/hcd.malargue.gov.ar\/#\/schema\/person\/3fd6bbab64edd703961b795156c955d0\"},\"breadcrumb\":{\"@id\":\"https:\/\/hcd.malargue.gov.ar\/?p=39432#breadcrumb\"},\"inLanguage\":\"es-AR\",\"potentialAction\":[{\"@type\":\"ReadAction\",\"target\":[\"https:\/\/hcd.malargue.gov.ar\/?p=39432\"]}]},{\"@type\":\"BreadcrumbList\",\"@id\":\"https:\/\/hcd.malargue.gov.ar\/?p=39432#breadcrumb\",\"itemListElement\":[{\"@type\":\"ListItem\",\"position\":1,\"name\":\"Inicio\",\"item\":\"https:\/\/hcd.malargue.gov.ar\/\"},{\"@type\":\"ListItem\",\"position\":2,\"name\":\"RESOLUCI\u00d3N N\u00b0 302\/2.025\"}]},{\"@type\":\"WebSite\",\"@id\":\"https:\/\/hcd.malargue.gov.ar\/#website\",\"url\":\"https:\/\/hcd.malargue.gov.ar\/\",\"name\":\"Malarg\u00fce HCD\",\"description\":\"Malarg\u00fce Mendoza Argentina\",\"potentialAction\":[{\"@type\":\"SearchAction\",\"target\":{\"@type\":\"EntryPoint\",\"urlTemplate\":\"https:\/\/hcd.malargue.gov.ar\/?s={search_term_string}\"},\"query-input\":\"required name=search_term_string\"}],\"inLanguage\":\"es-AR\"},{\"@type\":\"Person\",\"@id\":\"https:\/\/hcd.malargue.gov.ar\/#\/schema\/person\/3fd6bbab64edd703961b795156c955d0\",\"name\":\"Belen Pedernera Ferragut\",\"image\":{\"@type\":\"ImageObject\",\"inLanguage\":\"es-AR\",\"@id\":\"https:\/\/hcd.malargue.gov.ar\/#\/schema\/person\/image\/\",\"url\":\"https:\/\/secure.gravatar.com\/avatar\/1054ffab3893de4bb3eb29bdd22f7e34b8537bf5d34d9dab311818154ad5b71f?s=96&d=mm&r=g\",\"contentUrl\":\"https:\/\/secure.gravatar.com\/avatar\/1054ffab3893de4bb3eb29bdd22f7e34b8537bf5d34d9dab311818154ad5b71f?s=96&d=mm&r=g\",\"caption\":\"Belen Pedernera Ferragut\"},\"url\":\"https:\/\/hcd.malargue.gov.ar\/?author=5\"}]}<\/script>\n<!-- \/ Yoast SEO plugin. -->","yoast_head_json":{"title":"RESOLUCI\u00d3N N\u00b0 302\/2.025 - Malarg\u00fce HCD","robots":{"index":"index","follow":"follow","max-snippet":"max-snippet:-1","max-image-preview":"max-image-preview:large","max-video-preview":"max-video-preview:-1"},"canonical":"https:\/\/hcd.malargue.gov.ar\/?p=39432","og_locale":"es_ES","og_type":"article","og_title":"RESOLUCI\u00d3N N\u00b0 302\/2.025 - Malarg\u00fce HCD","og_description":"El HCD solicit\u00f3 la creaci\u00f3n de un Fondo de Asistencia Econ\u00f3mica para vecinos de La Junta El Honorable Concejo Deliberante de Malarg\u00fce aprob\u00f3 la Resoluci\u00f3n N\u00b0 302\/2.025, mediante la cual se solicita al Departamento Ejecutivo Municipal la creaci\u00f3n de un Fondo de Asistencia Econ\u00f3mica destinado a los vecinos de La Junta, con el objetivo de [&hellip;]","og_url":"https:\/\/hcd.malargue.gov.ar\/?p=39432","og_site_name":"Malarg\u00fce HCD","article_published_time":"2025-09-02T11:36:00+00:00","article_modified_time":"2025-09-03T11:37:42+00:00","og_image":[{"width":940,"height":788,"url":"https:\/\/hcd.malargue.gov.ar\/wp-content\/uploads\/2025\/09\/RESOLUCION-302-2025.png","type":"image\/png"}],"author":"Belen Pedernera Ferragut","twitter_card":"summary_large_image","twitter_misc":{"Escrito por":"Belen Pedernera Ferragut","Tiempo de lectura":"5 minutos"},"schema":{"@context":"https:\/\/schema.org","@graph":[{"@type":"WebPage","@id":"https:\/\/hcd.malargue.gov.ar\/?p=39432","url":"https:\/\/hcd.malargue.gov.ar\/?p=39432","name":"RESOLUCI\u00d3N N\u00b0 302\/2.025 - Malarg\u00fce HCD","isPartOf":{"@id":"https:\/\/hcd.malargue.gov.ar\/#website"},"datePublished":"2025-09-02T11:36:00+00:00","dateModified":"2025-09-03T11:37:42+00:00","author":{"@id":"https:\/\/hcd.malargue.gov.ar\/#\/schema\/person\/3fd6bbab64edd703961b795156c955d0"},"breadcrumb":{"@id":"https:\/\/hcd.malargue.gov.ar\/?p=39432#breadcrumb"},"inLanguage":"es-AR","potentialAction":[{"@type":"ReadAction","target":["https:\/\/hcd.malargue.gov.ar\/?p=39432"]}]},{"@type":"BreadcrumbList","@id":"https:\/\/hcd.malargue.gov.ar\/?p=39432#breadcrumb","itemListElement":[{"@type":"ListItem","position":1,"name":"Inicio","item":"https:\/\/hcd.malargue.gov.ar\/"},{"@type":"ListItem","position":2,"name":"RESOLUCI\u00d3N N\u00b0 302\/2.025"}]},{"@type":"WebSite","@id":"https:\/\/hcd.malargue.gov.ar\/#website","url":"https:\/\/hcd.malargue.gov.ar\/","name":"Malarg\u00fce HCD","description":"Malarg\u00fce Mendoza Argentina","potentialAction":[{"@type":"SearchAction","target":{"@type":"EntryPoint","urlTemplate":"https:\/\/hcd.malargue.gov.ar\/?s={search_term_string}"},"query-input":"required name=search_term_string"}],"inLanguage":"es-AR"},{"@type":"Person","@id":"https:\/\/hcd.malargue.gov.ar\/#\/schema\/person\/3fd6bbab64edd703961b795156c955d0","name":"Belen Pedernera Ferragut","image":{"@type":"ImageObject","inLanguage":"es-AR","@id":"https:\/\/hcd.malargue.gov.ar\/#\/schema\/person\/image\/","url":"https:\/\/secure.gravatar.com\/avatar\/1054ffab3893de4bb3eb29bdd22f7e34b8537bf5d34d9dab311818154ad5b71f?s=96&d=mm&r=g","contentUrl":"https:\/\/secure.gravatar.com\/avatar\/1054ffab3893de4bb3eb29bdd22f7e34b8537bf5d34d9dab311818154ad5b71f?s=96&d=mm&r=g","caption":"Belen Pedernera Ferragut"},"url":"https:\/\/hcd.malargue.gov.ar\/?author=5"}]}},"_links":{"self":[{"href":"https:\/\/hcd.malargue.gov.ar\/index.php?rest_route=\/wp\/v2\/posts\/39432","targetHints":{"allow":["GET"]}}],"collection":[{"href":"https:\/\/hcd.malargue.gov.ar\/index.php?rest_route=\/wp\/v2\/posts"}],"about":[{"href":"https:\/\/hcd.malargue.gov.ar\/index.php?rest_route=\/wp\/v2\/types\/post"}],"author":[{"embeddable":true,"href":"https:\/\/hcd.malargue.gov.ar\/index.php?rest_route=\/wp\/v2\/users\/5"}],"replies":[{"embeddable":true,"href":"https:\/\/hcd.malargue.gov.ar\/index.php?rest_route=%2Fwp%2Fv2%2Fcomments&post=39432"}],"version-history":[{"count":2,"href":"https:\/\/hcd.malargue.gov.ar\/index.php?rest_route=\/wp\/v2\/posts\/39432\/revisions"}],"predecessor-version":[{"id":39435,"href":"https:\/\/hcd.malargue.gov.ar\/index.php?rest_route=\/wp\/v2\/posts\/39432\/revisions\/39435"}],"wp:featuredmedia":[{"embeddable":true,"href":"https:\/\/hcd.malargue.gov.ar\/index.php?rest_route=\/wp\/v2\/media\/39433"}],"wp:attachment":[{"href":"https:\/\/hcd.malargue.gov.ar\/index.php?rest_route=%2Fwp%2Fv2%2Fmedia&parent=39432"}],"wp:term":[{"taxonomy":"category","embeddable":true,"href":"https:\/\/hcd.malargue.gov.ar\/index.php?rest_route=%2Fwp%2Fv2%2Fcategories&post=39432"},{"taxonomy":"post_tag","embeddable":true,"href":"https:\/\/hcd.malargue.gov.ar\/index.php?rest_route=%2Fwp%2Fv2%2Ftags&post=39432"}],"curies":[{"name":"wp","href":"https:\/\/api.w.org\/{rel}","templated":true}]}}