{"id":39441,"date":"2025-09-03T12:42:05","date_gmt":"2025-09-03T15:42:05","guid":{"rendered":"https:\/\/hcd.malargue.gov.ar\/?p=39441"},"modified":"2025-09-03T12:43:11","modified_gmt":"2025-09-03T15:43:11","slug":"orden-del-dia-22-sesion-ordinaria-4","status":"publish","type":"post","link":"https:\/\/hcd.malargue.gov.ar\/?p=39441","title":{"rendered":"ORDEN DEL DIA 22\u00b0 SESION ORDINARIA"},"content":{"rendered":"\n<h4 class=\"wp-block-heading\">D\u00eda\u00a0jueves 04 de\u00a0setiembre \u00a0de 2.025<\/h4>\n\n\n\n<h4 class=\"wp-block-heading\">Hora: 09:00<\/h4>\n\n\n\n<p><strong><em>a)<\/em><\/strong> <strong><em>Acto de Izar la Ense\u00f1a Patria a cargo de la\u00a0 Srta.\u00a0Concejal\u00a0Magali ACOSTA\u00a0<\/em><\/strong><\/p>\n\n\n\n<p><strong><em>b) Homenaje de los Se\u00f1ores Concejales.<\/em><\/strong><\/p>\n\n\n\n<p><strong><em>c) Consideraci\u00f3n Acta Sesi\u00f3n Ordinaria N\u00b0 1.202-\u201cO\u201d-2.025 y Acta Sesi\u00f3n Especial N\u00b0 09-\u201cE\u201d-2.025<\/em><\/strong><\/p>\n\n\n\n<p><strong><em>d) Lectura del detalle de la correspondencia recibida y emitida.<\/em><\/strong><\/p>\n\n\n\n<p><strong><em>e) <\/em><\/strong><em style=\"font-weight: bold;\">Determinaci\u00f3n de los temas que ser\u00e1n incluidos en el punto Asuntos Varios y puesta a consideraci\u00f3n de mociones de tratamientos sobre tablas de diversos expedientes.<\/em><\/p>\n\n\n\n<p><strong><em>f)<\/em><\/strong> <strong><em>Proyectos de los Se\u00f1ores Concejales <\/em><\/strong><\/p>\n\n\n\n<ol class=\"wp-block-list\">\n<li><em>Expte. N\u00b0 5.502\/2.025-0. Proyecto de Resoluci\u00f3n: Estudio de factibilidad para la construcci\u00f3n de \u201cCiclovia\/Senda peatonal en calle Jorge Newbery\u201d. (BLOQUE PARTIDO JUSTICIALISTA.). Autores Concejales:\u00a0 Pablo CABRERA, Magali ACOSTA, Rodrigo HIDALGO, Emilce MANSILLA.<\/em><\/li>\n\n\n\n<li><em>Expte. N\u00b0 5.504\/2.025-0. Proyecto de Resoluci\u00f3n: \u201cSolicitar al Departamento Ejecutivo que administre los medios para el estudio de factibilidad y la construcci\u00f3n de una Ciclov\u00eda\/Senda peatonal en el margen Este de la calle 16 de Noviembre de nuestro Departamento\u201d.(BLOQUE PARTIDO JUSTICIALISTA.). Autores Concejales: Pablo CABRERA, Magali ACOSTA, Rodrigo HIDALGO, Emilce MANSILLA.<\/em><\/li>\n\n\n\n<li><em>Expte. N\u00b0 5.579\/2.025-0. Proyecto de Ordenanza: Colocar sem\u00e1foros en la intersecci\u00f3n Ruta 40 Sur y calle Ren\u00e9 Favaloro. (BLOQUE FRENTE CAMBIA MENDOZA). Autora Concejal: Viviana MOSCA.<\/em><\/li>\n\n\n\n<li><em>Expte. N\u00b0 5.594\/2.025-0. Proyecto de Resoluci\u00f3n: Declarar el mes de mayo como \u201cMes del Puestero en el Departamento de Malarg\u00fce\u201d. (BLOQUE ENCUENTRO). Autor Concejal: Francisco PARADA.<\/em><\/li>\n\n\n\n<li><em>Expte. N\u00b0 5.598\/2.025-0. Proyecto de Resoluci\u00f3n: Solicitar al Departamento Ejecutivo Municipal que gestione de forma inmediata la reparaci\u00f3n total del sistema de alumbrado p\u00fablico en el Paraje Ranquil Norte, garantizando su funcionamiento \u00f3ptimo y continuo.\u201d. (BLOQUE RECONSTRUYENDO MALARG\u00dcE). Autora Concejal: Silvina CAMIOLO.<\/em><\/li>\n\n\n\n<li><em>Expte. N\u00b0 5.600\/2.025-0. Proyecto de Ordenanza: Manual de Producci\u00f3n de Textos Legislativos.\u00a0 (Bloque Partido Justicialista) \u00a0Autor: Concejal Rodrigo HIDALGO<\/em><\/li>\n<\/ol>\n\n\n\n<p><strong><em>g)<\/em><\/strong> <strong><em>Expedientes provenientes del Departamento Ejecutivo<\/em><\/strong><\/p>\n\n\n\n<ol style=\"list-style-type:lower-alpha\" class=\"wp-block-list\"><\/ol>\n\n\n\n<p>1.Expte. N\u00b0 5.449\/2.025-0.Departamento de Contabilidad -Municipalidad de Malarg\u00fce, remite informaci\u00f3n Responsabilidad Fiscal N\u00b0 3.949 Honorable Tribunal de Cuentas. Segundo Trimestre Ejercicio 2.025 (Gesti\u00f3n Documental).<\/p>\n\n\n\n<p>2. Solicitud N\u00b0 10.578\/2.025. Oficina de Despacho-Municipalidad de Malarg\u00fce, remite informe sobre Resoluci\u00f3n N\u00b0 281\/2.025. Responsabilidad Fiscal Segundo Trimestre del a\u00f1o. (Gesti\u00f3n documental).<\/p>\n\n\n\n<p><strong><em>h) Despachos de las Comisiones de Trabajo.<\/em><\/strong><\/p>\n\n\n\n<p>1. Expte. 4.241\/2.025-0.Proyecto de Ordenanza: Colocaci\u00f3n de barandas de apoyo en el t\u00fanel del Centro de Convenciones Thesaurus. (H.P.L.A.C.).<\/p>\n\n\n\n<p>2. Expte. N\u00b0 5.322\/2.025-0.Dr. Juan Manuel Negro, Juez de Tr\u00e1nsito Municipal, pone en conocimiento el avance alcanzado al pedido de instalaci\u00f3n de un sem\u00e1foro&nbsp; en la intersecci\u00f3n de Avda. Corval\u00e1n&nbsp; y Cuarta Divisi\u00f3n. (O.P.T. y R.N.).<\/p>\n\n\n\n<p>3. Solicitud N\u00b0 10.046\/2.025.Presidencia Honorable Concejo Deliberante. C\u00e9dula de Notificaci\u00f3n Electr\u00f3nica-Expte. N\u00b0 00270*00000000-2.024. Notificado: 12\/8\/2.025. FUDEPEM Fallo 18.284. Tribunal de Cuentas Mendoza. (H.P.L.A.C.).<\/p>\n\n\n\n<p>4. Expte. N\u00b0 5.454\/2.025-0. Proyecto de Resoluci\u00f3n: Solicitud de regularizaci\u00f3n dominial Escuela de Formaci\u00f3n Profesional \u201cRoberto Atilio Balmaceda\u201d CCT N\u00b0 6-040 (E.H.M.A.S. y C.).<\/p>\n\n\n\n<p>&nbsp;<strong>i<em>) Asuntos Varios. &nbsp;&nbsp;&nbsp;<\/em><\/strong><\/p>\n\n\n\n<p><strong><em>j) Acto de arriar el Pabell\u00f3n Nacional a cargo de la &nbsp;&nbsp;Concejal que lo <\/em><\/strong><strong>izo .-<\/strong><\/p>\n\n\n\n<p class=\"has-text-align-right\">Presidencia, H.C.D., 02 &nbsp;de &nbsp;setiembre&nbsp;&nbsp; de 2.025<strong><\/strong><\/p>\n\n\n\n<p class=\"has-text-align-center\"><strong>CORRESPONDENCIA PARA LA SESI\u00d3N<\/strong><\/p>\n\n\n\n<p class=\"has-text-align-center\"><strong>Del d\u00eda jueves 04 de\u00a0 \u00a0setiembre de 2.025<\/strong><\/p>\n\n\n\n<p class=\"has-text-align-center\"><strong>NOTAS INGRESADAS<\/strong><\/p>\n\n\n\n<ol class=\"wp-block-list\">\n<li>Solicitud N\u00b0 10.621\/2.025. Sr. Carlos Benedetto, solicita\u00a0 la Banca del Ciudadano, para exponer tema: Importancia de la Espeleolog\u00eda para un abordaje integral de los desaf\u00edos ambientales de los paisajes de monta\u00f1a.<\/li>\n\n\n\n<li>Solicitud N\u00b0 10.687\/2.025. Concejal Magali Acosta (Bloque Partido Justicialista), eleva nota \u00a0a la Comisi\u00f3n de Educaci\u00f3n, Higiene, Moralidad Acci\u00f3n Social y Cultura, sobre el Proyecto Prohibici\u00f3n de uso de diagn\u00f3sticos o condiciones cl\u00ednicas como forma de descalificaci\u00f3n pol\u00edtica, ingresada por el Colectivo de Personas con Discapacidad y Familias de Malarg\u00fce y Consultorios Integrados.<\/li>\n\n\n\n<li>Solicitud N\u00b0 10.697\/2.025. Sr. Mauro Montivero, solicita la Banca del Ciudadano, para exponer tema: Desarrollar un Sistema de Capacitaci\u00f3n respecto de las m\u00e1s relevantes Leyes de Administraci\u00f3n P\u00fablica.<\/li>\n\n\n\n<li>Solicitud N\u00b0 10.715\/2.025.\u00a0 Sr. Gonz\u00e1lez Sergio y dem\u00e1s firmantes, solicitan pronto tratamiento al Proyecto de Ordenanza: Regulaci\u00f3n Cuatriciclo UTV, ATV. Expte.\u00a0 N\u00b0 5.284\/2.025.<\/li>\n\n\n\n<li>Solicitud N\u00b0 10.723\/2.025. Fiscal\u00eda de Estado, eleva respuesta sobre Expte. N\u00b0 43751616\/2.025.<\/li>\n\n\n\n<li>Expte. N\u00b0 5.539\/2.025-0. Dr. Juan Manuel Negro- Juez de Tr\u00e1nsito -Municipalidad de Malarg\u00fce, eleva\u00a0 nota de rectificaci\u00f3n\u00a0 sobre\u00a0 la instalaci\u00f3n de un sem\u00e1foro en la Ciudad de Malarg\u00fce.<\/li>\n\n\n\n<li>Solicitud N\u00b0 10.780\/2.025. Concejal Pablo Cabrera (Presidente Bloque Partido Justicialista), eleva informe de Trabajo de Campo, realizado por la Comisi\u00f3n Especial de Seguimiento del Proceso de Regularizaci\u00f3n dominial de Ca\u00f1ada Colorada.<\/li>\n<\/ol>\n\n\n\n<p class=\"has-text-align-center\"><strong>NOTAS EMITIDAS<\/strong><\/p>\n\n\n\n<p>1. Al Director Unidad Especial de Tierras- Municipalidad de Malarg\u00fce, remitiendo copia de solicitud N\u00b0 9.984\/2.025. Sra. Carina Vicencio, solicita intervenci\u00f3n ante situaci\u00f3n de loteo documentada por Resoluci\u00f3n N\u00b0 424\/\/2.023.<\/p>\n\n\n\n<p>2. Al vocero de la Direcci\u00f3n Provincial de Vialidad en Malarg\u00fce, al Ente Mendoza Turismo, al Administrador Gral. de la Direcci\u00f3n Provincial de Vialidad, a la Encargada de la IV Secci\u00f3n de la Direcci\u00f3n Nacional de Vialidad, remitiendo &nbsp;copia de Resoluci\u00f3n N\u00b0 275\/2.025, para la pronta y adecuada colocaci\u00f3n de se\u00f1alizaci\u00f3n preventiva por animales sueltos en las rutas jurisdicciones que atraviesan el Departamento de Malarg\u00fce.<\/p>\n\n\n\n<p>3. Al Secretario de Infraestructura y Servicios P\u00fablicos- Municipalidad de Malarg\u00fce, al Ministro de Educaci\u00f3n, Cultura, Infancia, a la&nbsp; Direcci\u00f3n Gral. de Escuelas de la Provincia de Mendoza,&nbsp; al Director de Direcci\u00f3n de Educaci\u00f3n- Municipalidad de Malarg\u00fce, al Secretario de Desarrollo Humano -Municipalidad de Malarg\u00fce, a la Directora de Cultura -Municipalidad de Malarg\u00fce, remitiendo copia de Resoluci\u00f3n N\u00b0 287\/2.025, donde se solicita al Departamento Ejecutivo Declarar de Inter\u00e9s Departamental, Hist\u00f3rico y Cultural el Aljibe de la Escuela Hogar La Ripiera.<\/p>\n\n\n\n<p>4. A la Directora de Cultura- Municipalidad de Malarg\u00fce, remitiendo&nbsp; copia de&nbsp; Resoluci\u00f3n N\u00b0 285\/2.025, y en coordinaci\u00f3n &nbsp;con el \u00c1rea de Patrimonio Cultural, &nbsp;para el Concurso Aniversario de Pinturas: Rescatando el Arte y la Cultura Puestera, en el marco de los festejos por el 75\u00b0 Aniversario del Departamento de Malarg\u00fce.<\/p>\n\n\n\n<p>5. Al Secretario de Desarrollo Humano-Municipalidad de Malarg\u00fce, remitiendo solicitud N\u00b0 10.532\/2.025. Escuela N\u00b0 6-008 Luis Pasteur, solicita colaboraci\u00f3n de movilidad para traslado de alumnos.<\/p>\n","protected":false},"excerpt":{"rendered":"<p>D\u00eda\u00a0jueves 04 de\u00a0setiembre \u00a0de 2.025 Hora: 09:00 a) Acto de Izar la Ense\u00f1a Patria a cargo de la\u00a0 Srta.\u00a0Concejal\u00a0Magali ACOSTA\u00a0 b) Homenaje de los Se\u00f1ores Concejales. c) Consideraci\u00f3n Acta Sesi\u00f3n Ordinaria N\u00b0 1.202-\u201cO\u201d-2.025 y Acta Sesi\u00f3n Especial N\u00b0 09-\u201cE\u201d-2.025 d) Lectura del detalle de la correspondencia recibida y emitida. e) Determinaci\u00f3n de los temas que [&hellip;]<\/p>\n","protected":false},"author":5,"featured_media":39127,"comment_status":"closed","ping_status":"closed","sticky":false,"template":"","format":"standard","meta":{"footnotes":""},"categories":[52,84,58,33,36],"tags":[],"class_list":["post-39441","post","type-post","status-publish","format-standard","has-post-thumbnail","hentry","category-gacetillas","category-orden-del-dia","category-ordinarias","category-prensa","category-sesiones"],"yoast_head":"<!-- This site is optimized with the Yoast SEO plugin v19.10 - https:\/\/yoast.com\/wordpress\/plugins\/seo\/ -->\n<title>ORDEN DEL DIA 22\u00b0 SESION ORDINARIA - Malarg\u00fce HCD<\/title>\n<meta name=\"robots\" content=\"index, follow, max-snippet:-1, max-image-preview:large, max-video-preview:-1\" \/>\n<link rel=\"canonical\" href=\"https:\/\/hcd.malargue.gov.ar\/?p=39441\" \/>\n<meta property=\"og:locale\" content=\"es_ES\" \/>\n<meta property=\"og:type\" content=\"article\" \/>\n<meta property=\"og:title\" content=\"ORDEN DEL DIA 22\u00b0 SESION ORDINARIA - Malarg\u00fce HCD\" \/>\n<meta property=\"og:description\" content=\"D\u00eda\u00a0jueves 04 de\u00a0setiembre \u00a0de 2.025 Hora: 09:00 a) Acto de Izar la Ense\u00f1a Patria a cargo de la\u00a0 Srta.\u00a0Concejal\u00a0Magali ACOSTA\u00a0 b) Homenaje de los Se\u00f1ores Concejales. c) Consideraci\u00f3n Acta Sesi\u00f3n Ordinaria N\u00b0 1.202-\u201cO\u201d-2.025 y Acta Sesi\u00f3n Especial N\u00b0 09-\u201cE\u201d-2.025 d) Lectura del detalle de la correspondencia recibida y emitida. e) Determinaci\u00f3n de los temas que [&hellip;]\" \/>\n<meta property=\"og:url\" content=\"https:\/\/hcd.malargue.gov.ar\/?p=39441\" \/>\n<meta property=\"og:site_name\" content=\"Malarg\u00fce HCD\" \/>\n<meta property=\"article:published_time\" content=\"2025-09-03T15:42:05+00:00\" \/>\n<meta property=\"article:modified_time\" content=\"2025-09-03T15:43:11+00:00\" \/>\n<meta property=\"og:image\" content=\"https:\/\/hcd.malargue.gov.ar\/wp-content\/uploads\/2025\/06\/PERIODO-2025.jpg\" \/>\n\t<meta property=\"og:image:width\" content=\"1640\" \/>\n\t<meta property=\"og:image:height\" content=\"924\" \/>\n\t<meta property=\"og:image:type\" content=\"image\/jpeg\" \/>\n<meta name=\"author\" content=\"Belen Pedernera Ferragut\" \/>\n<meta name=\"twitter:card\" content=\"summary_large_image\" \/>\n<meta name=\"twitter:label1\" content=\"Escrito por\" \/>\n\t<meta name=\"twitter:data1\" content=\"Belen Pedernera Ferragut\" \/>\n\t<meta name=\"twitter:label2\" content=\"Tiempo de lectura\" \/>\n\t<meta name=\"twitter:data2\" content=\"5 minutos\" \/>\n<script type=\"application\/ld+json\" class=\"yoast-schema-graph\">{\"@context\":\"https:\/\/schema.org\",\"@graph\":[{\"@type\":\"WebPage\",\"@id\":\"https:\/\/hcd.malargue.gov.ar\/?p=39441\",\"url\":\"https:\/\/hcd.malargue.gov.ar\/?p=39441\",\"name\":\"ORDEN DEL DIA 22\u00b0 SESION ORDINARIA - Malarg\u00fce HCD\",\"isPartOf\":{\"@id\":\"https:\/\/hcd.malargue.gov.ar\/#website\"},\"datePublished\":\"2025-09-03T15:42:05+00:00\",\"dateModified\":\"2025-09-03T15:43:11+00:00\",\"author\":{\"@id\":\"https:\/\/hcd.malargue.gov.ar\/#\/schema\/person\/3fd6bbab64edd703961b795156c955d0\"},\"breadcrumb\":{\"@id\":\"https:\/\/hcd.malargue.gov.ar\/?p=39441#breadcrumb\"},\"inLanguage\":\"es-AR\",\"potentialAction\":[{\"@type\":\"ReadAction\",\"target\":[\"https:\/\/hcd.malargue.gov.ar\/?p=39441\"]}]},{\"@type\":\"BreadcrumbList\",\"@id\":\"https:\/\/hcd.malargue.gov.ar\/?p=39441#breadcrumb\",\"itemListElement\":[{\"@type\":\"ListItem\",\"position\":1,\"name\":\"Inicio\",\"item\":\"https:\/\/hcd.malargue.gov.ar\/\"},{\"@type\":\"ListItem\",\"position\":2,\"name\":\"ORDEN DEL DIA 22\u00b0 SESION ORDINARIA\"}]},{\"@type\":\"WebSite\",\"@id\":\"https:\/\/hcd.malargue.gov.ar\/#website\",\"url\":\"https:\/\/hcd.malargue.gov.ar\/\",\"name\":\"Malarg\u00fce HCD\",\"description\":\"Malarg\u00fce Mendoza Argentina\",\"potentialAction\":[{\"@type\":\"SearchAction\",\"target\":{\"@type\":\"EntryPoint\",\"urlTemplate\":\"https:\/\/hcd.malargue.gov.ar\/?s={search_term_string}\"},\"query-input\":\"required name=search_term_string\"}],\"inLanguage\":\"es-AR\"},{\"@type\":\"Person\",\"@id\":\"https:\/\/hcd.malargue.gov.ar\/#\/schema\/person\/3fd6bbab64edd703961b795156c955d0\",\"name\":\"Belen Pedernera Ferragut\",\"image\":{\"@type\":\"ImageObject\",\"inLanguage\":\"es-AR\",\"@id\":\"https:\/\/hcd.malargue.gov.ar\/#\/schema\/person\/image\/\",\"url\":\"https:\/\/secure.gravatar.com\/avatar\/1054ffab3893de4bb3eb29bdd22f7e34b8537bf5d34d9dab311818154ad5b71f?s=96&d=mm&r=g\",\"contentUrl\":\"https:\/\/secure.gravatar.com\/avatar\/1054ffab3893de4bb3eb29bdd22f7e34b8537bf5d34d9dab311818154ad5b71f?s=96&d=mm&r=g\",\"caption\":\"Belen Pedernera Ferragut\"},\"url\":\"https:\/\/hcd.malargue.gov.ar\/?author=5\"}]}<\/script>\n<!-- \/ Yoast SEO plugin. -->","yoast_head_json":{"title":"ORDEN DEL DIA 22\u00b0 SESION ORDINARIA - Malarg\u00fce HCD","robots":{"index":"index","follow":"follow","max-snippet":"max-snippet:-1","max-image-preview":"max-image-preview:large","max-video-preview":"max-video-preview:-1"},"canonical":"https:\/\/hcd.malargue.gov.ar\/?p=39441","og_locale":"es_ES","og_type":"article","og_title":"ORDEN DEL DIA 22\u00b0 SESION ORDINARIA - Malarg\u00fce HCD","og_description":"D\u00eda\u00a0jueves 04 de\u00a0setiembre \u00a0de 2.025 Hora: 09:00 a) Acto de Izar la Ense\u00f1a Patria a cargo de la\u00a0 Srta.\u00a0Concejal\u00a0Magali ACOSTA\u00a0 b) Homenaje de los Se\u00f1ores Concejales. c) Consideraci\u00f3n Acta Sesi\u00f3n Ordinaria N\u00b0 1.202-\u201cO\u201d-2.025 y Acta Sesi\u00f3n Especial N\u00b0 09-\u201cE\u201d-2.025 d) Lectura del detalle de la correspondencia recibida y emitida. e) Determinaci\u00f3n de los temas que [&hellip;]","og_url":"https:\/\/hcd.malargue.gov.ar\/?p=39441","og_site_name":"Malarg\u00fce HCD","article_published_time":"2025-09-03T15:42:05+00:00","article_modified_time":"2025-09-03T15:43:11+00:00","og_image":[{"width":1640,"height":924,"url":"https:\/\/hcd.malargue.gov.ar\/wp-content\/uploads\/2025\/06\/PERIODO-2025.jpg","type":"image\/jpeg"}],"author":"Belen Pedernera Ferragut","twitter_card":"summary_large_image","twitter_misc":{"Escrito por":"Belen Pedernera Ferragut","Tiempo de lectura":"5 minutos"},"schema":{"@context":"https:\/\/schema.org","@graph":[{"@type":"WebPage","@id":"https:\/\/hcd.malargue.gov.ar\/?p=39441","url":"https:\/\/hcd.malargue.gov.ar\/?p=39441","name":"ORDEN DEL DIA 22\u00b0 SESION ORDINARIA - Malarg\u00fce HCD","isPartOf":{"@id":"https:\/\/hcd.malargue.gov.ar\/#website"},"datePublished":"2025-09-03T15:42:05+00:00","dateModified":"2025-09-03T15:43:11+00:00","author":{"@id":"https:\/\/hcd.malargue.gov.ar\/#\/schema\/person\/3fd6bbab64edd703961b795156c955d0"},"breadcrumb":{"@id":"https:\/\/hcd.malargue.gov.ar\/?p=39441#breadcrumb"},"inLanguage":"es-AR","potentialAction":[{"@type":"ReadAction","target":["https:\/\/hcd.malargue.gov.ar\/?p=39441"]}]},{"@type":"BreadcrumbList","@id":"https:\/\/hcd.malargue.gov.ar\/?p=39441#breadcrumb","itemListElement":[{"@type":"ListItem","position":1,"name":"Inicio","item":"https:\/\/hcd.malargue.gov.ar\/"},{"@type":"ListItem","position":2,"name":"ORDEN DEL DIA 22\u00b0 SESION ORDINARIA"}]},{"@type":"WebSite","@id":"https:\/\/hcd.malargue.gov.ar\/#website","url":"https:\/\/hcd.malargue.gov.ar\/","name":"Malarg\u00fce HCD","description":"Malarg\u00fce Mendoza Argentina","potentialAction":[{"@type":"SearchAction","target":{"@type":"EntryPoint","urlTemplate":"https:\/\/hcd.malargue.gov.ar\/?s={search_term_string}"},"query-input":"required name=search_term_string"}],"inLanguage":"es-AR"},{"@type":"Person","@id":"https:\/\/hcd.malargue.gov.ar\/#\/schema\/person\/3fd6bbab64edd703961b795156c955d0","name":"Belen Pedernera Ferragut","image":{"@type":"ImageObject","inLanguage":"es-AR","@id":"https:\/\/hcd.malargue.gov.ar\/#\/schema\/person\/image\/","url":"https:\/\/secure.gravatar.com\/avatar\/1054ffab3893de4bb3eb29bdd22f7e34b8537bf5d34d9dab311818154ad5b71f?s=96&d=mm&r=g","contentUrl":"https:\/\/secure.gravatar.com\/avatar\/1054ffab3893de4bb3eb29bdd22f7e34b8537bf5d34d9dab311818154ad5b71f?s=96&d=mm&r=g","caption":"Belen Pedernera Ferragut"},"url":"https:\/\/hcd.malargue.gov.ar\/?author=5"}]}},"_links":{"self":[{"href":"https:\/\/hcd.malargue.gov.ar\/index.php?rest_route=\/wp\/v2\/posts\/39441","targetHints":{"allow":["GET"]}}],"collection":[{"href":"https:\/\/hcd.malargue.gov.ar\/index.php?rest_route=\/wp\/v2\/posts"}],"about":[{"href":"https:\/\/hcd.malargue.gov.ar\/index.php?rest_route=\/wp\/v2\/types\/post"}],"author":[{"embeddable":true,"href":"https:\/\/hcd.malargue.gov.ar\/index.php?rest_route=\/wp\/v2\/users\/5"}],"replies":[{"embeddable":true,"href":"https:\/\/hcd.malargue.gov.ar\/index.php?rest_route=%2Fwp%2Fv2%2Fcomments&post=39441"}],"version-history":[{"count":1,"href":"https:\/\/hcd.malargue.gov.ar\/index.php?rest_route=\/wp\/v2\/posts\/39441\/revisions"}],"predecessor-version":[{"id":39442,"href":"https:\/\/hcd.malargue.gov.ar\/index.php?rest_route=\/wp\/v2\/posts\/39441\/revisions\/39442"}],"wp:featuredmedia":[{"embeddable":true,"href":"https:\/\/hcd.malargue.gov.ar\/index.php?rest_route=\/wp\/v2\/media\/39127"}],"wp:attachment":[{"href":"https:\/\/hcd.malargue.gov.ar\/index.php?rest_route=%2Fwp%2Fv2%2Fmedia&parent=39441"}],"wp:term":[{"taxonomy":"category","embeddable":true,"href":"https:\/\/hcd.malargue.gov.ar\/index.php?rest_route=%2Fwp%2Fv2%2Fcategories&post=39441"},{"taxonomy":"post_tag","embeddable":true,"href":"https:\/\/hcd.malargue.gov.ar\/index.php?rest_route=%2Fwp%2Fv2%2Ftags&post=39441"}],"curies":[{"name":"wp","href":"https:\/\/api.w.org\/{rel}","templated":true}]}}