{"id":39443,"date":"2025-09-04T12:56:51","date_gmt":"2025-09-04T15:56:51","guid":{"rendered":"https:\/\/hcd.malargue.gov.ar\/?p=39443"},"modified":"2025-09-04T13:04:09","modified_gmt":"2025-09-04T16:04:09","slug":"el-hcd-llevo-a-cabo-la-22-sesion-ordinaria-aprobando-2-resoluciones","status":"publish","type":"post","link":"https:\/\/hcd.malargue.gov.ar\/?p=39443","title":{"rendered":"EL HCD LLEV\u00d3 A CABO LA 22\u00b0 SESI\u00d3N ORDINARIA APROBANDO 2 RESOLUCIONES"},"content":{"rendered":"\n<h6 class=\"wp-block-heading has-text-align-right\">SESI\u00d3N ORDINARIA \u2013&nbsp; 4 de Septiembre del 2025<\/h6>\n\n\n\n<h6 class=\"wp-block-heading has-text-align-right\">Presidiendo la Sesi\u00f3n:&nbsp;&nbsp;Concejal Rodrigo Hidalgo  (Bloque Partido Justicialista)<\/h6>\n\n\n\n<h6 class=\"wp-block-heading has-text-align-right\">Concejales Presentes:&nbsp; Magali Acosta, Emilce Mansilla, Pablo Cabrera (Bloque Partido Justicialista),  Silvina Camiolo (Reconstruyendo Malarg\u00fce), Francisco Parada (Bloque Partido Encuentro)&nbsp;Viviana Mosca, Pablo Villarruel (Bloque Frente Cambia Mendoza) Martin Palma (Bloque UCR-Independiente), Elizabeth Gonzalez (Bloque Uni\u00f3n Mendocina)<\/h6>\n\n\n\n<p>A las 9:00 hs de este jueves 1 de septiembre, dio inici\u00f3 el <a href=\"https:\/\/hcd.malargue.gov.ar\/?p=39441\">Orden del Dia de la Sesi\u00f3n Ordinaria convocada.<\/a><\/p>\n\n\n\n<p>En el punto <strong><em>b) Homenaje de los Se\u00f1ores Concejales<\/em><\/strong>, los Ediles pidieron un cuarto intermedio y se hizo entrega de la <a href=\"https:\/\/hcd.malargue.gov.ar\/?p=39426\">Resoluci\u00f3n N\u00b0 306\/2025 <\/a>mediante la cual se reconoce la labor de las enfermeras Bel\u00e9n Salvadores, Romina Vergara y Mariela Zurita, mentoras e impulsoras del Programa de Atenci\u00f3n Primaria y Promoci\u00f3n de la Salud, implementado en el \u00e1mbito de la Municipalidad de Malarg\u00fce, que busca fortalecer la salud de los empleados municipales mediante un abordaje integral y cercano. A su vez el M\u00fasico Mario Vazquez se hizo presente con su guitarra y nos deleito con el tema Malargue y su Magia que esta cumpliendo 20 a\u00f1os. Escuchalo aca: <a href=\"https:\/\/www.instagram.com\/p\/DOLxSYNALK6\/\">https:\/\/www.instagram.com\/p\/DOLxSYNALK6\/<\/a><\/p>\n\n\n<div class=\"wp-block-image\">\n<figure class=\"aligncenter size-large\"><img loading=\"lazy\" decoding=\"async\" width=\"1024\" height=\"683\" src=\"https:\/\/hcd.malargue.gov.ar\/wp-content\/uploads\/2025\/09\/543132325_1094869742818913_8181132251139256364_n-1024x683.jpg\" alt=\"\" class=\"wp-image-39445\" srcset=\"https:\/\/hcd.malargue.gov.ar\/wp-content\/uploads\/2025\/09\/543132325_1094869742818913_8181132251139256364_n-1024x683.jpg 1024w, https:\/\/hcd.malargue.gov.ar\/wp-content\/uploads\/2025\/09\/543132325_1094869742818913_8181132251139256364_n-300x200.jpg 300w, https:\/\/hcd.malargue.gov.ar\/wp-content\/uploads\/2025\/09\/543132325_1094869742818913_8181132251139256364_n-768x512.jpg 768w, https:\/\/hcd.malargue.gov.ar\/wp-content\/uploads\/2025\/09\/543132325_1094869742818913_8181132251139256364_n-1536x1024.jpg 1536w, https:\/\/hcd.malargue.gov.ar\/wp-content\/uploads\/2025\/09\/543132325_1094869742818913_8181132251139256364_n.jpg 2048w\" sizes=\"auto, (max-width: 1024px) 100vw, 1024px\" \/><\/figure>\n<\/div>\n\n\n<p>Dando cumplimiento al Orden del D\u00eda elevaron un total de 6 Proyectos de los Sres Concejales y&nbsp; 2 Expedientes provenientes del Departamento Ejecutivo a las distintas Comisiones de trabajo para su correspondiente tratamiento. Detalle:<\/p>\n\n\n\n<blockquote class=\"wp-block-quote is-layout-flow wp-block-quote-is-layout-flow\">\n<p><strong><em>La COMISI\u00d3N DE EDUCACI\u00d3N, HIGIENE, MORALIDAD, ACCI\u00d3N SOCIAL Y CULTURA (EHMASyC) recepcionar\u00e1&nbsp;1 proyecto:&nbsp;<\/em><\/strong><\/p>\n\n\n\n<ul class=\"wp-block-list\">\n<li><em>Expte. N\u00b0 5.594\/2.025-0. Proyecto de Resoluci\u00f3n: Declarar el mes de mayo como \u201cMes del Puestero en el Departamento de Malarg\u00fce\u201d. (BLOQUE ENCUENTRO). Autor Concejal: Francisco PARADA.<\/em><\/li>\n\n\n\n<li>TRATAMIENTO PREFERENCIAL (Tras el an\u00e1lisis en la Comisi\u00f3n de Educaci\u00f3n, pasa a la Comisi\u00f3n de Hacienda).<\/li>\n<\/ul>\n\n\n\n<p><strong><em>La COMISI\u00d3N DE HACIENDA PRESUPUESTO LEGISLACI\u00d3N Y ASUNTOS CONSTITUCIONALES (HPLAC) recepcionar\u00e1&nbsp;3 proyectos:<\/em><\/strong><\/p>\n\n\n\n<ul class=\"wp-block-list\">\n<li><em>Expte. N\u00b0 5.600\/2.025-0. Proyecto de Ordenanza: Manual de Producci\u00f3n de Textos Legislativos.&nbsp; (Bloque Partido Justicialista) &nbsp;Autor: Concejal Rodrigo HIDALGO<\/em><\/li>\n\n\n\n<li>Expte. N\u00b0 5.449\/2.025-0.Departamento de Contabilidad -Municipalidad de Malarg\u00fce, remite informaci\u00f3n Responsabilidad Fiscal N\u00b0 3.949 Honorable Tribunal de Cuentas. Segundo Trimestre Ejercicio 2.025 (Gesti\u00f3n Documental).<\/li>\n\n\n\n<li>Solicitud N\u00b0 10.578\/2.025. Oficina de Despacho-Municipalidad de Malarg\u00fce, remite informe sobre Resoluci\u00f3n N\u00b0 281\/2.025. Responsabilidad Fiscal Segundo Trimestre del a\u00f1o. (Gesti\u00f3n documental).<\/li>\n<\/ul>\n\n\n\n<p><em><strong>La COMISI\u00d3N DE OBRAS P\u00daBLICAS, TURISMO Y RECURSOS NATURALES (OPTyRN) recepcionar\u00e1 4 proyectos:&nbsp;<\/strong><\/em><\/p>\n\n\n\n<ul class=\"wp-block-list\">\n<li><em>Expte. N\u00b0 5.502\/2.025-0. Proyecto de Resoluci\u00f3n: Estudio de factibilidad para la construcci\u00f3n de \u201cCiclovia\/Senda peatonal en calle Jorge Newbery\u201d. (BLOQUE PARTIDO JUSTICIALISTA.). Autores Concejales:&nbsp; Pablo CABRERA, Magali ACOSTA, Rodrigo HIDALGO, Emilce MANSILLA.<\/em> (Tras el an\u00e1lisis en la Comisi\u00f3n de Obras Publicas, pasa a la Comisi\u00f3n de Hacienda).<\/li>\n\n\n\n<li><em>Expte. N\u00b0 5.504\/2.025-0. Proyecto de Resoluci\u00f3n: \u201cSolicitar al Departamento Ejecutivo que administre los medios para el estudio de factibilidad y la construcci\u00f3n de una Ciclov\u00eda\/Senda peatonal en el margen Este de la calle 16 de Noviembre de nuestro Departamento\u201d.(BLOQUE PARTIDO JUSTICIALISTA.). Autores Concejales: Pablo CABRERA, Magali ACOSTA, Rodrigo HIDALGO, Emilce MANSILLA.<\/em> (Tras el an\u00e1lisis en la Comisi\u00f3n de Obras Publicas, pasa a la Comisi\u00f3n de Hacienda).<\/li>\n\n\n\n<li>E<em>xpte. N\u00b0 5.579\/2.025-0. Proyecto de Ordenanza: Colocar sem\u00e1foros en la intersecci\u00f3n Ruta 40 Sur y calle Ren\u00e9 Favaloro. (BLOQUE FRENTE CAMBIA MENDOZA). Autora Concejal: Viviana MOSCA.<\/em><\/li>\n\n\n\n<li><em>Expte. N\u00b0 5.598\/2.025-0. Proyecto de Resoluci\u00f3n: Solicitar al Departamento Ejecutivo Municipal que gestione de forma inmediata la reparaci\u00f3n total del sistema de alumbrado p\u00fablico en el Paraje Ranquil Norte, garantizando su funcionamiento \u00f3ptimo y continuo.\u201d. (BLOQUE RECONSTRUYENDO MALARG\u00dcE). Autora Concejal: Silvina CAMIOLO.<\/em><\/li>\n<\/ul>\n<\/blockquote>\n\n\n\n<p>En el punto <em><strong>h)<\/strong><\/em><strong><em>Despachos de las Comisiones de Trabajo<\/em><\/strong>, se aprob\u00f3 una&nbsp;<strong>Resoluci\u00f3n:<\/strong> Solicitud de regularizaci\u00f3n dominial Escuela de Formaci\u00f3n Profesional \u201cRoberto Atilio Balmaceda\u201d CCT N\u00b0 6-040 (Expte. N\u00b0 5.454\/2.025-0.)<\/p>\n\n\n\n<p>Por otra parte el Cuerpo se constituyo en Comisi\u00f3n luego de salir se aprobo una <strong>Resoluci\u00f3n<\/strong> mediante la cual se solicito a los legisladores provinciales por el 4to distrito arbitren las acciones necesarias a fin de lograr la incorporacion en el Presupuesto Provincial 2026 de las partidas destinadas a la instalacion de semaforos en Malarg\u00fce incluyendo al correspondiente en la calle Corvalan y Fortin Mg\u00fce conforme al proyecto elaborado.<\/p>\n\n\n\n<p>Sin m\u00e1s que tratar, el Presidente del Cuerpo Deliberativo dio por finalizada la Sesi\u00f3n.<\/p>\n\n\n\n<p class=\"has-text-align-center\">\ud83c\udfa5 <strong>VER LA SESI\u00d3N EN VIVO<\/strong>: <a href=\"https:\/\/www.youtube.com\/watch?v=FtM5dax71Cg\">https:\/\/www.youtube.com\/watch?v=FtM5dax71Cg<\/a><\/p>\n\n\n\n<p class=\"has-text-align-center\">\ud83d\udcf8 <strong>GALERIA DE FOTOS<\/strong><\/p>\n","protected":false},"excerpt":{"rendered":"<p>SESI\u00d3N ORDINARIA \u2013&nbsp; 4 de Septiembre del 2025 Presidiendo la Sesi\u00f3n:&nbsp;&nbsp;Concejal Rodrigo Hidalgo (Bloque Partido Justicialista) Concejales Presentes:&nbsp; Magali Acosta, Emilce Mansilla, Pablo Cabrera (Bloque Partido Justicialista), Silvina Camiolo (Reconstruyendo Malarg\u00fce), Francisco Parada (Bloque Partido Encuentro)&nbsp;Viviana Mosca, Pablo Villarruel (Bloque Frente Cambia Mendoza) Martin Palma (Bloque UCR-Independiente), Elizabeth Gonzalez (Bloque Uni\u00f3n Mendocina) A las 9:00 [&hellip;]<\/p>\n","protected":false},"author":5,"featured_media":39444,"comment_status":"closed","ping_status":"closed","sticky":false,"template":"","format":"standard","meta":{"footnotes":""},"categories":[52,58,33,36],"tags":[],"class_list":["post-39443","post","type-post","status-publish","format-standard","has-post-thumbnail","hentry","category-gacetillas","category-ordinarias","category-prensa","category-sesiones"],"yoast_head":"<!-- This site is optimized with the Yoast SEO plugin v19.10 - https:\/\/yoast.com\/wordpress\/plugins\/seo\/ -->\n<title>EL HCD LLEV\u00d3 A CABO LA 22\u00b0 SESI\u00d3N ORDINARIA APROBANDO 2 RESOLUCIONES - Malarg\u00fce HCD<\/title>\n<meta name=\"robots\" content=\"index, follow, max-snippet:-1, max-image-preview:large, max-video-preview:-1\" \/>\n<link rel=\"canonical\" href=\"https:\/\/hcd.malargue.gov.ar\/?p=39443\" \/>\n<meta property=\"og:locale\" content=\"es_ES\" \/>\n<meta property=\"og:type\" content=\"article\" \/>\n<meta property=\"og:title\" content=\"EL HCD LLEV\u00d3 A CABO LA 22\u00b0 SESI\u00d3N ORDINARIA APROBANDO 2 RESOLUCIONES - Malarg\u00fce HCD\" \/>\n<meta property=\"og:description\" content=\"SESI\u00d3N ORDINARIA \u2013&nbsp; 4 de Septiembre del 2025 Presidiendo la Sesi\u00f3n:&nbsp;&nbsp;Concejal Rodrigo Hidalgo (Bloque Partido Justicialista) Concejales Presentes:&nbsp; Magali Acosta, Emilce Mansilla, Pablo Cabrera (Bloque Partido Justicialista), Silvina Camiolo (Reconstruyendo Malarg\u00fce), Francisco Parada (Bloque Partido Encuentro)&nbsp;Viviana Mosca, Pablo Villarruel (Bloque Frente Cambia Mendoza) Martin Palma (Bloque UCR-Independiente), Elizabeth Gonzalez (Bloque Uni\u00f3n Mendocina) A las 9:00 [&hellip;]\" \/>\n<meta property=\"og:url\" content=\"https:\/\/hcd.malargue.gov.ar\/?p=39443\" \/>\n<meta property=\"og:site_name\" content=\"Malarg\u00fce HCD\" \/>\n<meta property=\"article:published_time\" content=\"2025-09-04T15:56:51+00:00\" \/>\n<meta property=\"article:modified_time\" content=\"2025-09-04T16:04:09+00:00\" \/>\n<meta property=\"og:image\" content=\"https:\/\/hcd.malargue.gov.ar\/wp-content\/uploads\/2025\/09\/540773438_1094870189485535_7982308269237364022_n.jpg\" \/>\n\t<meta property=\"og:image:width\" content=\"2048\" \/>\n\t<meta property=\"og:image:height\" content=\"1152\" \/>\n\t<meta property=\"og:image:type\" content=\"image\/jpeg\" \/>\n<meta name=\"author\" content=\"Belen Pedernera Ferragut\" \/>\n<meta name=\"twitter:card\" content=\"summary_large_image\" \/>\n<meta name=\"twitter:label1\" content=\"Escrito por\" \/>\n\t<meta name=\"twitter:data1\" content=\"Belen Pedernera Ferragut\" \/>\n\t<meta name=\"twitter:label2\" content=\"Tiempo de lectura\" \/>\n\t<meta name=\"twitter:data2\" content=\"4 minutos\" \/>\n<script type=\"application\/ld+json\" class=\"yoast-schema-graph\">{\"@context\":\"https:\/\/schema.org\",\"@graph\":[{\"@type\":\"WebPage\",\"@id\":\"https:\/\/hcd.malargue.gov.ar\/?p=39443\",\"url\":\"https:\/\/hcd.malargue.gov.ar\/?p=39443\",\"name\":\"EL HCD LLEV\u00d3 A CABO LA 22\u00b0 SESI\u00d3N ORDINARIA APROBANDO 2 RESOLUCIONES - Malarg\u00fce HCD\",\"isPartOf\":{\"@id\":\"https:\/\/hcd.malargue.gov.ar\/#website\"},\"datePublished\":\"2025-09-04T15:56:51+00:00\",\"dateModified\":\"2025-09-04T16:04:09+00:00\",\"author\":{\"@id\":\"https:\/\/hcd.malargue.gov.ar\/#\/schema\/person\/3fd6bbab64edd703961b795156c955d0\"},\"breadcrumb\":{\"@id\":\"https:\/\/hcd.malargue.gov.ar\/?p=39443#breadcrumb\"},\"inLanguage\":\"es-AR\",\"potentialAction\":[{\"@type\":\"ReadAction\",\"target\":[\"https:\/\/hcd.malargue.gov.ar\/?p=39443\"]}]},{\"@type\":\"BreadcrumbList\",\"@id\":\"https:\/\/hcd.malargue.gov.ar\/?p=39443#breadcrumb\",\"itemListElement\":[{\"@type\":\"ListItem\",\"position\":1,\"name\":\"Inicio\",\"item\":\"https:\/\/hcd.malargue.gov.ar\/\"},{\"@type\":\"ListItem\",\"position\":2,\"name\":\"EL HCD LLEV\u00d3 A CABO LA 22\u00b0 SESI\u00d3N ORDINARIA APROBANDO 2 RESOLUCIONES\"}]},{\"@type\":\"WebSite\",\"@id\":\"https:\/\/hcd.malargue.gov.ar\/#website\",\"url\":\"https:\/\/hcd.malargue.gov.ar\/\",\"name\":\"Malarg\u00fce HCD\",\"description\":\"Malarg\u00fce Mendoza Argentina\",\"potentialAction\":[{\"@type\":\"SearchAction\",\"target\":{\"@type\":\"EntryPoint\",\"urlTemplate\":\"https:\/\/hcd.malargue.gov.ar\/?s={search_term_string}\"},\"query-input\":\"required name=search_term_string\"}],\"inLanguage\":\"es-AR\"},{\"@type\":\"Person\",\"@id\":\"https:\/\/hcd.malargue.gov.ar\/#\/schema\/person\/3fd6bbab64edd703961b795156c955d0\",\"name\":\"Belen Pedernera Ferragut\",\"image\":{\"@type\":\"ImageObject\",\"inLanguage\":\"es-AR\",\"@id\":\"https:\/\/hcd.malargue.gov.ar\/#\/schema\/person\/image\/\",\"url\":\"https:\/\/secure.gravatar.com\/avatar\/1054ffab3893de4bb3eb29bdd22f7e34b8537bf5d34d9dab311818154ad5b71f?s=96&d=mm&r=g\",\"contentUrl\":\"https:\/\/secure.gravatar.com\/avatar\/1054ffab3893de4bb3eb29bdd22f7e34b8537bf5d34d9dab311818154ad5b71f?s=96&d=mm&r=g\",\"caption\":\"Belen Pedernera Ferragut\"},\"url\":\"https:\/\/hcd.malargue.gov.ar\/?author=5\"}]}<\/script>\n<!-- \/ Yoast SEO plugin. -->","yoast_head_json":{"title":"EL HCD LLEV\u00d3 A CABO LA 22\u00b0 SESI\u00d3N ORDINARIA APROBANDO 2 RESOLUCIONES - Malarg\u00fce HCD","robots":{"index":"index","follow":"follow","max-snippet":"max-snippet:-1","max-image-preview":"max-image-preview:large","max-video-preview":"max-video-preview:-1"},"canonical":"https:\/\/hcd.malargue.gov.ar\/?p=39443","og_locale":"es_ES","og_type":"article","og_title":"EL HCD LLEV\u00d3 A CABO LA 22\u00b0 SESI\u00d3N ORDINARIA APROBANDO 2 RESOLUCIONES - Malarg\u00fce HCD","og_description":"SESI\u00d3N ORDINARIA \u2013&nbsp; 4 de Septiembre del 2025 Presidiendo la Sesi\u00f3n:&nbsp;&nbsp;Concejal Rodrigo Hidalgo (Bloque Partido Justicialista) Concejales Presentes:&nbsp; Magali Acosta, Emilce Mansilla, Pablo Cabrera (Bloque Partido Justicialista), Silvina Camiolo (Reconstruyendo Malarg\u00fce), Francisco Parada (Bloque Partido Encuentro)&nbsp;Viviana Mosca, Pablo Villarruel (Bloque Frente Cambia Mendoza) Martin Palma (Bloque UCR-Independiente), Elizabeth Gonzalez (Bloque Uni\u00f3n Mendocina) A las 9:00 [&hellip;]","og_url":"https:\/\/hcd.malargue.gov.ar\/?p=39443","og_site_name":"Malarg\u00fce HCD","article_published_time":"2025-09-04T15:56:51+00:00","article_modified_time":"2025-09-04T16:04:09+00:00","og_image":[{"width":2048,"height":1152,"url":"https:\/\/hcd.malargue.gov.ar\/wp-content\/uploads\/2025\/09\/540773438_1094870189485535_7982308269237364022_n.jpg","type":"image\/jpeg"}],"author":"Belen Pedernera Ferragut","twitter_card":"summary_large_image","twitter_misc":{"Escrito por":"Belen Pedernera Ferragut","Tiempo de lectura":"4 minutos"},"schema":{"@context":"https:\/\/schema.org","@graph":[{"@type":"WebPage","@id":"https:\/\/hcd.malargue.gov.ar\/?p=39443","url":"https:\/\/hcd.malargue.gov.ar\/?p=39443","name":"EL HCD LLEV\u00d3 A CABO LA 22\u00b0 SESI\u00d3N ORDINARIA APROBANDO 2 RESOLUCIONES - Malarg\u00fce HCD","isPartOf":{"@id":"https:\/\/hcd.malargue.gov.ar\/#website"},"datePublished":"2025-09-04T15:56:51+00:00","dateModified":"2025-09-04T16:04:09+00:00","author":{"@id":"https:\/\/hcd.malargue.gov.ar\/#\/schema\/person\/3fd6bbab64edd703961b795156c955d0"},"breadcrumb":{"@id":"https:\/\/hcd.malargue.gov.ar\/?p=39443#breadcrumb"},"inLanguage":"es-AR","potentialAction":[{"@type":"ReadAction","target":["https:\/\/hcd.malargue.gov.ar\/?p=39443"]}]},{"@type":"BreadcrumbList","@id":"https:\/\/hcd.malargue.gov.ar\/?p=39443#breadcrumb","itemListElement":[{"@type":"ListItem","position":1,"name":"Inicio","item":"https:\/\/hcd.malargue.gov.ar\/"},{"@type":"ListItem","position":2,"name":"EL HCD LLEV\u00d3 A CABO LA 22\u00b0 SESI\u00d3N ORDINARIA APROBANDO 2 RESOLUCIONES"}]},{"@type":"WebSite","@id":"https:\/\/hcd.malargue.gov.ar\/#website","url":"https:\/\/hcd.malargue.gov.ar\/","name":"Malarg\u00fce HCD","description":"Malarg\u00fce Mendoza Argentina","potentialAction":[{"@type":"SearchAction","target":{"@type":"EntryPoint","urlTemplate":"https:\/\/hcd.malargue.gov.ar\/?s={search_term_string}"},"query-input":"required name=search_term_string"}],"inLanguage":"es-AR"},{"@type":"Person","@id":"https:\/\/hcd.malargue.gov.ar\/#\/schema\/person\/3fd6bbab64edd703961b795156c955d0","name":"Belen Pedernera Ferragut","image":{"@type":"ImageObject","inLanguage":"es-AR","@id":"https:\/\/hcd.malargue.gov.ar\/#\/schema\/person\/image\/","url":"https:\/\/secure.gravatar.com\/avatar\/1054ffab3893de4bb3eb29bdd22f7e34b8537bf5d34d9dab311818154ad5b71f?s=96&d=mm&r=g","contentUrl":"https:\/\/secure.gravatar.com\/avatar\/1054ffab3893de4bb3eb29bdd22f7e34b8537bf5d34d9dab311818154ad5b71f?s=96&d=mm&r=g","caption":"Belen Pedernera Ferragut"},"url":"https:\/\/hcd.malargue.gov.ar\/?author=5"}]}},"_links":{"self":[{"href":"https:\/\/hcd.malargue.gov.ar\/index.php?rest_route=\/wp\/v2\/posts\/39443","targetHints":{"allow":["GET"]}}],"collection":[{"href":"https:\/\/hcd.malargue.gov.ar\/index.php?rest_route=\/wp\/v2\/posts"}],"about":[{"href":"https:\/\/hcd.malargue.gov.ar\/index.php?rest_route=\/wp\/v2\/types\/post"}],"author":[{"embeddable":true,"href":"https:\/\/hcd.malargue.gov.ar\/index.php?rest_route=\/wp\/v2\/users\/5"}],"replies":[{"embeddable":true,"href":"https:\/\/hcd.malargue.gov.ar\/index.php?rest_route=%2Fwp%2Fv2%2Fcomments&post=39443"}],"version-history":[{"count":2,"href":"https:\/\/hcd.malargue.gov.ar\/index.php?rest_route=\/wp\/v2\/posts\/39443\/revisions"}],"predecessor-version":[{"id":39448,"href":"https:\/\/hcd.malargue.gov.ar\/index.php?rest_route=\/wp\/v2\/posts\/39443\/revisions\/39448"}],"wp:featuredmedia":[{"embeddable":true,"href":"https:\/\/hcd.malargue.gov.ar\/index.php?rest_route=\/wp\/v2\/media\/39444"}],"wp:attachment":[{"href":"https:\/\/hcd.malargue.gov.ar\/index.php?rest_route=%2Fwp%2Fv2%2Fmedia&parent=39443"}],"wp:term":[{"taxonomy":"category","embeddable":true,"href":"https:\/\/hcd.malargue.gov.ar\/index.php?rest_route=%2Fwp%2Fv2%2Fcategories&post=39443"},{"taxonomy":"post_tag","embeddable":true,"href":"https:\/\/hcd.malargue.gov.ar\/index.php?rest_route=%2Fwp%2Fv2%2Ftags&post=39443"}],"curies":[{"name":"wp","href":"https:\/\/api.w.org\/{rel}","templated":true}]}}