{"id":39514,"date":"2025-09-23T09:25:56","date_gmt":"2025-09-23T12:25:56","guid":{"rendered":"https:\/\/hcd.malargue.gov.ar\/?p=39514"},"modified":"2025-09-23T09:27:35","modified_gmt":"2025-09-23T12:27:35","slug":"resolucion-n-336-2-025","status":"publish","type":"post","link":"https:\/\/hcd.malargue.gov.ar\/?p=39514","title":{"rendered":"RESOLUCI\u00d3N N\u00b0 336\/2.025"},"content":{"rendered":"\n<h4 class=\"wp-block-heading has-text-align-center\"><strong>El HCD solicit\u00f3 la reparaci\u00f3n integral de la ciclov\u00eda Roberto Arredondo<\/strong><\/h4>\n\n\n\n<p><em>El Honorable Concejo Deliberante aprob\u00f3 la Resoluci\u00f3n N\u00b0 336\/2025, mediante la cual se solicita al Departamento Ejecutivo Municipal que realice de manera urgente la reparaci\u00f3n integral de la ciclov\u00eda del sector norte de la ciudad, conocida como \u201cCiclov\u00eda Roberto Arredondo\u201d.<\/em><\/p>\n\n\n\n<p><em>La medida surge tras los da\u00f1os ocasionados por la obra de tendido de gas, que destruy\u00f3 parcialmente esta infraestructura y que, hasta el momento, no ha sido restituida. La situaci\u00f3n afecta directamente la movilidad de ciclistas, peatones, deportistas, personas mayores y estudiantes que utilizan diariamente este espacio.<\/em><\/p>\n\n\n\n<p><em>Particularmente, se destac\u00f3 el perjuicio que atraviesa el escritor y referente cultural de Malarg\u00fce, Roberto Arredondo, quien durante a\u00f1os se ha trasladado en silla de ruedas utilizando esta ciclov\u00eda como v\u00eda principal para acceder a sus actividades sociales, laborales y culturales. La falta de reparaci\u00f3n ha generado un aislamiento f\u00edsico y social, vulnerando su derecho a la movilidad aut\u00f3noma.<\/em><\/p>\n\n\n\n<p><em>El Concejo subray\u00f3 que la restauraci\u00f3n de la ciclov\u00eda no solo representa una cuesti\u00f3n de justicia urbana, sino tambi\u00e9n un compromiso con la inclusi\u00f3n, la accesibilidad y el reconocimiento a un vecino cuya trayectoria ha sido ejemplo de superaci\u00f3n y aporte a la vida cultural local.<\/em><\/p>\n\n\n\n<p class=\"has-text-align-center\"><strong>PIEZA LEGAL<\/strong><\/p>\n\n\n<div class=\"wp-block-image\">\n<figure class=\"alignright is-resized\"><a href=\"http:\/\/hcd.malargue.gov.ar\/2025\/Rs%20336%202025%20Reparacion%20Ciclovia%20Norte.pdf\"><img loading=\"lazy\" decoding=\"async\" width=\"512\" height=\"512\" src=\"https:\/\/hcd.malargue.gov.ar\/wp-content\/uploads\/2018\/06\/PDF-JPG.jpg\" alt=\"\" class=\"wp-image-7950\" style=\"width:133px;height:auto\" srcset=\"https:\/\/hcd.malargue.gov.ar\/wp-content\/uploads\/2018\/06\/PDF-JPG.jpg 512w, https:\/\/hcd.malargue.gov.ar\/wp-content\/uploads\/2018\/06\/PDF-JPG-150x150.jpg 150w, https:\/\/hcd.malargue.gov.ar\/wp-content\/uploads\/2018\/06\/PDF-JPG-300x300.jpg 300w\" sizes=\"auto, (max-width: 512px) 100vw, 512px\" \/><\/a><\/figure>\n<\/div>\n\n\n<p><strong>AUTORA CONCEJALA SILVINA CAMIOLO<\/strong><\/p>\n\n\n\n<p><strong>BLOQUE RECONSTRUYENDO MALARG\u00dcE<\/strong><\/p>\n\n\n\n<p>VISTO: El contenido del Expediente N\u00b0 4.884\/2.025-0. Bloque Reconstruyendo Malarg\u00fce. Proyecto de Resoluci\u00f3n: Solicitar al Departamento Ejecutivo Municipal que proceda a la reparaci\u00f3n integral de la ciclovia del sector Norte de la Ciudad de Malarg\u00fce.<\/p>\n\n\n\n<p>El da\u00f1o ocasionado a la ciclov\u00eda del sector norte de la ciudad de Malarg\u00fce, como consecuencia de la ejecuci\u00f3n de la obra de tendido de gas.<\/p>\n\n\n\n<p>y;<\/p>\n\n\n\n<p>CONSIDERANDO: Que la mencionada ciclov\u00eda, denominada \u201cCiclov\u00eda Roberto Arredondo\u201d, constituye una v\u00eda esencial para la movilidad segura de ciclistas, peatones, atletas y vecinos que transitan cotidianamente por ese sector de la ciudad.<\/p>\n\n\n\n<p>Que dicha infraestructura fue intervenida y destruida parcialmente durante la obra de tendido de la red de gas y, hasta la fecha, no ha sido reparada, generando un perjuicio directo en la movilidad y accesibilidad de cientos de personas.<\/p>\n\n\n\n<p>Que la ciclov\u00eda lleva el nombre de Roberto Arredondo, escritor, dise\u00f1ador y referente cultural de Malarg\u00fce, quien se ha trasladado durante a\u00f1os en silla de ruedas utilizando este espacio como \u00fanico medio de acceso a sus actividades sociales, laborales y culturales.<\/p>\n\n\n\n<p>Que la situaci\u00f3n actual ha provocado el aislamiento f\u00edsico y social del mencionado vecino, limitando su derecho a la movilidad aut\u00f3noma, al tiempo que afecta tambi\u00e9n a deportistas, personas mayores, estudiantes y ciudadanos en general que emplean esta ciclov\u00eda como parte de su rutina diaria.<\/p>\n\n\n\n<p>Que la reparaci\u00f3n de esta v\u00eda no solo constituye una medida de justicia urbana, sino tambi\u00e9n una pol\u00edtica de inclusi\u00f3n, accesibilidad y reconocimiento hacia un ciudadano cuya trayectoria ha sido destacada en medios locales y regionales como ejemplo de superaci\u00f3n y compromiso con la vida cultural de la ciudad.<\/p>\n\n\n\n<p>EL HONORABLE CONCEJO DELIBERANTE DE LA MUNICIPALIDAD DE MALARG\u00dcE EN USO DE LAS FACULTADES QUE LE SON PROPIAS<\/p>\n\n\n\n<p>RESUELVE<\/p>\n\n\n\n<p>ART\u00cdCULO 1\u00ba: Solicitar al Departamento Ejecutivo Municipal que proceda, con car\u00e1cter urgente, a la reparaci\u00f3n integral de la ciclovia del sector norte de la ciudad de Malarg\u00fce, da\u00f1ada como consecuencia de la ejecuci\u00f3n de la obra de gas.<\/p>\n\n\n\n<p>ART\u00cdCULO 2\u00ba: Instar al Departamento Ejecutivo a garantizar que la restauraci\u00f3n de dicha ciclov\u00eda respete las condiciones de accesibilidad necesarias para su uso seguro por parte de personas con discapacidad motriz, en especial considerando la situaci\u00f3n del vecino Roberto Arredondo.<\/p>\n\n\n\n<p>ART\u00cdCULO 3\u00ba: Comun\u00edquese, reg\u00edstrese, agr\u00e9guese copia de la presente en las actuaciones correspondientes y arch\u00edvese.<\/p>\n\n\n\n<p>DADA EN LA SALA DE SESIONES DR.&nbsp; RICARDO BALBIN DEL HONORABLE CONCEJO DELIBERANTE DE LA MUNICIPALIDAD DE MALARG\u00dcE A DIECIOCHO D\u00cdAS DE AGOSTO DE DOS MIL VEINTICINCO.<\/p>\n\n\n\n<p><\/p>\n","protected":false},"excerpt":{"rendered":"<p>El HCD solicit\u00f3 la reparaci\u00f3n integral de la ciclov\u00eda Roberto Arredondo El Honorable Concejo Deliberante aprob\u00f3 la Resoluci\u00f3n N\u00b0 336\/2025, mediante la cual se solicita al Departamento Ejecutivo Municipal que realice de manera urgente la reparaci\u00f3n integral de la ciclov\u00eda del sector norte de la ciudad, conocida como \u201cCiclov\u00eda Roberto Arredondo\u201d. La medida surge tras [&hellip;]<\/p>\n","protected":false},"author":5,"featured_media":39515,"comment_status":"closed","ping_status":"closed","sticky":false,"template":"","format":"standard","meta":{"footnotes":""},"categories":[52,29,33,51],"tags":[],"class_list":["post-39514","post","type-post","status-publish","format-standard","has-post-thumbnail","hentry","category-gacetillas","category-lesgilacion","category-prensa","category-resoluciones"],"yoast_head":"<!-- This site is optimized with the Yoast SEO plugin v19.10 - https:\/\/yoast.com\/wordpress\/plugins\/seo\/ -->\n<title>RESOLUCI\u00d3N N\u00b0 336\/2.025 - Malarg\u00fce HCD<\/title>\n<meta name=\"robots\" content=\"index, follow, max-snippet:-1, max-image-preview:large, max-video-preview:-1\" \/>\n<link rel=\"canonical\" href=\"https:\/\/hcd.malargue.gov.ar\/?p=39514\" \/>\n<meta property=\"og:locale\" content=\"es_ES\" \/>\n<meta property=\"og:type\" content=\"article\" \/>\n<meta property=\"og:title\" content=\"RESOLUCI\u00d3N N\u00b0 336\/2.025 - Malarg\u00fce HCD\" \/>\n<meta property=\"og:description\" content=\"El HCD solicit\u00f3 la reparaci\u00f3n integral de la ciclov\u00eda Roberto Arredondo El Honorable Concejo Deliberante aprob\u00f3 la Resoluci\u00f3n N\u00b0 336\/2025, mediante la cual se solicita al Departamento Ejecutivo Municipal que realice de manera urgente la reparaci\u00f3n integral de la ciclov\u00eda del sector norte de la ciudad, conocida como \u201cCiclov\u00eda Roberto Arredondo\u201d. La medida surge tras [&hellip;]\" \/>\n<meta property=\"og:url\" content=\"https:\/\/hcd.malargue.gov.ar\/?p=39514\" \/>\n<meta property=\"og:site_name\" content=\"Malarg\u00fce HCD\" \/>\n<meta property=\"article:published_time\" content=\"2025-09-23T12:25:56+00:00\" \/>\n<meta property=\"article:modified_time\" content=\"2025-09-23T12:27:35+00:00\" \/>\n<meta property=\"og:image\" content=\"https:\/\/hcd.malargue.gov.ar\/wp-content\/uploads\/2025\/09\/RESOLUCION-336-2025.png\" \/>\n\t<meta property=\"og:image:width\" content=\"940\" \/>\n\t<meta property=\"og:image:height\" content=\"788\" \/>\n\t<meta property=\"og:image:type\" content=\"image\/png\" \/>\n<meta name=\"author\" content=\"Belen Pedernera Ferragut\" \/>\n<meta name=\"twitter:card\" content=\"summary_large_image\" \/>\n<meta name=\"twitter:label1\" content=\"Escrito por\" \/>\n\t<meta name=\"twitter:data1\" content=\"Belen Pedernera Ferragut\" \/>\n\t<meta name=\"twitter:label2\" content=\"Tiempo de lectura\" \/>\n\t<meta name=\"twitter:data2\" content=\"4 minutos\" \/>\n<script type=\"application\/ld+json\" class=\"yoast-schema-graph\">{\"@context\":\"https:\/\/schema.org\",\"@graph\":[{\"@type\":\"WebPage\",\"@id\":\"https:\/\/hcd.malargue.gov.ar\/?p=39514\",\"url\":\"https:\/\/hcd.malargue.gov.ar\/?p=39514\",\"name\":\"RESOLUCI\u00d3N N\u00b0 336\/2.025 - Malarg\u00fce HCD\",\"isPartOf\":{\"@id\":\"https:\/\/hcd.malargue.gov.ar\/#website\"},\"datePublished\":\"2025-09-23T12:25:56+00:00\",\"dateModified\":\"2025-09-23T12:27:35+00:00\",\"author\":{\"@id\":\"https:\/\/hcd.malargue.gov.ar\/#\/schema\/person\/3fd6bbab64edd703961b795156c955d0\"},\"breadcrumb\":{\"@id\":\"https:\/\/hcd.malargue.gov.ar\/?p=39514#breadcrumb\"},\"inLanguage\":\"es-AR\",\"potentialAction\":[{\"@type\":\"ReadAction\",\"target\":[\"https:\/\/hcd.malargue.gov.ar\/?p=39514\"]}]},{\"@type\":\"BreadcrumbList\",\"@id\":\"https:\/\/hcd.malargue.gov.ar\/?p=39514#breadcrumb\",\"itemListElement\":[{\"@type\":\"ListItem\",\"position\":1,\"name\":\"Inicio\",\"item\":\"https:\/\/hcd.malargue.gov.ar\/\"},{\"@type\":\"ListItem\",\"position\":2,\"name\":\"RESOLUCI\u00d3N N\u00b0 336\/2.025\"}]},{\"@type\":\"WebSite\",\"@id\":\"https:\/\/hcd.malargue.gov.ar\/#website\",\"url\":\"https:\/\/hcd.malargue.gov.ar\/\",\"name\":\"Malarg\u00fce HCD\",\"description\":\"Malarg\u00fce Mendoza Argentina\",\"potentialAction\":[{\"@type\":\"SearchAction\",\"target\":{\"@type\":\"EntryPoint\",\"urlTemplate\":\"https:\/\/hcd.malargue.gov.ar\/?s={search_term_string}\"},\"query-input\":\"required name=search_term_string\"}],\"inLanguage\":\"es-AR\"},{\"@type\":\"Person\",\"@id\":\"https:\/\/hcd.malargue.gov.ar\/#\/schema\/person\/3fd6bbab64edd703961b795156c955d0\",\"name\":\"Belen Pedernera Ferragut\",\"image\":{\"@type\":\"ImageObject\",\"inLanguage\":\"es-AR\",\"@id\":\"https:\/\/hcd.malargue.gov.ar\/#\/schema\/person\/image\/\",\"url\":\"https:\/\/secure.gravatar.com\/avatar\/1054ffab3893de4bb3eb29bdd22f7e34b8537bf5d34d9dab311818154ad5b71f?s=96&d=mm&r=g\",\"contentUrl\":\"https:\/\/secure.gravatar.com\/avatar\/1054ffab3893de4bb3eb29bdd22f7e34b8537bf5d34d9dab311818154ad5b71f?s=96&d=mm&r=g\",\"caption\":\"Belen Pedernera Ferragut\"},\"url\":\"https:\/\/hcd.malargue.gov.ar\/?author=5\"}]}<\/script>\n<!-- \/ Yoast SEO plugin. -->","yoast_head_json":{"title":"RESOLUCI\u00d3N N\u00b0 336\/2.025 - Malarg\u00fce HCD","robots":{"index":"index","follow":"follow","max-snippet":"max-snippet:-1","max-image-preview":"max-image-preview:large","max-video-preview":"max-video-preview:-1"},"canonical":"https:\/\/hcd.malargue.gov.ar\/?p=39514","og_locale":"es_ES","og_type":"article","og_title":"RESOLUCI\u00d3N N\u00b0 336\/2.025 - Malarg\u00fce HCD","og_description":"El HCD solicit\u00f3 la reparaci\u00f3n integral de la ciclov\u00eda Roberto Arredondo El Honorable Concejo Deliberante aprob\u00f3 la Resoluci\u00f3n N\u00b0 336\/2025, mediante la cual se solicita al Departamento Ejecutivo Municipal que realice de manera urgente la reparaci\u00f3n integral de la ciclov\u00eda del sector norte de la ciudad, conocida como \u201cCiclov\u00eda Roberto Arredondo\u201d. La medida surge tras [&hellip;]","og_url":"https:\/\/hcd.malargue.gov.ar\/?p=39514","og_site_name":"Malarg\u00fce HCD","article_published_time":"2025-09-23T12:25:56+00:00","article_modified_time":"2025-09-23T12:27:35+00:00","og_image":[{"width":940,"height":788,"url":"https:\/\/hcd.malargue.gov.ar\/wp-content\/uploads\/2025\/09\/RESOLUCION-336-2025.png","type":"image\/png"}],"author":"Belen Pedernera Ferragut","twitter_card":"summary_large_image","twitter_misc":{"Escrito por":"Belen Pedernera Ferragut","Tiempo de lectura":"4 minutos"},"schema":{"@context":"https:\/\/schema.org","@graph":[{"@type":"WebPage","@id":"https:\/\/hcd.malargue.gov.ar\/?p=39514","url":"https:\/\/hcd.malargue.gov.ar\/?p=39514","name":"RESOLUCI\u00d3N N\u00b0 336\/2.025 - Malarg\u00fce HCD","isPartOf":{"@id":"https:\/\/hcd.malargue.gov.ar\/#website"},"datePublished":"2025-09-23T12:25:56+00:00","dateModified":"2025-09-23T12:27:35+00:00","author":{"@id":"https:\/\/hcd.malargue.gov.ar\/#\/schema\/person\/3fd6bbab64edd703961b795156c955d0"},"breadcrumb":{"@id":"https:\/\/hcd.malargue.gov.ar\/?p=39514#breadcrumb"},"inLanguage":"es-AR","potentialAction":[{"@type":"ReadAction","target":["https:\/\/hcd.malargue.gov.ar\/?p=39514"]}]},{"@type":"BreadcrumbList","@id":"https:\/\/hcd.malargue.gov.ar\/?p=39514#breadcrumb","itemListElement":[{"@type":"ListItem","position":1,"name":"Inicio","item":"https:\/\/hcd.malargue.gov.ar\/"},{"@type":"ListItem","position":2,"name":"RESOLUCI\u00d3N N\u00b0 336\/2.025"}]},{"@type":"WebSite","@id":"https:\/\/hcd.malargue.gov.ar\/#website","url":"https:\/\/hcd.malargue.gov.ar\/","name":"Malarg\u00fce HCD","description":"Malarg\u00fce Mendoza Argentina","potentialAction":[{"@type":"SearchAction","target":{"@type":"EntryPoint","urlTemplate":"https:\/\/hcd.malargue.gov.ar\/?s={search_term_string}"},"query-input":"required name=search_term_string"}],"inLanguage":"es-AR"},{"@type":"Person","@id":"https:\/\/hcd.malargue.gov.ar\/#\/schema\/person\/3fd6bbab64edd703961b795156c955d0","name":"Belen Pedernera Ferragut","image":{"@type":"ImageObject","inLanguage":"es-AR","@id":"https:\/\/hcd.malargue.gov.ar\/#\/schema\/person\/image\/","url":"https:\/\/secure.gravatar.com\/avatar\/1054ffab3893de4bb3eb29bdd22f7e34b8537bf5d34d9dab311818154ad5b71f?s=96&d=mm&r=g","contentUrl":"https:\/\/secure.gravatar.com\/avatar\/1054ffab3893de4bb3eb29bdd22f7e34b8537bf5d34d9dab311818154ad5b71f?s=96&d=mm&r=g","caption":"Belen Pedernera Ferragut"},"url":"https:\/\/hcd.malargue.gov.ar\/?author=5"}]}},"_links":{"self":[{"href":"https:\/\/hcd.malargue.gov.ar\/index.php?rest_route=\/wp\/v2\/posts\/39514","targetHints":{"allow":["GET"]}}],"collection":[{"href":"https:\/\/hcd.malargue.gov.ar\/index.php?rest_route=\/wp\/v2\/posts"}],"about":[{"href":"https:\/\/hcd.malargue.gov.ar\/index.php?rest_route=\/wp\/v2\/types\/post"}],"author":[{"embeddable":true,"href":"https:\/\/hcd.malargue.gov.ar\/index.php?rest_route=\/wp\/v2\/users\/5"}],"replies":[{"embeddable":true,"href":"https:\/\/hcd.malargue.gov.ar\/index.php?rest_route=%2Fwp%2Fv2%2Fcomments&post=39514"}],"version-history":[{"count":1,"href":"https:\/\/hcd.malargue.gov.ar\/index.php?rest_route=\/wp\/v2\/posts\/39514\/revisions"}],"predecessor-version":[{"id":39516,"href":"https:\/\/hcd.malargue.gov.ar\/index.php?rest_route=\/wp\/v2\/posts\/39514\/revisions\/39516"}],"wp:featuredmedia":[{"embeddable":true,"href":"https:\/\/hcd.malargue.gov.ar\/index.php?rest_route=\/wp\/v2\/media\/39515"}],"wp:attachment":[{"href":"https:\/\/hcd.malargue.gov.ar\/index.php?rest_route=%2Fwp%2Fv2%2Fmedia&parent=39514"}],"wp:term":[{"taxonomy":"category","embeddable":true,"href":"https:\/\/hcd.malargue.gov.ar\/index.php?rest_route=%2Fwp%2Fv2%2Fcategories&post=39514"},{"taxonomy":"post_tag","embeddable":true,"href":"https:\/\/hcd.malargue.gov.ar\/index.php?rest_route=%2Fwp%2Fv2%2Ftags&post=39514"}],"curies":[{"name":"wp","href":"https:\/\/api.w.org\/{rel}","templated":true}]}}