{"id":39529,"date":"2025-10-01T10:39:11","date_gmt":"2025-10-01T13:39:11","guid":{"rendered":"https:\/\/hcd.malargue.gov.ar\/?p=39529"},"modified":"2025-10-01T10:56:48","modified_gmt":"2025-10-01T13:56:48","slug":"%f0%9f%87%a6%f0%9f%87%b7-concejales-participaron-en-el-xxiv-comite-de-integracion-pehuenche-2025-%f0%9f%87%a8%f0%9f%87%b1","status":"publish","type":"post","link":"https:\/\/hcd.malargue.gov.ar\/?p=39529","title":{"rendered":"\ud83c\udde6\ud83c\uddf7 CONCEJALES PARTICIPARON EN EL XXIV COMIT\u00c9 DE INTEGRACI\u00d3N PEHUENCHE 2025 \ud83c\udde8\ud83c\uddf1"},"content":{"rendered":"<div class=\"wp-block-image\">\n<figure class=\"alignright size-large is-resized\"><img loading=\"lazy\" decoding=\"async\" width=\"768\" height=\"1024\" src=\"https:\/\/hcd.malargue.gov.ar\/wp-content\/uploads\/2025\/10\/WhatsApp-Image-2025-09-25-at-18.40.00-2-768x1024.jpeg\" alt=\"\" class=\"wp-image-39532\" style=\"width:226px;height:auto\" srcset=\"https:\/\/hcd.malargue.gov.ar\/wp-content\/uploads\/2025\/10\/WhatsApp-Image-2025-09-25-at-18.40.00-2-768x1024.jpeg 768w, https:\/\/hcd.malargue.gov.ar\/wp-content\/uploads\/2025\/10\/WhatsApp-Image-2025-09-25-at-18.40.00-2-225x300.jpeg 225w, https:\/\/hcd.malargue.gov.ar\/wp-content\/uploads\/2025\/10\/WhatsApp-Image-2025-09-25-at-18.40.00-2.jpeg 960w\" sizes=\"auto, (max-width: 768px) 100vw, 768px\" \/><\/figure>\n<\/div>\n\n\n<p><em>El XXIV Comit\u00e9 de Integraci\u00f3n Pehuenche 2025 se desarroll\u00f3 en Talca, Chile, los d\u00edas jueves 25, viernes 26 y s\u00e1bado 27 de septiembre. El encuentro reuni\u00f3 a autoridades nacionales, provinciales y municipales de ambos pa\u00edses, con el objetivo de fortalecer el trabajo conjunto y potenciar el v\u00ednculo a ambos lados de la Cordillera.<\/em> <\/p>\n\n\n\n<p><em>En representaci\u00f3n de Malarg\u00fce participaron los Concejales Francisco Parada, Pablo Cabrera, Emilce Mansilla, Elizabeth Gonz\u00e1lez y Viviana Mosca, acompa\u00f1ados por el Gobernador Alfredo Cornejo, el Intendente Celso Jaque<\/em> y Legisladoras por el 4to Distrito.<\/p>\n\n\n<div class=\"wp-block-image\">\n<figure class=\"aligncenter size-large\"><img loading=\"lazy\" decoding=\"async\" width=\"1024\" height=\"645\" src=\"https:\/\/hcd.malargue.gov.ar\/wp-content\/uploads\/2025\/10\/WhatsApp-Image-2025-09-25-at-18.40.00-3-1024x645.jpeg\" alt=\"\" class=\"wp-image-39533\" srcset=\"https:\/\/hcd.malargue.gov.ar\/wp-content\/uploads\/2025\/10\/WhatsApp-Image-2025-09-25-at-18.40.00-3-1024x645.jpeg 1024w, https:\/\/hcd.malargue.gov.ar\/wp-content\/uploads\/2025\/10\/WhatsApp-Image-2025-09-25-at-18.40.00-3-300x189.jpeg 300w, https:\/\/hcd.malargue.gov.ar\/wp-content\/uploads\/2025\/10\/WhatsApp-Image-2025-09-25-at-18.40.00-3-768x484.jpeg 768w, https:\/\/hcd.malargue.gov.ar\/wp-content\/uploads\/2025\/10\/WhatsApp-Image-2025-09-25-at-18.40.00-3.jpeg 1069w\" sizes=\"auto, (max-width: 1024px) 100vw, 1024px\" \/><\/figure>\n<\/div>\n\n\n<p><em>Durante las tres jornadas se llevaron adelante diversas actividades, entre ellas la visita a la empresa Paicav\u00ed S.A. en la comuna de Pencahue, la firma de un acta compromiso en Iloca y el trabajo en comisiones. Adem\u00e1s, los participantes recorrieron la Bodega Concha y Toro, ubicada en Maule, uno de los tres Centros de investigaci\u00f3n e innovaci\u00f3n agr\u00edcola y enol\u00f3gica m\u00e1s importantes del mundo.<\/em><\/p>\n\n\n<div class=\"wp-block-image\">\n<figure class=\"alignright size-large is-resized\"><img loading=\"lazy\" decoding=\"async\" width=\"1024\" height=\"768\" src=\"https:\/\/hcd.malargue.gov.ar\/wp-content\/uploads\/2025\/10\/WhatsApp-Image-2025-09-26-at-12.09.54-1024x768.jpeg\" alt=\"\" class=\"wp-image-39534\" style=\"width:423px;height:auto\" srcset=\"https:\/\/hcd.malargue.gov.ar\/wp-content\/uploads\/2025\/10\/WhatsApp-Image-2025-09-26-at-12.09.54-1024x768.jpeg 1024w, https:\/\/hcd.malargue.gov.ar\/wp-content\/uploads\/2025\/10\/WhatsApp-Image-2025-09-26-at-12.09.54-300x225.jpeg 300w, https:\/\/hcd.malargue.gov.ar\/wp-content\/uploads\/2025\/10\/WhatsApp-Image-2025-09-26-at-12.09.54-768x576.jpeg 768w, https:\/\/hcd.malargue.gov.ar\/wp-content\/uploads\/2025\/10\/WhatsApp-Image-2025-09-26-at-12.09.54.jpeg 1280w\" sizes=\"auto, (max-width: 1024px) 100vw, 1024px\" \/><\/figure>\n<\/div>\n\n\n<p><em>El Comit\u00e9, que volvi\u00f3 a reunirse tras nueve a\u00f1os de ausencia, permiti\u00f3 debatir mejoras en el tr\u00e1nsito fronterizo y promover el intercambio econ\u00f3mico, social y cultural. El cierre incluy\u00f3 la presentaci\u00f3n de los acuerdos alcanzados en el marco del encuentro 2025.<\/em><\/p>\n\n\n\n<p><em>De regreso en Malarg\u00fce, los Concejales que participaron brindaron una conferencia de prensa para compartir un balance de la experiencia y los avances logrados.<\/em><\/p>\n\n\n\n<p>\ud83d\udc49 Pod\u00e9s ver el video completo ac\u00e1: <a href=\"https:\/\/www.facebook.com\/hcdmalargue\/videos\/677126761580366\">https:\/\/www.facebook.com\/hcdmalargue\/videos\/677126761580366<\/a><\/p>\n\n\n\n<p class=\"has-text-align-center\"><a href=\"http:\/\/\ud83d\udcf8 GALERIA DE FOTOS: https:\/\/www.facebook.com\/photo?fbid=1112300201075867&amp;set=pcb.1112319741073913\">\ud83d\udcf8 GALERIA DE FOTOS<\/a><\/p>\n","protected":false},"excerpt":{"rendered":"<p>El XXIV Comit\u00e9 de Integraci\u00f3n Pehuenche 2025 se desarroll\u00f3 en Talca, Chile, los d\u00edas jueves 25, viernes 26 y s\u00e1bado 27 de septiembre. El encuentro reuni\u00f3 a autoridades nacionales, provinciales y municipales de ambos pa\u00edses, con el objetivo de fortalecer el trabajo conjunto y potenciar el v\u00ednculo a ambos lados de la Cordillera. En representaci\u00f3n [&hellip;]<\/p>\n","protected":false},"author":5,"featured_media":39530,"comment_status":"closed","ping_status":"closed","sticky":false,"template":"","format":"standard","meta":{"footnotes":""},"categories":[52,33],"tags":[],"class_list":["post-39529","post","type-post","status-publish","format-standard","has-post-thumbnail","hentry","category-gacetillas","category-prensa"],"yoast_head":"<!-- This site is optimized with the Yoast SEO plugin v19.10 - https:\/\/yoast.com\/wordpress\/plugins\/seo\/ -->\n<title>\ud83c\udde6\ud83c\uddf7 CONCEJALES PARTICIPARON EN EL XXIV COMIT\u00c9 DE INTEGRACI\u00d3N PEHUENCHE 2025 \ud83c\udde8\ud83c\uddf1 - Malarg\u00fce HCD<\/title>\n<meta name=\"robots\" content=\"index, follow, max-snippet:-1, max-image-preview:large, max-video-preview:-1\" \/>\n<link rel=\"canonical\" href=\"https:\/\/hcd.malargue.gov.ar\/?p=39529\" \/>\n<meta property=\"og:locale\" content=\"es_ES\" \/>\n<meta property=\"og:type\" content=\"article\" \/>\n<meta property=\"og:title\" content=\"\ud83c\udde6\ud83c\uddf7 CONCEJALES PARTICIPARON EN EL XXIV COMIT\u00c9 DE INTEGRACI\u00d3N PEHUENCHE 2025 \ud83c\udde8\ud83c\uddf1 - Malarg\u00fce HCD\" \/>\n<meta property=\"og:description\" content=\"El XXIV Comit\u00e9 de Integraci\u00f3n Pehuenche 2025 se desarroll\u00f3 en Talca, Chile, los d\u00edas jueves 25, viernes 26 y s\u00e1bado 27 de septiembre. El encuentro reuni\u00f3 a autoridades nacionales, provinciales y municipales de ambos pa\u00edses, con el objetivo de fortalecer el trabajo conjunto y potenciar el v\u00ednculo a ambos lados de la Cordillera. En representaci\u00f3n [&hellip;]\" \/>\n<meta property=\"og:url\" content=\"https:\/\/hcd.malargue.gov.ar\/?p=39529\" \/>\n<meta property=\"og:site_name\" content=\"Malarg\u00fce HCD\" \/>\n<meta property=\"article:published_time\" content=\"2025-10-01T13:39:11+00:00\" \/>\n<meta property=\"article:modified_time\" content=\"2025-10-01T13:56:48+00:00\" \/>\n<meta property=\"og:image\" content=\"https:\/\/hcd.malargue.gov.ar\/wp-content\/uploads\/2025\/10\/WhatsApp-Image-2025-09-25-at-18.40.00-1.jpeg\" \/>\n\t<meta property=\"og:image:width\" content=\"1280\" \/>\n\t<meta property=\"og:image:height\" content=\"960\" \/>\n\t<meta property=\"og:image:type\" content=\"image\/jpeg\" \/>\n<meta name=\"author\" content=\"Belen Pedernera Ferragut\" \/>\n<meta name=\"twitter:card\" content=\"summary_large_image\" \/>\n<meta name=\"twitter:label1\" content=\"Escrito por\" \/>\n\t<meta name=\"twitter:data1\" content=\"Belen Pedernera Ferragut\" \/>\n\t<meta name=\"twitter:label2\" content=\"Tiempo de lectura\" \/>\n\t<meta name=\"twitter:data2\" content=\"2 minutos\" \/>\n<script type=\"application\/ld+json\" class=\"yoast-schema-graph\">{\"@context\":\"https:\/\/schema.org\",\"@graph\":[{\"@type\":\"WebPage\",\"@id\":\"https:\/\/hcd.malargue.gov.ar\/?p=39529\",\"url\":\"https:\/\/hcd.malargue.gov.ar\/?p=39529\",\"name\":\"\ud83c\udde6\ud83c\uddf7 CONCEJALES PARTICIPARON EN EL XXIV COMIT\u00c9 DE INTEGRACI\u00d3N PEHUENCHE 2025 \ud83c\udde8\ud83c\uddf1 - Malarg\u00fce HCD\",\"isPartOf\":{\"@id\":\"https:\/\/hcd.malargue.gov.ar\/#website\"},\"datePublished\":\"2025-10-01T13:39:11+00:00\",\"dateModified\":\"2025-10-01T13:56:48+00:00\",\"author\":{\"@id\":\"https:\/\/hcd.malargue.gov.ar\/#\/schema\/person\/3fd6bbab64edd703961b795156c955d0\"},\"breadcrumb\":{\"@id\":\"https:\/\/hcd.malargue.gov.ar\/?p=39529#breadcrumb\"},\"inLanguage\":\"es-AR\",\"potentialAction\":[{\"@type\":\"ReadAction\",\"target\":[\"https:\/\/hcd.malargue.gov.ar\/?p=39529\"]}]},{\"@type\":\"BreadcrumbList\",\"@id\":\"https:\/\/hcd.malargue.gov.ar\/?p=39529#breadcrumb\",\"itemListElement\":[{\"@type\":\"ListItem\",\"position\":1,\"name\":\"Inicio\",\"item\":\"https:\/\/hcd.malargue.gov.ar\/\"},{\"@type\":\"ListItem\",\"position\":2,\"name\":\"\ud83c\udde6\ud83c\uddf7 CONCEJALES PARTICIPARON EN EL XXIV COMIT\u00c9 DE INTEGRACI\u00d3N PEHUENCHE 2025 \ud83c\udde8\ud83c\uddf1\"}]},{\"@type\":\"WebSite\",\"@id\":\"https:\/\/hcd.malargue.gov.ar\/#website\",\"url\":\"https:\/\/hcd.malargue.gov.ar\/\",\"name\":\"Malarg\u00fce HCD\",\"description\":\"Malarg\u00fce Mendoza Argentina\",\"potentialAction\":[{\"@type\":\"SearchAction\",\"target\":{\"@type\":\"EntryPoint\",\"urlTemplate\":\"https:\/\/hcd.malargue.gov.ar\/?s={search_term_string}\"},\"query-input\":\"required name=search_term_string\"}],\"inLanguage\":\"es-AR\"},{\"@type\":\"Person\",\"@id\":\"https:\/\/hcd.malargue.gov.ar\/#\/schema\/person\/3fd6bbab64edd703961b795156c955d0\",\"name\":\"Belen Pedernera Ferragut\",\"image\":{\"@type\":\"ImageObject\",\"inLanguage\":\"es-AR\",\"@id\":\"https:\/\/hcd.malargue.gov.ar\/#\/schema\/person\/image\/\",\"url\":\"https:\/\/secure.gravatar.com\/avatar\/1054ffab3893de4bb3eb29bdd22f7e34b8537bf5d34d9dab311818154ad5b71f?s=96&d=mm&r=g\",\"contentUrl\":\"https:\/\/secure.gravatar.com\/avatar\/1054ffab3893de4bb3eb29bdd22f7e34b8537bf5d34d9dab311818154ad5b71f?s=96&d=mm&r=g\",\"caption\":\"Belen Pedernera Ferragut\"},\"url\":\"https:\/\/hcd.malargue.gov.ar\/?author=5\"}]}<\/script>\n<!-- \/ Yoast SEO plugin. -->","yoast_head_json":{"title":"\ud83c\udde6\ud83c\uddf7 CONCEJALES PARTICIPARON EN EL XXIV COMIT\u00c9 DE INTEGRACI\u00d3N PEHUENCHE 2025 \ud83c\udde8\ud83c\uddf1 - Malarg\u00fce HCD","robots":{"index":"index","follow":"follow","max-snippet":"max-snippet:-1","max-image-preview":"max-image-preview:large","max-video-preview":"max-video-preview:-1"},"canonical":"https:\/\/hcd.malargue.gov.ar\/?p=39529","og_locale":"es_ES","og_type":"article","og_title":"\ud83c\udde6\ud83c\uddf7 CONCEJALES PARTICIPARON EN EL XXIV COMIT\u00c9 DE INTEGRACI\u00d3N PEHUENCHE 2025 \ud83c\udde8\ud83c\uddf1 - Malarg\u00fce HCD","og_description":"El XXIV Comit\u00e9 de Integraci\u00f3n Pehuenche 2025 se desarroll\u00f3 en Talca, Chile, los d\u00edas jueves 25, viernes 26 y s\u00e1bado 27 de septiembre. El encuentro reuni\u00f3 a autoridades nacionales, provinciales y municipales de ambos pa\u00edses, con el objetivo de fortalecer el trabajo conjunto y potenciar el v\u00ednculo a ambos lados de la Cordillera. En representaci\u00f3n [&hellip;]","og_url":"https:\/\/hcd.malargue.gov.ar\/?p=39529","og_site_name":"Malarg\u00fce HCD","article_published_time":"2025-10-01T13:39:11+00:00","article_modified_time":"2025-10-01T13:56:48+00:00","og_image":[{"width":1280,"height":960,"url":"https:\/\/hcd.malargue.gov.ar\/wp-content\/uploads\/2025\/10\/WhatsApp-Image-2025-09-25-at-18.40.00-1.jpeg","type":"image\/jpeg"}],"author":"Belen Pedernera Ferragut","twitter_card":"summary_large_image","twitter_misc":{"Escrito por":"Belen Pedernera Ferragut","Tiempo de lectura":"2 minutos"},"schema":{"@context":"https:\/\/schema.org","@graph":[{"@type":"WebPage","@id":"https:\/\/hcd.malargue.gov.ar\/?p=39529","url":"https:\/\/hcd.malargue.gov.ar\/?p=39529","name":"\ud83c\udde6\ud83c\uddf7 CONCEJALES PARTICIPARON EN EL XXIV COMIT\u00c9 DE INTEGRACI\u00d3N PEHUENCHE 2025 \ud83c\udde8\ud83c\uddf1 - Malarg\u00fce HCD","isPartOf":{"@id":"https:\/\/hcd.malargue.gov.ar\/#website"},"datePublished":"2025-10-01T13:39:11+00:00","dateModified":"2025-10-01T13:56:48+00:00","author":{"@id":"https:\/\/hcd.malargue.gov.ar\/#\/schema\/person\/3fd6bbab64edd703961b795156c955d0"},"breadcrumb":{"@id":"https:\/\/hcd.malargue.gov.ar\/?p=39529#breadcrumb"},"inLanguage":"es-AR","potentialAction":[{"@type":"ReadAction","target":["https:\/\/hcd.malargue.gov.ar\/?p=39529"]}]},{"@type":"BreadcrumbList","@id":"https:\/\/hcd.malargue.gov.ar\/?p=39529#breadcrumb","itemListElement":[{"@type":"ListItem","position":1,"name":"Inicio","item":"https:\/\/hcd.malargue.gov.ar\/"},{"@type":"ListItem","position":2,"name":"\ud83c\udde6\ud83c\uddf7 CONCEJALES PARTICIPARON EN EL XXIV COMIT\u00c9 DE INTEGRACI\u00d3N PEHUENCHE 2025 \ud83c\udde8\ud83c\uddf1"}]},{"@type":"WebSite","@id":"https:\/\/hcd.malargue.gov.ar\/#website","url":"https:\/\/hcd.malargue.gov.ar\/","name":"Malarg\u00fce HCD","description":"Malarg\u00fce Mendoza Argentina","potentialAction":[{"@type":"SearchAction","target":{"@type":"EntryPoint","urlTemplate":"https:\/\/hcd.malargue.gov.ar\/?s={search_term_string}"},"query-input":"required name=search_term_string"}],"inLanguage":"es-AR"},{"@type":"Person","@id":"https:\/\/hcd.malargue.gov.ar\/#\/schema\/person\/3fd6bbab64edd703961b795156c955d0","name":"Belen Pedernera Ferragut","image":{"@type":"ImageObject","inLanguage":"es-AR","@id":"https:\/\/hcd.malargue.gov.ar\/#\/schema\/person\/image\/","url":"https:\/\/secure.gravatar.com\/avatar\/1054ffab3893de4bb3eb29bdd22f7e34b8537bf5d34d9dab311818154ad5b71f?s=96&d=mm&r=g","contentUrl":"https:\/\/secure.gravatar.com\/avatar\/1054ffab3893de4bb3eb29bdd22f7e34b8537bf5d34d9dab311818154ad5b71f?s=96&d=mm&r=g","caption":"Belen Pedernera Ferragut"},"url":"https:\/\/hcd.malargue.gov.ar\/?author=5"}]}},"_links":{"self":[{"href":"https:\/\/hcd.malargue.gov.ar\/index.php?rest_route=\/wp\/v2\/posts\/39529","targetHints":{"allow":["GET"]}}],"collection":[{"href":"https:\/\/hcd.malargue.gov.ar\/index.php?rest_route=\/wp\/v2\/posts"}],"about":[{"href":"https:\/\/hcd.malargue.gov.ar\/index.php?rest_route=\/wp\/v2\/types\/post"}],"author":[{"embeddable":true,"href":"https:\/\/hcd.malargue.gov.ar\/index.php?rest_route=\/wp\/v2\/users\/5"}],"replies":[{"embeddable":true,"href":"https:\/\/hcd.malargue.gov.ar\/index.php?rest_route=%2Fwp%2Fv2%2Fcomments&post=39529"}],"version-history":[{"count":3,"href":"https:\/\/hcd.malargue.gov.ar\/index.php?rest_route=\/wp\/v2\/posts\/39529\/revisions"}],"predecessor-version":[{"id":39538,"href":"https:\/\/hcd.malargue.gov.ar\/index.php?rest_route=\/wp\/v2\/posts\/39529\/revisions\/39538"}],"wp:featuredmedia":[{"embeddable":true,"href":"https:\/\/hcd.malargue.gov.ar\/index.php?rest_route=\/wp\/v2\/media\/39530"}],"wp:attachment":[{"href":"https:\/\/hcd.malargue.gov.ar\/index.php?rest_route=%2Fwp%2Fv2%2Fmedia&parent=39529"}],"wp:term":[{"taxonomy":"category","embeddable":true,"href":"https:\/\/hcd.malargue.gov.ar\/index.php?rest_route=%2Fwp%2Fv2%2Fcategories&post=39529"},{"taxonomy":"post_tag","embeddable":true,"href":"https:\/\/hcd.malargue.gov.ar\/index.php?rest_route=%2Fwp%2Fv2%2Ftags&post=39529"}],"curies":[{"name":"wp","href":"https:\/\/api.w.org\/{rel}","templated":true}]}}