{"id":39578,"date":"2025-10-14T11:25:38","date_gmt":"2025-10-14T14:25:38","guid":{"rendered":"https:\/\/hcd.malargue.gov.ar\/?p=39578"},"modified":"2025-10-14T11:25:43","modified_gmt":"2025-10-14T14:25:43","slug":"resolucion-n-346-2-025","status":"publish","type":"post","link":"https:\/\/hcd.malargue.gov.ar\/?p=39578","title":{"rendered":"RESOLUCI\u00d3N N\u00b0 346\/2.025"},"content":{"rendered":"\n<h4 class=\"wp-block-heading has-text-align-center\"><strong>El HCD declar\u00f3 de Inter\u00e9s Departamental el II Congreso de Formaci\u00f3n T\u00e9cnica \u201cInnovaci\u00f3n y Sostenibilidad para el Desarrollo Regional\u201d<\/strong><\/h4>\n\n\n\n<p><em>El Honorable Concejo Deliberante de Malarg\u00fce declar\u00f3 de Inter\u00e9s Departamental el II Congreso de Formaci\u00f3n T\u00e9cnica \u201cInnovaci\u00f3n y Sostenibilidad para el Desarrollo Regional\u201d, organizado por el Instituto de Educaci\u00f3n Superior N\u00b0 9-018 \u201cGobernador Celso Alejandro Jaque\u201d. El evento se desarroll\u00f3 los d\u00edas 2 y 3 de octubre en el Centro de Convenciones y Exposiciones Thesaurus.<\/em><\/p>\n\n\n\n<p><em>El Congreso reuni\u00f3 a estudiantes, t\u00e9cnicos y profesionales de distintas \u00e1reas de la Formaci\u00f3n T\u00e9cnica Superior, con el objetivo de fortalecer competencias y actualizar conocimientos en sinton\u00eda con las demandas del mercado laboral y los desaf\u00edos del desarrollo sostenible. Durante las dos jornadas se realizaron disertaciones magistrales y talleres interactivos orientados a sectores clave como miner\u00eda, hidrocarburos, energ\u00edas renovables, higiene y seguridad, log\u00edstica y desarrollo de software.<\/em><\/p>\n\n\n\n<p><em>La iniciativa destac\u00f3 la importancia de la Educaci\u00f3n T\u00e9cnica Profesional como motor de desarrollo sostenible y equitativo, promoviendo la inserci\u00f3n laboral y el avance profesional de los egresados. Asimismo, se subray\u00f3 el rol estrat\u00e9gico que cumple el Instituto 9-018 en la formaci\u00f3n de recursos humanos calificados para la matriz productiva local y provincial.<\/em><\/p>\n\n\n\n<p><em>El HCD reconoci\u00f3 la relevancia de este espacio de intercambio acad\u00e9mico y profesional, valorando el compromiso del equipo organizador por impulsar una propuesta que contribuye al fortalecimiento de la educaci\u00f3n t\u00e9cnica y al desarrollo socio-productivo de Malarg\u00fce y Mendoza.<\/em><\/p>\n\n\n\n<p class=\"has-text-align-center\"><strong>PIEZA LEGAL<\/strong><\/p>\n\n\n<div class=\"wp-block-image\">\n<figure class=\"alignright is-resized\"><a href=\"http:\/\/hcd.malargue.gov.ar\/2025\/Rs.%20346%202025%20Declaracion%20Congreso%20Formacion%20Tecnica.pdf\"><img loading=\"lazy\" decoding=\"async\" width=\"512\" height=\"512\" src=\"https:\/\/hcd.malargue.gov.ar\/wp-content\/uploads\/2018\/06\/PDF-JPG.jpg\" alt=\"\" class=\"wp-image-7950\" style=\"width:123px;height:auto\" srcset=\"https:\/\/hcd.malargue.gov.ar\/wp-content\/uploads\/2018\/06\/PDF-JPG.jpg 512w, https:\/\/hcd.malargue.gov.ar\/wp-content\/uploads\/2018\/06\/PDF-JPG-150x150.jpg 150w, https:\/\/hcd.malargue.gov.ar\/wp-content\/uploads\/2018\/06\/PDF-JPG-300x300.jpg 300w\" sizes=\"auto, (max-width: 512px) 100vw, 512px\" \/><\/a><\/figure>\n<\/div>\n\n\n<p><strong>AUTORA CONCEJAL VIVIANA MOSCA<\/strong><\/p>\n\n\n\n<p><strong>BLOQUE FRENTE CAMBIA MENDOZA<\/strong><\/p>\n\n\n\n<p>VISTO: El contenido del Expediente N\u00b0 6.037\/2.025-0. Bloque Frente Cambia Mendoza. Proyecto de Resoluci\u00f3n: Declarar de Inter\u00e9s Departamental el II Congreso de Formaci\u00f3n T\u00e9cnica \u201cInnovaci\u00f3n y Sostenibilidad para el Desarrollo Regional\u201d.<\/p>\n\n\n\n<p>El Congreso se llevar\u00e1 a cabo los d\u00edas 2 y 3 de octubre de 2.025, en el Centro de Convenciones y Exposiciones Thesaurus\u201d Malarg\u00fce, Mendoza.<\/p>\n\n\n\n<p>y;<\/p>\n\n\n\n<p>CONSIDERANDO: Que la Educaci\u00f3n y Formaci\u00f3n T\u00e9cnica Profesional constituye un eje fundamental para el desarrollo sostenible de los pa\u00edses y de las econom\u00edas regionales, asegurando la equidad y potenciando la productividad.<\/p>\n\n\n\n<p>Que el Instituto de Educaci\u00f3n Superior N\u00b0 9-018 &#8220;Gobernador Celso Aleandro Jaque&#8221; desempe\u00f1a un rol estrat\u00e9gico en Malarg\u00fce, al ofrecer Tecnicaturas Superiores en \u00e1reas vitales para la matriz productiva de la regi\u00f3n, tales como Miner\u00eda, Petr\u00f3leo y Gas, Higiene y Seguridad, Log\u00edstica, Desarrollo de Software, Turismo y Conservaci\u00f3n de la Naturaleza.<\/p>\n\n\n\n<p>Que el evento tiene como objetivo general fortalecer las competencias y actualizar los conocimientos de los egresados y estudiantes de las Tecnicaturas Superiores, en sinton\u00eda con las demandas del mercado laboral y los desaf\u00edos del desarrollo sostenible, promoviendo su inserci\u00f3n laboral y avance profesional.<\/p>\n\n\n\n<p>Que entre los objetivos espec\u00edficos se encuentra fomentar la actualizaci\u00f3n y el intercambio de conocimientos sobre tendencias, innovaciones y normativas en sectores claves, fortaleciendo el valor de la Formaci\u00f3n T\u00e9cnica Superior para el Desarrollo de Malarg\u00fce y Mendoza.<\/p>\n\n\n\n<p>Que el Congreso busca promover una visi\u00f3n integral sobre la contribuci\u00f3n fundamental de las tecnicaturas a la matriz productiva regional y a la transici\u00f3n hacia modelos m\u00e1s eficientes y respetuosos con el medio ambiente.<\/p>\n\n\n\n<p>Que se considera imperante revalorizar y jerarquizar la Educaci\u00f3n T\u00e9cnica en la Provincia, proyectando el impacto de sus egresados en el Desarrollo Socio-Productivo.<\/p>\n\n\n\n<p>Que la propuesta est\u00e1 dirigida a T\u00e9cnicos Superiores y Estudiantes Avanzados de diversas tecnicaturas afines, e incluye un formato intensivo de dos jornadas que combinan Disertaciones Magistrales con Talleres Paralelos e Interactivos.<\/p>\n\n\n\n<p>Que las tem\u00e1ticas a abordar en el Congreso son de suma importancia para el Departamento, incluyendo la sostenibilidad en el trabajo profesional, la implementaci\u00f3n de sistemas de gesti\u00f3n de seguridad y salud, la gesti\u00f3n ambiental en la actividad minera, el control de par\u00e1metros ambientales y la legislaci\u00f3n ambiental frente a desaf\u00edos.<\/p>\n\n\n\n<p>Que la instancia formativa tiene como alcance familiarizar a los participantes con las \u00faltimas tendencias, innovaciones tecnol\u00f3gicas y marcos normativos en sectores estrat\u00e9gicos como miner\u00eda, hidrocarburos, energ\u00edas renovables, higiene y seguridad, log\u00edstica y desarrollo de software.<\/p>\n\n\n\n<p>Que el evento cuenta con la participaci\u00f3n de especialistas de alto nivel acad\u00e9mico, gubernamental e industrial, abordando incluso la necesidad de sensibilizar e introducir las habilidades blandas esenciales para el desempe\u00f1o profesional en un entorno cambiante.<\/p>\n\n\n\n<p>Que en virtud de su relevancia educativa, productiva y de desarrollo territorial para el Departamento de Malarg\u00fce, corresponde Declarar de Inter\u00e9s Departamental la realizaci\u00f3n de este encuentro.<\/p>\n\n\n\n<p>EL HONORABLE CONCEJO DELIBERANTE DE LA MUNICIPALIDAD DE MALARG\u00dcE EN USO DE LAS FACULTADES QUE LE SON PROPIAS<\/p>\n\n\n\n<p>RESUELVE<\/p>\n\n\n\n<p>ARTICULO 1\u00b0: Declarar de Inter\u00e9s Departamental el II Congreso de Formaci\u00f3n T\u00e9cnica, Innovaci\u00f3n y Sostenibilidad para el Desarrollo Regional, organizado por el Instituto de Educaci\u00f3n Superior N\u00ba 9-018 \u201cGobernador Celso Alejandro Jaque\u201d, a desarrollarse los d\u00edas 2 y 3 de octubre de 2.025, en el Centro de Convenciones y Exposiciones Thesaurus de nuestro Departamento.<\/p>\n\n\n\n<p>ART\u00cdCULO 2\u00ba: Reconocer el valor estrat\u00e9gico y la contribuci\u00f3n del Instituto de Educaci\u00f3n Superior N\u00ba 9-018 \u201cGobernador Celso Alejandro Jaque\u201d, y del equipo responsable de la elaboraci\u00f3n e implementaci\u00f3n, por generar una instancia formativa clave para el fortalecimiento de la Formaci\u00f3n T\u00e9cnica Superior y el Desarrollo Socio Productivo de Malarg\u00fce y la Provincia de Mendoza.<\/p>\n\n\n\n<p>ART\u00cdCULO 3\u00ba: Remitir copia de la presente Resoluci\u00f3n a la Instituci\u00f3n organizadora, a los Responsables de la Instituci\u00f3n, Prof. Marcelo Garc\u00eda y Prof. Flavia Jaque y a los Responsables de la elaboraci\u00f3n de la propuesta.<\/p>\n\n\n\n<p>ART\u00cdCULO 4\u00ba: Comun\u00edquese, reg\u00edstrese, agr\u00e9guese copia de la presente en las actuaciones correspondientes y arch\u00edvese.<\/p>\n\n\n\n<p>DADA EN LA SALA DE SESIONES DR.&nbsp; RICARDO BALBIN DEL HONORABLE CONCEJO DELIBERANTE DE LA MUNICIPALIDAD DE MALARG\u00dcE A DOS D\u00cdAS DE OCTUBRE DE DOS MIL VEINTICINCO<\/p>\n","protected":false},"excerpt":{"rendered":"<p>El HCD declar\u00f3 de Inter\u00e9s Departamental el II Congreso de Formaci\u00f3n T\u00e9cnica \u201cInnovaci\u00f3n y Sostenibilidad para el Desarrollo Regional\u201d El Honorable Concejo Deliberante de Malarg\u00fce declar\u00f3 de Inter\u00e9s Departamental el II Congreso de Formaci\u00f3n T\u00e9cnica \u201cInnovaci\u00f3n y Sostenibilidad para el Desarrollo Regional\u201d, organizado por el Instituto de Educaci\u00f3n Superior N\u00b0 9-018 \u201cGobernador Celso Alejandro Jaque\u201d. [&hellip;]<\/p>\n","protected":false},"author":5,"featured_media":39579,"comment_status":"closed","ping_status":"closed","sticky":false,"template":"","format":"standard","meta":{"footnotes":""},"categories":[52,29,33,51],"tags":[],"class_list":["post-39578","post","type-post","status-publish","format-standard","has-post-thumbnail","hentry","category-gacetillas","category-lesgilacion","category-prensa","category-resoluciones"],"yoast_head":"<!-- This site is optimized with the Yoast SEO plugin v19.10 - https:\/\/yoast.com\/wordpress\/plugins\/seo\/ -->\n<title>RESOLUCI\u00d3N N\u00b0 346\/2.025 - Malarg\u00fce HCD<\/title>\n<meta name=\"robots\" content=\"index, follow, max-snippet:-1, max-image-preview:large, max-video-preview:-1\" \/>\n<link rel=\"canonical\" href=\"https:\/\/hcd.malargue.gov.ar\/?p=39578\" \/>\n<meta property=\"og:locale\" content=\"es_ES\" \/>\n<meta property=\"og:type\" content=\"article\" \/>\n<meta property=\"og:title\" content=\"RESOLUCI\u00d3N N\u00b0 346\/2.025 - Malarg\u00fce HCD\" \/>\n<meta property=\"og:description\" content=\"El HCD declar\u00f3 de Inter\u00e9s Departamental el II Congreso de Formaci\u00f3n T\u00e9cnica \u201cInnovaci\u00f3n y Sostenibilidad para el Desarrollo Regional\u201d El Honorable Concejo Deliberante de Malarg\u00fce declar\u00f3 de Inter\u00e9s Departamental el II Congreso de Formaci\u00f3n T\u00e9cnica \u201cInnovaci\u00f3n y Sostenibilidad para el Desarrollo Regional\u201d, organizado por el Instituto de Educaci\u00f3n Superior N\u00b0 9-018 \u201cGobernador Celso Alejandro Jaque\u201d. [&hellip;]\" \/>\n<meta property=\"og:url\" content=\"https:\/\/hcd.malargue.gov.ar\/?p=39578\" \/>\n<meta property=\"og:site_name\" content=\"Malarg\u00fce HCD\" \/>\n<meta property=\"article:published_time\" content=\"2025-10-14T14:25:38+00:00\" \/>\n<meta property=\"article:modified_time\" content=\"2025-10-14T14:25:43+00:00\" \/>\n<meta property=\"og:image\" content=\"https:\/\/hcd.malargue.gov.ar\/wp-content\/uploads\/2025\/10\/RESOLUCION-346-2025.png\" \/>\n\t<meta property=\"og:image:width\" content=\"940\" \/>\n\t<meta property=\"og:image:height\" content=\"788\" \/>\n\t<meta property=\"og:image:type\" content=\"image\/png\" \/>\n<meta name=\"author\" content=\"Belen Pedernera Ferragut\" \/>\n<meta name=\"twitter:card\" content=\"summary_large_image\" \/>\n<meta name=\"twitter:label1\" content=\"Escrito por\" \/>\n\t<meta name=\"twitter:data1\" content=\"Belen Pedernera Ferragut\" \/>\n\t<meta name=\"twitter:label2\" content=\"Tiempo de lectura\" \/>\n\t<meta name=\"twitter:data2\" content=\"5 minutos\" \/>\n<script type=\"application\/ld+json\" class=\"yoast-schema-graph\">{\"@context\":\"https:\/\/schema.org\",\"@graph\":[{\"@type\":\"WebPage\",\"@id\":\"https:\/\/hcd.malargue.gov.ar\/?p=39578\",\"url\":\"https:\/\/hcd.malargue.gov.ar\/?p=39578\",\"name\":\"RESOLUCI\u00d3N N\u00b0 346\/2.025 - Malarg\u00fce HCD\",\"isPartOf\":{\"@id\":\"https:\/\/hcd.malargue.gov.ar\/#website\"},\"datePublished\":\"2025-10-14T14:25:38+00:00\",\"dateModified\":\"2025-10-14T14:25:43+00:00\",\"author\":{\"@id\":\"https:\/\/hcd.malargue.gov.ar\/#\/schema\/person\/3fd6bbab64edd703961b795156c955d0\"},\"breadcrumb\":{\"@id\":\"https:\/\/hcd.malargue.gov.ar\/?p=39578#breadcrumb\"},\"inLanguage\":\"es-AR\",\"potentialAction\":[{\"@type\":\"ReadAction\",\"target\":[\"https:\/\/hcd.malargue.gov.ar\/?p=39578\"]}]},{\"@type\":\"BreadcrumbList\",\"@id\":\"https:\/\/hcd.malargue.gov.ar\/?p=39578#breadcrumb\",\"itemListElement\":[{\"@type\":\"ListItem\",\"position\":1,\"name\":\"Inicio\",\"item\":\"https:\/\/hcd.malargue.gov.ar\/\"},{\"@type\":\"ListItem\",\"position\":2,\"name\":\"RESOLUCI\u00d3N N\u00b0 346\/2.025\"}]},{\"@type\":\"WebSite\",\"@id\":\"https:\/\/hcd.malargue.gov.ar\/#website\",\"url\":\"https:\/\/hcd.malargue.gov.ar\/\",\"name\":\"Malarg\u00fce HCD\",\"description\":\"Malarg\u00fce Mendoza Argentina\",\"potentialAction\":[{\"@type\":\"SearchAction\",\"target\":{\"@type\":\"EntryPoint\",\"urlTemplate\":\"https:\/\/hcd.malargue.gov.ar\/?s={search_term_string}\"},\"query-input\":\"required name=search_term_string\"}],\"inLanguage\":\"es-AR\"},{\"@type\":\"Person\",\"@id\":\"https:\/\/hcd.malargue.gov.ar\/#\/schema\/person\/3fd6bbab64edd703961b795156c955d0\",\"name\":\"Belen Pedernera Ferragut\",\"image\":{\"@type\":\"ImageObject\",\"inLanguage\":\"es-AR\",\"@id\":\"https:\/\/hcd.malargue.gov.ar\/#\/schema\/person\/image\/\",\"url\":\"https:\/\/secure.gravatar.com\/avatar\/1054ffab3893de4bb3eb29bdd22f7e34b8537bf5d34d9dab311818154ad5b71f?s=96&d=mm&r=g\",\"contentUrl\":\"https:\/\/secure.gravatar.com\/avatar\/1054ffab3893de4bb3eb29bdd22f7e34b8537bf5d34d9dab311818154ad5b71f?s=96&d=mm&r=g\",\"caption\":\"Belen Pedernera Ferragut\"},\"url\":\"https:\/\/hcd.malargue.gov.ar\/?author=5\"}]}<\/script>\n<!-- \/ Yoast SEO plugin. -->","yoast_head_json":{"title":"RESOLUCI\u00d3N N\u00b0 346\/2.025 - Malarg\u00fce HCD","robots":{"index":"index","follow":"follow","max-snippet":"max-snippet:-1","max-image-preview":"max-image-preview:large","max-video-preview":"max-video-preview:-1"},"canonical":"https:\/\/hcd.malargue.gov.ar\/?p=39578","og_locale":"es_ES","og_type":"article","og_title":"RESOLUCI\u00d3N N\u00b0 346\/2.025 - Malarg\u00fce HCD","og_description":"El HCD declar\u00f3 de Inter\u00e9s Departamental el II Congreso de Formaci\u00f3n T\u00e9cnica \u201cInnovaci\u00f3n y Sostenibilidad para el Desarrollo Regional\u201d El Honorable Concejo Deliberante de Malarg\u00fce declar\u00f3 de Inter\u00e9s Departamental el II Congreso de Formaci\u00f3n T\u00e9cnica \u201cInnovaci\u00f3n y Sostenibilidad para el Desarrollo Regional\u201d, organizado por el Instituto de Educaci\u00f3n Superior N\u00b0 9-018 \u201cGobernador Celso Alejandro Jaque\u201d. [&hellip;]","og_url":"https:\/\/hcd.malargue.gov.ar\/?p=39578","og_site_name":"Malarg\u00fce HCD","article_published_time":"2025-10-14T14:25:38+00:00","article_modified_time":"2025-10-14T14:25:43+00:00","og_image":[{"width":940,"height":788,"url":"https:\/\/hcd.malargue.gov.ar\/wp-content\/uploads\/2025\/10\/RESOLUCION-346-2025.png","type":"image\/png"}],"author":"Belen Pedernera Ferragut","twitter_card":"summary_large_image","twitter_misc":{"Escrito por":"Belen Pedernera Ferragut","Tiempo de lectura":"5 minutos"},"schema":{"@context":"https:\/\/schema.org","@graph":[{"@type":"WebPage","@id":"https:\/\/hcd.malargue.gov.ar\/?p=39578","url":"https:\/\/hcd.malargue.gov.ar\/?p=39578","name":"RESOLUCI\u00d3N N\u00b0 346\/2.025 - Malarg\u00fce HCD","isPartOf":{"@id":"https:\/\/hcd.malargue.gov.ar\/#website"},"datePublished":"2025-10-14T14:25:38+00:00","dateModified":"2025-10-14T14:25:43+00:00","author":{"@id":"https:\/\/hcd.malargue.gov.ar\/#\/schema\/person\/3fd6bbab64edd703961b795156c955d0"},"breadcrumb":{"@id":"https:\/\/hcd.malargue.gov.ar\/?p=39578#breadcrumb"},"inLanguage":"es-AR","potentialAction":[{"@type":"ReadAction","target":["https:\/\/hcd.malargue.gov.ar\/?p=39578"]}]},{"@type":"BreadcrumbList","@id":"https:\/\/hcd.malargue.gov.ar\/?p=39578#breadcrumb","itemListElement":[{"@type":"ListItem","position":1,"name":"Inicio","item":"https:\/\/hcd.malargue.gov.ar\/"},{"@type":"ListItem","position":2,"name":"RESOLUCI\u00d3N N\u00b0 346\/2.025"}]},{"@type":"WebSite","@id":"https:\/\/hcd.malargue.gov.ar\/#website","url":"https:\/\/hcd.malargue.gov.ar\/","name":"Malarg\u00fce HCD","description":"Malarg\u00fce Mendoza Argentina","potentialAction":[{"@type":"SearchAction","target":{"@type":"EntryPoint","urlTemplate":"https:\/\/hcd.malargue.gov.ar\/?s={search_term_string}"},"query-input":"required name=search_term_string"}],"inLanguage":"es-AR"},{"@type":"Person","@id":"https:\/\/hcd.malargue.gov.ar\/#\/schema\/person\/3fd6bbab64edd703961b795156c955d0","name":"Belen Pedernera Ferragut","image":{"@type":"ImageObject","inLanguage":"es-AR","@id":"https:\/\/hcd.malargue.gov.ar\/#\/schema\/person\/image\/","url":"https:\/\/secure.gravatar.com\/avatar\/1054ffab3893de4bb3eb29bdd22f7e34b8537bf5d34d9dab311818154ad5b71f?s=96&d=mm&r=g","contentUrl":"https:\/\/secure.gravatar.com\/avatar\/1054ffab3893de4bb3eb29bdd22f7e34b8537bf5d34d9dab311818154ad5b71f?s=96&d=mm&r=g","caption":"Belen Pedernera Ferragut"},"url":"https:\/\/hcd.malargue.gov.ar\/?author=5"}]}},"_links":{"self":[{"href":"https:\/\/hcd.malargue.gov.ar\/index.php?rest_route=\/wp\/v2\/posts\/39578","targetHints":{"allow":["GET"]}}],"collection":[{"href":"https:\/\/hcd.malargue.gov.ar\/index.php?rest_route=\/wp\/v2\/posts"}],"about":[{"href":"https:\/\/hcd.malargue.gov.ar\/index.php?rest_route=\/wp\/v2\/types\/post"}],"author":[{"embeddable":true,"href":"https:\/\/hcd.malargue.gov.ar\/index.php?rest_route=\/wp\/v2\/users\/5"}],"replies":[{"embeddable":true,"href":"https:\/\/hcd.malargue.gov.ar\/index.php?rest_route=%2Fwp%2Fv2%2Fcomments&post=39578"}],"version-history":[{"count":1,"href":"https:\/\/hcd.malargue.gov.ar\/index.php?rest_route=\/wp\/v2\/posts\/39578\/revisions"}],"predecessor-version":[{"id":39580,"href":"https:\/\/hcd.malargue.gov.ar\/index.php?rest_route=\/wp\/v2\/posts\/39578\/revisions\/39580"}],"wp:featuredmedia":[{"embeddable":true,"href":"https:\/\/hcd.malargue.gov.ar\/index.php?rest_route=\/wp\/v2\/media\/39579"}],"wp:attachment":[{"href":"https:\/\/hcd.malargue.gov.ar\/index.php?rest_route=%2Fwp%2Fv2%2Fmedia&parent=39578"}],"wp:term":[{"taxonomy":"category","embeddable":true,"href":"https:\/\/hcd.malargue.gov.ar\/index.php?rest_route=%2Fwp%2Fv2%2Fcategories&post=39578"},{"taxonomy":"post_tag","embeddable":true,"href":"https:\/\/hcd.malargue.gov.ar\/index.php?rest_route=%2Fwp%2Fv2%2Ftags&post=39578"}],"curies":[{"name":"wp","href":"https:\/\/api.w.org\/{rel}","templated":true}]}}