{"id":39581,"date":"2025-10-14T11:47:35","date_gmt":"2025-10-14T14:47:35","guid":{"rendered":"https:\/\/hcd.malargue.gov.ar\/?p=39581"},"modified":"2025-10-14T11:52:50","modified_gmt":"2025-10-14T14:52:50","slug":"ordenanza-n-2-347-2-025","status":"publish","type":"post","link":"https:\/\/hcd.malargue.gov.ar\/?p=39581","title":{"rendered":"ORDENANZA N\u00b0 2.347\/2.025"},"content":{"rendered":"\n<h4 class=\"wp-block-heading has-text-align-center\"><strong>El HCD aprob\u00f3 la colocaci\u00f3n de sem\u00e1foros en la intersecci\u00f3n de Ruta 40 Sur y Ren\u00e9 Favaloro<\/strong><\/h4>\n\n\n\n<p><em>El Honorable Concejo Deliberante de Malarg\u00fce aprob\u00f3 la Ordenanza N\u00b0 2.347\/2.025, mediante la cual se dispone la colocaci\u00f3n de sem\u00e1foros en las intersecciones de la Avenida General San Mart\u00edn Sur (Ruta Nacional N\u00b0 40 Sur) con las calles Ren\u00e9 Favaloro y Julio Eidels, con el objetivo de mejorar la seguridad vial en uno de los sectores de mayor crecimiento urbano del Departamento.<\/em><\/p>\n\n\n\n<p><em>La medida surge a partir de la solicitud formal de la Escuela N\u00b0 4-228 \u201cIng. Eugenio Izsaky\u201d, que a trav\u00e9s de su Direcci\u00f3n hab\u00eda pedido la intervenci\u00f3n del Cuerpo Deliberativo ante el incremento del tr\u00e1nsito vehicular y peatonal en la zona, especialmente tras la inauguraci\u00f3n de su nuevo edificio.<\/em><\/p>\n\n\n\n<p><em>El crecimiento demogr\u00e1fico hacia el sur de la ciudad, sumado al aumento constante de la circulaci\u00f3n por la Ruta 40, ha generado dificultades para los vecinos de barrios como Procrear, 60\u00b0 Aniversario, Colonia H\u00edpica e Independencia, quienes manifestaron la necesidad urgente de medidas que garanticen un tr\u00e1nsito m\u00e1s seguro.<\/em><\/p>\n\n\n\n<p><em>La Ordenanza reconoce que la falta de una rotonda u obra vial que regule el flujo vehicular representa un riesgo para automovilistas y peatones, por lo que la instalaci\u00f3n de sem\u00e1foros se establece como una soluci\u00f3n inmediata y prioritaria hasta tanto se implementen obras integrales de ordenamiento.<\/em><\/p>\n\n\n\n<p><em>Asimismo, se instruye al Departamento Ejecutivo Municipal a realizar las gestiones necesarias ante Vialidad Nacional y Provincial para obtener los permisos correspondientes y prever en el presupuesto municipal las partidas destinadas a la adquisici\u00f3n e instalaci\u00f3n de los equipos y se\u00f1al\u00e9tica complementaria.<\/em><\/p>\n\n\n\n<p><em>Con esta medida, el HCD reafirma su compromiso con la seguridad vial y la planificaci\u00f3n urbana, promoviendo acciones concretas que contribuyan a una movilidad m\u00e1s ordenada y segura para todos los vecinos de Malarg\u00fce.<\/em><\/p>\n\n\n\n<p class=\"has-text-align-center\"><strong>PIEZA LEGAL<\/strong><\/p>\n\n\n<div class=\"wp-block-image\">\n<figure class=\"alignright is-resized\"><a href=\"http:\/\/hcd.malargue.gov.ar\/2025\/On%202347%202025%20semaforos%20Ruta%2040.pdf\"><img loading=\"lazy\" decoding=\"async\" width=\"512\" height=\"512\" src=\"https:\/\/hcd.malargue.gov.ar\/wp-content\/uploads\/2018\/06\/PDF-JPG.jpg\" alt=\"\" class=\"wp-image-7950\" style=\"width:125px;height:auto\" srcset=\"https:\/\/hcd.malargue.gov.ar\/wp-content\/uploads\/2018\/06\/PDF-JPG.jpg 512w, https:\/\/hcd.malargue.gov.ar\/wp-content\/uploads\/2018\/06\/PDF-JPG-150x150.jpg 150w, https:\/\/hcd.malargue.gov.ar\/wp-content\/uploads\/2018\/06\/PDF-JPG-300x300.jpg 300w\" sizes=\"auto, (max-width: 512px) 100vw, 512px\" \/><\/a><\/figure>\n<\/div>\n\n\n<p><strong>AUTORA CONCEJAL VIVIANA MOSCA<\/strong><\/p>\n\n\n\n<p><strong>BLOQUE FRENTE CAMBIA MENDOZA<\/strong><\/p>\n\n\n\n<p>VISTO: El contenido del Expediente N\u00b0 5.579\/2.025-0. Bloque Frente Cambia Mendoza Proyecto de Ordenanza: Colocar sem\u00e1foros en la intersecci\u00f3n Ruta 40 Sur y calle Ren\u00e9 Favaloro.<\/p>\n\n\n\n<p>El Expediente N\u00b0 5.913\/2025-0, proveniente de la Solicitud N\u00b0 11.241\/2025 Direcci\u00f3n de la Escuela N\u00ba 4-228. Ing. Eugenio Izsaky, solicita intermediaci\u00f3n del Cuerpo para gestionar la instalaci\u00f3n de un sem\u00e1foro en la intersecci\u00f3n de la Ruta Nacional N\u00b0 40 y calle Julio Eidels.<\/p>\n\n\n\n<p>La notoria dificultad de circulaci\u00f3n por la Avenida General San Mart\u00edn Sur (Ruta Nacional N\u00b0 40 Sur) y las intersecciones de Calles Rene Favaloro y Julio Eidels.<\/p>\n\n\n\n<p>y,<\/p>\n\n\n\n<p>CONSIDERANDO: Que el crecimiento demogr\u00e1fico registrado hacia el sector sur del Departamento de Malarg\u00fce ha generado un notorio incremento del tr\u00e1nsito vehicular y peatonal, provocando dificultades tanto para quienes deben acceder a la zona urbana sur-este como para quienes circulan por la Ruta Nacional N\u00b0 40 Sur.<\/p>\n\n\n\n<p>Que la calle Ren\u00e9 Favaloro constituye una arteria fundamental de ingreso a los barrios Procrear, 60\u00b0 Aniversario, Colonia H\u00edpica, Independencia y sectores aleda\u00f1os.<\/p>\n\n\n\n<p>Que la ausencia de medidas de regulaci\u00f3n y ordenamiento del tr\u00e1nsito en dicha zona representa un riesgo considerable para la seguridad vial, pudiendo derivar en siniestros de diversa gravedad.<\/p>\n\n\n\n<p>Que se han recibido reiteradas quejas de vecinos de los barrios y zonas mencionadas, quienes manifiestan la dificultad para desplazarse con seguridad por temor a sufrir accidentes, situaci\u00f3n que tambi\u00e9n afecta a transportistas, personal de empresas, turistas y dem\u00e1s usuarios de la v\u00eda p\u00fablica.<\/p>\n\n\n\n<p>Que es deber de la Municipalidad de Malarg\u00fce garantizar a la ciudadan\u00eda condiciones adecuadas de seguridad vial, implementando pol\u00edticas p\u00fablicas que mejoren la calidad de vida y la movilidad urbana, asegurando un tr\u00e1nsito ordenado y seguro para peatones, ciclistas, motociclistas, automovilistas, transporte p\u00fablico, camiones y ambulancias.<\/p>\n\n\n\n<p>Que ante la inexistencia de una rotonda u obra vial que regule el tr\u00e1nsito en dicha intersecci\u00f3n, la colocaci\u00f3n de sem\u00e1foros se presenta como la medida m\u00e1s adecuada y urgente, hasta tanto se ejecuten futuras obras de mejora sobre la Ruta Nacional N\u00b0 40 Sur que incluyan una soluci\u00f3n integral de ordenamiento vial.<\/p>\n\n\n\n<p>Que la reciente inauguraci\u00f3n del nuevo edificio de la Escuela N\u00b0 4-228 \u201cIng. Eugenio Izsaky\u201d ha incrementado notablemente el flujo vehicular y peatonal en el sector, haciendo necesario un tratamiento prioritario de la problem\u00e1tica;<\/p>\n\n\n\n<p>Que la comunidad educativa, encabezada por sus directivos, ha solicitado la intervenci\u00f3n de este Honorable Cuerpo, promoviendo adem\u00e1s la colocaci\u00f3n de carteler\u00eda y otras medidas complementarias que contribuyan a una gesti\u00f3n integral y segura del tr\u00e1nsito en la zona.<\/p>\n\n\n\n<p>EL HONORABLE CONCEJO DELIBERANTE DE LA MUNICIPALIDAD DE MALARG\u00dcE EN USO DE LAS FACULTADES QUE LE SON PROPIAS.<\/p>\n\n\n\n<p>ORDENA<\/p>\n\n\n\n<p>ART\u00cdCULO 1\u00b0: Col\u00f3quense sem\u00e1foros en las intersecciones de la Av. Gral. San Martin Sur (Ruta Nacional N\u00b0 40 Sur) y Calles Ren\u00e9 Favaloro y Julio Eidels de la Ciudad de Malarg\u00fce, en cumplimiento de las facultades que la Ley N\u00b0 1.079\/1934 Org\u00e1nica de las Municipalidades, reconoce a los municipios en materia de seguridad vial y ordenamiento del tr\u00e1nsito.<\/p>\n\n\n\n<p>ART\u00cdCULO 2\u00b0: Instr\u00fayase al Departamento Ejecutivo Municipal a realizar las gestiones necesarias ante la Direcci\u00f3n Nacional de Vialidad Nacional y\/o la Direcci\u00f3n Provincial de Vialidad o el organismo que en el futuro corresponda &#8211; a fin de obtener las autorizaciones y permisos pertinentes para la concreci\u00f3n de la obra-.<\/p>\n\n\n\n<p>ART\u00cdCULO 3\u00b0: Prev\u00e9ase seg\u00fan la Ordenanza N\u00b0 2.319\/2025, o el pr\u00f3ximo presupuesto del a\u00f1o 2.026 que sea aprobado por el Honorable Concejo Deliberante de Malarg\u00fce, las partidas necesarias para la adjudicaci\u00f3n y colocaci\u00f3n de los sem\u00e1foros y se\u00f1al\u00e9tica correspondientes.<\/p>\n\n\n\n<p>ART\u00cdCULO 4\u00b0: Fac\u00faltese al Departamento Ejecutivo Municipal a gestionar ante la Provincia o la Naci\u00f3n, el reintegro de las inversiones realizadas en concepto de compensaci\u00f3n por la obra ejecutada.<\/p>\n\n\n\n<p>ART\u00cdCULO 5\u00b0: Comun\u00edquese, reg\u00edstrese, c\u00famplase, publ\u00edquese, agr\u00e9guese copia de la presente en las actuaciones correspondientes y arch\u00edvese.<\/p>\n\n\n\n<p>DADA EN LA SALA DE SESIONES DR.&nbsp; RICARDO BALBIN DEL HONORABLE CONCEJO DELIBERANTE DE LA MUNICIPALIDAD DE MALARG\u00dcE A DOS D\u00cdAS DE OCTUBRE DE DOS MIL VEINTICINCO<\/p>\n","protected":false},"excerpt":{"rendered":"<p>El HCD aprob\u00f3 la colocaci\u00f3n de sem\u00e1foros en la intersecci\u00f3n de Ruta 40 Sur y Ren\u00e9 Favaloro El Honorable Concejo Deliberante de Malarg\u00fce aprob\u00f3 la Ordenanza N\u00b0 2.347\/2.025, mediante la cual se dispone la colocaci\u00f3n de sem\u00e1foros en las intersecciones de la Avenida General San Mart\u00edn Sur (Ruta Nacional N\u00b0 40 Sur) con las calles [&hellip;]<\/p>\n","protected":false},"author":5,"featured_media":39582,"comment_status":"closed","ping_status":"closed","sticky":false,"template":"","format":"standard","meta":{"footnotes":""},"categories":[52,29,48,33],"tags":[],"class_list":["post-39581","post","type-post","status-publish","format-standard","has-post-thumbnail","hentry","category-gacetillas","category-lesgilacion","category-ordenanzas-municipales","category-prensa"],"yoast_head":"<!-- This site is optimized with the Yoast SEO plugin v19.10 - https:\/\/yoast.com\/wordpress\/plugins\/seo\/ -->\n<title>ORDENANZA N\u00b0 2.347\/2.025 - Malarg\u00fce HCD<\/title>\n<meta name=\"robots\" content=\"index, follow, max-snippet:-1, max-image-preview:large, max-video-preview:-1\" \/>\n<link rel=\"canonical\" href=\"https:\/\/hcd.malargue.gov.ar\/?p=39581\" \/>\n<meta property=\"og:locale\" content=\"es_ES\" \/>\n<meta property=\"og:type\" content=\"article\" \/>\n<meta property=\"og:title\" content=\"ORDENANZA N\u00b0 2.347\/2.025 - Malarg\u00fce HCD\" \/>\n<meta property=\"og:description\" content=\"El HCD aprob\u00f3 la colocaci\u00f3n de sem\u00e1foros en la intersecci\u00f3n de Ruta 40 Sur y Ren\u00e9 Favaloro El Honorable Concejo Deliberante de Malarg\u00fce aprob\u00f3 la Ordenanza N\u00b0 2.347\/2.025, mediante la cual se dispone la colocaci\u00f3n de sem\u00e1foros en las intersecciones de la Avenida General San Mart\u00edn Sur (Ruta Nacional N\u00b0 40 Sur) con las calles [&hellip;]\" \/>\n<meta property=\"og:url\" content=\"https:\/\/hcd.malargue.gov.ar\/?p=39581\" \/>\n<meta property=\"og:site_name\" content=\"Malarg\u00fce HCD\" \/>\n<meta property=\"article:published_time\" content=\"2025-10-14T14:47:35+00:00\" \/>\n<meta property=\"article:modified_time\" content=\"2025-10-14T14:52:50+00:00\" \/>\n<meta property=\"og:image\" content=\"https:\/\/hcd.malargue.gov.ar\/wp-content\/uploads\/2025\/10\/ORDENANZA-2347-2025.png\" \/>\n\t<meta property=\"og:image:width\" content=\"940\" \/>\n\t<meta property=\"og:image:height\" content=\"788\" \/>\n\t<meta property=\"og:image:type\" content=\"image\/png\" \/>\n<meta name=\"author\" content=\"Belen Pedernera Ferragut\" \/>\n<meta name=\"twitter:card\" content=\"summary_large_image\" \/>\n<meta name=\"twitter:label1\" content=\"Escrito por\" \/>\n\t<meta name=\"twitter:data1\" content=\"Belen Pedernera Ferragut\" \/>\n\t<meta name=\"twitter:label2\" content=\"Tiempo de lectura\" \/>\n\t<meta name=\"twitter:data2\" content=\"5 minutos\" \/>\n<script type=\"application\/ld+json\" class=\"yoast-schema-graph\">{\"@context\":\"https:\/\/schema.org\",\"@graph\":[{\"@type\":\"WebPage\",\"@id\":\"https:\/\/hcd.malargue.gov.ar\/?p=39581\",\"url\":\"https:\/\/hcd.malargue.gov.ar\/?p=39581\",\"name\":\"ORDENANZA N\u00b0 2.347\/2.025 - Malarg\u00fce HCD\",\"isPartOf\":{\"@id\":\"https:\/\/hcd.malargue.gov.ar\/#website\"},\"datePublished\":\"2025-10-14T14:47:35+00:00\",\"dateModified\":\"2025-10-14T14:52:50+00:00\",\"author\":{\"@id\":\"https:\/\/hcd.malargue.gov.ar\/#\/schema\/person\/3fd6bbab64edd703961b795156c955d0\"},\"breadcrumb\":{\"@id\":\"https:\/\/hcd.malargue.gov.ar\/?p=39581#breadcrumb\"},\"inLanguage\":\"es-AR\",\"potentialAction\":[{\"@type\":\"ReadAction\",\"target\":[\"https:\/\/hcd.malargue.gov.ar\/?p=39581\"]}]},{\"@type\":\"BreadcrumbList\",\"@id\":\"https:\/\/hcd.malargue.gov.ar\/?p=39581#breadcrumb\",\"itemListElement\":[{\"@type\":\"ListItem\",\"position\":1,\"name\":\"Inicio\",\"item\":\"https:\/\/hcd.malargue.gov.ar\/\"},{\"@type\":\"ListItem\",\"position\":2,\"name\":\"ORDENANZA N\u00b0 2.347\/2.025\"}]},{\"@type\":\"WebSite\",\"@id\":\"https:\/\/hcd.malargue.gov.ar\/#website\",\"url\":\"https:\/\/hcd.malargue.gov.ar\/\",\"name\":\"Malarg\u00fce HCD\",\"description\":\"Malarg\u00fce Mendoza Argentina\",\"potentialAction\":[{\"@type\":\"SearchAction\",\"target\":{\"@type\":\"EntryPoint\",\"urlTemplate\":\"https:\/\/hcd.malargue.gov.ar\/?s={search_term_string}\"},\"query-input\":\"required name=search_term_string\"}],\"inLanguage\":\"es-AR\"},{\"@type\":\"Person\",\"@id\":\"https:\/\/hcd.malargue.gov.ar\/#\/schema\/person\/3fd6bbab64edd703961b795156c955d0\",\"name\":\"Belen Pedernera Ferragut\",\"image\":{\"@type\":\"ImageObject\",\"inLanguage\":\"es-AR\",\"@id\":\"https:\/\/hcd.malargue.gov.ar\/#\/schema\/person\/image\/\",\"url\":\"https:\/\/secure.gravatar.com\/avatar\/1054ffab3893de4bb3eb29bdd22f7e34b8537bf5d34d9dab311818154ad5b71f?s=96&d=mm&r=g\",\"contentUrl\":\"https:\/\/secure.gravatar.com\/avatar\/1054ffab3893de4bb3eb29bdd22f7e34b8537bf5d34d9dab311818154ad5b71f?s=96&d=mm&r=g\",\"caption\":\"Belen Pedernera Ferragut\"},\"url\":\"https:\/\/hcd.malargue.gov.ar\/?author=5\"}]}<\/script>\n<!-- \/ Yoast SEO plugin. -->","yoast_head_json":{"title":"ORDENANZA N\u00b0 2.347\/2.025 - Malarg\u00fce HCD","robots":{"index":"index","follow":"follow","max-snippet":"max-snippet:-1","max-image-preview":"max-image-preview:large","max-video-preview":"max-video-preview:-1"},"canonical":"https:\/\/hcd.malargue.gov.ar\/?p=39581","og_locale":"es_ES","og_type":"article","og_title":"ORDENANZA N\u00b0 2.347\/2.025 - Malarg\u00fce HCD","og_description":"El HCD aprob\u00f3 la colocaci\u00f3n de sem\u00e1foros en la intersecci\u00f3n de Ruta 40 Sur y Ren\u00e9 Favaloro El Honorable Concejo Deliberante de Malarg\u00fce aprob\u00f3 la Ordenanza N\u00b0 2.347\/2.025, mediante la cual se dispone la colocaci\u00f3n de sem\u00e1foros en las intersecciones de la Avenida General San Mart\u00edn Sur (Ruta Nacional N\u00b0 40 Sur) con las calles [&hellip;]","og_url":"https:\/\/hcd.malargue.gov.ar\/?p=39581","og_site_name":"Malarg\u00fce HCD","article_published_time":"2025-10-14T14:47:35+00:00","article_modified_time":"2025-10-14T14:52:50+00:00","og_image":[{"width":940,"height":788,"url":"https:\/\/hcd.malargue.gov.ar\/wp-content\/uploads\/2025\/10\/ORDENANZA-2347-2025.png","type":"image\/png"}],"author":"Belen Pedernera Ferragut","twitter_card":"summary_large_image","twitter_misc":{"Escrito por":"Belen Pedernera Ferragut","Tiempo de lectura":"5 minutos"},"schema":{"@context":"https:\/\/schema.org","@graph":[{"@type":"WebPage","@id":"https:\/\/hcd.malargue.gov.ar\/?p=39581","url":"https:\/\/hcd.malargue.gov.ar\/?p=39581","name":"ORDENANZA N\u00b0 2.347\/2.025 - Malarg\u00fce HCD","isPartOf":{"@id":"https:\/\/hcd.malargue.gov.ar\/#website"},"datePublished":"2025-10-14T14:47:35+00:00","dateModified":"2025-10-14T14:52:50+00:00","author":{"@id":"https:\/\/hcd.malargue.gov.ar\/#\/schema\/person\/3fd6bbab64edd703961b795156c955d0"},"breadcrumb":{"@id":"https:\/\/hcd.malargue.gov.ar\/?p=39581#breadcrumb"},"inLanguage":"es-AR","potentialAction":[{"@type":"ReadAction","target":["https:\/\/hcd.malargue.gov.ar\/?p=39581"]}]},{"@type":"BreadcrumbList","@id":"https:\/\/hcd.malargue.gov.ar\/?p=39581#breadcrumb","itemListElement":[{"@type":"ListItem","position":1,"name":"Inicio","item":"https:\/\/hcd.malargue.gov.ar\/"},{"@type":"ListItem","position":2,"name":"ORDENANZA N\u00b0 2.347\/2.025"}]},{"@type":"WebSite","@id":"https:\/\/hcd.malargue.gov.ar\/#website","url":"https:\/\/hcd.malargue.gov.ar\/","name":"Malarg\u00fce HCD","description":"Malarg\u00fce Mendoza Argentina","potentialAction":[{"@type":"SearchAction","target":{"@type":"EntryPoint","urlTemplate":"https:\/\/hcd.malargue.gov.ar\/?s={search_term_string}"},"query-input":"required name=search_term_string"}],"inLanguage":"es-AR"},{"@type":"Person","@id":"https:\/\/hcd.malargue.gov.ar\/#\/schema\/person\/3fd6bbab64edd703961b795156c955d0","name":"Belen Pedernera Ferragut","image":{"@type":"ImageObject","inLanguage":"es-AR","@id":"https:\/\/hcd.malargue.gov.ar\/#\/schema\/person\/image\/","url":"https:\/\/secure.gravatar.com\/avatar\/1054ffab3893de4bb3eb29bdd22f7e34b8537bf5d34d9dab311818154ad5b71f?s=96&d=mm&r=g","contentUrl":"https:\/\/secure.gravatar.com\/avatar\/1054ffab3893de4bb3eb29bdd22f7e34b8537bf5d34d9dab311818154ad5b71f?s=96&d=mm&r=g","caption":"Belen Pedernera Ferragut"},"url":"https:\/\/hcd.malargue.gov.ar\/?author=5"}]}},"_links":{"self":[{"href":"https:\/\/hcd.malargue.gov.ar\/index.php?rest_route=\/wp\/v2\/posts\/39581","targetHints":{"allow":["GET"]}}],"collection":[{"href":"https:\/\/hcd.malargue.gov.ar\/index.php?rest_route=\/wp\/v2\/posts"}],"about":[{"href":"https:\/\/hcd.malargue.gov.ar\/index.php?rest_route=\/wp\/v2\/types\/post"}],"author":[{"embeddable":true,"href":"https:\/\/hcd.malargue.gov.ar\/index.php?rest_route=\/wp\/v2\/users\/5"}],"replies":[{"embeddable":true,"href":"https:\/\/hcd.malargue.gov.ar\/index.php?rest_route=%2Fwp%2Fv2%2Fcomments&post=39581"}],"version-history":[{"count":3,"href":"https:\/\/hcd.malargue.gov.ar\/index.php?rest_route=\/wp\/v2\/posts\/39581\/revisions"}],"predecessor-version":[{"id":39586,"href":"https:\/\/hcd.malargue.gov.ar\/index.php?rest_route=\/wp\/v2\/posts\/39581\/revisions\/39586"}],"wp:featuredmedia":[{"embeddable":true,"href":"https:\/\/hcd.malargue.gov.ar\/index.php?rest_route=\/wp\/v2\/media\/39582"}],"wp:attachment":[{"href":"https:\/\/hcd.malargue.gov.ar\/index.php?rest_route=%2Fwp%2Fv2%2Fmedia&parent=39581"}],"wp:term":[{"taxonomy":"category","embeddable":true,"href":"https:\/\/hcd.malargue.gov.ar\/index.php?rest_route=%2Fwp%2Fv2%2Fcategories&post=39581"},{"taxonomy":"post_tag","embeddable":true,"href":"https:\/\/hcd.malargue.gov.ar\/index.php?rest_route=%2Fwp%2Fv2%2Ftags&post=39581"}],"curies":[{"name":"wp","href":"https:\/\/api.w.org\/{rel}","templated":true}]}}