{"id":39590,"date":"2025-10-15T12:24:09","date_gmt":"2025-10-15T15:24:09","guid":{"rendered":"https:\/\/hcd.malargue.gov.ar\/?p=39590"},"modified":"2025-10-15T12:24:15","modified_gmt":"2025-10-15T15:24:15","slug":"resolucion-n-358-2-025","status":"publish","type":"post","link":"https:\/\/hcd.malargue.gov.ar\/?p=39590","title":{"rendered":"RESOLUCI\u00d3N N\u00b0 358\/2.025"},"content":{"rendered":"\n<h4 class=\"wp-block-heading has-text-align-center\"><strong>El HCD impulsa la creaci\u00f3n de la \u201cExpo-Feria de los Parajes de Malarg\u00fce\u201d en el marco del 75\u00b0 Aniversario del Departamento<\/strong><\/h4>\n\n\n\n<p><em>En una nueva iniciativa que busca fortalecer la identidad local, el Honorable Concejo Deliberante aprob\u00f3 la Resoluci\u00f3n N\u00b0 358\/2.025, mediante la cual solicita al Departamento Ejecutivo Municipal la creaci\u00f3n de la \u201cExpo-Feria de los Parajes y Localidades de Malarg\u00fce\u201d, en el marco de los festejos por el 75\u00b0 Aniversario del Departamento.<\/em><\/p>\n\n\n\n<p><em>El proyecto, presentado por el Bloque Encuentro, propone generar un espacio de integraci\u00f3n, promoci\u00f3n y puesta en valor de los parajes y localidades rurales, con el objetivo de visibilizar sus expresiones culturales, productivas y sociales.<\/em><\/p>\n\n\n\n<p><em>La Expo-Feria busca ofrecer a los vecinos de zonas rurales la oportunidad de exponer productos regionales, artesan\u00edas, tradiciones y costumbres locales, promoviendo el intercambio y la participaci\u00f3n activa en las celebraciones del aniversario departamental.<\/em><\/p>\n\n\n\n<p><em>Asimismo, se destaca que la propuesta apunta a reafirmar la identidad colectiva del pueblo malarg\u00fcino, fomentando los lazos comunitarios y el reconocimiento de los protagonistas de la historia local, especialmente aquellos que habitan en los parajes y zonas alejadas del centro urbano.<\/em><\/p>\n\n\n\n<p><em>La pieza legal tambi\u00e9n dispone remitir copia de la Resoluci\u00f3n al Secretario de Desarrollo Humano, Prof. Juan Jos\u00e9 Narambuena, y al Secretario de Infraestructura, Sr. Jos\u00e9 Barro, para su conocimiento y consideraci\u00f3n.<\/em><\/p>\n\n\n\n<p class=\"has-text-align-center\"><strong>PIEZA LEGAL<\/strong><\/p>\n\n\n<div class=\"wp-block-image\">\n<figure class=\"alignright is-resized\"><a href=\"hjttp:\/\/hcd.malargue.gov.ar\/2025\/Rs%20358%202025%20Expo%20Feria%20en%20Parajes.pdf\"><img loading=\"lazy\" decoding=\"async\" width=\"512\" height=\"512\" src=\"https:\/\/hcd.malargue.gov.ar\/wp-content\/uploads\/2018\/06\/PDF-JPG.jpg\" alt=\"\" class=\"wp-image-7950\" style=\"width:130px;height:auto\" srcset=\"https:\/\/hcd.malargue.gov.ar\/wp-content\/uploads\/2018\/06\/PDF-JPG.jpg 512w, https:\/\/hcd.malargue.gov.ar\/wp-content\/uploads\/2018\/06\/PDF-JPG-150x150.jpg 150w, https:\/\/hcd.malargue.gov.ar\/wp-content\/uploads\/2018\/06\/PDF-JPG-300x300.jpg 300w\" sizes=\"auto, (max-width: 512px) 100vw, 512px\" \/><\/a><\/figure>\n<\/div>\n\n\n<p><strong>AUTOR CONCEJAL FRANCISCO PARADA<\/strong><\/p>\n\n\n\n<p><strong>BLOQUE ENCUENTRO<\/strong><\/p>\n\n\n\n<p>VISTO: El contenido del Expediente N\u00b0 5.872\/2.025-0. Bloque Encuentro. Proyecto de Resoluci\u00f3n: Creaci\u00f3n&nbsp;&nbsp; de la Expo.-Feria&nbsp; de los Parajes de Malarg\u00fce en el marco del 75\u00b0 Aniversario del Departamento.<\/p>\n\n\n\n<p>La necesidad de generar espacios para la promoci\u00f3n, integraci\u00f3n y puesta en valor de los parajes y localidades del Departamento de Malarg\u00fce en el marco de los actos festivos por el D\u00eda del Departamento;<\/p>\n\n\n\n<p>y;<\/p>\n\n\n\n<p>CONSIDERANDO: Que el pr\u00f3ximo 16 de noviembre, el Departamento de Malarg\u00fce celebrar\u00e1 su 75\u00b0 aniversario, resultando oportuno promover un acontecimiento que refleje su identidad cultural, social y productiva en toda su extensi\u00f3n territorial.<\/p>\n\n\n\n<p>Que cada a\u00f1o, en esta fecha, se congregan vecinos, instituciones y visitantes para festejar el aniversario de la creaci\u00f3n del Departamento, aunque no siempre es posible el acompa\u00f1amiento y participaci\u00f3n activa de los vecinos de los distintos parajes y localidades rurales.<\/p>\n\n\n\n<p>Que dicha conmemoraci\u00f3n constituye una instancia propicia para brindar a los vecinos de los parajes la oportunidad de exponer productos regionales, artesan\u00edas, tradiciones y costumbres locales.<\/p>\n\n\n\n<p>Que el objetivo fundamental de esta iniciativa es fortalecer los lazos sociales, mantener y transmitir las tradiciones y reafirmar la identidad cultural y colectiva del pueblo malarg\u00fcino, a trav\u00e9s de actividades como la m\u00fasica, el baile, la gastronom\u00eda y los juegos tradicionales.<\/p>\n\n\n\n<p>Que resulta importante reconocer y visibilizar a los protagonistas de nuestra historia, especialmente a quienes habitan en la zona rural, ya que estos reconocimientos p\u00fablicos fortalecen el sentido de pertenencia, consolidan la memoria colectiva y contribuyen a la preservaci\u00f3n de la identidad local.<\/p>\n\n\n\n<p>EL HONORABLE CONCEJO DELIBERANTE DE LA MUNICIPALIDAD DE MALARG\u00dcE EN USO DE LAS FACULTADES QUE LE SON PROPIAS<\/p>\n\n\n\n<p>RESUELVE<\/p>\n\n\n\n<p>ART\u00cdCULO 1\u00ba: Solicitar al Departamento Ejecutivo Municipal la creaci\u00f3n de la \u201cExpo-Feria de los Parajes y Localidades de Malarg\u00fce\u201d, en el marco de la celebraci\u00f3n del 75\u00b0 Aniversario del Departamento, como espacio de integraci\u00f3n, promoci\u00f3n y difusi\u00f3n cultural, social y productiva.<\/p>\n\n\n\n<p>ART\u00cdCULO 2\u00ba: Remitir copia de la presente pieza legal al Secretario de Desarrollo Humano, Prof. Juan Jos\u00e9 Narambuena, y al Secretario de Infraestructura, Sr. Jos\u00e9 Barro.<\/p>\n\n\n\n<p>ART\u00cdCULO 3\u00ba: Comun\u00edquese, reg\u00edstrese, agr\u00e9guese copia de la presente en las actuaciones correspondientes y arch\u00edvese el original.<\/p>\n\n\n\n<p>DADA EN LA SALA DE SESIONES DR.&nbsp; RICARDO BALBIN DEL HONORABLE CONCEJO DELIBERANTE DE LA MUNICIPALIDAD DE MALARG\u00dcE A DOS DIAS DE OCTUBRE DE DOS MIL VEINTICINCO.<\/p>\n","protected":false},"excerpt":{"rendered":"<p>El HCD impulsa la creaci\u00f3n de la \u201cExpo-Feria de los Parajes de Malarg\u00fce\u201d en el marco del 75\u00b0 Aniversario del Departamento En una nueva iniciativa que busca fortalecer la identidad local, el Honorable Concejo Deliberante aprob\u00f3 la Resoluci\u00f3n N\u00b0 358\/2.025, mediante la cual solicita al Departamento Ejecutivo Municipal la creaci\u00f3n de la \u201cExpo-Feria de los [&hellip;]<\/p>\n","protected":false},"author":5,"featured_media":39591,"comment_status":"closed","ping_status":"closed","sticky":false,"template":"","format":"standard","meta":{"footnotes":""},"categories":[52,29,33,51],"tags":[],"class_list":["post-39590","post","type-post","status-publish","format-standard","has-post-thumbnail","hentry","category-gacetillas","category-lesgilacion","category-prensa","category-resoluciones"],"yoast_head":"<!-- This site is optimized with the Yoast SEO plugin v19.10 - https:\/\/yoast.com\/wordpress\/plugins\/seo\/ -->\n<title>RESOLUCI\u00d3N N\u00b0 358\/2.025 - Malarg\u00fce HCD<\/title>\n<meta name=\"robots\" content=\"index, follow, max-snippet:-1, max-image-preview:large, max-video-preview:-1\" \/>\n<link rel=\"canonical\" href=\"https:\/\/hcd.malargue.gov.ar\/?p=39590\" \/>\n<meta property=\"og:locale\" content=\"es_ES\" \/>\n<meta property=\"og:type\" content=\"article\" \/>\n<meta property=\"og:title\" content=\"RESOLUCI\u00d3N N\u00b0 358\/2.025 - Malarg\u00fce HCD\" \/>\n<meta property=\"og:description\" content=\"El HCD impulsa la creaci\u00f3n de la \u201cExpo-Feria de los Parajes de Malarg\u00fce\u201d en el marco del 75\u00b0 Aniversario del Departamento En una nueva iniciativa que busca fortalecer la identidad local, el Honorable Concejo Deliberante aprob\u00f3 la Resoluci\u00f3n N\u00b0 358\/2.025, mediante la cual solicita al Departamento Ejecutivo Municipal la creaci\u00f3n de la \u201cExpo-Feria de los [&hellip;]\" \/>\n<meta property=\"og:url\" content=\"https:\/\/hcd.malargue.gov.ar\/?p=39590\" \/>\n<meta property=\"og:site_name\" content=\"Malarg\u00fce HCD\" \/>\n<meta property=\"article:published_time\" content=\"2025-10-15T15:24:09+00:00\" \/>\n<meta property=\"article:modified_time\" content=\"2025-10-15T15:24:15+00:00\" \/>\n<meta property=\"og:image\" content=\"https:\/\/hcd.malargue.gov.ar\/wp-content\/uploads\/2025\/10\/RESOLUCION-358-2025.png\" \/>\n\t<meta property=\"og:image:width\" content=\"940\" \/>\n\t<meta property=\"og:image:height\" content=\"788\" \/>\n\t<meta property=\"og:image:type\" content=\"image\/png\" \/>\n<meta name=\"author\" content=\"Belen Pedernera Ferragut\" \/>\n<meta name=\"twitter:card\" content=\"summary_large_image\" \/>\n<meta name=\"twitter:label1\" content=\"Escrito por\" \/>\n\t<meta name=\"twitter:data1\" content=\"Belen Pedernera Ferragut\" \/>\n\t<meta name=\"twitter:label2\" content=\"Tiempo de lectura\" \/>\n\t<meta name=\"twitter:data2\" content=\"3 minutos\" \/>\n<script type=\"application\/ld+json\" class=\"yoast-schema-graph\">{\"@context\":\"https:\/\/schema.org\",\"@graph\":[{\"@type\":\"WebPage\",\"@id\":\"https:\/\/hcd.malargue.gov.ar\/?p=39590\",\"url\":\"https:\/\/hcd.malargue.gov.ar\/?p=39590\",\"name\":\"RESOLUCI\u00d3N N\u00b0 358\/2.025 - Malarg\u00fce HCD\",\"isPartOf\":{\"@id\":\"https:\/\/hcd.malargue.gov.ar\/#website\"},\"datePublished\":\"2025-10-15T15:24:09+00:00\",\"dateModified\":\"2025-10-15T15:24:15+00:00\",\"author\":{\"@id\":\"https:\/\/hcd.malargue.gov.ar\/#\/schema\/person\/3fd6bbab64edd703961b795156c955d0\"},\"breadcrumb\":{\"@id\":\"https:\/\/hcd.malargue.gov.ar\/?p=39590#breadcrumb\"},\"inLanguage\":\"es-AR\",\"potentialAction\":[{\"@type\":\"ReadAction\",\"target\":[\"https:\/\/hcd.malargue.gov.ar\/?p=39590\"]}]},{\"@type\":\"BreadcrumbList\",\"@id\":\"https:\/\/hcd.malargue.gov.ar\/?p=39590#breadcrumb\",\"itemListElement\":[{\"@type\":\"ListItem\",\"position\":1,\"name\":\"Inicio\",\"item\":\"https:\/\/hcd.malargue.gov.ar\/\"},{\"@type\":\"ListItem\",\"position\":2,\"name\":\"RESOLUCI\u00d3N N\u00b0 358\/2.025\"}]},{\"@type\":\"WebSite\",\"@id\":\"https:\/\/hcd.malargue.gov.ar\/#website\",\"url\":\"https:\/\/hcd.malargue.gov.ar\/\",\"name\":\"Malarg\u00fce HCD\",\"description\":\"Malarg\u00fce Mendoza Argentina\",\"potentialAction\":[{\"@type\":\"SearchAction\",\"target\":{\"@type\":\"EntryPoint\",\"urlTemplate\":\"https:\/\/hcd.malargue.gov.ar\/?s={search_term_string}\"},\"query-input\":\"required name=search_term_string\"}],\"inLanguage\":\"es-AR\"},{\"@type\":\"Person\",\"@id\":\"https:\/\/hcd.malargue.gov.ar\/#\/schema\/person\/3fd6bbab64edd703961b795156c955d0\",\"name\":\"Belen Pedernera Ferragut\",\"image\":{\"@type\":\"ImageObject\",\"inLanguage\":\"es-AR\",\"@id\":\"https:\/\/hcd.malargue.gov.ar\/#\/schema\/person\/image\/\",\"url\":\"https:\/\/secure.gravatar.com\/avatar\/1054ffab3893de4bb3eb29bdd22f7e34b8537bf5d34d9dab311818154ad5b71f?s=96&d=mm&r=g\",\"contentUrl\":\"https:\/\/secure.gravatar.com\/avatar\/1054ffab3893de4bb3eb29bdd22f7e34b8537bf5d34d9dab311818154ad5b71f?s=96&d=mm&r=g\",\"caption\":\"Belen Pedernera Ferragut\"},\"url\":\"https:\/\/hcd.malargue.gov.ar\/?author=5\"}]}<\/script>\n<!-- \/ Yoast SEO plugin. -->","yoast_head_json":{"title":"RESOLUCI\u00d3N N\u00b0 358\/2.025 - Malarg\u00fce HCD","robots":{"index":"index","follow":"follow","max-snippet":"max-snippet:-1","max-image-preview":"max-image-preview:large","max-video-preview":"max-video-preview:-1"},"canonical":"https:\/\/hcd.malargue.gov.ar\/?p=39590","og_locale":"es_ES","og_type":"article","og_title":"RESOLUCI\u00d3N N\u00b0 358\/2.025 - Malarg\u00fce HCD","og_description":"El HCD impulsa la creaci\u00f3n de la \u201cExpo-Feria de los Parajes de Malarg\u00fce\u201d en el marco del 75\u00b0 Aniversario del Departamento En una nueva iniciativa que busca fortalecer la identidad local, el Honorable Concejo Deliberante aprob\u00f3 la Resoluci\u00f3n N\u00b0 358\/2.025, mediante la cual solicita al Departamento Ejecutivo Municipal la creaci\u00f3n de la \u201cExpo-Feria de los [&hellip;]","og_url":"https:\/\/hcd.malargue.gov.ar\/?p=39590","og_site_name":"Malarg\u00fce HCD","article_published_time":"2025-10-15T15:24:09+00:00","article_modified_time":"2025-10-15T15:24:15+00:00","og_image":[{"width":940,"height":788,"url":"https:\/\/hcd.malargue.gov.ar\/wp-content\/uploads\/2025\/10\/RESOLUCION-358-2025.png","type":"image\/png"}],"author":"Belen Pedernera Ferragut","twitter_card":"summary_large_image","twitter_misc":{"Escrito por":"Belen Pedernera Ferragut","Tiempo de lectura":"3 minutos"},"schema":{"@context":"https:\/\/schema.org","@graph":[{"@type":"WebPage","@id":"https:\/\/hcd.malargue.gov.ar\/?p=39590","url":"https:\/\/hcd.malargue.gov.ar\/?p=39590","name":"RESOLUCI\u00d3N N\u00b0 358\/2.025 - Malarg\u00fce HCD","isPartOf":{"@id":"https:\/\/hcd.malargue.gov.ar\/#website"},"datePublished":"2025-10-15T15:24:09+00:00","dateModified":"2025-10-15T15:24:15+00:00","author":{"@id":"https:\/\/hcd.malargue.gov.ar\/#\/schema\/person\/3fd6bbab64edd703961b795156c955d0"},"breadcrumb":{"@id":"https:\/\/hcd.malargue.gov.ar\/?p=39590#breadcrumb"},"inLanguage":"es-AR","potentialAction":[{"@type":"ReadAction","target":["https:\/\/hcd.malargue.gov.ar\/?p=39590"]}]},{"@type":"BreadcrumbList","@id":"https:\/\/hcd.malargue.gov.ar\/?p=39590#breadcrumb","itemListElement":[{"@type":"ListItem","position":1,"name":"Inicio","item":"https:\/\/hcd.malargue.gov.ar\/"},{"@type":"ListItem","position":2,"name":"RESOLUCI\u00d3N N\u00b0 358\/2.025"}]},{"@type":"WebSite","@id":"https:\/\/hcd.malargue.gov.ar\/#website","url":"https:\/\/hcd.malargue.gov.ar\/","name":"Malarg\u00fce HCD","description":"Malarg\u00fce Mendoza Argentina","potentialAction":[{"@type":"SearchAction","target":{"@type":"EntryPoint","urlTemplate":"https:\/\/hcd.malargue.gov.ar\/?s={search_term_string}"},"query-input":"required name=search_term_string"}],"inLanguage":"es-AR"},{"@type":"Person","@id":"https:\/\/hcd.malargue.gov.ar\/#\/schema\/person\/3fd6bbab64edd703961b795156c955d0","name":"Belen Pedernera Ferragut","image":{"@type":"ImageObject","inLanguage":"es-AR","@id":"https:\/\/hcd.malargue.gov.ar\/#\/schema\/person\/image\/","url":"https:\/\/secure.gravatar.com\/avatar\/1054ffab3893de4bb3eb29bdd22f7e34b8537bf5d34d9dab311818154ad5b71f?s=96&d=mm&r=g","contentUrl":"https:\/\/secure.gravatar.com\/avatar\/1054ffab3893de4bb3eb29bdd22f7e34b8537bf5d34d9dab311818154ad5b71f?s=96&d=mm&r=g","caption":"Belen Pedernera Ferragut"},"url":"https:\/\/hcd.malargue.gov.ar\/?author=5"}]}},"_links":{"self":[{"href":"https:\/\/hcd.malargue.gov.ar\/index.php?rest_route=\/wp\/v2\/posts\/39590","targetHints":{"allow":["GET"]}}],"collection":[{"href":"https:\/\/hcd.malargue.gov.ar\/index.php?rest_route=\/wp\/v2\/posts"}],"about":[{"href":"https:\/\/hcd.malargue.gov.ar\/index.php?rest_route=\/wp\/v2\/types\/post"}],"author":[{"embeddable":true,"href":"https:\/\/hcd.malargue.gov.ar\/index.php?rest_route=\/wp\/v2\/users\/5"}],"replies":[{"embeddable":true,"href":"https:\/\/hcd.malargue.gov.ar\/index.php?rest_route=%2Fwp%2Fv2%2Fcomments&post=39590"}],"version-history":[{"count":1,"href":"https:\/\/hcd.malargue.gov.ar\/index.php?rest_route=\/wp\/v2\/posts\/39590\/revisions"}],"predecessor-version":[{"id":39592,"href":"https:\/\/hcd.malargue.gov.ar\/index.php?rest_route=\/wp\/v2\/posts\/39590\/revisions\/39592"}],"wp:featuredmedia":[{"embeddable":true,"href":"https:\/\/hcd.malargue.gov.ar\/index.php?rest_route=\/wp\/v2\/media\/39591"}],"wp:attachment":[{"href":"https:\/\/hcd.malargue.gov.ar\/index.php?rest_route=%2Fwp%2Fv2%2Fmedia&parent=39590"}],"wp:term":[{"taxonomy":"category","embeddable":true,"href":"https:\/\/hcd.malargue.gov.ar\/index.php?rest_route=%2Fwp%2Fv2%2Fcategories&post=39590"},{"taxonomy":"post_tag","embeddable":true,"href":"https:\/\/hcd.malargue.gov.ar\/index.php?rest_route=%2Fwp%2Fv2%2Ftags&post=39590"}],"curies":[{"name":"wp","href":"https:\/\/api.w.org\/{rel}","templated":true}]}}