{"id":39612,"date":"2025-10-21T13:09:45","date_gmt":"2025-10-21T16:09:45","guid":{"rendered":"https:\/\/hcd.malargue.gov.ar\/?p=39612"},"modified":"2025-10-22T08:18:24","modified_gmt":"2025-10-22T11:18:24","slug":"ordenanza-n-2-351-2-025","status":"publish","type":"post","link":"https:\/\/hcd.malargue.gov.ar\/?p=39612","title":{"rendered":"ORDENANZA N\u00b0 2.351\/2.025"},"content":{"rendered":"\n<h4 class=\"wp-block-heading has-text-align-center\"><strong><em>El HCD autoriz\u00f3 la adhesi\u00f3n al Programa Nacional \u201cParadas Seguras de Buses Urbanos<\/em><\/strong><\/h4>\n\n\n\n<p><em>El Honorable Concejo Deliberante de Malarg\u00fce aprob\u00f3 la Ordenanza N\u00b0 2.351\/2.025, mediante la cual se autoriza al Departamento Ejecutivo Municipal a suscribir los convenios necesarios con la Secretar\u00eda de Transporte de la Naci\u00f3n para la incorporaci\u00f3n del Programa Nacional \u201cParadas Seguras de Buses Urbanos\u201d.<\/em><\/p>\n\n\n\n<p><em>La iniciativa, presentada por el Bloque Partido Justicialista, tiene como objetivo fortalecer la seguridad y accesibilidad en el sistema de transporte p\u00fablico local, promoviendo la instalaci\u00f3n de refugios inteligentes en diferentes sectores del Departamento.<\/em><\/p>\n\n\n\n<p><em>El Programa \u201cParadas Seguras\u201d, creado por la Resoluci\u00f3n N\u00b0 219\/2021 del Ministerio de Econom\u00eda de la Naci\u00f3n, contempla la construcci\u00f3n de refugios con tecnolog\u00eda de punta: c\u00e1maras 360\u00b0, bot\u00f3n antip\u00e1nico conectado al sistema 911, iluminaci\u00f3n LED, Wi-Fi, intercomunicador, accesos adaptados y materiales antivand\u00e1licos.<\/em><\/p>\n\n\n\n<p><em>La medida busca mejorar la infraestructura del transporte urbano y brindar resguardo a los usuarios, especialmente en horarios de alta vulnerabilidad, a trav\u00e9s de un trabajo articulado entre el Municipio, las fuerzas de seguridad y organismos vecinales.<\/em><\/p>\n\n\n\n<p><em>De esta manera, Malarg\u00fce se suma a las ciudades argentinas que implementan pol\u00edticas de movilidad sustentables e inclusivas, orientadas al bienestar y la seguridad ciudadana.<\/em><\/p>\n\n\n\n<p class=\"has-text-align-center\"><strong>PIEZA LEGAL<\/strong><\/p>\n\n\n\n<p><strong>AUTORES CONCEJALES Emilce MANSILLA, Magali ACOSTA, Rodrigo HIDALGO, Pablo CABRERA.<\/strong><\/p>\n\n\n<div class=\"wp-block-image\">\n<figure class=\"alignright size-full is-resized\"><a href=\"http:\/\/hcd.malargue.gov.ar\/2025\/On%202351%202025%20Paradas%20Seguras%20Buses%20Urbano.pdf\"><img loading=\"lazy\" decoding=\"async\" width=\"512\" height=\"512\" src=\"https:\/\/hcd.malargue.gov.ar\/wp-content\/uploads\/2018\/06\/PDF-JPG.jpg\" alt=\"\" class=\"wp-image-7950\" style=\"width:138px;height:auto\" srcset=\"https:\/\/hcd.malargue.gov.ar\/wp-content\/uploads\/2018\/06\/PDF-JPG.jpg 512w, https:\/\/hcd.malargue.gov.ar\/wp-content\/uploads\/2018\/06\/PDF-JPG-150x150.jpg 150w, https:\/\/hcd.malargue.gov.ar\/wp-content\/uploads\/2018\/06\/PDF-JPG-300x300.jpg 300w\" sizes=\"auto, (max-width: 512px) 100vw, 512px\" \/><\/a><\/figure>\n<\/div>\n\n\n<p><strong>BLOQUE PARTIDO JUSTICIALISTA<\/strong><\/p>\n\n\n\n<p>VISTO: El contenido del Expediente N\u00b0 5.873\/2.025-0. Bloque Partido Justicialista. Proyecto de Ordenanza:&nbsp; Conveniar con la Secretar\u00eda de Transporte de la Naci\u00f3n la implementaci\u00f3n del Programa \u201cParadas Seguras de Buses Urbanos\u201d<\/p>\n\n\n\n<p>La vigencia del Programa Nacional \u201cParadas Seguras de Buses Urbanos\u201d, dependiente de la Secretar\u00eda de Transporte de la Naci\u00f3n, creada por la Resoluci\u00f3n N\u00b0 219\/2.021 del Ministerio de Econom\u00eda de la Naci\u00f3n.<\/p>\n\n\n\n<p>y;<\/p>\n\n\n\n<p>CONSIDERANDO: Que el Departamento de Malarg\u00fce ha experimentado un crecimiento demogr\u00e1fico significativo, extendi\u00e9ndose hacia zonas alejadas del casco urbano, lo que ha incrementado el uso del transporte p\u00fablico de pasajeros para el desarrollo de actividades cotidianas tales como estudio, trabajo, salud, tr\u00e1mites y esparcimiento.<\/p>\n\n\n\n<p>Que actualmente el Departamento carece de refugios adecuados en las paradas de colectivos, los cuales resultan necesarios para brindar resguardo clim\u00e1tico y mayor funcionalidad a los usuarios del sistema de transporte urbano.<\/p>\n\n\n\n<p>Que el crecimiento poblacional conlleva un aumento de los \u00edndices delictivos, especialmente en determinados sectores del ejido urbano donde no se dispone de los medios de seguridad suficientes para garantizar la integridad de las personas.<\/p>\n\n\n\n<p>Que los horarios de utilizaci\u00f3n del transporte p\u00fablico \u2014a primeras horas de la ma\u00f1ana y en horas nocturnas\u2014 exponen a los usuarios a mayores riesgos, convirti\u00e9ndolos en potenciales v\u00edctimas de hechos delictivos.<\/p>\n\n\n\n<p>Que como ocurre en toda ciudad en expansi\u00f3n, se identifican \u201cpuntos calientes\u201d o focos de inseguridad donde la intervenci\u00f3n preventiva resulta prioritaria.<\/p>\n\n\n\n<p>Que corresponde arbitrar los medios necesarios que garanticen el bienestar y la seguridad de la poblaci\u00f3n, mediante el trabajo conjunto con las fuerzas de seguridad locales.<\/p>\n\n\n\n<p>Que los nuevos Paradores Inteligentes previstos en el marco del Programa Nacional Paradas Seguras de Buses Urbanos poseen caracter\u00edsticas innovadoras y funcionales, entre las cuales se destacan:<\/p>\n\n\n\n<ul class=\"wp-block-list\">\n<li>Cierre perimetral con visibilidad total externa e interna.<\/li>\n\n\n\n<li>Bancas de espera.<\/li>\n\n\n\n<li>Materiales resistentes al vandalismo.<\/li>\n\n\n\n<li>Accesos adaptados para personas con movilidad reducida o discapacidad.<\/li>\n\n\n\n<li>Portales autom\u00e1ticos para ascenso y descenso de pasajeros.<\/li>\n\n\n\n<li>Bot\u00f3n antip\u00e1tico con conexi\u00f3n directa al sistema 911 y centros de monitoreo locales.<\/li>\n\n\n\n<li>Acceso a Wi-Fi.<\/li>\n\n\n\n<li>Luminarias y se\u00f1al\u00e9tica con t\u00f3tem visible.<\/li>\n\n\n\n<li>C\u00e1maras 360\u00b0 de alta resoluci\u00f3n.<\/li>\n\n\n\n<li>Puertos USB para carga de dispositivos m\u00f3viles.<\/li>\n\n\n\n<li>Altavoz e intercomunicador para comunicaci\u00f3n directa con el centro de monitoreo.<\/li>\n\n\n\n<li>En algunos modelos, sistema de reconocimiento facial.<\/li>\n<\/ul>\n\n\n\n<p>Que la Ley de Ministerios N\u00b0 22.520, modificada por el Decreto N\u00b0 438\/1.992, establece que la Secretar\u00eda de Transporte de la Naci\u00f3n tiene competencia en todo lo inherente al transporte automotor, siendo responsable de la planificaci\u00f3n, ejecuci\u00f3n, supervisi\u00f3n y fomento de los programas y proyectos en materia de transporte terrestre.<\/p>\n\n\n\n<p>Que la Ley N\u00b0 27.514 declara de Inter\u00e9s P\u00fablico y Nacional la Pol\u00edtica de Seguridad en el Transporte.<\/p>\n\n\n\n<p>Que mediante Providencia N\u00b0 PV-2021-57664091-APN-DCYEOT#MTR, de fecha 28 de junio de 2.021, la Direcci\u00f3n de Contrataci\u00f3n y Ejecuci\u00f3n de Obras de Transporte aprob\u00f3 la creaci\u00f3n del Programa \u201cParadas Seguras de Buses Urbanos\u201d, orientado al mejoramiento de las paradas del transporte p\u00fablico urbano mediante la construcci\u00f3n e instalaci\u00f3n de nuevos refugios, la incorporaci\u00f3n de sistemas de seguridad y la interconexi\u00f3n con centros de monitoreo.<\/p>\n\n\n\n<p>Que la Subsecretar\u00eda de Transporte Automotor, mediante Providencia N\u00b0 PV-2021-57724757-APN-SSTA#MTR, indic\u00f3 que los convenios que se suscriban en el marco del Programa deber\u00e1n ajustarse a los Decretos N\u00b0 892\/1.995, 225\/07 y 782\/2.019, as\u00ed como al Reglamento General de la Secretar\u00eda de Transporte aprobado por Resoluci\u00f3n N\u00b0 527\/2.020 y sus modificatorias.<\/p>\n\n\n\n<p>Que la Direcci\u00f3n de Coordinaci\u00f3n Territorial de Transporte de Pasajeros, mediante Informe N\u00b0 IF-2021-58022968-APN-DCTP#MTR, se\u00f1al\u00f3 la necesidad de garantizar el acceso equitativo y seguro a la movilidad urbana, promoviendo estructuras funcionales, inclusivas y sustentables que favorezcan la seguridad, accesibilidad y permanencia de los usuarios.<\/p>\n\n\n\n<p>Que el Programa 68 del Presupuesto General de la Administraci\u00f3n Nacional contempla acciones destinadas a resolver problem\u00e1ticas derivadas de la concentraci\u00f3n urbana \u2014como la inseguridad en las paradas y el deterioro de la infraestructura\u2014, mediante pol\u00edticas de movilidad que promuevan ciudades m\u00e1s equitativas, seguras y accesibles.<\/p>\n\n\n\n<p>Que, asimismo, la Providencia N\u00b0 PV-2021-5846631-APN-DCYEOT#MTR de fecha 30 de junio de 2021, determin\u00f3 que la Secretar\u00eda de Articulaci\u00f3n Interjurisdiccional sea la autoridad de aplicaci\u00f3n del Programa Paradas Seguras de Buses Urbanos, con el fin de brindar asistencia t\u00e9cnica, econ\u00f3mica y financiera a los gobiernos provinciales y municipales para su ejecuci\u00f3n.<\/p>\n\n\n\n<p>Que los tr\u00e1mites para gestionar la Adhesi\u00f3n Municipal al Programa pueden realizarse mediante el sistema TAD (Tr\u00e1mites a Distancia), presentando:<\/p>\n\n\n\n<ul class=\"wp-block-list\">\n<li>Carta de presentaci\u00f3n del Municipio solicitante.<\/li>\n\n\n\n<li>Fundamentaci\u00f3n de la solicitud y estimaci\u00f3n de la cantidad de estaciones inteligentes requeridas.<\/li>\n<\/ul>\n\n\n\n<p>Que resulta conveniente para el Departamento de Malarg\u00fce acceder a este Programa Nacional, dada la distancia geogr\u00e1fica que dificulta la gesti\u00f3n presencial de tr\u00e1mites ante Organismos Nacionales.<\/p>\n\n\n\n<p>Que existen antecedentes en otros departamentos de la provincia, como Maip\u00fa, Capital y Las Heras, donde se han instalado paradores inteligentes \u2014incluyendo los del Metrotranv\u00eda\u2014, y cuyos resultados demuestran mejoras tanto en infraestructura como en seguridad ciudadana.<\/p>\n\n\n\n<p>Que experiencias similares en otras provincias del pa\u00eds, como Tucum\u00e1n, C\u00f3rdoba y Santa Fe, han evidenciado una reducci\u00f3n de los \u00edndices delictivos en las zonas donde se implement\u00f3 el Programa.<\/p>\n\n\n\n<p>EL HONORABLE CONCEJO DELIBERANTE DE LA MUNICIPALIDAD DE MALARG\u00dcE EN USO DE LAS FACULTADES QUE LE SON PROPIAS.<\/p>\n\n\n\n<p>ORDENA<\/p>\n\n\n\n<p>ART\u00cdCULO 1\u00b0: Autor\u00edzase al Departamento Ejecutivo Municipal a suscribir los convenios necesarios con la Secretar\u00eda de Transporte de la Naci\u00f3n, a fin de incorporar el Programa Nacional \u201cParadas Seguras de Buses Urbanos\u201d en el \u00e1mbito del Departamento de Malarg\u00fce.<\/p>\n\n\n\n<p>ART\u00cdCULO 2\u00b0: Disp\u00f3nese que el Departamento Ejecutivo Municipal arbitre las medidas necesarias para la implementaci\u00f3n del presente Programa, en coordinaci\u00f3n con las fuerzas de seguridad, uniones vecinales, jueces viales y dem\u00e1s organismos vinculados a la seguridad ciudadana del Departamento.<\/p>\n\n\n\n<p>ART\u00cdCULO 3\u00b0: Autor\u00edzase las erogaciones correspondientes del Presupuesto General de Gastos del ejercicio 2.026 y los subsiguientes, destinadas a la ejecuci\u00f3n y mantenimiento del Programa Nacional \u201cParadas Seguras de Buses Urbanos\u201d en el Departamento de Malarg\u00fce<\/p>\n\n\n\n<p>ART\u00cdCULO 4\u00b0: Comun\u00edquese, reg\u00edstrese, c\u00famplase, publ\u00edquese, agr\u00e9guese copia de la presente en las actuaciones correspondientes y arch\u00edvese.<\/p>\n\n\n\n<p>DADA EN LA SALA DE SESIONES DR.&nbsp; RICARDO BALBIN DEL HONORABLE CONCEJO DELIBERANTE DE LA MUNICIPALIDAD DE MALARG\u00dcE A NUEVE D\u00cdAS DE OCTUBRE DE DOS MIL VEINTICINCO.<\/p>\n","protected":false},"excerpt":{"rendered":"<p>El HCD autoriz\u00f3 la adhesi\u00f3n al Programa Nacional \u201cParadas Seguras de Buses Urbanos El Honorable Concejo Deliberante de Malarg\u00fce aprob\u00f3 la Ordenanza N\u00b0 2.351\/2.025, mediante la cual se autoriza al Departamento Ejecutivo Municipal a suscribir los convenios necesarios con la Secretar\u00eda de Transporte de la Naci\u00f3n para la incorporaci\u00f3n del Programa Nacional \u201cParadas Seguras de [&hellip;]<\/p>\n","protected":false},"author":5,"featured_media":39618,"comment_status":"closed","ping_status":"closed","sticky":false,"template":"","format":"standard","meta":{"footnotes":""},"categories":[52,29,48,33],"tags":[],"class_list":["post-39612","post","type-post","status-publish","format-standard","has-post-thumbnail","hentry","category-gacetillas","category-lesgilacion","category-ordenanzas-municipales","category-prensa"],"yoast_head":"<!-- This site is optimized with the Yoast SEO plugin v19.10 - https:\/\/yoast.com\/wordpress\/plugins\/seo\/ -->\n<title>ORDENANZA N\u00b0 2.351\/2.025 - Malarg\u00fce HCD<\/title>\n<meta name=\"robots\" content=\"index, follow, max-snippet:-1, max-image-preview:large, max-video-preview:-1\" \/>\n<link rel=\"canonical\" href=\"https:\/\/hcd.malargue.gov.ar\/?p=39612\" \/>\n<meta property=\"og:locale\" content=\"es_ES\" \/>\n<meta property=\"og:type\" content=\"article\" \/>\n<meta property=\"og:title\" content=\"ORDENANZA N\u00b0 2.351\/2.025 - Malarg\u00fce HCD\" \/>\n<meta property=\"og:description\" content=\"El HCD autoriz\u00f3 la adhesi\u00f3n al Programa Nacional \u201cParadas Seguras de Buses Urbanos El Honorable Concejo Deliberante de Malarg\u00fce aprob\u00f3 la Ordenanza N\u00b0 2.351\/2.025, mediante la cual se autoriza al Departamento Ejecutivo Municipal a suscribir los convenios necesarios con la Secretar\u00eda de Transporte de la Naci\u00f3n para la incorporaci\u00f3n del Programa Nacional \u201cParadas Seguras de [&hellip;]\" \/>\n<meta property=\"og:url\" content=\"https:\/\/hcd.malargue.gov.ar\/?p=39612\" \/>\n<meta property=\"og:site_name\" content=\"Malarg\u00fce HCD\" \/>\n<meta property=\"article:published_time\" content=\"2025-10-21T16:09:45+00:00\" \/>\n<meta property=\"article:modified_time\" content=\"2025-10-22T11:18:24+00:00\" \/>\n<meta property=\"og:image\" content=\"https:\/\/hcd.malargue.gov.ar\/wp-content\/uploads\/2025\/10\/ORDENANZA-2351-2025-2.png\" \/>\n\t<meta property=\"og:image:width\" content=\"940\" \/>\n\t<meta property=\"og:image:height\" content=\"788\" \/>\n\t<meta property=\"og:image:type\" content=\"image\/png\" \/>\n<meta name=\"author\" content=\"Belen Pedernera Ferragut\" \/>\n<meta name=\"twitter:card\" content=\"summary_large_image\" \/>\n<meta name=\"twitter:label1\" content=\"Escrito por\" \/>\n\t<meta name=\"twitter:data1\" content=\"Belen Pedernera Ferragut\" \/>\n\t<meta name=\"twitter:label2\" content=\"Tiempo de lectura\" \/>\n\t<meta name=\"twitter:data2\" content=\"6 minutos\" \/>\n<script type=\"application\/ld+json\" class=\"yoast-schema-graph\">{\"@context\":\"https:\/\/schema.org\",\"@graph\":[{\"@type\":\"WebPage\",\"@id\":\"https:\/\/hcd.malargue.gov.ar\/?p=39612\",\"url\":\"https:\/\/hcd.malargue.gov.ar\/?p=39612\",\"name\":\"ORDENANZA N\u00b0 2.351\/2.025 - Malarg\u00fce HCD\",\"isPartOf\":{\"@id\":\"https:\/\/hcd.malargue.gov.ar\/#website\"},\"datePublished\":\"2025-10-21T16:09:45+00:00\",\"dateModified\":\"2025-10-22T11:18:24+00:00\",\"author\":{\"@id\":\"https:\/\/hcd.malargue.gov.ar\/#\/schema\/person\/3fd6bbab64edd703961b795156c955d0\"},\"breadcrumb\":{\"@id\":\"https:\/\/hcd.malargue.gov.ar\/?p=39612#breadcrumb\"},\"inLanguage\":\"es-AR\",\"potentialAction\":[{\"@type\":\"ReadAction\",\"target\":[\"https:\/\/hcd.malargue.gov.ar\/?p=39612\"]}]},{\"@type\":\"BreadcrumbList\",\"@id\":\"https:\/\/hcd.malargue.gov.ar\/?p=39612#breadcrumb\",\"itemListElement\":[{\"@type\":\"ListItem\",\"position\":1,\"name\":\"Inicio\",\"item\":\"https:\/\/hcd.malargue.gov.ar\/\"},{\"@type\":\"ListItem\",\"position\":2,\"name\":\"ORDENANZA N\u00b0 2.351\/2.025\"}]},{\"@type\":\"WebSite\",\"@id\":\"https:\/\/hcd.malargue.gov.ar\/#website\",\"url\":\"https:\/\/hcd.malargue.gov.ar\/\",\"name\":\"Malarg\u00fce HCD\",\"description\":\"Malarg\u00fce Mendoza Argentina\",\"potentialAction\":[{\"@type\":\"SearchAction\",\"target\":{\"@type\":\"EntryPoint\",\"urlTemplate\":\"https:\/\/hcd.malargue.gov.ar\/?s={search_term_string}\"},\"query-input\":\"required name=search_term_string\"}],\"inLanguage\":\"es-AR\"},{\"@type\":\"Person\",\"@id\":\"https:\/\/hcd.malargue.gov.ar\/#\/schema\/person\/3fd6bbab64edd703961b795156c955d0\",\"name\":\"Belen Pedernera Ferragut\",\"image\":{\"@type\":\"ImageObject\",\"inLanguage\":\"es-AR\",\"@id\":\"https:\/\/hcd.malargue.gov.ar\/#\/schema\/person\/image\/\",\"url\":\"https:\/\/secure.gravatar.com\/avatar\/1054ffab3893de4bb3eb29bdd22f7e34b8537bf5d34d9dab311818154ad5b71f?s=96&d=mm&r=g\",\"contentUrl\":\"https:\/\/secure.gravatar.com\/avatar\/1054ffab3893de4bb3eb29bdd22f7e34b8537bf5d34d9dab311818154ad5b71f?s=96&d=mm&r=g\",\"caption\":\"Belen Pedernera Ferragut\"},\"url\":\"https:\/\/hcd.malargue.gov.ar\/?author=5\"}]}<\/script>\n<!-- \/ Yoast SEO plugin. -->","yoast_head_json":{"title":"ORDENANZA N\u00b0 2.351\/2.025 - Malarg\u00fce HCD","robots":{"index":"index","follow":"follow","max-snippet":"max-snippet:-1","max-image-preview":"max-image-preview:large","max-video-preview":"max-video-preview:-1"},"canonical":"https:\/\/hcd.malargue.gov.ar\/?p=39612","og_locale":"es_ES","og_type":"article","og_title":"ORDENANZA N\u00b0 2.351\/2.025 - Malarg\u00fce HCD","og_description":"El HCD autoriz\u00f3 la adhesi\u00f3n al Programa Nacional \u201cParadas Seguras de Buses Urbanos El Honorable Concejo Deliberante de Malarg\u00fce aprob\u00f3 la Ordenanza N\u00b0 2.351\/2.025, mediante la cual se autoriza al Departamento Ejecutivo Municipal a suscribir los convenios necesarios con la Secretar\u00eda de Transporte de la Naci\u00f3n para la incorporaci\u00f3n del Programa Nacional \u201cParadas Seguras de [&hellip;]","og_url":"https:\/\/hcd.malargue.gov.ar\/?p=39612","og_site_name":"Malarg\u00fce HCD","article_published_time":"2025-10-21T16:09:45+00:00","article_modified_time":"2025-10-22T11:18:24+00:00","og_image":[{"width":940,"height":788,"url":"https:\/\/hcd.malargue.gov.ar\/wp-content\/uploads\/2025\/10\/ORDENANZA-2351-2025-2.png","type":"image\/png"}],"author":"Belen Pedernera Ferragut","twitter_card":"summary_large_image","twitter_misc":{"Escrito por":"Belen Pedernera Ferragut","Tiempo de lectura":"6 minutos"},"schema":{"@context":"https:\/\/schema.org","@graph":[{"@type":"WebPage","@id":"https:\/\/hcd.malargue.gov.ar\/?p=39612","url":"https:\/\/hcd.malargue.gov.ar\/?p=39612","name":"ORDENANZA N\u00b0 2.351\/2.025 - Malarg\u00fce HCD","isPartOf":{"@id":"https:\/\/hcd.malargue.gov.ar\/#website"},"datePublished":"2025-10-21T16:09:45+00:00","dateModified":"2025-10-22T11:18:24+00:00","author":{"@id":"https:\/\/hcd.malargue.gov.ar\/#\/schema\/person\/3fd6bbab64edd703961b795156c955d0"},"breadcrumb":{"@id":"https:\/\/hcd.malargue.gov.ar\/?p=39612#breadcrumb"},"inLanguage":"es-AR","potentialAction":[{"@type":"ReadAction","target":["https:\/\/hcd.malargue.gov.ar\/?p=39612"]}]},{"@type":"BreadcrumbList","@id":"https:\/\/hcd.malargue.gov.ar\/?p=39612#breadcrumb","itemListElement":[{"@type":"ListItem","position":1,"name":"Inicio","item":"https:\/\/hcd.malargue.gov.ar\/"},{"@type":"ListItem","position":2,"name":"ORDENANZA N\u00b0 2.351\/2.025"}]},{"@type":"WebSite","@id":"https:\/\/hcd.malargue.gov.ar\/#website","url":"https:\/\/hcd.malargue.gov.ar\/","name":"Malarg\u00fce HCD","description":"Malarg\u00fce Mendoza Argentina","potentialAction":[{"@type":"SearchAction","target":{"@type":"EntryPoint","urlTemplate":"https:\/\/hcd.malargue.gov.ar\/?s={search_term_string}"},"query-input":"required name=search_term_string"}],"inLanguage":"es-AR"},{"@type":"Person","@id":"https:\/\/hcd.malargue.gov.ar\/#\/schema\/person\/3fd6bbab64edd703961b795156c955d0","name":"Belen Pedernera Ferragut","image":{"@type":"ImageObject","inLanguage":"es-AR","@id":"https:\/\/hcd.malargue.gov.ar\/#\/schema\/person\/image\/","url":"https:\/\/secure.gravatar.com\/avatar\/1054ffab3893de4bb3eb29bdd22f7e34b8537bf5d34d9dab311818154ad5b71f?s=96&d=mm&r=g","contentUrl":"https:\/\/secure.gravatar.com\/avatar\/1054ffab3893de4bb3eb29bdd22f7e34b8537bf5d34d9dab311818154ad5b71f?s=96&d=mm&r=g","caption":"Belen Pedernera Ferragut"},"url":"https:\/\/hcd.malargue.gov.ar\/?author=5"}]}},"_links":{"self":[{"href":"https:\/\/hcd.malargue.gov.ar\/index.php?rest_route=\/wp\/v2\/posts\/39612","targetHints":{"allow":["GET"]}}],"collection":[{"href":"https:\/\/hcd.malargue.gov.ar\/index.php?rest_route=\/wp\/v2\/posts"}],"about":[{"href":"https:\/\/hcd.malargue.gov.ar\/index.php?rest_route=\/wp\/v2\/types\/post"}],"author":[{"embeddable":true,"href":"https:\/\/hcd.malargue.gov.ar\/index.php?rest_route=\/wp\/v2\/users\/5"}],"replies":[{"embeddable":true,"href":"https:\/\/hcd.malargue.gov.ar\/index.php?rest_route=%2Fwp%2Fv2%2Fcomments&post=39612"}],"version-history":[{"count":1,"href":"https:\/\/hcd.malargue.gov.ar\/index.php?rest_route=\/wp\/v2\/posts\/39612\/revisions"}],"predecessor-version":[{"id":39614,"href":"https:\/\/hcd.malargue.gov.ar\/index.php?rest_route=\/wp\/v2\/posts\/39612\/revisions\/39614"}],"wp:featuredmedia":[{"embeddable":true,"href":"https:\/\/hcd.malargue.gov.ar\/index.php?rest_route=\/wp\/v2\/media\/39618"}],"wp:attachment":[{"href":"https:\/\/hcd.malargue.gov.ar\/index.php?rest_route=%2Fwp%2Fv2%2Fmedia&parent=39612"}],"wp:term":[{"taxonomy":"category","embeddable":true,"href":"https:\/\/hcd.malargue.gov.ar\/index.php?rest_route=%2Fwp%2Fv2%2Fcategories&post=39612"},{"taxonomy":"post_tag","embeddable":true,"href":"https:\/\/hcd.malargue.gov.ar\/index.php?rest_route=%2Fwp%2Fv2%2Ftags&post=39612"}],"curies":[{"name":"wp","href":"https:\/\/api.w.org\/{rel}","templated":true}]}}