{"id":39631,"date":"2025-10-22T12:10:59","date_gmt":"2025-10-22T15:10:59","guid":{"rendered":"https:\/\/hcd.malargue.gov.ar\/?p=39631"},"modified":"2025-10-22T12:11:48","modified_gmt":"2025-10-22T15:11:48","slug":"orden-del-dia-29-sesion-ordinaria-3","status":"publish","type":"post","link":"https:\/\/hcd.malargue.gov.ar\/?p=39631","title":{"rendered":"ORDEN DEL DIA 29\u00b0 SESI\u00d3N ORDINARIA"},"content":{"rendered":"\n<h4 class=\"wp-block-heading\"><strong>D\u00eda:\u00a0\u00a0jueves\u00a023\u00a0 de octubre de 2.025<\/strong><\/h4>\n\n\n\n<h4 class=\"wp-block-heading\"><strong>Hora: 09:00<\/strong><\/h4>\n\n\n\n<p><em><strong>a) <\/strong><\/em><strong><em>Acto de Izar la Ense\u00f1a Patria\u00a0\u00a0a cargo del \u00a0Sr. Concejal \u00a0Pablo VILLARRUEL<\/em><\/strong><\/p>\n\n\n\n<p><strong><em>b)<\/em><\/strong> <strong><em>Homenaje de los Se\u00f1ores Concejales.<\/em><\/strong><\/p>\n\n\n\n<p><strong><em>c) Consideraci\u00f3n Acta Sesi\u00f3n Ordinaria N\u00b0 1.209- \u201cO\u201d-2. 025.<\/em><\/strong><\/p>\n\n\n\n<p><strong><em>d)<\/em><\/strong> <strong><em>Lectura del detalle de la correspondencia recibida y emitida.<\/em><\/strong><\/p>\n\n\n\n<p><strong><em>e)<\/em><\/strong> <strong><em>Determinaci\u00f3n de los temas que ser\u00e1n incluidos en el punto Asuntos Varios y puesta a consideraci\u00f3n de mociones de tratamientos sobre tablas de diversos expedientes.<\/em><\/strong><\/p>\n\n\n\n<p><strong><em>f) Proyectos de los Se\u00f1ores Concejales <\/em><\/strong><\/p>\n\n\n\n<ol style=\"list-style-type:lower-alpha\" class=\"wp-block-list\"><\/ol>\n\n\n\n<p>1) Expte. N\u00b0 6.579\/2.025-0. Proyecto de Resoluci\u00f3n: Declarar de Inter\u00e9s Deportivo Departamental el Torneo Femenino de la Liga Nacional Femenina de Newcom. (BLOQUE PARTIDO JUSTICIALISTA.). Autora Concejal: Magali ACOSTA.<\/p>\n\n\n\n<p>2) Expte. N\u00b0 6.583\/2.025-0. Proyecto de Resoluci\u00f3n: Campa\u00f1a de limpieza en la zona de arroyo Pequenco. (BLOQUE UNI\u00d3N MENDOCINA.) Autora Concejal Elizabeth GONZALEZ<\/p>\n\n\n\n<p><strong>g) <\/strong><strong><em>Expedientes provenientes del Departamento Ejecutivo<\/em><\/strong><\/p>\n\n\n\n<p>1) Expte. N\u00b0 6.420\/2.025-0. Departamento Ejecutivo, eleva Proyecto de Ordenanza: Asignar nombres a las calles p\u00fablicas del B\u00b0 Procrear de la Ciudad de Malarg\u00fce.<\/p>\n\n\n\n<p><strong>h)<\/strong> <strong><em>Despachos de las Comisiones de Trabajo.<\/em><\/strong><\/p>\n\n\n\n<p>1) Solicitud N\u00b0 10.303\/2.025. Oficina de Despacho Municipalidad de Malarg\u00fce. Eleva copia Decreto N\u00b0 906\/2.025. Donaci\u00f3n efectuada por el Gobierno de la Provincia de Mendoza, a favor de la Municipalidad de Malarg\u00fce. (H.P.L.A.C.)<\/p>\n\n\n\n<p>2) Expte. N\u00b0 6.142\/2.025-0.Proyecto de Ordenanza: Modif\u00edquese el Art. 7\u00b0 de la Ordenanza N\u00b0 1.715\/2.014. (H.P.L.A.C.)<\/p>\n\n\n\n<p>3). Expte. N\u00b0 6.033\/2.025-0.. Proyecto de Ordenanza: Imponer el nombre Agente Sanitario C\u00e9sar&nbsp; Leopoldo&nbsp; Bravo, al Predio Gaucho de la Localidad de Agua Escondida. (H.P.L.A.C.).<\/p>\n\n\n\n<p>4). Expte. N\u00b0 4.887\/2.025-0. Proyecto de Ordenanza: Protecci\u00f3n de Comodatos a familias con Certificado \u00danico de Discapacidad. y Expte. generado&nbsp; N\u00b0 5.356\/2.025-0.. Solicitud N\u00b0 9.648. Sr. Lucas Mat\u00edas Andrada y Mar\u00eda Florencia Solis, solicitan se adjunte la presente nota al Proyecto presentado por la Concejal Silvina Camiolo.(H.P.L.A.C.).<\/p>\n\n\n\n<p>5) Expte. N\u00b0 2.818\/2.025-0. Proyecto de Ordenanza: Creaci\u00f3n del Fondo para Deportistas Destacados del Departamento. (E.H.M.A.S. y C. y H.P.L.A.C.).<\/p>\n\n\n\n<p>6) Expte. N\u00b0 5.228-HC-051-2.023. Proyecto de Decreto: Crear la Comisi\u00f3n Permanente de Hidrocarburos, Miner\u00eda y Energ\u00eda en el&nbsp; \u00e1mbito del Honorable Concejo Deliberante. (REGLAMENTO INTERNO.)<\/p>\n\n\n\n<p>7) Expte. N\u00b0 6.236\/2.025-0. Intendente Municipal&nbsp; Contador Celso Alejandro Jaque, solicita&nbsp; Declarar de Inter\u00e9s Departamental las Jornadas de Contadores Municipales.&nbsp; (E.H.M.A.S. y C.).<\/p>\n\n\n\n<p>8)Expte. N\u00b0 6.360\/2.025-0. Proyecto de Resoluci\u00f3n: Declarar de Inter\u00e9s Departamental a las 1\u00b0 Jornadas \u201cMundos Posibles\u201d (E.H.M.A.S. y C.).<\/p>\n\n\n\n<p>9) Expte. N\u00b0 3.719\/2.025-0. Proyecto de Resoluci\u00f3n: Solicitar a Presidencia del Honorable Concejo Deliberante, afectar al personal de Prensa a Actos y presentaciones de los Sres. Ediles del Cuerpo. (REGLAMENTO INTERNO).<\/p>\n\n\n\n<p>&nbsp;<strong>i<em>) Asuntos Varios. &nbsp;&nbsp;&nbsp;<\/em><\/strong><\/p>\n\n\n\n<p><strong><em>j) Acto de arriar el Pabell\u00f3n Nacional a cargo del Concejal que lo <\/em><\/strong><strong>izo .-<\/strong><\/p>\n\n\n\n<p class=\"has-text-align-right\">Presidencia, H.C.D., 21 &nbsp;de octubre &nbsp;&nbsp;&nbsp;de 2.025<strong><\/strong><\/p>\n\n\n\n<p class=\"has-text-align-center\"><strong>CORRESPONDENCIA PARA LA SESI\u00d3N<\/strong><\/p>\n\n\n\n<p class=\"has-text-align-center\"><strong>Del d\u00eda jueves 23\u00a0 de\u00a0 \u00a0octubre\u00a0 de 2.025<\/strong><\/p>\n\n\n\n<p class=\"has-text-align-center\"><strong>NOTAS INGRESADAS<\/strong><\/p>\n\n\n\n<ol class=\"wp-block-list\">\n<li>Solicitud N\u00b0 12.564\/2.025. Concejal Pablo Cabrera. (Presidente Bloque Partido Justicialista), solicita recuperar los videos de las c\u00e1maras del circuito cerrado de grabaci\u00f3n del 11 de setiembre del corriente a\u00f1o, en horarios de la ma\u00f1ana.<\/li>\n\n\n\n<li>Solicitud N\u00b0 12.957\/2.025. Comisi\u00f3n Investigadora, informa n\u00f3mina de Autoridades, para conocimiento.<\/li>\n\n\n\n<li>Solicitud N\u00b0 12.880\/2.025.Concejal Silvina Camiolo, (Presidente Bloque\u00a0 Reconstruyendo Malarg\u00fce). Adjunta nota para conocimiento sobre tratamiento de Hemodi\u00e1lisis.<\/li>\n\n\n\n<li>Solicitud N\u00b0 12.830\/2.025. Concejal Silvina Camiolo, (Presidente Bloque Reconstruyendo Malarg\u00fce), solicita se analice la situaci\u00f3n del Sr. Heriberto Antonio Valdez, sobre inconveniente ocurrido en Bardas Blancas, relacionado con un terreno otorgado en a\u00f1os anteriores.<\/li>\n\n\n\n<li>Solicitud N\u00b0 12.744\/2.025. Sr. H\u00e9ctor Mu\u00f1oz, presenta nota, solicitando estabilidad laboral en la Municipalidad de Malarg\u00fce, sin obtener resoluci\u00f3n del Sr. Intendente.<\/li>\n\n\n\n<li>Solicitud N\u00b0 13.072\/2.025. Ing. Diego Pazos. Director de Sistemas y Operaciones Satelitales del Telespazio Latam, solicita proponer concurrencia al Honorable Concejo Deliberante, el viernes 31 de octubre, a fin de presentar actividades presentes y futuras de la Agencia Espacial Europea (ESA).<\/li>\n\n\n\n<li>Solicitud N\u00b0 12.885\/2.025. Sr. Fabi\u00e1n Guti\u00e9rrez, en representaci\u00f3n de Productores Ganaderos de Malarg\u00fce, presenta reclamos y posibles soluciones, dando a conocer varios puntos.<\/li>\n<\/ol>\n","protected":false},"excerpt":{"rendered":"<p>D\u00eda:\u00a0\u00a0jueves\u00a023\u00a0 de octubre de 2.025 Hora: 09:00 a) Acto de Izar la Ense\u00f1a Patria\u00a0\u00a0a cargo del \u00a0Sr. Concejal \u00a0Pablo VILLARRUEL b) Homenaje de los Se\u00f1ores Concejales. c) Consideraci\u00f3n Acta Sesi\u00f3n Ordinaria N\u00b0 1.209- \u201cO\u201d-2. 025. d) Lectura del detalle de la correspondencia recibida y emitida. e) Determinaci\u00f3n de los temas que ser\u00e1n incluidos en el [&hellip;]<\/p>\n","protected":false},"author":5,"featured_media":39127,"comment_status":"closed","ping_status":"closed","sticky":false,"template":"","format":"standard","meta":{"footnotes":""},"categories":[52,84,58,33,36],"tags":[],"class_list":["post-39631","post","type-post","status-publish","format-standard","has-post-thumbnail","hentry","category-gacetillas","category-orden-del-dia","category-ordinarias","category-prensa","category-sesiones"],"yoast_head":"<!-- This site is optimized with the Yoast SEO plugin v19.10 - https:\/\/yoast.com\/wordpress\/plugins\/seo\/ -->\n<title>ORDEN DEL DIA 29\u00b0 SESI\u00d3N ORDINARIA - Malarg\u00fce HCD<\/title>\n<meta name=\"robots\" content=\"index, follow, max-snippet:-1, max-image-preview:large, max-video-preview:-1\" \/>\n<link rel=\"canonical\" href=\"https:\/\/hcd.malargue.gov.ar\/?p=39631\" \/>\n<meta property=\"og:locale\" content=\"es_ES\" \/>\n<meta property=\"og:type\" content=\"article\" \/>\n<meta property=\"og:title\" content=\"ORDEN DEL DIA 29\u00b0 SESI\u00d3N ORDINARIA - Malarg\u00fce HCD\" \/>\n<meta property=\"og:description\" content=\"D\u00eda:\u00a0\u00a0jueves\u00a023\u00a0 de octubre de 2.025 Hora: 09:00 a) Acto de Izar la Ense\u00f1a Patria\u00a0\u00a0a cargo del \u00a0Sr. Concejal \u00a0Pablo VILLARRUEL b) Homenaje de los Se\u00f1ores Concejales. c) Consideraci\u00f3n Acta Sesi\u00f3n Ordinaria N\u00b0 1.209- \u201cO\u201d-2. 025. d) Lectura del detalle de la correspondencia recibida y emitida. e) Determinaci\u00f3n de los temas que ser\u00e1n incluidos en el [&hellip;]\" \/>\n<meta property=\"og:url\" content=\"https:\/\/hcd.malargue.gov.ar\/?p=39631\" \/>\n<meta property=\"og:site_name\" content=\"Malarg\u00fce HCD\" \/>\n<meta property=\"article:published_time\" content=\"2025-10-22T15:10:59+00:00\" \/>\n<meta property=\"article:modified_time\" content=\"2025-10-22T15:11:48+00:00\" \/>\n<meta property=\"og:image\" content=\"https:\/\/hcd.malargue.gov.ar\/wp-content\/uploads\/2025\/06\/PERIODO-2025.jpg\" \/>\n\t<meta property=\"og:image:width\" content=\"1640\" \/>\n\t<meta property=\"og:image:height\" content=\"924\" \/>\n\t<meta property=\"og:image:type\" content=\"image\/jpeg\" \/>\n<meta name=\"author\" content=\"Belen Pedernera Ferragut\" \/>\n<meta name=\"twitter:card\" content=\"summary_large_image\" \/>\n<meta name=\"twitter:label1\" content=\"Escrito por\" \/>\n\t<meta name=\"twitter:data1\" content=\"Belen Pedernera Ferragut\" \/>\n\t<meta name=\"twitter:label2\" content=\"Tiempo de lectura\" \/>\n\t<meta name=\"twitter:data2\" content=\"3 minutos\" \/>\n<script type=\"application\/ld+json\" class=\"yoast-schema-graph\">{\"@context\":\"https:\/\/schema.org\",\"@graph\":[{\"@type\":\"WebPage\",\"@id\":\"https:\/\/hcd.malargue.gov.ar\/?p=39631\",\"url\":\"https:\/\/hcd.malargue.gov.ar\/?p=39631\",\"name\":\"ORDEN DEL DIA 29\u00b0 SESI\u00d3N ORDINARIA - Malarg\u00fce HCD\",\"isPartOf\":{\"@id\":\"https:\/\/hcd.malargue.gov.ar\/#website\"},\"datePublished\":\"2025-10-22T15:10:59+00:00\",\"dateModified\":\"2025-10-22T15:11:48+00:00\",\"author\":{\"@id\":\"https:\/\/hcd.malargue.gov.ar\/#\/schema\/person\/3fd6bbab64edd703961b795156c955d0\"},\"breadcrumb\":{\"@id\":\"https:\/\/hcd.malargue.gov.ar\/?p=39631#breadcrumb\"},\"inLanguage\":\"es-AR\",\"potentialAction\":[{\"@type\":\"ReadAction\",\"target\":[\"https:\/\/hcd.malargue.gov.ar\/?p=39631\"]}]},{\"@type\":\"BreadcrumbList\",\"@id\":\"https:\/\/hcd.malargue.gov.ar\/?p=39631#breadcrumb\",\"itemListElement\":[{\"@type\":\"ListItem\",\"position\":1,\"name\":\"Inicio\",\"item\":\"https:\/\/hcd.malargue.gov.ar\/\"},{\"@type\":\"ListItem\",\"position\":2,\"name\":\"ORDEN DEL DIA 29\u00b0 SESI\u00d3N ORDINARIA\"}]},{\"@type\":\"WebSite\",\"@id\":\"https:\/\/hcd.malargue.gov.ar\/#website\",\"url\":\"https:\/\/hcd.malargue.gov.ar\/\",\"name\":\"Malarg\u00fce HCD\",\"description\":\"Malarg\u00fce Mendoza Argentina\",\"potentialAction\":[{\"@type\":\"SearchAction\",\"target\":{\"@type\":\"EntryPoint\",\"urlTemplate\":\"https:\/\/hcd.malargue.gov.ar\/?s={search_term_string}\"},\"query-input\":\"required name=search_term_string\"}],\"inLanguage\":\"es-AR\"},{\"@type\":\"Person\",\"@id\":\"https:\/\/hcd.malargue.gov.ar\/#\/schema\/person\/3fd6bbab64edd703961b795156c955d0\",\"name\":\"Belen Pedernera Ferragut\",\"image\":{\"@type\":\"ImageObject\",\"inLanguage\":\"es-AR\",\"@id\":\"https:\/\/hcd.malargue.gov.ar\/#\/schema\/person\/image\/\",\"url\":\"https:\/\/secure.gravatar.com\/avatar\/1054ffab3893de4bb3eb29bdd22f7e34b8537bf5d34d9dab311818154ad5b71f?s=96&d=mm&r=g\",\"contentUrl\":\"https:\/\/secure.gravatar.com\/avatar\/1054ffab3893de4bb3eb29bdd22f7e34b8537bf5d34d9dab311818154ad5b71f?s=96&d=mm&r=g\",\"caption\":\"Belen Pedernera Ferragut\"},\"url\":\"https:\/\/hcd.malargue.gov.ar\/?author=5\"}]}<\/script>\n<!-- \/ Yoast SEO plugin. -->","yoast_head_json":{"title":"ORDEN DEL DIA 29\u00b0 SESI\u00d3N ORDINARIA - Malarg\u00fce HCD","robots":{"index":"index","follow":"follow","max-snippet":"max-snippet:-1","max-image-preview":"max-image-preview:large","max-video-preview":"max-video-preview:-1"},"canonical":"https:\/\/hcd.malargue.gov.ar\/?p=39631","og_locale":"es_ES","og_type":"article","og_title":"ORDEN DEL DIA 29\u00b0 SESI\u00d3N ORDINARIA - Malarg\u00fce HCD","og_description":"D\u00eda:\u00a0\u00a0jueves\u00a023\u00a0 de octubre de 2.025 Hora: 09:00 a) Acto de Izar la Ense\u00f1a Patria\u00a0\u00a0a cargo del \u00a0Sr. Concejal \u00a0Pablo VILLARRUEL b) Homenaje de los Se\u00f1ores Concejales. c) Consideraci\u00f3n Acta Sesi\u00f3n Ordinaria N\u00b0 1.209- \u201cO\u201d-2. 025. d) Lectura del detalle de la correspondencia recibida y emitida. e) Determinaci\u00f3n de los temas que ser\u00e1n incluidos en el [&hellip;]","og_url":"https:\/\/hcd.malargue.gov.ar\/?p=39631","og_site_name":"Malarg\u00fce HCD","article_published_time":"2025-10-22T15:10:59+00:00","article_modified_time":"2025-10-22T15:11:48+00:00","og_image":[{"width":1640,"height":924,"url":"https:\/\/hcd.malargue.gov.ar\/wp-content\/uploads\/2025\/06\/PERIODO-2025.jpg","type":"image\/jpeg"}],"author":"Belen Pedernera Ferragut","twitter_card":"summary_large_image","twitter_misc":{"Escrito por":"Belen Pedernera Ferragut","Tiempo de lectura":"3 minutos"},"schema":{"@context":"https:\/\/schema.org","@graph":[{"@type":"WebPage","@id":"https:\/\/hcd.malargue.gov.ar\/?p=39631","url":"https:\/\/hcd.malargue.gov.ar\/?p=39631","name":"ORDEN DEL DIA 29\u00b0 SESI\u00d3N ORDINARIA - Malarg\u00fce HCD","isPartOf":{"@id":"https:\/\/hcd.malargue.gov.ar\/#website"},"datePublished":"2025-10-22T15:10:59+00:00","dateModified":"2025-10-22T15:11:48+00:00","author":{"@id":"https:\/\/hcd.malargue.gov.ar\/#\/schema\/person\/3fd6bbab64edd703961b795156c955d0"},"breadcrumb":{"@id":"https:\/\/hcd.malargue.gov.ar\/?p=39631#breadcrumb"},"inLanguage":"es-AR","potentialAction":[{"@type":"ReadAction","target":["https:\/\/hcd.malargue.gov.ar\/?p=39631"]}]},{"@type":"BreadcrumbList","@id":"https:\/\/hcd.malargue.gov.ar\/?p=39631#breadcrumb","itemListElement":[{"@type":"ListItem","position":1,"name":"Inicio","item":"https:\/\/hcd.malargue.gov.ar\/"},{"@type":"ListItem","position":2,"name":"ORDEN DEL DIA 29\u00b0 SESI\u00d3N ORDINARIA"}]},{"@type":"WebSite","@id":"https:\/\/hcd.malargue.gov.ar\/#website","url":"https:\/\/hcd.malargue.gov.ar\/","name":"Malarg\u00fce HCD","description":"Malarg\u00fce Mendoza Argentina","potentialAction":[{"@type":"SearchAction","target":{"@type":"EntryPoint","urlTemplate":"https:\/\/hcd.malargue.gov.ar\/?s={search_term_string}"},"query-input":"required name=search_term_string"}],"inLanguage":"es-AR"},{"@type":"Person","@id":"https:\/\/hcd.malargue.gov.ar\/#\/schema\/person\/3fd6bbab64edd703961b795156c955d0","name":"Belen Pedernera Ferragut","image":{"@type":"ImageObject","inLanguage":"es-AR","@id":"https:\/\/hcd.malargue.gov.ar\/#\/schema\/person\/image\/","url":"https:\/\/secure.gravatar.com\/avatar\/1054ffab3893de4bb3eb29bdd22f7e34b8537bf5d34d9dab311818154ad5b71f?s=96&d=mm&r=g","contentUrl":"https:\/\/secure.gravatar.com\/avatar\/1054ffab3893de4bb3eb29bdd22f7e34b8537bf5d34d9dab311818154ad5b71f?s=96&d=mm&r=g","caption":"Belen Pedernera Ferragut"},"url":"https:\/\/hcd.malargue.gov.ar\/?author=5"}]}},"_links":{"self":[{"href":"https:\/\/hcd.malargue.gov.ar\/index.php?rest_route=\/wp\/v2\/posts\/39631","targetHints":{"allow":["GET"]}}],"collection":[{"href":"https:\/\/hcd.malargue.gov.ar\/index.php?rest_route=\/wp\/v2\/posts"}],"about":[{"href":"https:\/\/hcd.malargue.gov.ar\/index.php?rest_route=\/wp\/v2\/types\/post"}],"author":[{"embeddable":true,"href":"https:\/\/hcd.malargue.gov.ar\/index.php?rest_route=\/wp\/v2\/users\/5"}],"replies":[{"embeddable":true,"href":"https:\/\/hcd.malargue.gov.ar\/index.php?rest_route=%2Fwp%2Fv2%2Fcomments&post=39631"}],"version-history":[{"count":1,"href":"https:\/\/hcd.malargue.gov.ar\/index.php?rest_route=\/wp\/v2\/posts\/39631\/revisions"}],"predecessor-version":[{"id":39632,"href":"https:\/\/hcd.malargue.gov.ar\/index.php?rest_route=\/wp\/v2\/posts\/39631\/revisions\/39632"}],"wp:featuredmedia":[{"embeddable":true,"href":"https:\/\/hcd.malargue.gov.ar\/index.php?rest_route=\/wp\/v2\/media\/39127"}],"wp:attachment":[{"href":"https:\/\/hcd.malargue.gov.ar\/index.php?rest_route=%2Fwp%2Fv2%2Fmedia&parent=39631"}],"wp:term":[{"taxonomy":"category","embeddable":true,"href":"https:\/\/hcd.malargue.gov.ar\/index.php?rest_route=%2Fwp%2Fv2%2Fcategories&post=39631"},{"taxonomy":"post_tag","embeddable":true,"href":"https:\/\/hcd.malargue.gov.ar\/index.php?rest_route=%2Fwp%2Fv2%2Ftags&post=39631"}],"curies":[{"name":"wp","href":"https:\/\/api.w.org\/{rel}","templated":true}]}}