{"id":39652,"date":"2025-10-29T11:15:13","date_gmt":"2025-10-29T14:15:13","guid":{"rendered":"https:\/\/hcd.malargue.gov.ar\/?p=39652"},"modified":"2025-10-29T11:27:28","modified_gmt":"2025-10-29T14:27:28","slug":"orden-del-dia-30-sesion-ordinaria-2","status":"publish","type":"post","link":"https:\/\/hcd.malargue.gov.ar\/?p=39652","title":{"rendered":"ORDEN DEL DIA 30\u00b0 SESION ORDINARIA"},"content":{"rendered":"\n<p><strong>D\u00eda:\u00a0jueves 30\u00a0de octubre de 2.025<\/strong><\/p>\n\n\n\n<p><strong>Hora: 08:50<\/strong><\/p>\n\n\n\n<p><strong>BANCA DEL CIUDADANO: Sra. Marcela Cuartara<\/strong><\/p>\n\n\n\n<p><strong>Tema: Problem\u00e1tica con un terreno que fuera adquirido mediante instrumento de Cesi\u00f3n de Derechos.<\/strong><\/p>\n\n\n\n<p><em><strong>a)<\/strong> <\/em><em style=\"font-weight: bold;\">Acto de Izar la Ense\u00f1a Patria\u00a0\u00a0 a cargo de la\u00a0 Srta. Concejal Magali ACOSTA.<\/em><\/p>\n\n\n\n<p><strong><em>b)<\/em><\/strong> <em style=\"font-weight: bold;\">Homenaje de los Se\u00f1ores Concejales.<\/em><\/p>\n\n\n\n<p><strong><em>c)<\/em><\/strong> <strong><em>Consideraci\u00f3n Acta Sesi\u00f3n Ordinaria N\u00b0 1.210- \u201cO\u201d-2. 025.<\/em><\/strong><\/p>\n\n\n\n<p><strong><em>d) Lectura del detalle de la correspondencia recibida y emitida.<\/em><\/strong><\/p>\n\n\n\n<p><strong><em>e)<\/em><\/strong> <strong><em>Determinaci\u00f3n de los temas que ser\u00e1n incluidos en el punto Asuntos Varios y puesta a consideraci\u00f3n de mociones de tratamientos sobre tablas de diversos expedientes.<\/em><\/strong><\/p>\n\n\n\n<p><strong><em>f) <\/em><\/strong><em style=\"font-weight: bold;\">Proyectos de los Se\u00f1ores Concejales <\/em><\/p>\n\n\n\n<ol style=\"list-style-type:lower-alpha\" class=\"wp-block-list\"><\/ol>\n\n\n\n<p>1) Expte. N\u00b0 6.745\/2.025-0. Proyecto de Resoluci\u00f3n: Reconocer a las Deportistas de la Disciplina Gimnasia Art\u00edstica del Departamento de Malarg\u00fce por su desempe\u00f1o en el \u201cTorneo&nbsp;&nbsp; de Gimnasia Art\u00edstica, Mar de Ajo 2.025\u201d. (BLOQUE FRENTE CAMBIA MENDOZA). Autora Concejal Viviana MOSCA.<\/p>\n\n\n\n<p>2) Expte. N\u00b0 6.746\/2.025-0. Proyecto de Ordenanza: Imponer el nombre \u201cParque Municipal Ra\u00edces Malarg\u00fcinas\u201d e incorporar al Sistema organizado de Parques Municipales creado por Ordenanza N\u00b0 1.442\/2.008. (BLOQUE PARTIDO JUSTICIALISTA.). Autores Concejales: Magali ACOSTA, Rodrigo HIDALGO, Pablo CABRERA, Emilce MANSILLA.<\/p>\n\n\n\n<p>3) Expte. N\u00b0 6.748\/2.025-0. Proyecto de Resoluci\u00f3n: Declarar de&nbsp; Inter\u00e9s Departamental el Dispositivo de Acciones de Protecci\u00f3n y Redes&nbsp; de Cuidado, desarrollado por la Direcci\u00f3n de Inclusi\u00f3n y Desarrollo Social de la Municipalidad de&nbsp; Malarg\u00fce. (BLOQUE PARTIDO JUSTICIALISTA). Autores Concejales: Magali ACOSTA, Emilce MANSILLA, Pablo CABRERA, Rodrigo HIDALGO.<\/p>\n\n\n\n<p>4)Expte. N\u00b0 6.751\/2.025-0. Proyecto de Resoluci\u00f3n: Declaraci\u00f3n de Inter\u00e9s X Congreso de&nbsp; Discapacidad: \u201cPuentes&nbsp; hacia una Mente Inclusiva\u201d.(BLOQUE PARTIDO JUSTICIALISTA). Autores Concejales: Pablo CABRERA, Magali ACOSTA, Emilce Mansilla, Rodrigo HIDALGO.<\/p>\n\n\n\n<p>5) Expte. N\u00b0 6.752\/2.025-0. Proyecto de Resoluci\u00f3n: Solicitar al Departamento Ejecutivo Municipal realice las acciones necesarias para concretar el servicio de alumbrado p\u00fablico en calle Los Pehuquenes, entre Los Teros y Las Loicas. (BLOQUE PARTIDO JUSTICIALISTA.) Autores Concejales: Emilce MANSILLA, Magali ACOSTA, Pablo CABRERA, Rodrigo HIDALGO.<\/p>\n\n\n\n<p>6) Expte. N\u00b0 6.755\/2.025-0. Proyecto de Resoluci\u00f3n: Solicitar al Departamento Ejecutivo Municipal realice las acciones necesarias para concretar el servicio de alumbrado p\u00fablico en calle Extensi\u00f3n Tom\u00e1s Godoy Cruz. (BLOQUE PARTIDO JUSTICIALISTA.) Autores Concejales: Emilce MANSILLA, Magali ACOSTA, Pablo CABRERA, Rodrigo HIDALGO.<\/p>\n\n\n\n<p><strong>g) <\/strong><strong><em>Expedientes provenientes del Departamento Ejecutivo<\/em><\/strong><\/p>\n\n\n\n<p>No ingresados \u00a0<\/p>\n\n\n\n<p><strong>h)<\/strong> <strong><em>Despachos de las Comisiones de Trabajo.<\/em><\/strong><\/p>\n\n\n\n<p>No ingresados<\/p>\n\n\n\n<p>&nbsp;<strong>i<em>) Asuntos Varios. &nbsp;&nbsp;&nbsp;<\/em><\/strong><\/p>\n\n\n\n<p><strong><em>j) Acto de arriar el Pabell\u00f3n Nacional a cargo de la &nbsp;Concejal que lo <\/em><\/strong><strong>izo .-<\/strong><\/p>\n\n\n\n<p class=\"has-text-align-right\">Presidencia, H.C.D., 28&nbsp; de octubre &nbsp;&nbsp;&nbsp;de 2.025<strong><\/strong><\/p>\n\n\n\n<p class=\"has-text-align-center\"><strong>CORRESPONDENCIA PARA LA SESI\u00d3N<\/strong><\/p>\n\n\n\n<p class=\"has-text-align-center\"><strong>Del d\u00eda jueves 30\u00a0 de\u00a0octubre\u00a0 de 2.025<\/strong><\/p>\n\n\n\n<p class=\"has-text-align-center\"><strong>NOTAS INGRESADAS<\/strong><\/p>\n\n\n\n<ol class=\"wp-block-list\">\n<li>Solicitud N\u00b0 13.077\/2.025. Sres Aldo Tortosa y Fabi\u00e1n Gajardo, en representaci\u00f3n de vecinos del Barrio, hacen un reclamo sobre Boliche de Diversi\u00f3n Nocturna: \u201cMontana\u201d.<\/li>\n\n\n\n<li>Solicitud N\u00b0 13.196\/2.025. Sra. Gisela Cortez, en nombre de alumnos de Escuela Primaria del Centro Comunitario Rural Evang\u00e9lico de Agua Escondida, solicitan colaboraci\u00f3n para un TE Bingo, a fin de recaudar fondos para realizar la Fiesta de Egresados.<\/li>\n\n\n\n<li>Solicitud N\u00b0 13.244\/2.025. Oficina de Ceremonial y Protocolo, Municipalidad de Malarg\u00fce, eleva copia de Decreto N\u00b0 1.162\/2.025, para conocimiento.<\/li>\n\n\n\n<li>Solicitud N\u00b0 13.330\/2.025. Sr. Omar Becerra, T\u00e9cnico del Club de F\u00fatbol Camping de Malarg\u00fce, solicita colaboraci\u00f3n para participar del Linares CUP, en la Ciudad de Linares, Chile.<\/li>\n\n\n\n<li>Solicitud N\u00b0 13.398\/2.025. Concejal Francisco Parada, (Presidente Bloque Encuentro), eleva nota de ausencia,\u00a0 certificado m\u00e9dico.<\/li>\n\n\n\n<li>Solicitud N\u00b0 13.427\/2.025. Colectivo de Personas con Discapacidad y sus Familias de Malarg\u00fce, eleva anteproyecto de Ordenanza para Declarar la Ley de Emergencia en Discapacidad en el Departamento\u00a0 de Malarg\u00fce, para su an\u00e1lisis y tratamiento.<\/li>\n\n\n\n<li>Solicitud N\u00b0 13.460\/2.025. Prof. Sra. Marcia Sep\u00falveda, eleva Proyecto de Decreto sobre la obligatoriedad de ex\u00e1menes psicof\u00edsicos integrales para todo el personal municipal.<\/li>\n\n\n\n<li>Solicitud N\u00b0 13.462\/2.025.\u00a0 Dra. Mar\u00eda Paz Zabalegui, Juez de Paz, Letrado, Contravencional y Tributario de Malarg\u00fce, Segunda Circunscripci\u00f3n Judicial, informa que no podr\u00e1 asistir a Reuni\u00f3n.<\/li>\n\n\n\n<li>Solicitud N\u00b0 13.463\/2.025. Ing. Enrique Soler, Jefe de Delegaci\u00f3n Zona Sur, informa \u00a0que no podr\u00e1 asistir a Reuni\u00f3n programada.<\/li>\n<\/ol>\n\n\n\n<p class=\"has-text-align-center\"><strong>\u00a0\u00a0\u00a0\u00a0\u00a0 NOTAS EMITIDAS<\/strong><\/p>\n\n\n\n<ol class=\"wp-block-list\">\n<li>A la Municipalidad y Honorable Concejo Deliberante de Luj\u00e1n de\u00a0 Cuyo, remitiendo nota sobre Jornadas de Contadores Municipales.<\/li>\n\n\n\n<li>\u00a0A los Legisladores Nacionales por Mendoza, a los Legisladores Provinciales por el Departamento de Malarg\u00fce, a la Direcci\u00f3n de Vialidad Nacional, remitiendo copia de Resoluci\u00f3n N\u00b0 367\/2.025, Declaraci\u00f3n de Emergencia el tramo de la Ruta Nacional 40, comprendido entre calle Jorge Newbery y el Puente sobre el R\u00edo Malarg\u00fce.<\/li>\n\n\n\n<li>A la Sra. Adriana Cuartara, informando que podr\u00e1 hacer uso de la Banca del Ciudadano.<\/li>\n<\/ol>\n","protected":false},"excerpt":{"rendered":"<p>D\u00eda:\u00a0jueves 30\u00a0de octubre de 2.025 Hora: 08:50 BANCA DEL CIUDADANO: Sra. Marcela Cuartara Tema: Problem\u00e1tica con un terreno que fuera adquirido mediante instrumento de Cesi\u00f3n de Derechos. a) Acto de Izar la Ense\u00f1a Patria\u00a0\u00a0 a cargo de la\u00a0 Srta. Concejal Magali ACOSTA. b) Homenaje de los Se\u00f1ores Concejales. c) Consideraci\u00f3n Acta Sesi\u00f3n Ordinaria N\u00b0 1.210- [&hellip;]<\/p>\n","protected":false},"author":5,"featured_media":39127,"comment_status":"closed","ping_status":"closed","sticky":false,"template":"","format":"standard","meta":{"footnotes":""},"categories":[83,52,84,58,33,36],"tags":[],"class_list":["post-39652","post","type-post","status-publish","format-standard","has-post-thumbnail","hentry","category-banca-del-ciudadano","category-gacetillas","category-orden-del-dia","category-ordinarias","category-prensa","category-sesiones"],"yoast_head":"<!-- This site is optimized with the Yoast SEO plugin v19.10 - https:\/\/yoast.com\/wordpress\/plugins\/seo\/ -->\n<title>ORDEN DEL DIA 30\u00b0 SESION ORDINARIA - Malarg\u00fce HCD<\/title>\n<meta name=\"robots\" content=\"index, follow, max-snippet:-1, max-image-preview:large, max-video-preview:-1\" \/>\n<link rel=\"canonical\" href=\"https:\/\/hcd.malargue.gov.ar\/?p=39652\" \/>\n<meta property=\"og:locale\" content=\"es_ES\" \/>\n<meta property=\"og:type\" content=\"article\" \/>\n<meta property=\"og:title\" content=\"ORDEN DEL DIA 30\u00b0 SESION ORDINARIA - Malarg\u00fce HCD\" \/>\n<meta property=\"og:description\" content=\"D\u00eda:\u00a0jueves 30\u00a0de octubre de 2.025 Hora: 08:50 BANCA DEL CIUDADANO: Sra. Marcela Cuartara Tema: Problem\u00e1tica con un terreno que fuera adquirido mediante instrumento de Cesi\u00f3n de Derechos. a) Acto de Izar la Ense\u00f1a Patria\u00a0\u00a0 a cargo de la\u00a0 Srta. Concejal Magali ACOSTA. b) Homenaje de los Se\u00f1ores Concejales. c) Consideraci\u00f3n Acta Sesi\u00f3n Ordinaria N\u00b0 1.210- [&hellip;]\" \/>\n<meta property=\"og:url\" content=\"https:\/\/hcd.malargue.gov.ar\/?p=39652\" \/>\n<meta property=\"og:site_name\" content=\"Malarg\u00fce HCD\" \/>\n<meta property=\"article:published_time\" content=\"2025-10-29T14:15:13+00:00\" \/>\n<meta property=\"article:modified_time\" content=\"2025-10-29T14:27:28+00:00\" \/>\n<meta property=\"og:image\" content=\"https:\/\/hcd.malargue.gov.ar\/wp-content\/uploads\/2025\/06\/PERIODO-2025.jpg\" \/>\n\t<meta property=\"og:image:width\" content=\"1640\" \/>\n\t<meta property=\"og:image:height\" content=\"924\" \/>\n\t<meta property=\"og:image:type\" content=\"image\/jpeg\" \/>\n<meta name=\"author\" content=\"Belen Pedernera Ferragut\" \/>\n<meta name=\"twitter:card\" content=\"summary_large_image\" \/>\n<meta name=\"twitter:label1\" content=\"Escrito por\" \/>\n\t<meta name=\"twitter:data1\" content=\"Belen Pedernera Ferragut\" \/>\n\t<meta name=\"twitter:label2\" content=\"Tiempo de lectura\" \/>\n\t<meta name=\"twitter:data2\" content=\"4 minutos\" \/>\n<script type=\"application\/ld+json\" class=\"yoast-schema-graph\">{\"@context\":\"https:\/\/schema.org\",\"@graph\":[{\"@type\":\"WebPage\",\"@id\":\"https:\/\/hcd.malargue.gov.ar\/?p=39652\",\"url\":\"https:\/\/hcd.malargue.gov.ar\/?p=39652\",\"name\":\"ORDEN DEL DIA 30\u00b0 SESION ORDINARIA - Malarg\u00fce HCD\",\"isPartOf\":{\"@id\":\"https:\/\/hcd.malargue.gov.ar\/#website\"},\"datePublished\":\"2025-10-29T14:15:13+00:00\",\"dateModified\":\"2025-10-29T14:27:28+00:00\",\"author\":{\"@id\":\"https:\/\/hcd.malargue.gov.ar\/#\/schema\/person\/3fd6bbab64edd703961b795156c955d0\"},\"breadcrumb\":{\"@id\":\"https:\/\/hcd.malargue.gov.ar\/?p=39652#breadcrumb\"},\"inLanguage\":\"es-AR\",\"potentialAction\":[{\"@type\":\"ReadAction\",\"target\":[\"https:\/\/hcd.malargue.gov.ar\/?p=39652\"]}]},{\"@type\":\"BreadcrumbList\",\"@id\":\"https:\/\/hcd.malargue.gov.ar\/?p=39652#breadcrumb\",\"itemListElement\":[{\"@type\":\"ListItem\",\"position\":1,\"name\":\"Inicio\",\"item\":\"https:\/\/hcd.malargue.gov.ar\/\"},{\"@type\":\"ListItem\",\"position\":2,\"name\":\"ORDEN DEL DIA 30\u00b0 SESION ORDINARIA\"}]},{\"@type\":\"WebSite\",\"@id\":\"https:\/\/hcd.malargue.gov.ar\/#website\",\"url\":\"https:\/\/hcd.malargue.gov.ar\/\",\"name\":\"Malarg\u00fce HCD\",\"description\":\"Malarg\u00fce Mendoza Argentina\",\"potentialAction\":[{\"@type\":\"SearchAction\",\"target\":{\"@type\":\"EntryPoint\",\"urlTemplate\":\"https:\/\/hcd.malargue.gov.ar\/?s={search_term_string}\"},\"query-input\":\"required name=search_term_string\"}],\"inLanguage\":\"es-AR\"},{\"@type\":\"Person\",\"@id\":\"https:\/\/hcd.malargue.gov.ar\/#\/schema\/person\/3fd6bbab64edd703961b795156c955d0\",\"name\":\"Belen Pedernera Ferragut\",\"image\":{\"@type\":\"ImageObject\",\"inLanguage\":\"es-AR\",\"@id\":\"https:\/\/hcd.malargue.gov.ar\/#\/schema\/person\/image\/\",\"url\":\"https:\/\/secure.gravatar.com\/avatar\/1054ffab3893de4bb3eb29bdd22f7e34b8537bf5d34d9dab311818154ad5b71f?s=96&d=mm&r=g\",\"contentUrl\":\"https:\/\/secure.gravatar.com\/avatar\/1054ffab3893de4bb3eb29bdd22f7e34b8537bf5d34d9dab311818154ad5b71f?s=96&d=mm&r=g\",\"caption\":\"Belen Pedernera Ferragut\"},\"url\":\"https:\/\/hcd.malargue.gov.ar\/?author=5\"}]}<\/script>\n<!-- \/ Yoast SEO plugin. -->","yoast_head_json":{"title":"ORDEN DEL DIA 30\u00b0 SESION ORDINARIA - Malarg\u00fce HCD","robots":{"index":"index","follow":"follow","max-snippet":"max-snippet:-1","max-image-preview":"max-image-preview:large","max-video-preview":"max-video-preview:-1"},"canonical":"https:\/\/hcd.malargue.gov.ar\/?p=39652","og_locale":"es_ES","og_type":"article","og_title":"ORDEN DEL DIA 30\u00b0 SESION ORDINARIA - Malarg\u00fce HCD","og_description":"D\u00eda:\u00a0jueves 30\u00a0de octubre de 2.025 Hora: 08:50 BANCA DEL CIUDADANO: Sra. Marcela Cuartara Tema: Problem\u00e1tica con un terreno que fuera adquirido mediante instrumento de Cesi\u00f3n de Derechos. a) Acto de Izar la Ense\u00f1a Patria\u00a0\u00a0 a cargo de la\u00a0 Srta. Concejal Magali ACOSTA. b) Homenaje de los Se\u00f1ores Concejales. c) Consideraci\u00f3n Acta Sesi\u00f3n Ordinaria N\u00b0 1.210- [&hellip;]","og_url":"https:\/\/hcd.malargue.gov.ar\/?p=39652","og_site_name":"Malarg\u00fce HCD","article_published_time":"2025-10-29T14:15:13+00:00","article_modified_time":"2025-10-29T14:27:28+00:00","og_image":[{"width":1640,"height":924,"url":"https:\/\/hcd.malargue.gov.ar\/wp-content\/uploads\/2025\/06\/PERIODO-2025.jpg","type":"image\/jpeg"}],"author":"Belen Pedernera Ferragut","twitter_card":"summary_large_image","twitter_misc":{"Escrito por":"Belen Pedernera Ferragut","Tiempo de lectura":"4 minutos"},"schema":{"@context":"https:\/\/schema.org","@graph":[{"@type":"WebPage","@id":"https:\/\/hcd.malargue.gov.ar\/?p=39652","url":"https:\/\/hcd.malargue.gov.ar\/?p=39652","name":"ORDEN DEL DIA 30\u00b0 SESION ORDINARIA - Malarg\u00fce HCD","isPartOf":{"@id":"https:\/\/hcd.malargue.gov.ar\/#website"},"datePublished":"2025-10-29T14:15:13+00:00","dateModified":"2025-10-29T14:27:28+00:00","author":{"@id":"https:\/\/hcd.malargue.gov.ar\/#\/schema\/person\/3fd6bbab64edd703961b795156c955d0"},"breadcrumb":{"@id":"https:\/\/hcd.malargue.gov.ar\/?p=39652#breadcrumb"},"inLanguage":"es-AR","potentialAction":[{"@type":"ReadAction","target":["https:\/\/hcd.malargue.gov.ar\/?p=39652"]}]},{"@type":"BreadcrumbList","@id":"https:\/\/hcd.malargue.gov.ar\/?p=39652#breadcrumb","itemListElement":[{"@type":"ListItem","position":1,"name":"Inicio","item":"https:\/\/hcd.malargue.gov.ar\/"},{"@type":"ListItem","position":2,"name":"ORDEN DEL DIA 30\u00b0 SESION ORDINARIA"}]},{"@type":"WebSite","@id":"https:\/\/hcd.malargue.gov.ar\/#website","url":"https:\/\/hcd.malargue.gov.ar\/","name":"Malarg\u00fce HCD","description":"Malarg\u00fce Mendoza Argentina","potentialAction":[{"@type":"SearchAction","target":{"@type":"EntryPoint","urlTemplate":"https:\/\/hcd.malargue.gov.ar\/?s={search_term_string}"},"query-input":"required name=search_term_string"}],"inLanguage":"es-AR"},{"@type":"Person","@id":"https:\/\/hcd.malargue.gov.ar\/#\/schema\/person\/3fd6bbab64edd703961b795156c955d0","name":"Belen Pedernera Ferragut","image":{"@type":"ImageObject","inLanguage":"es-AR","@id":"https:\/\/hcd.malargue.gov.ar\/#\/schema\/person\/image\/","url":"https:\/\/secure.gravatar.com\/avatar\/1054ffab3893de4bb3eb29bdd22f7e34b8537bf5d34d9dab311818154ad5b71f?s=96&d=mm&r=g","contentUrl":"https:\/\/secure.gravatar.com\/avatar\/1054ffab3893de4bb3eb29bdd22f7e34b8537bf5d34d9dab311818154ad5b71f?s=96&d=mm&r=g","caption":"Belen Pedernera Ferragut"},"url":"https:\/\/hcd.malargue.gov.ar\/?author=5"}]}},"_links":{"self":[{"href":"https:\/\/hcd.malargue.gov.ar\/index.php?rest_route=\/wp\/v2\/posts\/39652","targetHints":{"allow":["GET"]}}],"collection":[{"href":"https:\/\/hcd.malargue.gov.ar\/index.php?rest_route=\/wp\/v2\/posts"}],"about":[{"href":"https:\/\/hcd.malargue.gov.ar\/index.php?rest_route=\/wp\/v2\/types\/post"}],"author":[{"embeddable":true,"href":"https:\/\/hcd.malargue.gov.ar\/index.php?rest_route=\/wp\/v2\/users\/5"}],"replies":[{"embeddable":true,"href":"https:\/\/hcd.malargue.gov.ar\/index.php?rest_route=%2Fwp%2Fv2%2Fcomments&post=39652"}],"version-history":[{"count":1,"href":"https:\/\/hcd.malargue.gov.ar\/index.php?rest_route=\/wp\/v2\/posts\/39652\/revisions"}],"predecessor-version":[{"id":39653,"href":"https:\/\/hcd.malargue.gov.ar\/index.php?rest_route=\/wp\/v2\/posts\/39652\/revisions\/39653"}],"wp:featuredmedia":[{"embeddable":true,"href":"https:\/\/hcd.malargue.gov.ar\/index.php?rest_route=\/wp\/v2\/media\/39127"}],"wp:attachment":[{"href":"https:\/\/hcd.malargue.gov.ar\/index.php?rest_route=%2Fwp%2Fv2%2Fmedia&parent=39652"}],"wp:term":[{"taxonomy":"category","embeddable":true,"href":"https:\/\/hcd.malargue.gov.ar\/index.php?rest_route=%2Fwp%2Fv2%2Fcategories&post=39652"},{"taxonomy":"post_tag","embeddable":true,"href":"https:\/\/hcd.malargue.gov.ar\/index.php?rest_route=%2Fwp%2Fv2%2Ftags&post=39652"}],"curies":[{"name":"wp","href":"https:\/\/api.w.org\/{rel}","templated":true}]}}