{"id":39738,"date":"2025-11-18T08:43:52","date_gmt":"2025-11-18T11:43:52","guid":{"rendered":"https:\/\/hcd.malargue.gov.ar\/?p=39738"},"modified":"2025-11-18T08:51:42","modified_gmt":"2025-11-18T11:51:42","slug":"el-hcd-estuvo-presente-en-los-festejos-por-el-75-aniversario-de-malargue","status":"publish","type":"post","link":"https:\/\/hcd.malargue.gov.ar\/?p=39738","title":{"rendered":"El HCD estuvo presente en los festejos por el 75\u00b0 Aniversario de Malarg\u00fce"},"content":{"rendered":"\n<p><em>Malarg\u00fce celebr\u00f3 este fin de semana su 75\u00b0 Aniversario con una amplia agenda de actividades que convocaron a miles de vecinos y vecinas. Las Concejales y los Concejales participaron de cada una de las instancias oficiales, acompa\u00f1ando a la comunidad en una fecha de profundo valor hist\u00f3rico y cultural.<\/em><\/p>\n\n\n<div class=\"wp-block-image\">\n<figure class=\"alignleft size-large is-resized\"><img loading=\"lazy\" decoding=\"async\" width=\"1024\" height=\"681\" src=\"https:\/\/hcd.malargue.gov.ar\/wp-content\/uploads\/2025\/11\/DSC_3698-Grande-1024x681.jpg\" alt=\"\" class=\"wp-image-39741\" style=\"width:307px;height:auto\" srcset=\"https:\/\/hcd.malargue.gov.ar\/wp-content\/uploads\/2025\/11\/DSC_3698-Grande-1024x681.jpg 1024w, https:\/\/hcd.malargue.gov.ar\/wp-content\/uploads\/2025\/11\/DSC_3698-Grande-300x200.jpg 300w, https:\/\/hcd.malargue.gov.ar\/wp-content\/uploads\/2025\/11\/DSC_3698-Grande-768x511.jpg 768w, https:\/\/hcd.malargue.gov.ar\/wp-content\/uploads\/2025\/11\/DSC_3698-Grande-1536x1022.jpg 1536w, https:\/\/hcd.malargue.gov.ar\/wp-content\/uploads\/2025\/11\/DSC_3698-Grande.jpg 1623w\" sizes=\"auto, (max-width: 1024px) 100vw, 1024px\" \/><\/figure>\n<\/div>\n\n\n<p><em>La jornada inici\u00f3 con la tradicional <strong>Cabalgata de la Fe y la Esperanza<\/strong>, que una vez m\u00e1s lleg\u00f3 a nuestra ciudad en el marco de los festejos. Jinetes y devotos acompa\u00f1aron el arribo de la imagen de la Virgen de Luj\u00e1n, reafirmando una tradici\u00f3n que forma parte esencial de cada aniversario malarg\u00fcino.<\/em> <\/p>\n\n\n\n<p><em>Posteriormente, se realiz\u00f3 uno de los momentos m\u00e1s emotivos del fin de semana: el <strong>desentierro de la C\u00e1psula del Tiempo colocada en el a\u00f1o 2000<\/strong>. Mensajes, documentos y recuerdos guardados hace 25 a\u00f1os volvieron a la luz, generando un valioso encuentro entre generaciones. En el mismo acto se instal\u00f3 una nueva c\u00e1psula que ser\u00e1 abierta en el centenario del departamento.<\/em> <\/p>\n\n\n<div class=\"wp-block-image\">\n<figure class=\"aligncenter size-large\"><img loading=\"lazy\" decoding=\"async\" width=\"1024\" height=\"681\" src=\"https:\/\/hcd.malargue.gov.ar\/wp-content\/uploads\/2025\/11\/DSC_3650-Grande-1024x681.jpg\" alt=\"\" class=\"wp-image-39742\" srcset=\"https:\/\/hcd.malargue.gov.ar\/wp-content\/uploads\/2025\/11\/DSC_3650-Grande-1024x681.jpg 1024w, https:\/\/hcd.malargue.gov.ar\/wp-content\/uploads\/2025\/11\/DSC_3650-Grande-300x200.jpg 300w, https:\/\/hcd.malargue.gov.ar\/wp-content\/uploads\/2025\/11\/DSC_3650-Grande-768x511.jpg 768w, https:\/\/hcd.malargue.gov.ar\/wp-content\/uploads\/2025\/11\/DSC_3650-Grande-1536x1022.jpg 1536w, https:\/\/hcd.malargue.gov.ar\/wp-content\/uploads\/2025\/11\/DSC_3650-Grande.jpg 1623w\" sizes=\"auto, (max-width: 1024px) 100vw, 1024px\" \/><\/figure>\n<\/div>\n\n\n<p><em>Al caer la tarde, miles de vecinos y vecinas se reunieron para participar de una <strong>velada art\u00edstica inolvidable<\/strong> en el Parque Ra\u00edces Malarg\u00fce. M\u00e1s de <strong>15.000 personas<\/strong> disfrutaron del espect\u00e1culo de <strong>La Delio Valdez<\/strong>, que brind\u00f3 un cierre festivo y musical a las actividades culturales del aniversario.<\/em><\/p>\n\n\n<div class=\"wp-block-image\">\n<figure class=\"aligncenter size-large\"><img loading=\"lazy\" decoding=\"async\" width=\"1024\" height=\"681\" src=\"https:\/\/hcd.malargue.gov.ar\/wp-content\/uploads\/2025\/11\/DSC_5028-Large-1024x681.jpg\" alt=\"\" class=\"wp-image-39743\" srcset=\"https:\/\/hcd.malargue.gov.ar\/wp-content\/uploads\/2025\/11\/DSC_5028-Large-1024x681.jpg 1024w, https:\/\/hcd.malargue.gov.ar\/wp-content\/uploads\/2025\/11\/DSC_5028-Large-300x200.jpg 300w, https:\/\/hcd.malargue.gov.ar\/wp-content\/uploads\/2025\/11\/DSC_5028-Large-768x511.jpg 768w, https:\/\/hcd.malargue.gov.ar\/wp-content\/uploads\/2025\/11\/DSC_5028-Large-1536x1022.jpg 1536w, https:\/\/hcd.malargue.gov.ar\/wp-content\/uploads\/2025\/11\/DSC_5028-Large.jpg 1623w\" sizes=\"auto, (max-width: 1024px) 100vw, 1024px\" \/><\/figure>\n<\/div>\n\n<div class=\"wp-block-image\">\n<figure class=\"alignleft size-large is-resized\"><img loading=\"lazy\" decoding=\"async\" width=\"1024\" height=\"681\" src=\"https:\/\/hcd.malargue.gov.ar\/wp-content\/uploads\/2025\/11\/DSC_5181-Large-1-1024x681.jpg\" alt=\"\" class=\"wp-image-39745\" style=\"width:340px;height:auto\" srcset=\"https:\/\/hcd.malargue.gov.ar\/wp-content\/uploads\/2025\/11\/DSC_5181-Large-1-1024x681.jpg 1024w, https:\/\/hcd.malargue.gov.ar\/wp-content\/uploads\/2025\/11\/DSC_5181-Large-1-300x200.jpg 300w, https:\/\/hcd.malargue.gov.ar\/wp-content\/uploads\/2025\/11\/DSC_5181-Large-1-768x511.jpg 768w, https:\/\/hcd.malargue.gov.ar\/wp-content\/uploads\/2025\/11\/DSC_5181-Large-1-1536x1022.jpg 1536w, https:\/\/hcd.malargue.gov.ar\/wp-content\/uploads\/2025\/11\/DSC_5181-Large-1.jpg 1623w\" sizes=\"auto, (max-width: 1024px) 100vw, 1024px\" \/><\/figure>\n<\/div>\n\n\n<p><em>Las celebraciones oficiales continuaron al d\u00eda siguiente con el <strong>acto protocolar en la Plaza San Mart\u00edn<\/strong>, donde autoridades, instituciones y vecinos homenajearon la historia y el crecimiento del departamento. A continuaci\u00f3n, se desarroll\u00f3 el <strong>Desfile C\u00edvico-Militar<\/strong>, que reuni\u00f3 a escuelas, fuerzas de seguridad, agrupaciones tradicionalistas, instituciones deportivas y organizaciones locales.<\/em><\/p>\n\n\n<div class=\"wp-block-image\">\n<figure class=\"alignright size-large is-resized\"><img loading=\"lazy\" decoding=\"async\" width=\"1024\" height=\"681\" src=\"https:\/\/hcd.malargue.gov.ar\/wp-content\/uploads\/2025\/11\/DSC_7392-Large-1024x681.jpg\" alt=\"\" class=\"wp-image-39744\" style=\"width:454px;height:auto\" srcset=\"https:\/\/hcd.malargue.gov.ar\/wp-content\/uploads\/2025\/11\/DSC_7392-Large-1024x681.jpg 1024w, https:\/\/hcd.malargue.gov.ar\/wp-content\/uploads\/2025\/11\/DSC_7392-Large-300x200.jpg 300w, https:\/\/hcd.malargue.gov.ar\/wp-content\/uploads\/2025\/11\/DSC_7392-Large-768x511.jpg 768w, https:\/\/hcd.malargue.gov.ar\/wp-content\/uploads\/2025\/11\/DSC_7392-Large-1536x1022.jpg 1536w, https:\/\/hcd.malargue.gov.ar\/wp-content\/uploads\/2025\/11\/DSC_7392-Large.jpg 1623w\" sizes=\"auto, (max-width: 1024px) 100vw, 1024px\" \/><\/figure>\n<\/div>\n\n\n<p><em>El cierre de los festejos estuvo marcado por el tradicional <strong>Almuerzo de las Fuerzas Vivas<\/strong>, realizado en el Polideportivo Malal Hue, un espacio que cada a\u00f1o fortalece la integraci\u00f3n y el trabajo conjunto de las instituciones del departamento.<\/em><\/p>\n\n\n\n<p><em>Las actividades por el 75\u00b0 Aniversario reafirmaron la identidad, la memoria y el compromiso colectivo que caracterizan a la comunidad malarg\u00fcina.<\/em><\/p>\n\n\n\n<p><em>Agradecemos las fotos a Prensa de la Municipalidad de Malarg\u00fce<\/em>.<\/p>\n\n\n\n<p class=\"has-text-align-center\"><strong><a href=\"https:\/\/www.facebook.com\/share\/p\/1HRoz6NK4D\/\">GALERIA DE FOTOS<\/a><\/strong><\/p>\n","protected":false},"excerpt":{"rendered":"<p>Malarg\u00fce celebr\u00f3 este fin de semana su 75\u00b0 Aniversario con una amplia agenda de actividades que convocaron a miles de vecinos y vecinas. Las Concejales y los Concejales participaron de cada una de las instancias oficiales, acompa\u00f1ando a la comunidad en una fecha de profundo valor hist\u00f3rico y cultural. La jornada inici\u00f3 con la tradicional [&hellip;]<\/p>\n","protected":false},"author":5,"featured_media":39740,"comment_status":"closed","ping_status":"closed","sticky":false,"template":"","format":"standard","meta":{"footnotes":""},"categories":[52,33],"tags":[],"class_list":["post-39738","post","type-post","status-publish","format-standard","has-post-thumbnail","hentry","category-gacetillas","category-prensa"],"yoast_head":"<!-- This site is optimized with the Yoast SEO plugin v19.10 - https:\/\/yoast.com\/wordpress\/plugins\/seo\/ -->\n<title>El HCD estuvo presente en los festejos por el 75\u00b0 Aniversario de Malarg\u00fce - Malarg\u00fce HCD<\/title>\n<meta name=\"robots\" content=\"index, follow, max-snippet:-1, max-image-preview:large, max-video-preview:-1\" \/>\n<link rel=\"canonical\" href=\"https:\/\/hcd.malargue.gov.ar\/?p=39738\" \/>\n<meta property=\"og:locale\" content=\"es_ES\" \/>\n<meta property=\"og:type\" content=\"article\" \/>\n<meta property=\"og:title\" content=\"El HCD estuvo presente en los festejos por el 75\u00b0 Aniversario de Malarg\u00fce - Malarg\u00fce HCD\" \/>\n<meta property=\"og:description\" content=\"Malarg\u00fce celebr\u00f3 este fin de semana su 75\u00b0 Aniversario con una amplia agenda de actividades que convocaron a miles de vecinos y vecinas. Las Concejales y los Concejales participaron de cada una de las instancias oficiales, acompa\u00f1ando a la comunidad en una fecha de profundo valor hist\u00f3rico y cultural. La jornada inici\u00f3 con la tradicional [&hellip;]\" \/>\n<meta property=\"og:url\" content=\"https:\/\/hcd.malargue.gov.ar\/?p=39738\" \/>\n<meta property=\"og:site_name\" content=\"Malarg\u00fce HCD\" \/>\n<meta property=\"article:published_time\" content=\"2025-11-18T11:43:52+00:00\" \/>\n<meta property=\"article:modified_time\" content=\"2025-11-18T11:51:42+00:00\" \/>\n<meta property=\"og:image\" content=\"https:\/\/hcd.malargue.gov.ar\/wp-content\/uploads\/2025\/11\/DSC_5181-Large.jpg\" \/>\n\t<meta property=\"og:image:width\" content=\"1623\" \/>\n\t<meta property=\"og:image:height\" content=\"1080\" \/>\n\t<meta property=\"og:image:type\" content=\"image\/jpeg\" \/>\n<meta name=\"author\" content=\"Belen Pedernera Ferragut\" \/>\n<meta name=\"twitter:card\" content=\"summary_large_image\" \/>\n<meta name=\"twitter:label1\" content=\"Escrito por\" \/>\n\t<meta name=\"twitter:data1\" content=\"Belen Pedernera Ferragut\" \/>\n\t<meta name=\"twitter:label2\" content=\"Tiempo de lectura\" \/>\n\t<meta name=\"twitter:data2\" content=\"3 minutos\" \/>\n<script type=\"application\/ld+json\" class=\"yoast-schema-graph\">{\"@context\":\"https:\/\/schema.org\",\"@graph\":[{\"@type\":\"WebPage\",\"@id\":\"https:\/\/hcd.malargue.gov.ar\/?p=39738\",\"url\":\"https:\/\/hcd.malargue.gov.ar\/?p=39738\",\"name\":\"El HCD estuvo presente en los festejos por el 75\u00b0 Aniversario de Malarg\u00fce - Malarg\u00fce HCD\",\"isPartOf\":{\"@id\":\"https:\/\/hcd.malargue.gov.ar\/#website\"},\"datePublished\":\"2025-11-18T11:43:52+00:00\",\"dateModified\":\"2025-11-18T11:51:42+00:00\",\"author\":{\"@id\":\"https:\/\/hcd.malargue.gov.ar\/#\/schema\/person\/3fd6bbab64edd703961b795156c955d0\"},\"breadcrumb\":{\"@id\":\"https:\/\/hcd.malargue.gov.ar\/?p=39738#breadcrumb\"},\"inLanguage\":\"es-AR\",\"potentialAction\":[{\"@type\":\"ReadAction\",\"target\":[\"https:\/\/hcd.malargue.gov.ar\/?p=39738\"]}]},{\"@type\":\"BreadcrumbList\",\"@id\":\"https:\/\/hcd.malargue.gov.ar\/?p=39738#breadcrumb\",\"itemListElement\":[{\"@type\":\"ListItem\",\"position\":1,\"name\":\"Inicio\",\"item\":\"https:\/\/hcd.malargue.gov.ar\/\"},{\"@type\":\"ListItem\",\"position\":2,\"name\":\"El HCD estuvo presente en los festejos por el 75\u00b0 Aniversario de Malarg\u00fce\"}]},{\"@type\":\"WebSite\",\"@id\":\"https:\/\/hcd.malargue.gov.ar\/#website\",\"url\":\"https:\/\/hcd.malargue.gov.ar\/\",\"name\":\"Malarg\u00fce HCD\",\"description\":\"Malarg\u00fce Mendoza Argentina\",\"potentialAction\":[{\"@type\":\"SearchAction\",\"target\":{\"@type\":\"EntryPoint\",\"urlTemplate\":\"https:\/\/hcd.malargue.gov.ar\/?s={search_term_string}\"},\"query-input\":\"required name=search_term_string\"}],\"inLanguage\":\"es-AR\"},{\"@type\":\"Person\",\"@id\":\"https:\/\/hcd.malargue.gov.ar\/#\/schema\/person\/3fd6bbab64edd703961b795156c955d0\",\"name\":\"Belen Pedernera Ferragut\",\"image\":{\"@type\":\"ImageObject\",\"inLanguage\":\"es-AR\",\"@id\":\"https:\/\/hcd.malargue.gov.ar\/#\/schema\/person\/image\/\",\"url\":\"https:\/\/secure.gravatar.com\/avatar\/1054ffab3893de4bb3eb29bdd22f7e34b8537bf5d34d9dab311818154ad5b71f?s=96&d=mm&r=g\",\"contentUrl\":\"https:\/\/secure.gravatar.com\/avatar\/1054ffab3893de4bb3eb29bdd22f7e34b8537bf5d34d9dab311818154ad5b71f?s=96&d=mm&r=g\",\"caption\":\"Belen Pedernera Ferragut\"},\"url\":\"https:\/\/hcd.malargue.gov.ar\/?author=5\"}]}<\/script>\n<!-- \/ Yoast SEO plugin. -->","yoast_head_json":{"title":"El HCD estuvo presente en los festejos por el 75\u00b0 Aniversario de Malarg\u00fce - Malarg\u00fce HCD","robots":{"index":"index","follow":"follow","max-snippet":"max-snippet:-1","max-image-preview":"max-image-preview:large","max-video-preview":"max-video-preview:-1"},"canonical":"https:\/\/hcd.malargue.gov.ar\/?p=39738","og_locale":"es_ES","og_type":"article","og_title":"El HCD estuvo presente en los festejos por el 75\u00b0 Aniversario de Malarg\u00fce - Malarg\u00fce HCD","og_description":"Malarg\u00fce celebr\u00f3 este fin de semana su 75\u00b0 Aniversario con una amplia agenda de actividades que convocaron a miles de vecinos y vecinas. Las Concejales y los Concejales participaron de cada una de las instancias oficiales, acompa\u00f1ando a la comunidad en una fecha de profundo valor hist\u00f3rico y cultural. La jornada inici\u00f3 con la tradicional [&hellip;]","og_url":"https:\/\/hcd.malargue.gov.ar\/?p=39738","og_site_name":"Malarg\u00fce HCD","article_published_time":"2025-11-18T11:43:52+00:00","article_modified_time":"2025-11-18T11:51:42+00:00","og_image":[{"width":1623,"height":1080,"url":"https:\/\/hcd.malargue.gov.ar\/wp-content\/uploads\/2025\/11\/DSC_5181-Large.jpg","type":"image\/jpeg"}],"author":"Belen Pedernera Ferragut","twitter_card":"summary_large_image","twitter_misc":{"Escrito por":"Belen Pedernera Ferragut","Tiempo de lectura":"3 minutos"},"schema":{"@context":"https:\/\/schema.org","@graph":[{"@type":"WebPage","@id":"https:\/\/hcd.malargue.gov.ar\/?p=39738","url":"https:\/\/hcd.malargue.gov.ar\/?p=39738","name":"El HCD estuvo presente en los festejos por el 75\u00b0 Aniversario de Malarg\u00fce - Malarg\u00fce HCD","isPartOf":{"@id":"https:\/\/hcd.malargue.gov.ar\/#website"},"datePublished":"2025-11-18T11:43:52+00:00","dateModified":"2025-11-18T11:51:42+00:00","author":{"@id":"https:\/\/hcd.malargue.gov.ar\/#\/schema\/person\/3fd6bbab64edd703961b795156c955d0"},"breadcrumb":{"@id":"https:\/\/hcd.malargue.gov.ar\/?p=39738#breadcrumb"},"inLanguage":"es-AR","potentialAction":[{"@type":"ReadAction","target":["https:\/\/hcd.malargue.gov.ar\/?p=39738"]}]},{"@type":"BreadcrumbList","@id":"https:\/\/hcd.malargue.gov.ar\/?p=39738#breadcrumb","itemListElement":[{"@type":"ListItem","position":1,"name":"Inicio","item":"https:\/\/hcd.malargue.gov.ar\/"},{"@type":"ListItem","position":2,"name":"El HCD estuvo presente en los festejos por el 75\u00b0 Aniversario de Malarg\u00fce"}]},{"@type":"WebSite","@id":"https:\/\/hcd.malargue.gov.ar\/#website","url":"https:\/\/hcd.malargue.gov.ar\/","name":"Malarg\u00fce HCD","description":"Malarg\u00fce Mendoza Argentina","potentialAction":[{"@type":"SearchAction","target":{"@type":"EntryPoint","urlTemplate":"https:\/\/hcd.malargue.gov.ar\/?s={search_term_string}"},"query-input":"required name=search_term_string"}],"inLanguage":"es-AR"},{"@type":"Person","@id":"https:\/\/hcd.malargue.gov.ar\/#\/schema\/person\/3fd6bbab64edd703961b795156c955d0","name":"Belen Pedernera Ferragut","image":{"@type":"ImageObject","inLanguage":"es-AR","@id":"https:\/\/hcd.malargue.gov.ar\/#\/schema\/person\/image\/","url":"https:\/\/secure.gravatar.com\/avatar\/1054ffab3893de4bb3eb29bdd22f7e34b8537bf5d34d9dab311818154ad5b71f?s=96&d=mm&r=g","contentUrl":"https:\/\/secure.gravatar.com\/avatar\/1054ffab3893de4bb3eb29bdd22f7e34b8537bf5d34d9dab311818154ad5b71f?s=96&d=mm&r=g","caption":"Belen Pedernera Ferragut"},"url":"https:\/\/hcd.malargue.gov.ar\/?author=5"}]}},"_links":{"self":[{"href":"https:\/\/hcd.malargue.gov.ar\/index.php?rest_route=\/wp\/v2\/posts\/39738","targetHints":{"allow":["GET"]}}],"collection":[{"href":"https:\/\/hcd.malargue.gov.ar\/index.php?rest_route=\/wp\/v2\/posts"}],"about":[{"href":"https:\/\/hcd.malargue.gov.ar\/index.php?rest_route=\/wp\/v2\/types\/post"}],"author":[{"embeddable":true,"href":"https:\/\/hcd.malargue.gov.ar\/index.php?rest_route=\/wp\/v2\/users\/5"}],"replies":[{"embeddable":true,"href":"https:\/\/hcd.malargue.gov.ar\/index.php?rest_route=%2Fwp%2Fv2%2Fcomments&post=39738"}],"version-history":[{"count":1,"href":"https:\/\/hcd.malargue.gov.ar\/index.php?rest_route=\/wp\/v2\/posts\/39738\/revisions"}],"predecessor-version":[{"id":39746,"href":"https:\/\/hcd.malargue.gov.ar\/index.php?rest_route=\/wp\/v2\/posts\/39738\/revisions\/39746"}],"wp:featuredmedia":[{"embeddable":true,"href":"https:\/\/hcd.malargue.gov.ar\/index.php?rest_route=\/wp\/v2\/media\/39740"}],"wp:attachment":[{"href":"https:\/\/hcd.malargue.gov.ar\/index.php?rest_route=%2Fwp%2Fv2%2Fmedia&parent=39738"}],"wp:term":[{"taxonomy":"category","embeddable":true,"href":"https:\/\/hcd.malargue.gov.ar\/index.php?rest_route=%2Fwp%2Fv2%2Fcategories&post=39738"},{"taxonomy":"post_tag","embeddable":true,"href":"https:\/\/hcd.malargue.gov.ar\/index.php?rest_route=%2Fwp%2Fv2%2Ftags&post=39738"}],"curies":[{"name":"wp","href":"https:\/\/api.w.org\/{rel}","templated":true}]}}