{"id":39748,"date":"2025-11-18T11:44:46","date_gmt":"2025-11-18T14:44:46","guid":{"rendered":"https:\/\/hcd.malargue.gov.ar\/?p=39748"},"modified":"2026-01-09T13:03:52","modified_gmt":"2026-01-09T16:03:52","slug":"ordenanza-n-2-354-2-025","status":"publish","type":"post","link":"https:\/\/hcd.malargue.gov.ar\/?p=39748","title":{"rendered":"VETADA TOTAL- ORDENANZA N\u00b0 2.354\/2.025"},"content":{"rendered":"\n<h4 class=\"wp-block-heading has-text-align-center\"><strong>El HCD aprob\u00f3 una Ordenanza que protege los comodatos a familias con integrantes con Certificado \u00danico de Discapacidad<\/strong><\/h4>\n\n\n\n<p><em>El Honorable Concejo Deliberante aprob\u00f3 la Ordenanza N\u00ba 2.354\/2025, destinada a garantizar la estabilidad habitacional de las familias que cuentan entre sus integrantes a personas con Certificado \u00danico de Discapacidad (CUD). La medida surge a partir del Expediente N\u00ba 4.887\/2025-0, impulsado por el Bloque Reconstruyendo Malarg\u00fce, y la solicitud presentada por Lucas Mat\u00edas Andrada y Mar\u00eda Florencia Solis, quienes pidieron incorporar documentaci\u00f3n al Proyecto elaborado por la Concejal Silvina Camiolo.<\/em> <strong><em>Vetada total por Decreto N\u00b0 1278\/2025.<\/em><\/strong><\/p>\n\n\n\n<p><em>La Ordenanza reconoce la necesidad de asegurar el acceso a una vivienda digna y la obligaci\u00f3n del Estado de adoptar pol\u00edticas inclusivas, en concordancia con el Art\u00edculo 14 Bis de la Constituci\u00f3n Nacional y la Convenci\u00f3n sobre los Derechos de las Personas con Discapacidad, que poseen jerarqu\u00eda Constitucional.<\/em><\/p>\n\n\n\n<p><em>El texto aprobado establece que el Departamento Ejecutivo deber\u00e1 abstenerse de revocar los comodatos otorgados a grupos familiares con integrantes con discapacidad, salvo en casos de incumplimientos graves debidamente justificados. Asimismo, crea un Registro espec\u00edfico de comodatarios con CUD dentro del Registro \u00danico de Tierras Municipal, con el fin de fortalecer el acompa\u00f1amiento y la priorizaci\u00f3n de estas familias en materia habitacional.<\/em><\/p>\n\n\n\n<p><em>La norma tambi\u00e9n encomienda al Ejecutivo la implementaci\u00f3n de un Sistema Habitacional Modular con dise\u00f1o universal, que contemple planos accesibles, asistencia t\u00e9cnica y social, provisi\u00f3n de materiales y coordinaci\u00f3n con el \u00c1rea de Discapacidad de la Municipalidad.<\/em><\/p>\n\n\n\n<p><em>Esta Ordenanza marca un paso importante hacia la consolidaci\u00f3n de pol\u00edticas p\u00fablicas que resguarden derechos fundamentales y reduzcan desigualdades, garantizando que las familias con integrantes con discapacidad cuenten con mayor seguridad y respaldo en el acceso al h\u00e1bitat.<\/em><\/p>\n\n\n\n<p class=\"has-text-align-center\"><strong>PIEZA LEGAL<\/strong><\/p>\n\n\n<div class=\"wp-block-image\">\n<figure class=\"alignright is-resized\"><a href=\"http:\/\/hcd.malargue.gov.ar\/2025\/On%202354%202025%20Proteccion%20de%20Comodatos%20a%20familias%20con%20CUD.pdf\"><img loading=\"lazy\" decoding=\"async\" width=\"512\" height=\"512\" src=\"https:\/\/hcd.malargue.gov.ar\/wp-content\/uploads\/2018\/06\/PDF-JPG.jpg\" alt=\"\" class=\"wp-image-7950\" style=\"width:138px;height:auto\" srcset=\"https:\/\/hcd.malargue.gov.ar\/wp-content\/uploads\/2018\/06\/PDF-JPG.jpg 512w, https:\/\/hcd.malargue.gov.ar\/wp-content\/uploads\/2018\/06\/PDF-JPG-150x150.jpg 150w, https:\/\/hcd.malargue.gov.ar\/wp-content\/uploads\/2018\/06\/PDF-JPG-300x300.jpg 300w\" sizes=\"auto, (max-width: 512px) 100vw, 512px\" \/><\/a><figcaption class=\"wp-element-caption\">ORDENANZA 2354 <\/figcaption><\/figure>\n<\/div>\n\n<div class=\"wp-block-image\">\n<figure class=\"alignright size-full is-resized\"><a href=\"http:\/\/hcd.malargue.gov.ar\/2025\/DEC%201278%202025.pdf\"><img loading=\"lazy\" decoding=\"async\" width=\"512\" height=\"512\" src=\"https:\/\/hcd.malargue.gov.ar\/wp-content\/uploads\/2018\/06\/PDF-JPG.jpg\" alt=\"\" class=\"wp-image-7950\" style=\"width:136px;height:auto\" srcset=\"https:\/\/hcd.malargue.gov.ar\/wp-content\/uploads\/2018\/06\/PDF-JPG.jpg 512w, https:\/\/hcd.malargue.gov.ar\/wp-content\/uploads\/2018\/06\/PDF-JPG-150x150.jpg 150w, https:\/\/hcd.malargue.gov.ar\/wp-content\/uploads\/2018\/06\/PDF-JPG-300x300.jpg 300w\" sizes=\"auto, (max-width: 512px) 100vw, 512px\" \/><\/a><figcaption class=\"wp-element-caption\">DECRETO 1278\/2025<\/figcaption><\/figure>\n<\/div>\n\n\n<p><strong>AUTORA CONCEJALA SILVINA CAMIOLO<\/strong><\/p>\n\n\n\n<p><strong>BLOQUE RECONSTRUYENDO MALARG\u00dcE<\/strong><\/p>\n\n\n\n<p>VISTO: El contenido del Expediente N\u00b0 4.887\/2.025-0. Bloque Reconstruyendo Malarg\u00fce Proyecto de Ordenanza: \u201cProtecci\u00f3n de Comodatos a familias con Certificado \u00danico de Discapacidad\u201d.<\/p>\n\n\n\n<p>Expediente generado N\u00b0 5356\/2025-0. Solicitud N\u00b0 9.648 Sr. Lucas Mat\u00edas Andrada y Mar\u00eda Florencia Solis, solicitan se adjunte la presente nota al Proyecto presentado por la Concejal Silvina Camiolo.<\/p>\n\n\n\n<p>La necesidad de garantizar el acceso a la vivienda digna para los grupos familiares que tienen entre sus integrantes a personas con Certificado \u00danico de Discapacidad (CUD).<\/p>\n\n\n\n<p>Y;<\/p>\n\n\n\n<p>&nbsp;CONSIDERANDO: Que el Art\u00edculo N\u00b0 14 Bis de la Constituci\u00f3n Nacional establece el derecho a una vivienda digna.<\/p>\n\n\n\n<p>Que la Convenci\u00f3n sobre los Derechos de las Personas con Discapacidad, con jerarqu\u00eda Constitucional, obliga el Estado a adoptar medidas efectivas para asegurar la accesibilidad y el derecho a vivir de forma independiente.<\/p>\n\n\n\n<p>Que el retiro de terrenos entregados en comodato a familias con integrantes con discapacidad vulnera derechos adquiridos y profundiza desigualdades.<\/p>\n\n\n\n<p>Que es deber del Estado Municipal promover soluciones habitacionales y sostenibles.<\/p>\n\n\n\n<p>EL HONORABLE CONCEJO DELIBERANTE DE LA MUNICIPALIDAD DE MALARG\u00dcE EN USO DE LAS FACULTADES QUE LE SON PROPIAS<\/p>\n\n\n\n<p>ORDENA<\/p>\n\n\n\n<p>ART\u00cdCULO 1\u00b0: <strong>De la <\/strong><strong>Protecci\u00f3n<\/strong><strong> de comodatos a familias con Certificado \u00danico de Discapacidad (CUD):<\/strong><\/p>\n\n\n\n<p>El Departamento Ejecutivo deber\u00e1 abstenerse de revocar o retirar comodatos de terrenos otorgados a grupos familiares que tengan entre sus integrantes a personas con Certificado \u00danico de Discapacidad (CUD), mientras subsistan las condiciones de ocupaci\u00f3n efectiva con fines habitacionales, salvo casos de incumplimiento grave debidamente justificados, por ejemplo: mal uso del terreno, subdivisiones, alquiler, venta, etc.<\/p>\n\n\n\n<p>&nbsp;ART\u00cdCULO 2\u00b0: <strong>Del Registro de Comodatarios con CUD:<\/strong><\/p>\n\n\n\n<p>Establ\u00e9zcase la creaci\u00f3n de un listado espec\u00edfico de comodatarios con integrantes que posean CUD, que est\u00e9n debidamente inscriptos en el Registro \u00danico de Tierras (RUT) municipal, a fin de garantizar el seguimiento, acompa\u00f1amiento y priorizaci\u00f3n en pol\u00edticas habitacionales.<\/p>\n\n\n\n<p>ART\u00cdCULO 3\u00b0: Encomi\u00e9ndese al Departamento Ejecutivo Municipal la elaboraci\u00f3n y ejecuci\u00f3n de un Sistema Habitacional Modular de dise\u00f1o universal que contemple:<\/p>\n\n\n\n<ol style=\"list-style-type:lower-alpha\" class=\"wp-block-list\">\n<li>Planos adaptados a necesidades de accesibilidad,<\/li>\n\n\n\n<li>Asistencia t\u00e9cnica y social para la construcci\u00f3n,<\/li>\n\n\n\n<li>Provisi\u00f3n de materiales b\u00e1sicos,<\/li>\n\n\n\n<li>Priorizaci\u00f3n de grupos familiares con integrantes con Certificado \u00danico de Discapacidad (CUD), en articulaci\u00f3n con el \u00c1rea de Discapacidad, dependiente de la Direcci\u00f3n de Inclusi\u00f3n y Desarrollo Social de la Municipalidad de Malarg\u00fce.<\/li>\n<\/ol>\n\n\n\n<p>ART\u00cdCULO 4\u00b0: <strong>De la Autoridad de Aplicaci\u00f3n:<\/strong><\/p>\n\n\n\n<p>Determ\u00ednese que ser\u00e1 Autoridad de Aplicaci\u00f3n la Secretar\u00eda y\/o Direcci\u00f3n de Vivienda<\/p>\n\n\n\n<p>ART\u00cdCULO 5\u00b0: Autor\u00edcese al Departamento Ejecutivo Municipal a cubrir los gastos que demande la presente Ordenanza en el Presupuesto 2.026 y subsiguientes.<\/p>\n\n\n\n<p>ART\u00cdCULO 6\u00b0:&nbsp; Comun\u00edquese, reg\u00edstrese, c\u00famplase, publ\u00edquese, agr\u00e9guese copia de la presente en las actuaciones correspondientes y arch\u00edvese.<\/p>\n\n\n\n<p>DADA EN LA SALA DE SESIONES DR.&nbsp; RICARDO BALBIN DEL HONORABLE CONCEJO DELIBERANTE DE LA MUNICIPALIDAD DE MALARG\u00dcE A VEINTITRES D\u00cdAS DE OCTUBRE DE DOS MIL VEINTICINCO<\/p>\n","protected":false},"excerpt":{"rendered":"<p>El HCD aprob\u00f3 una Ordenanza que protege los comodatos a familias con integrantes con Certificado \u00danico de Discapacidad El Honorable Concejo Deliberante aprob\u00f3 la Ordenanza N\u00ba 2.354\/2025, destinada a garantizar la estabilidad habitacional de las familias que cuentan entre sus integrantes a personas con Certificado \u00danico de Discapacidad (CUD). La medida surge a partir del [&hellip;]<\/p>\n","protected":false},"author":5,"featured_media":39905,"comment_status":"closed","ping_status":"closed","sticky":false,"template":"","format":"standard","meta":{"footnotes":""},"categories":[52,29,48,33],"tags":[],"class_list":["post-39748","post","type-post","status-publish","format-standard","has-post-thumbnail","hentry","category-gacetillas","category-lesgilacion","category-ordenanzas-municipales","category-prensa"],"yoast_head":"<!-- This site is optimized with the Yoast SEO plugin v19.10 - https:\/\/yoast.com\/wordpress\/plugins\/seo\/ -->\n<title>VETADA TOTAL- ORDENANZA N\u00b0 2.354\/2.025 - Malarg\u00fce HCD<\/title>\n<meta name=\"robots\" content=\"index, follow, max-snippet:-1, max-image-preview:large, max-video-preview:-1\" \/>\n<link rel=\"canonical\" href=\"https:\/\/hcd.malargue.gov.ar\/?p=39748\" \/>\n<meta property=\"og:locale\" content=\"es_ES\" \/>\n<meta property=\"og:type\" content=\"article\" \/>\n<meta property=\"og:title\" content=\"VETADA TOTAL- ORDENANZA N\u00b0 2.354\/2.025 - Malarg\u00fce HCD\" \/>\n<meta property=\"og:description\" content=\"El HCD aprob\u00f3 una Ordenanza que protege los comodatos a familias con integrantes con Certificado \u00danico de Discapacidad El Honorable Concejo Deliberante aprob\u00f3 la Ordenanza N\u00ba 2.354\/2025, destinada a garantizar la estabilidad habitacional de las familias que cuentan entre sus integrantes a personas con Certificado \u00danico de Discapacidad (CUD). La medida surge a partir del [&hellip;]\" \/>\n<meta property=\"og:url\" content=\"https:\/\/hcd.malargue.gov.ar\/?p=39748\" \/>\n<meta property=\"og:site_name\" content=\"Malarg\u00fce HCD\" \/>\n<meta property=\"article:published_time\" content=\"2025-11-18T14:44:46+00:00\" \/>\n<meta property=\"article:modified_time\" content=\"2026-01-09T16:03:52+00:00\" \/>\n<meta property=\"og:image\" content=\"https:\/\/hcd.malargue.gov.ar\/wp-content\/uploads\/2025\/11\/VETADA-2354.png\" \/>\n\t<meta property=\"og:image:width\" content=\"940\" \/>\n\t<meta property=\"og:image:height\" content=\"788\" \/>\n\t<meta property=\"og:image:type\" content=\"image\/png\" \/>\n<meta name=\"author\" content=\"Belen Pedernera Ferragut\" \/>\n<meta name=\"twitter:card\" content=\"summary_large_image\" \/>\n<meta name=\"twitter:label1\" content=\"Escrito por\" \/>\n\t<meta name=\"twitter:data1\" content=\"Belen Pedernera Ferragut\" \/>\n\t<meta name=\"twitter:label2\" content=\"Tiempo de lectura\" \/>\n\t<meta name=\"twitter:data2\" content=\"4 minutos\" \/>\n<script type=\"application\/ld+json\" class=\"yoast-schema-graph\">{\"@context\":\"https:\/\/schema.org\",\"@graph\":[{\"@type\":\"WebPage\",\"@id\":\"https:\/\/hcd.malargue.gov.ar\/?p=39748\",\"url\":\"https:\/\/hcd.malargue.gov.ar\/?p=39748\",\"name\":\"VETADA TOTAL- ORDENANZA N\u00b0 2.354\/2.025 - Malarg\u00fce HCD\",\"isPartOf\":{\"@id\":\"https:\/\/hcd.malargue.gov.ar\/#website\"},\"datePublished\":\"2025-11-18T14:44:46+00:00\",\"dateModified\":\"2026-01-09T16:03:52+00:00\",\"author\":{\"@id\":\"https:\/\/hcd.malargue.gov.ar\/#\/schema\/person\/3fd6bbab64edd703961b795156c955d0\"},\"breadcrumb\":{\"@id\":\"https:\/\/hcd.malargue.gov.ar\/?p=39748#breadcrumb\"},\"inLanguage\":\"es-AR\",\"potentialAction\":[{\"@type\":\"ReadAction\",\"target\":[\"https:\/\/hcd.malargue.gov.ar\/?p=39748\"]}]},{\"@type\":\"BreadcrumbList\",\"@id\":\"https:\/\/hcd.malargue.gov.ar\/?p=39748#breadcrumb\",\"itemListElement\":[{\"@type\":\"ListItem\",\"position\":1,\"name\":\"Inicio\",\"item\":\"https:\/\/hcd.malargue.gov.ar\/\"},{\"@type\":\"ListItem\",\"position\":2,\"name\":\"VETADA TOTAL- ORDENANZA N\u00b0 2.354\/2.025\"}]},{\"@type\":\"WebSite\",\"@id\":\"https:\/\/hcd.malargue.gov.ar\/#website\",\"url\":\"https:\/\/hcd.malargue.gov.ar\/\",\"name\":\"Malarg\u00fce HCD\",\"description\":\"Malarg\u00fce Mendoza Argentina\",\"potentialAction\":[{\"@type\":\"SearchAction\",\"target\":{\"@type\":\"EntryPoint\",\"urlTemplate\":\"https:\/\/hcd.malargue.gov.ar\/?s={search_term_string}\"},\"query-input\":\"required name=search_term_string\"}],\"inLanguage\":\"es-AR\"},{\"@type\":\"Person\",\"@id\":\"https:\/\/hcd.malargue.gov.ar\/#\/schema\/person\/3fd6bbab64edd703961b795156c955d0\",\"name\":\"Belen Pedernera Ferragut\",\"image\":{\"@type\":\"ImageObject\",\"inLanguage\":\"es-AR\",\"@id\":\"https:\/\/hcd.malargue.gov.ar\/#\/schema\/person\/image\/\",\"url\":\"https:\/\/secure.gravatar.com\/avatar\/1054ffab3893de4bb3eb29bdd22f7e34b8537bf5d34d9dab311818154ad5b71f?s=96&d=mm&r=g\",\"contentUrl\":\"https:\/\/secure.gravatar.com\/avatar\/1054ffab3893de4bb3eb29bdd22f7e34b8537bf5d34d9dab311818154ad5b71f?s=96&d=mm&r=g\",\"caption\":\"Belen Pedernera Ferragut\"},\"url\":\"https:\/\/hcd.malargue.gov.ar\/?author=5\"}]}<\/script>\n<!-- \/ Yoast SEO plugin. -->","yoast_head_json":{"title":"VETADA TOTAL- ORDENANZA N\u00b0 2.354\/2.025 - Malarg\u00fce HCD","robots":{"index":"index","follow":"follow","max-snippet":"max-snippet:-1","max-image-preview":"max-image-preview:large","max-video-preview":"max-video-preview:-1"},"canonical":"https:\/\/hcd.malargue.gov.ar\/?p=39748","og_locale":"es_ES","og_type":"article","og_title":"VETADA TOTAL- ORDENANZA N\u00b0 2.354\/2.025 - Malarg\u00fce HCD","og_description":"El HCD aprob\u00f3 una Ordenanza que protege los comodatos a familias con integrantes con Certificado \u00danico de Discapacidad El Honorable Concejo Deliberante aprob\u00f3 la Ordenanza N\u00ba 2.354\/2025, destinada a garantizar la estabilidad habitacional de las familias que cuentan entre sus integrantes a personas con Certificado \u00danico de Discapacidad (CUD). La medida surge a partir del [&hellip;]","og_url":"https:\/\/hcd.malargue.gov.ar\/?p=39748","og_site_name":"Malarg\u00fce HCD","article_published_time":"2025-11-18T14:44:46+00:00","article_modified_time":"2026-01-09T16:03:52+00:00","og_image":[{"width":940,"height":788,"url":"https:\/\/hcd.malargue.gov.ar\/wp-content\/uploads\/2025\/11\/VETADA-2354.png","type":"image\/png"}],"author":"Belen Pedernera Ferragut","twitter_card":"summary_large_image","twitter_misc":{"Escrito por":"Belen Pedernera Ferragut","Tiempo de lectura":"4 minutos"},"schema":{"@context":"https:\/\/schema.org","@graph":[{"@type":"WebPage","@id":"https:\/\/hcd.malargue.gov.ar\/?p=39748","url":"https:\/\/hcd.malargue.gov.ar\/?p=39748","name":"VETADA TOTAL- ORDENANZA N\u00b0 2.354\/2.025 - Malarg\u00fce HCD","isPartOf":{"@id":"https:\/\/hcd.malargue.gov.ar\/#website"},"datePublished":"2025-11-18T14:44:46+00:00","dateModified":"2026-01-09T16:03:52+00:00","author":{"@id":"https:\/\/hcd.malargue.gov.ar\/#\/schema\/person\/3fd6bbab64edd703961b795156c955d0"},"breadcrumb":{"@id":"https:\/\/hcd.malargue.gov.ar\/?p=39748#breadcrumb"},"inLanguage":"es-AR","potentialAction":[{"@type":"ReadAction","target":["https:\/\/hcd.malargue.gov.ar\/?p=39748"]}]},{"@type":"BreadcrumbList","@id":"https:\/\/hcd.malargue.gov.ar\/?p=39748#breadcrumb","itemListElement":[{"@type":"ListItem","position":1,"name":"Inicio","item":"https:\/\/hcd.malargue.gov.ar\/"},{"@type":"ListItem","position":2,"name":"VETADA TOTAL- ORDENANZA N\u00b0 2.354\/2.025"}]},{"@type":"WebSite","@id":"https:\/\/hcd.malargue.gov.ar\/#website","url":"https:\/\/hcd.malargue.gov.ar\/","name":"Malarg\u00fce HCD","description":"Malarg\u00fce Mendoza Argentina","potentialAction":[{"@type":"SearchAction","target":{"@type":"EntryPoint","urlTemplate":"https:\/\/hcd.malargue.gov.ar\/?s={search_term_string}"},"query-input":"required name=search_term_string"}],"inLanguage":"es-AR"},{"@type":"Person","@id":"https:\/\/hcd.malargue.gov.ar\/#\/schema\/person\/3fd6bbab64edd703961b795156c955d0","name":"Belen Pedernera Ferragut","image":{"@type":"ImageObject","inLanguage":"es-AR","@id":"https:\/\/hcd.malargue.gov.ar\/#\/schema\/person\/image\/","url":"https:\/\/secure.gravatar.com\/avatar\/1054ffab3893de4bb3eb29bdd22f7e34b8537bf5d34d9dab311818154ad5b71f?s=96&d=mm&r=g","contentUrl":"https:\/\/secure.gravatar.com\/avatar\/1054ffab3893de4bb3eb29bdd22f7e34b8537bf5d34d9dab311818154ad5b71f?s=96&d=mm&r=g","caption":"Belen Pedernera Ferragut"},"url":"https:\/\/hcd.malargue.gov.ar\/?author=5"}]}},"_links":{"self":[{"href":"https:\/\/hcd.malargue.gov.ar\/index.php?rest_route=\/wp\/v2\/posts\/39748","targetHints":{"allow":["GET"]}}],"collection":[{"href":"https:\/\/hcd.malargue.gov.ar\/index.php?rest_route=\/wp\/v2\/posts"}],"about":[{"href":"https:\/\/hcd.malargue.gov.ar\/index.php?rest_route=\/wp\/v2\/types\/post"}],"author":[{"embeddable":true,"href":"https:\/\/hcd.malargue.gov.ar\/index.php?rest_route=\/wp\/v2\/users\/5"}],"replies":[{"embeddable":true,"href":"https:\/\/hcd.malargue.gov.ar\/index.php?rest_route=%2Fwp%2Fv2%2Fcomments&post=39748"}],"version-history":[{"count":4,"href":"https:\/\/hcd.malargue.gov.ar\/index.php?rest_route=\/wp\/v2\/posts\/39748\/revisions"}],"predecessor-version":[{"id":39940,"href":"https:\/\/hcd.malargue.gov.ar\/index.php?rest_route=\/wp\/v2\/posts\/39748\/revisions\/39940"}],"wp:featuredmedia":[{"embeddable":true,"href":"https:\/\/hcd.malargue.gov.ar\/index.php?rest_route=\/wp\/v2\/media\/39905"}],"wp:attachment":[{"href":"https:\/\/hcd.malargue.gov.ar\/index.php?rest_route=%2Fwp%2Fv2%2Fmedia&parent=39748"}],"wp:term":[{"taxonomy":"category","embeddable":true,"href":"https:\/\/hcd.malargue.gov.ar\/index.php?rest_route=%2Fwp%2Fv2%2Fcategories&post=39748"},{"taxonomy":"post_tag","embeddable":true,"href":"https:\/\/hcd.malargue.gov.ar\/index.php?rest_route=%2Fwp%2Fv2%2Ftags&post=39748"}],"curies":[{"name":"wp","href":"https:\/\/api.w.org\/{rel}","templated":true}]}}