{"id":39784,"date":"2025-11-25T12:57:56","date_gmt":"2025-11-25T15:57:56","guid":{"rendered":"https:\/\/hcd.malargue.gov.ar\/?p=39784"},"modified":"2025-11-25T12:58:00","modified_gmt":"2025-11-25T15:58:00","slug":"resolucion-n-413-2-025","status":"publish","type":"post","link":"https:\/\/hcd.malargue.gov.ar\/?p=39784","title":{"rendered":"RESOLUCI\u00d3N N\u00b0 413\/2.025"},"content":{"rendered":"\n<h4 class=\"wp-block-heading has-text-align-center\"><strong>El HCD impuls\u00f3 una campa\u00f1a de limpieza integral en el Arroyo Pequenco<\/strong><\/h4>\n\n\n\n<p><em>Mediante la Resoluci\u00f3n N\u00b0 413\/2.025, el Honorable Concejo Deliberante aprob\u00f3 la realizaci\u00f3n de una campa\u00f1a de limpieza y recuperaci\u00f3n ambiental en la zona del Arroyo Pequenco, ante la grave acumulaci\u00f3n de basura, escombros, \u00e1ridos, efluentes y otros desechos que afectan la salud p\u00fablica, el ecosistema y la calidad de vida de los vecinos.<\/em><\/p>\n\n\n\n<p><em>El proyecto, originado en el Expediente N\u00b0 6.583\/2.025 del Bloque Uni\u00f3n Mendocina, destaca la creciente preocupaci\u00f3n por la formaci\u00f3n de un basural a cielo abierto en un espacio utilizado por la comunidad para actividades recreativas como caminatas, ciclismo y esparcimiento familiar. La situaci\u00f3n constituye una amenaza ambiental y deteriora un \u00e1rea de alto valor natural y social para la comunidad.<\/em><\/p>\n\n\n\n<p><em>La Pieza Legal subraya la importancia de promover la participaci\u00f3n ciudadana a trav\u00e9s de campa\u00f1as de limpieza y concientizaci\u00f3n, en concordancia con la Ley Nacional N\u00b0 25.916 sobre gesti\u00f3n de residuos y el Art\u00edculo 41 de la Constituci\u00f3n Nacional, que garantiza el derecho a un ambiente sano. Tambi\u00e9n recuerda que existen antecedentes normativos locales, como la Ordenanza N\u00b0 2198\/2.022 y la Resoluci\u00f3n N\u00b0 228\/2.022, que reafirmaron la necesidad de mantener la limpieza de espacios p\u00fablicos.<\/em><\/p>\n\n\n\n<p><em>La Resoluci\u00f3n dispone una limpieza integral de la zona, bajo la coordinaci\u00f3n de la Direcci\u00f3n de Gesti\u00f3n Ambiental, e invita a instituciones educativas, organizaciones civiles, vecinos y voluntarios a participar activamente. Adem\u00e1s, establece la elaboraci\u00f3n de un calendario de actividades, la instalaci\u00f3n de carteler\u00eda preventiva y la provisi\u00f3n de elementos de protecci\u00f3n personal para quienes colaboren en la campa\u00f1a.<\/em><\/p>\n\n\n\n<p><em>El Concejo tambi\u00e9n solicit\u00f3 al Departamento Ejecutivo Municipal avanzar con un convenio junto a escuelas t\u00e9cnicas para fabricar herramientas con chatarra provista por el municipio, y fortalecer las acciones educativas y de comunicaci\u00f3n ambiental para prevenir futuros focos de contaminaci\u00f3n.<\/em><\/p>\n\n\n\n<p><em>Por \u00faltimo, se instruy\u00f3 la elaboraci\u00f3n de un informe t\u00e9cnico una vez concluidas las actividades, con el fin de proyectar estrategias permanentes de cuidado ambiental en la zona del Arroyo Pequenco.<\/em><\/p>\n\n\n\n<p class=\"has-text-align-center\"><strong>PIEZA LEGAL<\/strong><\/p>\n\n\n<div class=\"wp-block-image\">\n<figure class=\"alignright is-resized\"><a href=\"http:\/\/hcd.malargue.gov.ar\/2025\/Rn%20413%202025%20limpieza%20Arroyo%20Pequenco.pdf\"><img loading=\"lazy\" decoding=\"async\" width=\"512\" height=\"512\" src=\"https:\/\/hcd.malargue.gov.ar\/wp-content\/uploads\/2018\/06\/PDF-JPG.jpg\" alt=\"\" class=\"wp-image-7950\" style=\"width:157px;height:auto\" srcset=\"https:\/\/hcd.malargue.gov.ar\/wp-content\/uploads\/2018\/06\/PDF-JPG.jpg 512w, https:\/\/hcd.malargue.gov.ar\/wp-content\/uploads\/2018\/06\/PDF-JPG-150x150.jpg 150w, https:\/\/hcd.malargue.gov.ar\/wp-content\/uploads\/2018\/06\/PDF-JPG-300x300.jpg 300w\" sizes=\"auto, (max-width: 512px) 100vw, 512px\" \/><\/a><\/figure>\n<\/div>\n\n\n<p><strong>AUTORA CONCEJAL ELIZABETH GONZALEZ<\/strong><\/p>\n\n\n\n<p><strong>BLOQUE UNION MENDOCINA<\/strong><\/p>\n\n\n\n<p>VISTO: El contenido del Expediente N\u00b0 6.583\/2.025. Bloque Uni\u00f3n Mendocina. Proyecto de Resoluci\u00f3n: Campa\u00f1a de limpieza en la zona del Arroyo Pequenco.<\/p>\n\n\n\n<p>La problem\u00e1tica generada por la acumulaci\u00f3n desmedida de basura, vuelco de efluentes, escombros, \u00e1ridos, animales muertos y dem\u00e1s desechos en la zona del Arroyo Pequenco, lo cual afecta gravemente la salud p\u00fablica, el ecosistema y la calidad de vida de los vecinos del Departamento de Malarg\u00fce.<\/p>\n\n\n\n<p>Y;<\/p>\n\n\n\n<p>CONSIDERANDO: Que se observa con profunda preocupaci\u00f3n la formaci\u00f3n de un basural a cielo abierto de grandes dimensiones en dicha zona, constituyendo una grave amenaza para el medio ambiente, la salud p\u00fablica y el valor ecol\u00f3gico y paisaj\u00edstico del lugar.<\/p>\n\n\n\n<p>Que la zona del Arroyo Pequenco constituye un espacio natural ampliamente utilizado por la comunidad para la realizaci\u00f3n de actividades al aire libre y recreativas, tales como caminatas, ciclismo, y esparcimiento familiar, lo que resalta su valor ambiental, social y recreativo para los habitantes de la regi\u00f3n.<\/p>\n\n\n\n<p>Que resulta fundamental impulsar campa\u00f1as de limpieza y concientizaci\u00f3n ambiental que involucren activamente a la comunidad, dado que la participaci\u00f3n ciudadana es clave para erradicar focos de contaminaci\u00f3n y fomentar el compromiso con el cuidado del entorno natural y urbano.<\/p>\n\n\n\n<p>Que la Ley Nacional N\u00ba 25.916 establece la necesidad de una gesti\u00f3n integral de los residuos domiciliarios, para evitar impactos negativos en el ambiente y en la calidad de vida de la poblaci\u00f3n.<\/p>\n\n\n\n<p>&nbsp;Que el Art\u00edculo 41 de la Constituci\u00f3n Nacional garantiza a todos los habitantes el derecho a un ambiente sano, equilibrado y apto para el desarrollo humano, y establece el deber de las autoridades de preservar el patrimonio natural.<\/p>\n\n\n\n<p>Que se promulg\u00f3 la Ordenanza N\u00ba 2198\/2.022, que solicitaba al Departamento Ejecutivo Municipal la colocaci\u00f3n de garitas de control en la zona del acceso oeste de la ciudad de Malarg\u00fce, incluyendo la zona del Arroyo Pequenco.<\/p>\n\n\n\n<p>Que tambi\u00e9n se encuentran vigentes la Resoluci\u00f3n N.\u00ba 228\/2.022 la cual aborda la necesidad de mantener la limpieza de los espacios p\u00fablicos y de actuar frente a situaciones de deterioro ambiental.<\/p>\n\n\n\n<p>Que estas normativas evidencian la preocupaci\u00f3n de las autoridades locales por el manejo inadecuado de los residuos, y la necesidad de reforzar y complementar las acciones con nuevas estrategias.<\/p>\n\n\n\n<p>EL HONORABLE CONCEJO DELIBERANTE DE LA MUNICIPALIDAD DE MALARG\u00dcE EN USO DE LAS FACULTADES QUE LE SON PROPIAS<\/p>\n\n\n\n<p>RESUELVE<\/p>\n\n\n\n<p>ARTICULO 1\u00b0: Disponer la realizaci\u00f3n de una campa\u00f1a de limpieza integral en la zona del Arroyo Pequenco, con el objetivo de retirar residuos, basura, escombros y dem\u00e1s desechos acumulados en el basural a cielo abierto all\u00ed existente, en resguardo de la salud p\u00fablica, el ambiente y el entorno natural.<\/p>\n\n\n\n<p>ARTICULO 2\u00b0: Instituir la organizaci\u00f3n de dicha campa\u00f1a bajo la coordinaci\u00f3n de la Direcci\u00f3n de Gesti\u00f3n Ambiental, involucrando a Instituciones Educativas, Organizaciones Civiles, Vecinos y Voluntarios.<\/p>\n\n\n\n<p>ARTICULO 3\u00b0: Establecer un calendario de actividades para la ejecuci\u00f3n de las labores de limpieza y recuperaci\u00f3n del \u00e1rea afectada, a ser definido por la Direcci\u00f3n de Gesti\u00f3n Ambiental.<\/p>\n\n\n\n<p>ARTICULO 4\u00b0: Solicitar al Poder Ejecutivo Municipal la celebraci\u00f3n de un convenio con las escuelas t\u00e9cnicas del departamento, a fin de que sus talleres colaboren en la fabricaci\u00f3n de herramientas y utensilios destinados a la limpieza, utilizando chatarra provista por el municipio.<\/p>\n\n\n\n<p>ARTICULO 5\u00b0: Requerir la colaboraci\u00f3n de las entidades municipales y provinciales competentes, para el suministro de recursos, equipamiento y capacitaci\u00f3n para los voluntarios involucrados en la campa\u00f1a.<\/p>\n\n\n\n<p>ARTICULO 6\u00b0: Promover campa\u00f1as de concientizaci\u00f3n y educaci\u00f3n ambiental en medios de comunicaci\u00f3n y redes sociales, as\u00ed como mediante jornadas en instituciones educativas y comunitarias, con el fin de prevenir futuras acumulaciones de residuos y fomentar h\u00e1bitos responsables.<\/p>\n\n\n\n<p>ARTICULO 7\u00b0: Instalar carteler\u00eda informativa y preventiva en puntos estrat\u00e9gicos de la zona del Arroyo Pequenco, alertando sobre las consecuencias del arrojo de residuos y recordando las obligaciones ciudadanas en materia ambiental.<\/p>\n\n\n\n<p>ARTICULO 8\u00b0: Garantizar la provisi\u00f3n de los Elementos de Protecci\u00f3n Personal (EPP) necesarios para todos los voluntarios y colaboradores que participen de la campa\u00f1a de limpieza, asegurando condiciones de trabajo seguras.<\/p>\n\n\n\n<p>ART\u00cdCULO 9\u00b0: Instruir a las oficinas correspondientes para que, una vez finalizadas las actividades, elaboren un informe t\u00e9cnico y operativo con los resultados obtenidos, desaf\u00edos encontrados y propuestas para la implementaci\u00f3n de planes permanentes de cuidado del medio ambiente en la zona.<\/p>\n\n\n\n<p>ART\u00cdCULO 10\u00b0: Solicitar al Departamento Ejecutivo Municipal el pleno cumplimiento de la Ordenanza N\u00b0 2.198\/2.022, la cual permite la colocaci\u00f3n de garitas de control<\/p>\n\n\n\n<p>ARTICULO 11\u00b0: Comun\u00edquese, reg\u00edstrese, agr\u00e9guese copia de la presente en las actuaciones &nbsp;&nbsp;&nbsp;&nbsp;&nbsp;&nbsp;&nbsp;&nbsp;&nbsp;&nbsp;&nbsp; correspondientes y arch\u00edvese el original.<\/p>\n\n\n\n<p>DADA EN LA SALA DE SESIONES DR. RICARDO BALBIN DEL HONORABLE CONCEJO DELIBERANTE DE LA MUNICIPALIDAD DE MALARG\u00dcE A TRES DIAS DE NOVIEMBRE DE DOS MIL VEINTICINCO.<\/p>\n","protected":false},"excerpt":{"rendered":"<p>El HCD impuls\u00f3 una campa\u00f1a de limpieza integral en el Arroyo Pequenco Mediante la Resoluci\u00f3n N\u00b0 413\/2.025, el Honorable Concejo Deliberante aprob\u00f3 la realizaci\u00f3n de una campa\u00f1a de limpieza y recuperaci\u00f3n ambiental en la zona del Arroyo Pequenco, ante la grave acumulaci\u00f3n de basura, escombros, \u00e1ridos, efluentes y otros desechos que afectan la salud p\u00fablica, [&hellip;]<\/p>\n","protected":false},"author":5,"featured_media":39785,"comment_status":"closed","ping_status":"closed","sticky":false,"template":"","format":"standard","meta":{"footnotes":""},"categories":[52,29,33,51],"tags":[],"class_list":["post-39784","post","type-post","status-publish","format-standard","has-post-thumbnail","hentry","category-gacetillas","category-lesgilacion","category-prensa","category-resoluciones"],"yoast_head":"<!-- This site is optimized with the Yoast SEO plugin v19.10 - https:\/\/yoast.com\/wordpress\/plugins\/seo\/ -->\n<title>RESOLUCI\u00d3N N\u00b0 413\/2.025 - Malarg\u00fce HCD<\/title>\n<meta name=\"robots\" content=\"index, follow, max-snippet:-1, max-image-preview:large, max-video-preview:-1\" \/>\n<link rel=\"canonical\" href=\"https:\/\/hcd.malargue.gov.ar\/?p=39784\" \/>\n<meta property=\"og:locale\" content=\"es_ES\" \/>\n<meta property=\"og:type\" content=\"article\" \/>\n<meta property=\"og:title\" content=\"RESOLUCI\u00d3N N\u00b0 413\/2.025 - Malarg\u00fce HCD\" \/>\n<meta property=\"og:description\" content=\"El HCD impuls\u00f3 una campa\u00f1a de limpieza integral en el Arroyo Pequenco Mediante la Resoluci\u00f3n N\u00b0 413\/2.025, el Honorable Concejo Deliberante aprob\u00f3 la realizaci\u00f3n de una campa\u00f1a de limpieza y recuperaci\u00f3n ambiental en la zona del Arroyo Pequenco, ante la grave acumulaci\u00f3n de basura, escombros, \u00e1ridos, efluentes y otros desechos que afectan la salud p\u00fablica, [&hellip;]\" \/>\n<meta property=\"og:url\" content=\"https:\/\/hcd.malargue.gov.ar\/?p=39784\" \/>\n<meta property=\"og:site_name\" content=\"Malarg\u00fce HCD\" \/>\n<meta property=\"article:published_time\" content=\"2025-11-25T15:57:56+00:00\" \/>\n<meta property=\"article:modified_time\" content=\"2025-11-25T15:58:00+00:00\" \/>\n<meta property=\"og:image\" content=\"https:\/\/hcd.malargue.gov.ar\/wp-content\/uploads\/2025\/11\/RESOLUCION-413-2025.png\" \/>\n\t<meta property=\"og:image:width\" content=\"940\" \/>\n\t<meta property=\"og:image:height\" content=\"788\" \/>\n\t<meta property=\"og:image:type\" content=\"image\/png\" \/>\n<meta name=\"author\" content=\"Belen Pedernera Ferragut\" \/>\n<meta name=\"twitter:card\" content=\"summary_large_image\" \/>\n<meta name=\"twitter:label1\" content=\"Escrito por\" \/>\n\t<meta name=\"twitter:data1\" content=\"Belen Pedernera Ferragut\" \/>\n\t<meta name=\"twitter:label2\" content=\"Tiempo de lectura\" \/>\n\t<meta name=\"twitter:data2\" content=\"6 minutos\" \/>\n<script type=\"application\/ld+json\" class=\"yoast-schema-graph\">{\"@context\":\"https:\/\/schema.org\",\"@graph\":[{\"@type\":\"WebPage\",\"@id\":\"https:\/\/hcd.malargue.gov.ar\/?p=39784\",\"url\":\"https:\/\/hcd.malargue.gov.ar\/?p=39784\",\"name\":\"RESOLUCI\u00d3N N\u00b0 413\/2.025 - Malarg\u00fce HCD\",\"isPartOf\":{\"@id\":\"https:\/\/hcd.malargue.gov.ar\/#website\"},\"datePublished\":\"2025-11-25T15:57:56+00:00\",\"dateModified\":\"2025-11-25T15:58:00+00:00\",\"author\":{\"@id\":\"https:\/\/hcd.malargue.gov.ar\/#\/schema\/person\/3fd6bbab64edd703961b795156c955d0\"},\"breadcrumb\":{\"@id\":\"https:\/\/hcd.malargue.gov.ar\/?p=39784#breadcrumb\"},\"inLanguage\":\"es-AR\",\"potentialAction\":[{\"@type\":\"ReadAction\",\"target\":[\"https:\/\/hcd.malargue.gov.ar\/?p=39784\"]}]},{\"@type\":\"BreadcrumbList\",\"@id\":\"https:\/\/hcd.malargue.gov.ar\/?p=39784#breadcrumb\",\"itemListElement\":[{\"@type\":\"ListItem\",\"position\":1,\"name\":\"Inicio\",\"item\":\"https:\/\/hcd.malargue.gov.ar\/\"},{\"@type\":\"ListItem\",\"position\":2,\"name\":\"RESOLUCI\u00d3N N\u00b0 413\/2.025\"}]},{\"@type\":\"WebSite\",\"@id\":\"https:\/\/hcd.malargue.gov.ar\/#website\",\"url\":\"https:\/\/hcd.malargue.gov.ar\/\",\"name\":\"Malarg\u00fce HCD\",\"description\":\"Malarg\u00fce Mendoza Argentina\",\"potentialAction\":[{\"@type\":\"SearchAction\",\"target\":{\"@type\":\"EntryPoint\",\"urlTemplate\":\"https:\/\/hcd.malargue.gov.ar\/?s={search_term_string}\"},\"query-input\":\"required name=search_term_string\"}],\"inLanguage\":\"es-AR\"},{\"@type\":\"Person\",\"@id\":\"https:\/\/hcd.malargue.gov.ar\/#\/schema\/person\/3fd6bbab64edd703961b795156c955d0\",\"name\":\"Belen Pedernera Ferragut\",\"image\":{\"@type\":\"ImageObject\",\"inLanguage\":\"es-AR\",\"@id\":\"https:\/\/hcd.malargue.gov.ar\/#\/schema\/person\/image\/\",\"url\":\"https:\/\/secure.gravatar.com\/avatar\/1054ffab3893de4bb3eb29bdd22f7e34b8537bf5d34d9dab311818154ad5b71f?s=96&d=mm&r=g\",\"contentUrl\":\"https:\/\/secure.gravatar.com\/avatar\/1054ffab3893de4bb3eb29bdd22f7e34b8537bf5d34d9dab311818154ad5b71f?s=96&d=mm&r=g\",\"caption\":\"Belen Pedernera Ferragut\"},\"url\":\"https:\/\/hcd.malargue.gov.ar\/?author=5\"}]}<\/script>\n<!-- \/ Yoast SEO plugin. -->","yoast_head_json":{"title":"RESOLUCI\u00d3N N\u00b0 413\/2.025 - Malarg\u00fce HCD","robots":{"index":"index","follow":"follow","max-snippet":"max-snippet:-1","max-image-preview":"max-image-preview:large","max-video-preview":"max-video-preview:-1"},"canonical":"https:\/\/hcd.malargue.gov.ar\/?p=39784","og_locale":"es_ES","og_type":"article","og_title":"RESOLUCI\u00d3N N\u00b0 413\/2.025 - Malarg\u00fce HCD","og_description":"El HCD impuls\u00f3 una campa\u00f1a de limpieza integral en el Arroyo Pequenco Mediante la Resoluci\u00f3n N\u00b0 413\/2.025, el Honorable Concejo Deliberante aprob\u00f3 la realizaci\u00f3n de una campa\u00f1a de limpieza y recuperaci\u00f3n ambiental en la zona del Arroyo Pequenco, ante la grave acumulaci\u00f3n de basura, escombros, \u00e1ridos, efluentes y otros desechos que afectan la salud p\u00fablica, [&hellip;]","og_url":"https:\/\/hcd.malargue.gov.ar\/?p=39784","og_site_name":"Malarg\u00fce HCD","article_published_time":"2025-11-25T15:57:56+00:00","article_modified_time":"2025-11-25T15:58:00+00:00","og_image":[{"width":940,"height":788,"url":"https:\/\/hcd.malargue.gov.ar\/wp-content\/uploads\/2025\/11\/RESOLUCION-413-2025.png","type":"image\/png"}],"author":"Belen Pedernera Ferragut","twitter_card":"summary_large_image","twitter_misc":{"Escrito por":"Belen Pedernera Ferragut","Tiempo de lectura":"6 minutos"},"schema":{"@context":"https:\/\/schema.org","@graph":[{"@type":"WebPage","@id":"https:\/\/hcd.malargue.gov.ar\/?p=39784","url":"https:\/\/hcd.malargue.gov.ar\/?p=39784","name":"RESOLUCI\u00d3N N\u00b0 413\/2.025 - Malarg\u00fce HCD","isPartOf":{"@id":"https:\/\/hcd.malargue.gov.ar\/#website"},"datePublished":"2025-11-25T15:57:56+00:00","dateModified":"2025-11-25T15:58:00+00:00","author":{"@id":"https:\/\/hcd.malargue.gov.ar\/#\/schema\/person\/3fd6bbab64edd703961b795156c955d0"},"breadcrumb":{"@id":"https:\/\/hcd.malargue.gov.ar\/?p=39784#breadcrumb"},"inLanguage":"es-AR","potentialAction":[{"@type":"ReadAction","target":["https:\/\/hcd.malargue.gov.ar\/?p=39784"]}]},{"@type":"BreadcrumbList","@id":"https:\/\/hcd.malargue.gov.ar\/?p=39784#breadcrumb","itemListElement":[{"@type":"ListItem","position":1,"name":"Inicio","item":"https:\/\/hcd.malargue.gov.ar\/"},{"@type":"ListItem","position":2,"name":"RESOLUCI\u00d3N N\u00b0 413\/2.025"}]},{"@type":"WebSite","@id":"https:\/\/hcd.malargue.gov.ar\/#website","url":"https:\/\/hcd.malargue.gov.ar\/","name":"Malarg\u00fce HCD","description":"Malarg\u00fce Mendoza Argentina","potentialAction":[{"@type":"SearchAction","target":{"@type":"EntryPoint","urlTemplate":"https:\/\/hcd.malargue.gov.ar\/?s={search_term_string}"},"query-input":"required name=search_term_string"}],"inLanguage":"es-AR"},{"@type":"Person","@id":"https:\/\/hcd.malargue.gov.ar\/#\/schema\/person\/3fd6bbab64edd703961b795156c955d0","name":"Belen Pedernera Ferragut","image":{"@type":"ImageObject","inLanguage":"es-AR","@id":"https:\/\/hcd.malargue.gov.ar\/#\/schema\/person\/image\/","url":"https:\/\/secure.gravatar.com\/avatar\/1054ffab3893de4bb3eb29bdd22f7e34b8537bf5d34d9dab311818154ad5b71f?s=96&d=mm&r=g","contentUrl":"https:\/\/secure.gravatar.com\/avatar\/1054ffab3893de4bb3eb29bdd22f7e34b8537bf5d34d9dab311818154ad5b71f?s=96&d=mm&r=g","caption":"Belen Pedernera Ferragut"},"url":"https:\/\/hcd.malargue.gov.ar\/?author=5"}]}},"_links":{"self":[{"href":"https:\/\/hcd.malargue.gov.ar\/index.php?rest_route=\/wp\/v2\/posts\/39784","targetHints":{"allow":["GET"]}}],"collection":[{"href":"https:\/\/hcd.malargue.gov.ar\/index.php?rest_route=\/wp\/v2\/posts"}],"about":[{"href":"https:\/\/hcd.malargue.gov.ar\/index.php?rest_route=\/wp\/v2\/types\/post"}],"author":[{"embeddable":true,"href":"https:\/\/hcd.malargue.gov.ar\/index.php?rest_route=\/wp\/v2\/users\/5"}],"replies":[{"embeddable":true,"href":"https:\/\/hcd.malargue.gov.ar\/index.php?rest_route=%2Fwp%2Fv2%2Fcomments&post=39784"}],"version-history":[{"count":1,"href":"https:\/\/hcd.malargue.gov.ar\/index.php?rest_route=\/wp\/v2\/posts\/39784\/revisions"}],"predecessor-version":[{"id":39786,"href":"https:\/\/hcd.malargue.gov.ar\/index.php?rest_route=\/wp\/v2\/posts\/39784\/revisions\/39786"}],"wp:featuredmedia":[{"embeddable":true,"href":"https:\/\/hcd.malargue.gov.ar\/index.php?rest_route=\/wp\/v2\/media\/39785"}],"wp:attachment":[{"href":"https:\/\/hcd.malargue.gov.ar\/index.php?rest_route=%2Fwp%2Fv2%2Fmedia&parent=39784"}],"wp:term":[{"taxonomy":"category","embeddable":true,"href":"https:\/\/hcd.malargue.gov.ar\/index.php?rest_route=%2Fwp%2Fv2%2Fcategories&post=39784"},{"taxonomy":"post_tag","embeddable":true,"href":"https:\/\/hcd.malargue.gov.ar\/index.php?rest_route=%2Fwp%2Fv2%2Ftags&post=39784"}],"curies":[{"name":"wp","href":"https:\/\/api.w.org\/{rel}","templated":true}]}}