{"id":39829,"date":"2025-12-05T08:46:44","date_gmt":"2025-12-05T11:46:44","guid":{"rendered":"https:\/\/hcd.malargue.gov.ar\/?p=39829"},"modified":"2025-12-05T08:57:16","modified_gmt":"2025-12-05T11:57:16","slug":"resolucion-n-428-2-025","status":"publish","type":"post","link":"https:\/\/hcd.malargue.gov.ar\/?p=39829","title":{"rendered":"RESOLUCI\u00d3N N\u00b0 428\/2.025"},"content":{"rendered":"\n<h4 class=\"wp-block-heading has-text-align-center\"><strong>El HCD declar\u00f3 de Inter\u00e9s Educativo y Social el X Congreso de Discapacidad \u201cPuentes hacia una Mente Inclusiva\u201d<\/strong><\/h4>\n\n\n\n<p><em>El Concejo aprob{o la Resoluci\u00f3n N\u00b0 428\/2025, mediante la cual se declara de Inter\u00e9s Educativo y Social el <strong>X Congreso de Discapacidad \u201cPuentes hacia una Mente Inclusiva\u201d<\/strong>, que comienza hoy, 5 de diciembre, en el Centro de Convenciones y Exposiciones Thesaurus.<\/em><\/p>\n\n\n<div class=\"wp-block-image\">\n<figure class=\"alignright size-large is-resized\"><img loading=\"lazy\" decoding=\"async\" width=\"877\" height=\"1024\" src=\"https:\/\/hcd.malargue.gov.ar\/wp-content\/uploads\/2025\/12\/588600892_1291439289692396_4459124992348379761_n-877x1024.jpg\" alt=\"\" class=\"wp-image-39832\" style=\"aspect-ratio:0.8564464482006022;width:465px;height:auto\" srcset=\"https:\/\/hcd.malargue.gov.ar\/wp-content\/uploads\/2025\/12\/588600892_1291439289692396_4459124992348379761_n-877x1024.jpg 877w, https:\/\/hcd.malargue.gov.ar\/wp-content\/uploads\/2025\/12\/588600892_1291439289692396_4459124992348379761_n-257x300.jpg 257w, https:\/\/hcd.malargue.gov.ar\/wp-content\/uploads\/2025\/12\/588600892_1291439289692396_4459124992348379761_n-768x897.jpg 768w, https:\/\/hcd.malargue.gov.ar\/wp-content\/uploads\/2025\/12\/588600892_1291439289692396_4459124992348379761_n.jpg 925w\" sizes=\"auto, (max-width: 877px) 100vw, 877px\" \/><\/figure>\n<\/div>\n\n\n<p><em>El encuentro, organizado por el \u00c1rea de Abordaje Integral de Discapacidad de la Municipalidad de Malarg\u00fce, se desarrollar\u00e1 durante los d\u00edas 5 y 6 de diciembre con el objetivo de capacitar a docentes, trabajadores del \u00e1rea, familiares y a la comunidad en general, promoviendo la inclusi\u00f3n social y educativa, as\u00ed como el bienestar emocional.<\/em> <\/p>\n\n\n\n<p><em>Bajo el concepto simb\u00f3lico de construir \u201cpuentes\u201d entre los distintos sistemas de apoyo, el Congreso abordar\u00e1 problem\u00e1ticas relacionadas con la falta de formaci\u00f3n docente, las barreras estructurales y el impacto emocional del trabajo con personas con discapacidad. El programa incluye disertaciones del psiquiatra chileno Claudio Andr\u00e9s Araya, Alejandra Marty del Consejo Provincial de la Persona con Discapacidad y el Dr. Alberto Recabarren, adem\u00e1s de mesas de di\u00e1logo para fortalecer una comunidad inclusiva y resiliente.<\/em><\/p>\n\n\n\n<p><em>Entre los ejes destacados, el expositor Gabriel Vergara compartir\u00e1 su experiencia en inclusi\u00f3n en la educaci\u00f3n superior desde su perspectiva como persona ciega, mientras que una fonoaudi\u00f3loga especializada profundizar\u00e1 en estrategias para la inclusi\u00f3n escolar. Tambi\u00e9n participar\u00e1 la Lic. Mariela Ramos, recomendada por el Instituto San Jos\u00e9, quien brindar\u00e1 un abordaje actualizado sobre TDAH en el aula. A su vez, el disertante Esteban Ver\u00f3n (C\u00f3rdoba) desarrollar\u00e1 herramientas para el manejo de emergencias en contextos educativos y no educativos.<\/em><\/p>\n\n\n\n<p><em>El Congreso incluir\u00e1 talleres sobre gesti\u00f3n de crisis emocionales, intervenci\u00f3n inicial en el aula, comunicaci\u00f3n accesible \u2014como lengua de se\u00f1as y uso de pictogramas\u2014 y una exposici\u00f3n de trabajos de los talleres municipales de capacitaci\u00f3n laboral y recreativos, que ponen en valor experiencias reales de inclusi\u00f3n laboral y social.<\/em><\/p>\n\n\n\n<p><em>La normativa reconoce adem\u00e1s el marco legal nacional que sustenta este tipo de iniciativas, como la Ley de Educaci\u00f3n Nacional N\u00ba 26.206 y la Ley N\u00ba 24.901, que garantizan el acceso a la educaci\u00f3n inclusiva y a prestaciones de habilitaci\u00f3n y rehabilitaci\u00f3n integral.<\/em><\/p>\n\n\n\n<p><em>La Resoluci\u00f3n aprobada establece que la declaraci\u00f3n de Inter\u00e9s Educativo y Social se har\u00e1 extensiva a futuras ediciones del Congreso y prev\u00e9 la entrega de un Diploma de Distinci\u00f3n Legislativa al \u00c1rea de Abordaje Integral de Discapacidad, en reconocimiento a su compromiso con la construcci\u00f3n de una sociedad m\u00e1s equitativa y emp\u00e1tica.<\/em><\/p>\n\n\n\n<p class=\"has-text-align-center\"><strong>PIEZA LEGAL<\/strong><\/p>\n\n\n<div class=\"wp-block-image\">\n<figure class=\"alignright is-resized\"><a href=\"http:\/\/hcd.malargue.gov.ar\/2025\/Rs%20428%202025%20Congreso%20de%20Discapacidad.pdf\"><img loading=\"lazy\" decoding=\"async\" width=\"512\" height=\"512\" src=\"https:\/\/hcd.malargue.gov.ar\/wp-content\/uploads\/2018\/06\/PDF-JPG.jpg\" alt=\"\" class=\"wp-image-7950\" style=\"width:125px;height:auto\" srcset=\"https:\/\/hcd.malargue.gov.ar\/wp-content\/uploads\/2018\/06\/PDF-JPG.jpg 512w, https:\/\/hcd.malargue.gov.ar\/wp-content\/uploads\/2018\/06\/PDF-JPG-150x150.jpg 150w, https:\/\/hcd.malargue.gov.ar\/wp-content\/uploads\/2018\/06\/PDF-JPG-300x300.jpg 300w\" sizes=\"auto, (max-width: 512px) 100vw, 512px\" \/><\/a><\/figure>\n<\/div>\n\n\n<p><strong>AUTORES CONCEJALES Magali ACOSTA, Pablo CABRERA, Emilce MANSILLA, Rodrigo HIDALGO<\/strong><\/p>\n\n\n\n<p><strong>BLOQUE PARTIDO JUSTICIALISTA<\/strong><\/p>\n\n\n\n<p>VISTO: El contenido del Expediente N\u00b0 6.751\/2.025-0. Bloque Partido Justicialista Proyecto de Resoluci\u00f3n: Declarar de Inter\u00e9s Educativo y Social el X Congreso de Discapacidad: \u201cPuentes hacia una Mente Inclusiva\u201d.&nbsp;<\/p>\n\n\n\n<p>La realizaci\u00f3n del \u201cX Congreso de Discapacidad: Puentes hacia una Mente Inclusiva\u201d, organizado por el \u00c1rea de Abordaje Integral de Discapacidad de la Municipalidad de Malarg\u00fce, los d\u00edas 5 y 6 de diciembre de 2.025.<\/p>\n\n\n\n<p>y;<\/p>\n\n\n\n<p>CONSIDERANDO: Que el X Congreso de Discapacidad tiene por finalidad capacitar a docentes, trabajadores del \u00e1rea, familiares y a la comunidad en general, promoviendo la inclusi\u00f3n social y educativa, as\u00ed como el bienestar emocional.<\/p>\n\n\n\n<p>Que bajo el concepto simb\u00f3lico de construir \u201cpuentes\u201d entre los distintos sistemas de apoyo, el evento abordar\u00e1 problem\u00e1ticas tales como la falta de formaci\u00f3n docente, las barreras estructurales y el impacto emocional del trabajo con personas con discapacidad.<\/p>\n\n\n\n<p>Que el Congreso contar\u00e1 con disertaciones de especialistas tales como el psiquiatra Claudio Andr\u00e9s Araya (Chile), Alejandra Marty (Consejo Provincial de la Persona con Discapacidad) y el Dr. Alberto Recabarren, adem\u00e1s de mesas de di\u00e1logo destinadas al intercambio de experiencias para fortalecer una comunidad inclusiva y resiliente.<\/p>\n\n\n\n<p>Que el expositor Gabriel Vergara abordar\u00e1 la inclusi\u00f3n en la educaci\u00f3n superior, compartiendo su trayectoria escolar y aportando su perspectiva como persona ciega, destacando la importancia de incorporar la voz de las personas con discapacidad en las pol\u00edticas educativas; y que se prev\u00e9 la participaci\u00f3n de una fonoaudi\u00f3loga especializada en inclusi\u00f3n escolar para enriquecer dicho eje tem\u00e1tico.<\/p>\n\n\n\n<p>Que la Lic. Mariela Ramos, recomendada por el Instituto San Jos\u00e9 \u2014donde se dicta el Profesorado en Educaci\u00f3n Especial\u2014, expondr\u00e1 sobre el abordaje del TDAH en el aula; y que el disertante Esteban Ver\u00f3n (C\u00f3rdoba) se centrar\u00e1 en el manejo de emergencias con personas con discapacidad en contextos educativos y no educativos.<\/p>\n\n\n\n<p>Que en relaci\u00f3n con el cuidado de la salud mental, el psiquiatra Claudio Andr\u00e9s Araya desarrollar\u00e1 herramientas espec\u00edficas para el autocuidado emocional de quienes conviven o trabajan con personas con discapacidad, particularmente en la prevenci\u00f3n del <em>burnout<\/em> y la gesti\u00f3n emocional, mientras que el Dr. Alberto Recabarren profundizar\u00e1 en estrategias cl\u00ednicas para el manejo del estr\u00e9s en cuidadores y profesionales.<\/p>\n\n\n\n<p>Que se realizar\u00e1n talleres sobre gesti\u00f3n de crisis emocionales, t\u00e9cnicas de intervenci\u00f3n inicial en el aula y comunicaci\u00f3n accesible \u2014incluyendo lengua de se\u00f1as y uso de pictogramas\u2014, as\u00ed como la exposici\u00f3n de trabajos de los talleres municipales de capacitaci\u00f3n laboral y recreativos, destacando experiencias que promueven la inclusi\u00f3n laboral y social como pilares del Congreso.<\/p>\n\n\n\n<p>Que en el \u00e1mbito nacional, la Ley de Educaci\u00f3n Nacional N\u00b0 26.206 reconoce la educaci\u00f3n inclusiva como un principio fundamental del Sistema Educativo Argentino, estableciendo que la educaci\u00f3n debe ser inclusiva, equitativa y de calidad para todas las personas.<\/p>\n\n\n\n<p>Que asimismo la Ley N\u00b0 24.901 regula el Sistema de Prestaciones B\u00e1sicas en Habilitaci\u00f3n y Rehabilitaci\u00f3n Integral a favor de las Personas con Discapacidad, garantizando la atenci\u00f3n educativa especializada seg\u00fan sus necesidades.<\/p>\n\n\n\n<p>Que, por lo expuesto, resulta procedente y necesario que este Honorable Cuerpo se manifieste al respecto.<\/p>\n\n\n\n<p>EL HONORABLE CONCEJO DELIBERANTE DE LA MUNICIPALIDAD DE MALARG\u00dcE EN USO DE LAS FACULTADES QUE LE SON PROPIAS<\/p>\n\n\n\n<p>RESUELVE<\/p>\n\n\n\n<p>ART\u00cdCULO 1\u00ba: Declarar de Inter\u00e9s Educativo y Social el X Congreso de Discapacidad \u201cPuentes hacia una Mente Inclusiva\u201d, a realizarse los d\u00edas 5 y 6 de diciembre de 2.025 en el Centro de Convenciones y Exposiciones Thesaurus de la Ciudad de Malarg\u00fce; haciendo extensiva dicha declaraci\u00f3n a las sucesivas ediciones del mencionado Congreso que, bajo igual denominaci\u00f3n o finalidad, se desarrollen en el futuro dentro del \u00e1mbito del Departamento de Malarg\u00fce.<\/p>\n\n\n\n<p>ART\u00cdCULO 2\u00b0: &nbsp;Entregar, por parte del Honorable Concejo Deliberante, un Diploma de Distinci\u00f3n Legislativa al \u00c1rea de Abordaje Integral de Discapacidad, con la siguiente leyenda: <em>\u201cEl Honorable Concejo Deliberante de Malarg\u00fce declara de Inter\u00e9s Educativo y Social el X Congreso de Discapacidad \u2018Puentes hacia una Mente Inclusiva\u2019, por su contribuci\u00f3n al fortalecimiento de una sociedad m\u00e1s equitativa, emp\u00e1tica y comprometida con la inclusi\u00f3n.\u201d<\/em><\/p>\n\n\n\n<p>ART\u00cdCULO 3\u00ba: Comun\u00edquese, reg\u00edstrese, agr\u00e9guese copia de la presente en las actuaciones correspondientes y arch\u00edvese.<\/p>\n\n\n\n<p>DADA EN LA SALA DE SESIONES DR.&nbsp; RICARDO BALBIN DEL HONORABLE CONCEJO DELIBERANTE DE LA MUNICIPALIDAD DE MALARG\u00dcE A VEINTISIETE D\u00cdAS DE NOVIEMBRE DE DOS MIL VEINTICINCO.<\/p>\n","protected":false},"excerpt":{"rendered":"<p>El HCD declar\u00f3 de Inter\u00e9s Educativo y Social el X Congreso de Discapacidad \u201cPuentes hacia una Mente Inclusiva\u201d El Concejo aprob{o la Resoluci\u00f3n N\u00b0 428\/2025, mediante la cual se declara de Inter\u00e9s Educativo y Social el X Congreso de Discapacidad \u201cPuentes hacia una Mente Inclusiva\u201d, que comienza hoy, 5 de diciembre, en el Centro de [&hellip;]<\/p>\n","protected":false},"author":5,"featured_media":39830,"comment_status":"closed","ping_status":"closed","sticky":false,"template":"","format":"standard","meta":{"footnotes":""},"categories":[52,29,33,51],"tags":[],"class_list":["post-39829","post","type-post","status-publish","format-standard","has-post-thumbnail","hentry","category-gacetillas","category-lesgilacion","category-prensa","category-resoluciones"],"yoast_head":"<!-- This site is optimized with the Yoast SEO plugin v19.10 - https:\/\/yoast.com\/wordpress\/plugins\/seo\/ -->\n<title>RESOLUCI\u00d3N N\u00b0 428\/2.025 - Malarg\u00fce HCD<\/title>\n<meta name=\"robots\" content=\"index, follow, max-snippet:-1, max-image-preview:large, max-video-preview:-1\" \/>\n<link rel=\"canonical\" href=\"https:\/\/hcd.malargue.gov.ar\/?p=39829\" \/>\n<meta property=\"og:locale\" content=\"es_ES\" \/>\n<meta property=\"og:type\" content=\"article\" \/>\n<meta property=\"og:title\" content=\"RESOLUCI\u00d3N N\u00b0 428\/2.025 - Malarg\u00fce HCD\" \/>\n<meta property=\"og:description\" content=\"El HCD declar\u00f3 de Inter\u00e9s Educativo y Social el X Congreso de Discapacidad \u201cPuentes hacia una Mente Inclusiva\u201d El Concejo aprob{o la Resoluci\u00f3n N\u00b0 428\/2025, mediante la cual se declara de Inter\u00e9s Educativo y Social el X Congreso de Discapacidad \u201cPuentes hacia una Mente Inclusiva\u201d, que comienza hoy, 5 de diciembre, en el Centro de [&hellip;]\" \/>\n<meta property=\"og:url\" content=\"https:\/\/hcd.malargue.gov.ar\/?p=39829\" \/>\n<meta property=\"og:site_name\" content=\"Malarg\u00fce HCD\" \/>\n<meta property=\"article:published_time\" content=\"2025-12-05T11:46:44+00:00\" \/>\n<meta property=\"article:modified_time\" content=\"2025-12-05T11:57:16+00:00\" \/>\n<meta property=\"og:image\" content=\"https:\/\/hcd.malargue.gov.ar\/wp-content\/uploads\/2025\/12\/RESOLUCION-428-2025.png\" \/>\n\t<meta property=\"og:image:width\" content=\"940\" \/>\n\t<meta property=\"og:image:height\" content=\"788\" \/>\n\t<meta property=\"og:image:type\" content=\"image\/png\" \/>\n<meta name=\"author\" content=\"Belen Pedernera Ferragut\" \/>\n<meta name=\"twitter:card\" content=\"summary_large_image\" \/>\n<meta name=\"twitter:label1\" content=\"Escrito por\" \/>\n\t<meta name=\"twitter:data1\" content=\"Belen Pedernera Ferragut\" \/>\n\t<meta name=\"twitter:label2\" content=\"Tiempo de lectura\" \/>\n\t<meta name=\"twitter:data2\" content=\"6 minutos\" \/>\n<script type=\"application\/ld+json\" class=\"yoast-schema-graph\">{\"@context\":\"https:\/\/schema.org\",\"@graph\":[{\"@type\":\"WebPage\",\"@id\":\"https:\/\/hcd.malargue.gov.ar\/?p=39829\",\"url\":\"https:\/\/hcd.malargue.gov.ar\/?p=39829\",\"name\":\"RESOLUCI\u00d3N N\u00b0 428\/2.025 - Malarg\u00fce HCD\",\"isPartOf\":{\"@id\":\"https:\/\/hcd.malargue.gov.ar\/#website\"},\"datePublished\":\"2025-12-05T11:46:44+00:00\",\"dateModified\":\"2025-12-05T11:57:16+00:00\",\"author\":{\"@id\":\"https:\/\/hcd.malargue.gov.ar\/#\/schema\/person\/3fd6bbab64edd703961b795156c955d0\"},\"breadcrumb\":{\"@id\":\"https:\/\/hcd.malargue.gov.ar\/?p=39829#breadcrumb\"},\"inLanguage\":\"es-AR\",\"potentialAction\":[{\"@type\":\"ReadAction\",\"target\":[\"https:\/\/hcd.malargue.gov.ar\/?p=39829\"]}]},{\"@type\":\"BreadcrumbList\",\"@id\":\"https:\/\/hcd.malargue.gov.ar\/?p=39829#breadcrumb\",\"itemListElement\":[{\"@type\":\"ListItem\",\"position\":1,\"name\":\"Inicio\",\"item\":\"https:\/\/hcd.malargue.gov.ar\/\"},{\"@type\":\"ListItem\",\"position\":2,\"name\":\"RESOLUCI\u00d3N N\u00b0 428\/2.025\"}]},{\"@type\":\"WebSite\",\"@id\":\"https:\/\/hcd.malargue.gov.ar\/#website\",\"url\":\"https:\/\/hcd.malargue.gov.ar\/\",\"name\":\"Malarg\u00fce HCD\",\"description\":\"Malarg\u00fce Mendoza Argentina\",\"potentialAction\":[{\"@type\":\"SearchAction\",\"target\":{\"@type\":\"EntryPoint\",\"urlTemplate\":\"https:\/\/hcd.malargue.gov.ar\/?s={search_term_string}\"},\"query-input\":\"required name=search_term_string\"}],\"inLanguage\":\"es-AR\"},{\"@type\":\"Person\",\"@id\":\"https:\/\/hcd.malargue.gov.ar\/#\/schema\/person\/3fd6bbab64edd703961b795156c955d0\",\"name\":\"Belen Pedernera Ferragut\",\"image\":{\"@type\":\"ImageObject\",\"inLanguage\":\"es-AR\",\"@id\":\"https:\/\/hcd.malargue.gov.ar\/#\/schema\/person\/image\/\",\"url\":\"https:\/\/secure.gravatar.com\/avatar\/1054ffab3893de4bb3eb29bdd22f7e34b8537bf5d34d9dab311818154ad5b71f?s=96&d=mm&r=g\",\"contentUrl\":\"https:\/\/secure.gravatar.com\/avatar\/1054ffab3893de4bb3eb29bdd22f7e34b8537bf5d34d9dab311818154ad5b71f?s=96&d=mm&r=g\",\"caption\":\"Belen Pedernera Ferragut\"},\"url\":\"https:\/\/hcd.malargue.gov.ar\/?author=5\"}]}<\/script>\n<!-- \/ Yoast SEO plugin. -->","yoast_head_json":{"title":"RESOLUCI\u00d3N N\u00b0 428\/2.025 - Malarg\u00fce HCD","robots":{"index":"index","follow":"follow","max-snippet":"max-snippet:-1","max-image-preview":"max-image-preview:large","max-video-preview":"max-video-preview:-1"},"canonical":"https:\/\/hcd.malargue.gov.ar\/?p=39829","og_locale":"es_ES","og_type":"article","og_title":"RESOLUCI\u00d3N N\u00b0 428\/2.025 - Malarg\u00fce HCD","og_description":"El HCD declar\u00f3 de Inter\u00e9s Educativo y Social el X Congreso de Discapacidad \u201cPuentes hacia una Mente Inclusiva\u201d El Concejo aprob{o la Resoluci\u00f3n N\u00b0 428\/2025, mediante la cual se declara de Inter\u00e9s Educativo y Social el X Congreso de Discapacidad \u201cPuentes hacia una Mente Inclusiva\u201d, que comienza hoy, 5 de diciembre, en el Centro de [&hellip;]","og_url":"https:\/\/hcd.malargue.gov.ar\/?p=39829","og_site_name":"Malarg\u00fce HCD","article_published_time":"2025-12-05T11:46:44+00:00","article_modified_time":"2025-12-05T11:57:16+00:00","og_image":[{"width":940,"height":788,"url":"https:\/\/hcd.malargue.gov.ar\/wp-content\/uploads\/2025\/12\/RESOLUCION-428-2025.png","type":"image\/png"}],"author":"Belen Pedernera Ferragut","twitter_card":"summary_large_image","twitter_misc":{"Escrito por":"Belen Pedernera Ferragut","Tiempo de lectura":"6 minutos"},"schema":{"@context":"https:\/\/schema.org","@graph":[{"@type":"WebPage","@id":"https:\/\/hcd.malargue.gov.ar\/?p=39829","url":"https:\/\/hcd.malargue.gov.ar\/?p=39829","name":"RESOLUCI\u00d3N N\u00b0 428\/2.025 - Malarg\u00fce HCD","isPartOf":{"@id":"https:\/\/hcd.malargue.gov.ar\/#website"},"datePublished":"2025-12-05T11:46:44+00:00","dateModified":"2025-12-05T11:57:16+00:00","author":{"@id":"https:\/\/hcd.malargue.gov.ar\/#\/schema\/person\/3fd6bbab64edd703961b795156c955d0"},"breadcrumb":{"@id":"https:\/\/hcd.malargue.gov.ar\/?p=39829#breadcrumb"},"inLanguage":"es-AR","potentialAction":[{"@type":"ReadAction","target":["https:\/\/hcd.malargue.gov.ar\/?p=39829"]}]},{"@type":"BreadcrumbList","@id":"https:\/\/hcd.malargue.gov.ar\/?p=39829#breadcrumb","itemListElement":[{"@type":"ListItem","position":1,"name":"Inicio","item":"https:\/\/hcd.malargue.gov.ar\/"},{"@type":"ListItem","position":2,"name":"RESOLUCI\u00d3N N\u00b0 428\/2.025"}]},{"@type":"WebSite","@id":"https:\/\/hcd.malargue.gov.ar\/#website","url":"https:\/\/hcd.malargue.gov.ar\/","name":"Malarg\u00fce HCD","description":"Malarg\u00fce Mendoza Argentina","potentialAction":[{"@type":"SearchAction","target":{"@type":"EntryPoint","urlTemplate":"https:\/\/hcd.malargue.gov.ar\/?s={search_term_string}"},"query-input":"required name=search_term_string"}],"inLanguage":"es-AR"},{"@type":"Person","@id":"https:\/\/hcd.malargue.gov.ar\/#\/schema\/person\/3fd6bbab64edd703961b795156c955d0","name":"Belen Pedernera Ferragut","image":{"@type":"ImageObject","inLanguage":"es-AR","@id":"https:\/\/hcd.malargue.gov.ar\/#\/schema\/person\/image\/","url":"https:\/\/secure.gravatar.com\/avatar\/1054ffab3893de4bb3eb29bdd22f7e34b8537bf5d34d9dab311818154ad5b71f?s=96&d=mm&r=g","contentUrl":"https:\/\/secure.gravatar.com\/avatar\/1054ffab3893de4bb3eb29bdd22f7e34b8537bf5d34d9dab311818154ad5b71f?s=96&d=mm&r=g","caption":"Belen Pedernera Ferragut"},"url":"https:\/\/hcd.malargue.gov.ar\/?author=5"}]}},"_links":{"self":[{"href":"https:\/\/hcd.malargue.gov.ar\/index.php?rest_route=\/wp\/v2\/posts\/39829","targetHints":{"allow":["GET"]}}],"collection":[{"href":"https:\/\/hcd.malargue.gov.ar\/index.php?rest_route=\/wp\/v2\/posts"}],"about":[{"href":"https:\/\/hcd.malargue.gov.ar\/index.php?rest_route=\/wp\/v2\/types\/post"}],"author":[{"embeddable":true,"href":"https:\/\/hcd.malargue.gov.ar\/index.php?rest_route=\/wp\/v2\/users\/5"}],"replies":[{"embeddable":true,"href":"https:\/\/hcd.malargue.gov.ar\/index.php?rest_route=%2Fwp%2Fv2%2Fcomments&post=39829"}],"version-history":[{"count":2,"href":"https:\/\/hcd.malargue.gov.ar\/index.php?rest_route=\/wp\/v2\/posts\/39829\/revisions"}],"predecessor-version":[{"id":39834,"href":"https:\/\/hcd.malargue.gov.ar\/index.php?rest_route=\/wp\/v2\/posts\/39829\/revisions\/39834"}],"wp:featuredmedia":[{"embeddable":true,"href":"https:\/\/hcd.malargue.gov.ar\/index.php?rest_route=\/wp\/v2\/media\/39830"}],"wp:attachment":[{"href":"https:\/\/hcd.malargue.gov.ar\/index.php?rest_route=%2Fwp%2Fv2%2Fmedia&parent=39829"}],"wp:term":[{"taxonomy":"category","embeddable":true,"href":"https:\/\/hcd.malargue.gov.ar\/index.php?rest_route=%2Fwp%2Fv2%2Fcategories&post=39829"},{"taxonomy":"post_tag","embeddable":true,"href":"https:\/\/hcd.malargue.gov.ar\/index.php?rest_route=%2Fwp%2Fv2%2Ftags&post=39829"}],"curies":[{"name":"wp","href":"https:\/\/api.w.org\/{rel}","templated":true}]}}