{"id":39845,"date":"2025-12-09T09:21:22","date_gmt":"2025-12-09T12:21:22","guid":{"rendered":"https:\/\/hcd.malargue.gov.ar\/?p=39845"},"modified":"2025-12-09T09:23:22","modified_gmt":"2025-12-09T12:23:22","slug":"ordenanza-n-2-360-2-025","status":"publish","type":"post","link":"https:\/\/hcd.malargue.gov.ar\/?p=39845","title":{"rendered":"ORDENANZA N\u00b0 2.360\/2.025"},"content":{"rendered":"\n<h4 class=\"wp-block-heading has-text-align-center\"><strong>El HCD aprob\u00f3 un marco estrat\u00e9gico para la puesta en valor del Museo Municipal \u201cJorge Luna\u201d<\/strong><\/h4>\n\n\n\n<p><em>En la \u00faltima sesi\u00f3n, el Honorable Concejo Deliberante aprob\u00f3 la Ordenanza N\u00b0 2.360\/2.025, mediante la cual se establece un marco normativo y estrat\u00e9gico destinado a reforzar la identidad del Museo Municipal \u201cJorge Luna\u201d y fortalecer su v\u00ednculo con la historia minera de Malarg\u00fce.<\/em><\/p>\n\n\n\n<p><em>El proyecto, originado en el Bloque Frente Cambia Mendoza, destaca la importancia hist\u00f3rica, cultural y social del Museo como custodio del patrimonio local y como espacio clave para la difusi\u00f3n de la identidad minera del Departamento.<\/em><\/p>\n\n\n\n<p><em>La Ordenanza establece objetivos orientados a preservar y divulgar bienes vinculados a la actividad minera, implementar una exposici\u00f3n permanente sobre su evoluci\u00f3n en la regi\u00f3n, documentar las experiencias de trabajadores y comunidades mineras, y fomentar la restauraci\u00f3n y conservaci\u00f3n del patrimonio hist\u00f3rico.<\/em><\/p>\n\n\n\n<p><em>Asimismo, se instruye al \u00e1rea municipal correspondiente a desarrollar programas culturales que conecten la historia minera con el turismo, favoreciendo la llegada de visitantes y fortaleciendo el sentido de pertenencia de la comunidad. Tambi\u00e9n se dispuso la realizaci\u00f3n de campa\u00f1as de promoci\u00f3n a nivel local, provincial y nacional para poner en valor al Museo como emblema de la identidad malarg\u00fcina.<\/em><\/p>\n\n\n\n<p><em>La normativa contempla la asignaci\u00f3n de recursos para modernizar las instalaciones, mejorar la conservaci\u00f3n del patrimonio y sumar nuevas tecnolog\u00edas. A su vez, el Departamento Ejecutivo queda autorizado a celebrar convenios con instituciones mineras, petroleras, museol\u00f3gicas y de investigaci\u00f3n para potenciar el crecimiento del espacio.<\/em><\/p>\n\n\n\n<p><em>Este avance legislativo refuerza el compromiso institucional con la preservaci\u00f3n y difusi\u00f3n del patrimonio minero, aportando al desarrollo educativo, cultural y tur\u00edstico del Departamento.<\/em><\/p>\n\n\n\n<p class=\"has-text-align-center\"><strong>PIEZA LEGAL<\/strong><\/p>\n\n\n<div class=\"wp-block-image\">\n<figure class=\"alignright is-resized\"><a href=\"http:\/\/hcd.malargue.gov.ar\/2025\/On%202360%202025%20Museo%20Jorge%20Luna.pdf\"><img loading=\"lazy\" decoding=\"async\" width=\"512\" height=\"512\" src=\"https:\/\/hcd.malargue.gov.ar\/wp-content\/uploads\/2018\/06\/PDF-JPG.jpg\" alt=\"\" class=\"wp-image-7950\" style=\"width:125px;height:auto\" srcset=\"https:\/\/hcd.malargue.gov.ar\/wp-content\/uploads\/2018\/06\/PDF-JPG.jpg 512w, https:\/\/hcd.malargue.gov.ar\/wp-content\/uploads\/2018\/06\/PDF-JPG-150x150.jpg 150w, https:\/\/hcd.malargue.gov.ar\/wp-content\/uploads\/2018\/06\/PDF-JPG-300x300.jpg 300w\" sizes=\"auto, (max-width: 512px) 100vw, 512px\" \/><\/a><\/figure>\n<\/div>\n\n\n<p><strong>AUTORA CONCEJAL VIVIANA MOSCA<\/strong><\/p>\n\n\n\n<p><strong>BLOQUE CAMBIA MENDOZA<\/strong><\/p>\n\n\n\n<p>VISTO: El contenido del Expediente N\u00b0 2.081\/2.025-0. Bloque Frente Cambia Mendoza. Proyecto de Ordenanza: Establecer un marco normativo y estrat\u00e9gico orientado a la puesta en valor del Museo Municipal \u201cJorge Luna\u201d, reafirmando su identidad y fortaleciendo su v\u00ednculo con la rica historia de Malarg\u00fce.<\/p>\n\n\n\n<p>La trascendental importancia hist\u00f3rica, cultural y social del Museo Municipal \u201cJorge Luna\u201d en la preservaci\u00f3n y difusi\u00f3n del patrimonio de nuestra comunidad y la imperiosa necesidad de profundizar y promover el conocimiento de la historia minera, pilar fundamental para el desarrollo y crecimiento de nuestro Departamento<\/p>\n\n\n\n<p>y;<\/p>\n\n\n\n<p>CONSIDERANDO: Que el Museo Municipal \u201cJorge Luna\u201d constituye una instituci\u00f3n esencial para la preservaci\u00f3n del patrimonio hist\u00f3rico, cultural y natural de Malarg\u00fce, resultando necesario fortalecer su vinculaci\u00f3n con la actividad minera para enriquecer la formaci\u00f3n educativa y la valoraci\u00f3n social de dicha actividad.<\/p>\n\n\n\n<p>Que la miner\u00eda ha sido un motor decisivo en la historia de Malarg\u00fce, impulsando de manera singular su desarrollo econ\u00f3mico, social y territorial.<\/p>\n\n\n\n<p>Que la puesta en valor del Museo potenciar\u00e1 el turismo cultural y educativo, atrayendo a estudiantes, investigadores y visitantes, y consolidando el sentido de identidad minera de nuestra regi\u00f3n.<\/p>\n\n\n\n<p>Que la preservaci\u00f3n del patrimonio minero constituye una responsabilidad colectiva, imprescindible para transmitir saberes, tradiciones y experiencias a las futuras generaciones.<\/p>\n\n\n\n<p>Que la promoci\u00f3n de actividades integradas y articuladas en torno al Museo permitir\u00e1 dinamizar la econom\u00eda local y generar nuevas oportunidades de desarrollo sostenible.<\/p>\n\n\n\n<p>EL HONORABLE CONCEJO DELIBERANTE DE MALARG\u00dcE EN USO DE LAS FACULTADES QUE LE SON PROPIAS<\/p>\n\n\n\n<p>ORDENA<\/p>\n\n\n\n<p>ART\u00cdCULO 1\u00b0: Establ\u00e9zcase un marco normativo y estrat\u00e9gico destinado a la puesta en valor del Museo Municipal \u201cJorge Luna\u201d, con el objeto de reafirmar su identidad institucional y fortalecer su v\u00ednculo con la historia minera del Departamento de Malarg\u00fce.<\/p>\n\n\n\n<p>ART\u00cdCULO 2\u00b0: Son objetivos de la presente Ordenanza:<\/p>\n\n\n\n<ol style=\"list-style-type:lower-alpha\" class=\"wp-block-list\">\n<li>Preservar, investigar y divulgar los objetos, documentos, herramientas y maquinarias vinculados a la historia minera que han contribuido a conformar la identidad y evoluci\u00f3n de la comunidad.<\/li>\n\n\n\n<li>Implementar una exposici\u00f3n permanente que represente la evoluci\u00f3n de la actividad minera en la regi\u00f3n, desde sus or\u00edgenes hasta la actualidad, abordando los procesos t\u00e9cnicos, sociales, laborales y ambientales que la caracterizan.<\/li>\n\n\n\n<li>Establecer una l\u00ednea de investigaci\u00f3n hist\u00f3rica que documente la experiencia de los trabajadores mineros, sus familias y las comunidades involucradas, reconociendo la trascendencia de su legado.<\/li>\n<\/ol>\n\n\n\n<p>d) Fomentar la restauraci\u00f3n y conservaci\u00f3n de los bienes hist\u00f3ricos, garantizando su preservaci\u00f3n y la continuidad de la memoria minera regional.<\/p>\n\n\n\n<p>ART\u00cdCULO 3\u00b0: Instr\u00fayase al \u00e1rea municipal que corresponda a desarrollar programas y actividades culturales que vinculen la historia minera con el turismo, a fin de promover la afluencia de visitantes locales, provinciales, nacionales e internacionales y fortalecer el sentido de pertenencia a trav\u00e9s del v\u00ednculo emocional y cultural de la comunidad respecto de su patrimonio.<\/p>\n\n\n\n<p>ART\u00cdCULO 4\u00b0: Disp\u00f3nese la realizaci\u00f3n de campa\u00f1as de promoci\u00f3n y difusi\u00f3n del Museo Municipal \u201cJorge Luna\u201d en los \u00e1mbitos local, provincial y nacional, a efectos de destacar su relevancia hist\u00f3rica y proyectar su imagen como emblema de la identidad minera de Malarg\u00fce.<\/p>\n\n\n\n<p>ART\u00cdCULO 5\u00b0: As\u00edgnense los recursos presupuestarios y materiales necesarios para la puesta en valor del Museo Municipal \u201cJorge Luna\u201d, incluida la adquisici\u00f3n de insumos, la modernizaci\u00f3n de sus instalaciones y la incorporaci\u00f3n de tecnolog\u00edas destinadas a la conservaci\u00f3n del patrimonio.<\/p>\n\n\n\n<p>ART\u00cdCULO 6\u00b0: Autor\u00edzase al Departamento Ejecutivo Municipal a celebrar convenios con organizaciones mineras, petroleras, arqueol\u00f3gicas, museol\u00f3gicas y otras instituciones pertinentes, a fin de incorporar aportes t\u00e9cnicos, cient\u00edficos y materiales que contribuyan a la sostenibilidad y dinamizaci\u00f3n del Museo Municipal.<\/p>\n\n\n\n<p>ART\u00cdCULO 7\u00b0:&nbsp; Comun\u00edquese, reg\u00edstrese, c\u00famplase, publ\u00edquese, agr\u00e9guese copia de la presente en las actuaciones correspondientes y arch\u00edvese.<\/p>\n\n\n\n<p>DADA EN LA SALA DE SESIONES DR.&nbsp; RICARDO BALBIN DEL HONORABLE CONCEJO DELIBERANTE DE LA MUNICIPALIDAD DE MALARG\u00dcE A VEINTISIETE D\u00cdAS DE NOVIEMBRE DE DOS MIL VEINTICINCO<\/p>\n\n\n\n<p><\/p>\n","protected":false},"excerpt":{"rendered":"<p>El HCD aprob\u00f3 un marco estrat\u00e9gico para la puesta en valor del Museo Municipal \u201cJorge Luna\u201d En la \u00faltima sesi\u00f3n, el Honorable Concejo Deliberante aprob\u00f3 la Ordenanza N\u00b0 2.360\/2.025, mediante la cual se establece un marco normativo y estrat\u00e9gico destinado a reforzar la identidad del Museo Municipal \u201cJorge Luna\u201d y fortalecer su v\u00ednculo con la [&hellip;]<\/p>\n","protected":false},"author":5,"featured_media":39846,"comment_status":"closed","ping_status":"closed","sticky":false,"template":"","format":"standard","meta":{"footnotes":""},"categories":[52,29,48,33],"tags":[],"class_list":["post-39845","post","type-post","status-publish","format-standard","has-post-thumbnail","hentry","category-gacetillas","category-lesgilacion","category-ordenanzas-municipales","category-prensa"],"yoast_head":"<!-- This site is optimized with the Yoast SEO plugin v19.10 - https:\/\/yoast.com\/wordpress\/plugins\/seo\/ -->\n<title>ORDENANZA N\u00b0 2.360\/2.025 - Malarg\u00fce HCD<\/title>\n<meta name=\"robots\" content=\"index, follow, max-snippet:-1, max-image-preview:large, max-video-preview:-1\" \/>\n<link rel=\"canonical\" href=\"https:\/\/hcd.malargue.gov.ar\/?p=39845\" \/>\n<meta property=\"og:locale\" content=\"es_ES\" \/>\n<meta property=\"og:type\" content=\"article\" \/>\n<meta property=\"og:title\" content=\"ORDENANZA N\u00b0 2.360\/2.025 - Malarg\u00fce HCD\" \/>\n<meta property=\"og:description\" content=\"El HCD aprob\u00f3 un marco estrat\u00e9gico para la puesta en valor del Museo Municipal \u201cJorge Luna\u201d En la \u00faltima sesi\u00f3n, el Honorable Concejo Deliberante aprob\u00f3 la Ordenanza N\u00b0 2.360\/2.025, mediante la cual se establece un marco normativo y estrat\u00e9gico destinado a reforzar la identidad del Museo Municipal \u201cJorge Luna\u201d y fortalecer su v\u00ednculo con la [&hellip;]\" \/>\n<meta property=\"og:url\" content=\"https:\/\/hcd.malargue.gov.ar\/?p=39845\" \/>\n<meta property=\"og:site_name\" content=\"Malarg\u00fce HCD\" \/>\n<meta property=\"article:published_time\" content=\"2025-12-09T12:21:22+00:00\" \/>\n<meta property=\"article:modified_time\" content=\"2025-12-09T12:23:22+00:00\" \/>\n<meta property=\"og:image\" content=\"https:\/\/hcd.malargue.gov.ar\/wp-content\/uploads\/2025\/12\/ORDENANZA-2360-2025.png\" \/>\n\t<meta property=\"og:image:width\" content=\"940\" \/>\n\t<meta property=\"og:image:height\" content=\"788\" \/>\n\t<meta property=\"og:image:type\" content=\"image\/png\" \/>\n<meta name=\"author\" content=\"Belen Pedernera Ferragut\" \/>\n<meta name=\"twitter:card\" content=\"summary_large_image\" \/>\n<meta name=\"twitter:label1\" content=\"Escrito por\" \/>\n\t<meta name=\"twitter:data1\" content=\"Belen Pedernera Ferragut\" \/>\n\t<meta name=\"twitter:label2\" content=\"Tiempo de lectura\" \/>\n\t<meta name=\"twitter:data2\" content=\"5 minutos\" \/>\n<script type=\"application\/ld+json\" class=\"yoast-schema-graph\">{\"@context\":\"https:\/\/schema.org\",\"@graph\":[{\"@type\":\"WebPage\",\"@id\":\"https:\/\/hcd.malargue.gov.ar\/?p=39845\",\"url\":\"https:\/\/hcd.malargue.gov.ar\/?p=39845\",\"name\":\"ORDENANZA N\u00b0 2.360\/2.025 - Malarg\u00fce HCD\",\"isPartOf\":{\"@id\":\"https:\/\/hcd.malargue.gov.ar\/#website\"},\"datePublished\":\"2025-12-09T12:21:22+00:00\",\"dateModified\":\"2025-12-09T12:23:22+00:00\",\"author\":{\"@id\":\"https:\/\/hcd.malargue.gov.ar\/#\/schema\/person\/3fd6bbab64edd703961b795156c955d0\"},\"breadcrumb\":{\"@id\":\"https:\/\/hcd.malargue.gov.ar\/?p=39845#breadcrumb\"},\"inLanguage\":\"es-AR\",\"potentialAction\":[{\"@type\":\"ReadAction\",\"target\":[\"https:\/\/hcd.malargue.gov.ar\/?p=39845\"]}]},{\"@type\":\"BreadcrumbList\",\"@id\":\"https:\/\/hcd.malargue.gov.ar\/?p=39845#breadcrumb\",\"itemListElement\":[{\"@type\":\"ListItem\",\"position\":1,\"name\":\"Inicio\",\"item\":\"https:\/\/hcd.malargue.gov.ar\/\"},{\"@type\":\"ListItem\",\"position\":2,\"name\":\"ORDENANZA N\u00b0 2.360\/2.025\"}]},{\"@type\":\"WebSite\",\"@id\":\"https:\/\/hcd.malargue.gov.ar\/#website\",\"url\":\"https:\/\/hcd.malargue.gov.ar\/\",\"name\":\"Malarg\u00fce HCD\",\"description\":\"Malarg\u00fce Mendoza Argentina\",\"potentialAction\":[{\"@type\":\"SearchAction\",\"target\":{\"@type\":\"EntryPoint\",\"urlTemplate\":\"https:\/\/hcd.malargue.gov.ar\/?s={search_term_string}\"},\"query-input\":\"required name=search_term_string\"}],\"inLanguage\":\"es-AR\"},{\"@type\":\"Person\",\"@id\":\"https:\/\/hcd.malargue.gov.ar\/#\/schema\/person\/3fd6bbab64edd703961b795156c955d0\",\"name\":\"Belen Pedernera Ferragut\",\"image\":{\"@type\":\"ImageObject\",\"inLanguage\":\"es-AR\",\"@id\":\"https:\/\/hcd.malargue.gov.ar\/#\/schema\/person\/image\/\",\"url\":\"https:\/\/secure.gravatar.com\/avatar\/1054ffab3893de4bb3eb29bdd22f7e34b8537bf5d34d9dab311818154ad5b71f?s=96&d=mm&r=g\",\"contentUrl\":\"https:\/\/secure.gravatar.com\/avatar\/1054ffab3893de4bb3eb29bdd22f7e34b8537bf5d34d9dab311818154ad5b71f?s=96&d=mm&r=g\",\"caption\":\"Belen Pedernera Ferragut\"},\"url\":\"https:\/\/hcd.malargue.gov.ar\/?author=5\"}]}<\/script>\n<!-- \/ Yoast SEO plugin. -->","yoast_head_json":{"title":"ORDENANZA N\u00b0 2.360\/2.025 - Malarg\u00fce HCD","robots":{"index":"index","follow":"follow","max-snippet":"max-snippet:-1","max-image-preview":"max-image-preview:large","max-video-preview":"max-video-preview:-1"},"canonical":"https:\/\/hcd.malargue.gov.ar\/?p=39845","og_locale":"es_ES","og_type":"article","og_title":"ORDENANZA N\u00b0 2.360\/2.025 - Malarg\u00fce HCD","og_description":"El HCD aprob\u00f3 un marco estrat\u00e9gico para la puesta en valor del Museo Municipal \u201cJorge Luna\u201d En la \u00faltima sesi\u00f3n, el Honorable Concejo Deliberante aprob\u00f3 la Ordenanza N\u00b0 2.360\/2.025, mediante la cual se establece un marco normativo y estrat\u00e9gico destinado a reforzar la identidad del Museo Municipal \u201cJorge Luna\u201d y fortalecer su v\u00ednculo con la [&hellip;]","og_url":"https:\/\/hcd.malargue.gov.ar\/?p=39845","og_site_name":"Malarg\u00fce HCD","article_published_time":"2025-12-09T12:21:22+00:00","article_modified_time":"2025-12-09T12:23:22+00:00","og_image":[{"width":940,"height":788,"url":"https:\/\/hcd.malargue.gov.ar\/wp-content\/uploads\/2025\/12\/ORDENANZA-2360-2025.png","type":"image\/png"}],"author":"Belen Pedernera Ferragut","twitter_card":"summary_large_image","twitter_misc":{"Escrito por":"Belen Pedernera Ferragut","Tiempo de lectura":"5 minutos"},"schema":{"@context":"https:\/\/schema.org","@graph":[{"@type":"WebPage","@id":"https:\/\/hcd.malargue.gov.ar\/?p=39845","url":"https:\/\/hcd.malargue.gov.ar\/?p=39845","name":"ORDENANZA N\u00b0 2.360\/2.025 - Malarg\u00fce HCD","isPartOf":{"@id":"https:\/\/hcd.malargue.gov.ar\/#website"},"datePublished":"2025-12-09T12:21:22+00:00","dateModified":"2025-12-09T12:23:22+00:00","author":{"@id":"https:\/\/hcd.malargue.gov.ar\/#\/schema\/person\/3fd6bbab64edd703961b795156c955d0"},"breadcrumb":{"@id":"https:\/\/hcd.malargue.gov.ar\/?p=39845#breadcrumb"},"inLanguage":"es-AR","potentialAction":[{"@type":"ReadAction","target":["https:\/\/hcd.malargue.gov.ar\/?p=39845"]}]},{"@type":"BreadcrumbList","@id":"https:\/\/hcd.malargue.gov.ar\/?p=39845#breadcrumb","itemListElement":[{"@type":"ListItem","position":1,"name":"Inicio","item":"https:\/\/hcd.malargue.gov.ar\/"},{"@type":"ListItem","position":2,"name":"ORDENANZA N\u00b0 2.360\/2.025"}]},{"@type":"WebSite","@id":"https:\/\/hcd.malargue.gov.ar\/#website","url":"https:\/\/hcd.malargue.gov.ar\/","name":"Malarg\u00fce HCD","description":"Malarg\u00fce Mendoza Argentina","potentialAction":[{"@type":"SearchAction","target":{"@type":"EntryPoint","urlTemplate":"https:\/\/hcd.malargue.gov.ar\/?s={search_term_string}"},"query-input":"required name=search_term_string"}],"inLanguage":"es-AR"},{"@type":"Person","@id":"https:\/\/hcd.malargue.gov.ar\/#\/schema\/person\/3fd6bbab64edd703961b795156c955d0","name":"Belen Pedernera Ferragut","image":{"@type":"ImageObject","inLanguage":"es-AR","@id":"https:\/\/hcd.malargue.gov.ar\/#\/schema\/person\/image\/","url":"https:\/\/secure.gravatar.com\/avatar\/1054ffab3893de4bb3eb29bdd22f7e34b8537bf5d34d9dab311818154ad5b71f?s=96&d=mm&r=g","contentUrl":"https:\/\/secure.gravatar.com\/avatar\/1054ffab3893de4bb3eb29bdd22f7e34b8537bf5d34d9dab311818154ad5b71f?s=96&d=mm&r=g","caption":"Belen Pedernera Ferragut"},"url":"https:\/\/hcd.malargue.gov.ar\/?author=5"}]}},"_links":{"self":[{"href":"https:\/\/hcd.malargue.gov.ar\/index.php?rest_route=\/wp\/v2\/posts\/39845","targetHints":{"allow":["GET"]}}],"collection":[{"href":"https:\/\/hcd.malargue.gov.ar\/index.php?rest_route=\/wp\/v2\/posts"}],"about":[{"href":"https:\/\/hcd.malargue.gov.ar\/index.php?rest_route=\/wp\/v2\/types\/post"}],"author":[{"embeddable":true,"href":"https:\/\/hcd.malargue.gov.ar\/index.php?rest_route=\/wp\/v2\/users\/5"}],"replies":[{"embeddable":true,"href":"https:\/\/hcd.malargue.gov.ar\/index.php?rest_route=%2Fwp%2Fv2%2Fcomments&post=39845"}],"version-history":[{"count":1,"href":"https:\/\/hcd.malargue.gov.ar\/index.php?rest_route=\/wp\/v2\/posts\/39845\/revisions"}],"predecessor-version":[{"id":39847,"href":"https:\/\/hcd.malargue.gov.ar\/index.php?rest_route=\/wp\/v2\/posts\/39845\/revisions\/39847"}],"wp:featuredmedia":[{"embeddable":true,"href":"https:\/\/hcd.malargue.gov.ar\/index.php?rest_route=\/wp\/v2\/media\/39846"}],"wp:attachment":[{"href":"https:\/\/hcd.malargue.gov.ar\/index.php?rest_route=%2Fwp%2Fv2%2Fmedia&parent=39845"}],"wp:term":[{"taxonomy":"category","embeddable":true,"href":"https:\/\/hcd.malargue.gov.ar\/index.php?rest_route=%2Fwp%2Fv2%2Fcategories&post=39845"},{"taxonomy":"post_tag","embeddable":true,"href":"https:\/\/hcd.malargue.gov.ar\/index.php?rest_route=%2Fwp%2Fv2%2Ftags&post=39845"}],"curies":[{"name":"wp","href":"https:\/\/api.w.org\/{rel}","templated":true}]}}