{"id":39850,"date":"2025-12-09T11:53:58","date_gmt":"2025-12-09T14:53:58","guid":{"rendered":"https:\/\/hcd.malargue.gov.ar\/?p=39850"},"modified":"2025-12-09T11:55:52","modified_gmt":"2025-12-09T14:55:52","slug":"ordenanza-n-2-361-2-025","status":"publish","type":"post","link":"https:\/\/hcd.malargue.gov.ar\/?p=39850","title":{"rendered":"ORDENANZA N\u00b0 2.361\/2.025"},"content":{"rendered":"\n<h4 class=\"wp-block-heading has-text-align-center\">El HCD impuso el nombre \u201cParque Municipal Ra\u00edces Malarg\u00fcinas\u201d al hist\u00f3rico predio de la Fiesta del Chivo<\/h4>\n\n\n\n<p><em>En la sesi\u00f3n del 27 de noviembre se aprob\u00f3 la Ordenanza N\u00b0 2.361\/2025, mediante la cual se establece el nombre <strong>\u201cParque Municipal Ra\u00edces Malarg\u00fcinas\u201d<\/strong> para el predio donde hist\u00f3ricamente se desarrollan la Fiesta Nacional del Chivo, actividades culturales, destrezas gauchas y diversos encuentros sociales tradicionales del Departamento.<\/em><\/p>\n\n\n\n<p><em>El proyecto, elevado a trav\u00e9s del Expediente N\u00b0 6.746\/2025-0 por el Bloque Partido Justicialista, busca reconocer formalmente la importancia cultural y simb\u00f3lica de este espacio, que cuenta con una trayectoria de <strong>74 a\u00f1os<\/strong> y constituye un hito significativo para la identidad malarg\u00fcina.<\/em><\/p>\n\n\n\n<p><em>Este predio ha sido, a lo largo del tiempo, un lugar de encuentro comunitario, donde se expresan las tradiciones y el folclore que representan las ra\u00edces de la comunidad. Su puesta en valor como Parque Tem\u00e1tico dentro del Sistema Organizado de Parques Municipales permitir\u00e1 jerarquizar su uso y consolidar su funci\u00f3n social y cultural.<\/em><\/p>\n\n\n\n<p><em>La Ordenanza tambi\u00e9n se fundamenta en la reciente donaci\u00f3n de inmuebles autorizada por la Ley Provincial N\u00b0 9.590 y aceptada mediante Ordenanza N\u00b0 2.355\/2025, hecho que formaliza la titularidad municipal del predio e impulsa su reconocimiento institucional.<\/em><\/p>\n\n\n\n<p><em>Con esta iniciativa se reafirma el compromiso de Malarg\u00fce con la preservaci\u00f3n de sus tradiciones y con la transmisi\u00f3n del patrimonio cultural a las futuras generaciones.<\/em><\/p>\n\n\n\n<p class=\"has-text-align-center\"><strong>PIEZA LEGAL<\/strong><\/p>\n\n\n<div class=\"wp-block-image\">\n<figure class=\"alignright is-resized\"><a href=\"http:\/\/hcd.malargue.gov.ar\/2025\/On%202361%202025%20Parque%20Raices%20Malarguinas.pdf\"><img loading=\"lazy\" decoding=\"async\" width=\"512\" height=\"512\" src=\"https:\/\/hcd.malargue.gov.ar\/wp-content\/uploads\/2018\/06\/PDF-JPG.jpg\" alt=\"\" class=\"wp-image-7950\" style=\"width:146px;height:auto\" srcset=\"https:\/\/hcd.malargue.gov.ar\/wp-content\/uploads\/2018\/06\/PDF-JPG.jpg 512w, https:\/\/hcd.malargue.gov.ar\/wp-content\/uploads\/2018\/06\/PDF-JPG-150x150.jpg 150w, https:\/\/hcd.malargue.gov.ar\/wp-content\/uploads\/2018\/06\/PDF-JPG-300x300.jpg 300w\" sizes=\"auto, (max-width: 512px) 100vw, 512px\" \/><\/a><\/figure>\n<\/div>\n\n\n<p><strong>AUTORES CONCEJALES MAGALI ACOSTA, PABLO CABRERA, EMILCE MANSILLA, RODRIGO HIDALGO<\/strong><\/p>\n\n\n\n<p><strong>BLOQUE PARTIDO JUSTICIALISTA<\/strong><\/p>\n\n\n\n<p>VISTO: El contenido del Expediente N\u00b0 6.746\/2.025-0.&nbsp; Bloque Partido Justicialista. Proyecto de Ordenanza:&nbsp; Imponer el nombre \u201cParque Municipal Ra\u00edces Malarg\u00fcinas\u201d e incorporar al Sistema organizado de Parques Municipales creado por Ordenanza N\u00b0 1.442\/2.008.<\/p>\n\n\n\n<p>La Ordenanza N\u00ba 2.355\/ 2.025 y los Decretos N\u00b0 1.528\/ 2.024 y N\u00b0 1.637\/2.024.<\/p>\n\n\n\n<p>y;<\/p>\n\n\n\n<p>CONSIDERANDO: Que el predio referido constituye un espacio emblem\u00e1tico para la comunidad de Malarg\u00fce, al preservar y promover la identidad e historia de nuestro Departamento, contando con una trayectoria de setenta y cuatro (74) a\u00f1os.<\/p>\n\n\n\n<p>Que dicho lugar ha sido elegido de manera constante para la realizaci\u00f3n de eventos de relevancia, tales como la Fiesta Nacional del Chivo, actividades culturales y tradicionales, destrezas gauchas y otros encuentros al aire libre que convocan a un numeroso p\u00fablico.<\/p>\n\n\n\n<p>Que el compromiso de los malarg\u00fcinos con sus ra\u00edces y su folclore constituye una manifestaci\u00f3n del orgullo y la dedicaci\u00f3n hacia la preservaci\u00f3n del patrimonio cultural inmaterial, transmitido de generaci\u00f3n en generaci\u00f3n mediante pr\u00e1cticas art\u00edsticas, culturales y tradicionales.<\/p>\n\n\n\n<p>Que el Decreto N\u00b0 906\/2.025 establece que la Ley Provincial N\u00b0 9.590, sancionada el 13 de noviembre de 2.024 y publicada en el Bolet\u00edn Oficial el 10 de diciembre del mismo a\u00f1o, autoriza al Poder Ejecutivo de la Provincia de Mendoza a donar a la Municipalidad de Malarg\u00fce dos inmuebles de dominio provincial.<\/p>\n\n\n\n<p>Que la Ordenanza N\u00b0 2.355\/2.025 acepta formalmente dicha donaci\u00f3n conforme a lo establecido por la Ley N\u00b0 1.079&nbsp;Org\u00e1nica de Municipalidades.<\/p>\n\n\n\n<p>Que, en virtud de lo expuesto, se considera oportuno reconocer la relevancia hist\u00f3rica y cultural del predio mediante la imposici\u00f3n del nombre \u201cParque Municipal Ra\u00edces Malarg\u00fcinas\u201d.<\/p>\n\n\n\n<p>EL HONORABLE CONCEJO DELIBERANTE DE MALARG\u00dcE EN USO DE LAS FACULTADES QUE LE SON PROPIAS<\/p>\n\n\n\n<p>ORDENA<\/p>\n\n\n\n<p>ART\u00cdCULO 1\u00b0: Imp\u00f3ngase el nombre \u201cParque Municipal Ra\u00edces Malarg\u00fcinas\u201d al inmueble identificado como Pol\u00edgono NE del plano visado por la Direcci\u00f3n General de Catastro bajo el N\u00b0 19-3089, nomenclatura catastral 19-99-00-0100-398684-0000-9, padr\u00f3n de rentas 19\/07839-3, con una superficie de 5 ha 259,44 m\u00b2, ubicado entre las calles El Planch\u00f3n, Alfonso Capdeville Este y Avenida San Mart\u00edn Norte, en reconocimiento a su valor hist\u00f3rico, cultural y representativo para el Departamento de Malarg\u00fce.<\/p>\n\n\n\n<p>ART\u00cdCULO 2\u00b0: Incorp\u00f3rese el Parque Municipal Ra\u00edces Malarg\u00fcinas, identificado en el art\u00edculo precedente, al Sistema Organizado de Parques Municipales creado por Ordenanza N\u00b0 1.442\/2.008, dentro de la categor\u00eda Parque Tem\u00e1tico, conforme lo establecido en el Cap\u00edtulo I de la Clasificaci\u00f3n y Constituci\u00f3n de los Parques Municipales, II Parte Especial, T\u00edtulo I, art\u00edculo 18, y de acuerdo con las descripciones previstas en el art\u00edculo 31 de la mencionada norma; En dicho espacio continuar\u00e1n desarroll\u00e1ndose actividades culturales, tradicionales y sociales, tales como la Fiesta Nacional del Chivo, destrezas gauchas, eventos al aire libre y otros encuentros que fortalezcan la participaci\u00f3n ciudadana y el patrimonio cultural del Departamento.<\/p>\n\n\n\n<p>ART\u00cdCULO 3\u00b0: Res\u00e1ltese y promu\u00e9vase el compromiso de los Malarg\u00fcinos y Malarg\u00fcinas con sus ra\u00edces, su folclore y sus tradiciones, renovando los esfuerzos destinados a preservar, difundir y fomentar las expresiones culturales que reflejan la esencia y el esp\u00edritu de la comunidad.<\/p>\n\n\n\n<p>ART\u00cdCULO 4\u00b0: Consid\u00e9rese como Anexo I de la presente ordenanza el plano de mensura N\u00b0 19-3089.<\/p>\n\n\n\n<p>ART\u00cdCULO 5\u00b0: Comun\u00edquese, reg\u00edstrese, c\u00famplase, publ\u00edquese, agr\u00e9guese copia de la presente en las actuaciones correspondientes y arch\u00edvese.<\/p>\n\n\n\n<p>DADA EN LA SALA DE SESIONES DR.&nbsp; RICARDO BALBIN DEL HONORABLE CONCEJO DELIBERANTE DE LA MUNICIPALIDAD DE MALARG\u00dcE A VEINTISIETE D\u00cdAS DE NOVIEMBRE DE DOS MIL VEINTICINCO<\/p>\n","protected":false},"excerpt":{"rendered":"<p>El HCD impuso el nombre \u201cParque Municipal Ra\u00edces Malarg\u00fcinas\u201d al hist\u00f3rico predio de la Fiesta del Chivo En la sesi\u00f3n del 27 de noviembre se aprob\u00f3 la Ordenanza N\u00b0 2.361\/2025, mediante la cual se establece el nombre \u201cParque Municipal Ra\u00edces Malarg\u00fcinas\u201d para el predio donde hist\u00f3ricamente se desarrollan la Fiesta Nacional del Chivo, actividades culturales, [&hellip;]<\/p>\n","protected":false},"author":5,"featured_media":39851,"comment_status":"closed","ping_status":"closed","sticky":false,"template":"","format":"standard","meta":{"footnotes":""},"categories":[52,29,48,33],"tags":[],"class_list":["post-39850","post","type-post","status-publish","format-standard","has-post-thumbnail","hentry","category-gacetillas","category-lesgilacion","category-ordenanzas-municipales","category-prensa"],"yoast_head":"<!-- This site is optimized with the Yoast SEO plugin v19.10 - https:\/\/yoast.com\/wordpress\/plugins\/seo\/ -->\n<title>ORDENANZA N\u00b0 2.361\/2.025 - Malarg\u00fce HCD<\/title>\n<meta name=\"robots\" content=\"index, follow, max-snippet:-1, max-image-preview:large, max-video-preview:-1\" \/>\n<link rel=\"canonical\" href=\"https:\/\/hcd.malargue.gov.ar\/?p=39850\" \/>\n<meta property=\"og:locale\" content=\"es_ES\" \/>\n<meta property=\"og:type\" content=\"article\" \/>\n<meta property=\"og:title\" content=\"ORDENANZA N\u00b0 2.361\/2.025 - Malarg\u00fce HCD\" \/>\n<meta property=\"og:description\" content=\"El HCD impuso el nombre \u201cParque Municipal Ra\u00edces Malarg\u00fcinas\u201d al hist\u00f3rico predio de la Fiesta del Chivo En la sesi\u00f3n del 27 de noviembre se aprob\u00f3 la Ordenanza N\u00b0 2.361\/2025, mediante la cual se establece el nombre \u201cParque Municipal Ra\u00edces Malarg\u00fcinas\u201d para el predio donde hist\u00f3ricamente se desarrollan la Fiesta Nacional del Chivo, actividades culturales, [&hellip;]\" \/>\n<meta property=\"og:url\" content=\"https:\/\/hcd.malargue.gov.ar\/?p=39850\" \/>\n<meta property=\"og:site_name\" content=\"Malarg\u00fce HCD\" \/>\n<meta property=\"article:published_time\" content=\"2025-12-09T14:53:58+00:00\" \/>\n<meta property=\"article:modified_time\" content=\"2025-12-09T14:55:52+00:00\" \/>\n<meta property=\"og:image\" content=\"https:\/\/hcd.malargue.gov.ar\/wp-content\/uploads\/2025\/12\/ORDENANZA-2361-2025.png\" \/>\n\t<meta property=\"og:image:width\" content=\"940\" \/>\n\t<meta property=\"og:image:height\" content=\"788\" \/>\n\t<meta property=\"og:image:type\" content=\"image\/png\" \/>\n<meta name=\"author\" content=\"Belen Pedernera Ferragut\" \/>\n<meta name=\"twitter:card\" content=\"summary_large_image\" \/>\n<meta name=\"twitter:label1\" content=\"Escrito por\" \/>\n\t<meta name=\"twitter:data1\" content=\"Belen Pedernera Ferragut\" \/>\n\t<meta name=\"twitter:label2\" content=\"Tiempo de lectura\" \/>\n\t<meta name=\"twitter:data2\" content=\"4 minutos\" \/>\n<script type=\"application\/ld+json\" class=\"yoast-schema-graph\">{\"@context\":\"https:\/\/schema.org\",\"@graph\":[{\"@type\":\"WebPage\",\"@id\":\"https:\/\/hcd.malargue.gov.ar\/?p=39850\",\"url\":\"https:\/\/hcd.malargue.gov.ar\/?p=39850\",\"name\":\"ORDENANZA N\u00b0 2.361\/2.025 - Malarg\u00fce HCD\",\"isPartOf\":{\"@id\":\"https:\/\/hcd.malargue.gov.ar\/#website\"},\"datePublished\":\"2025-12-09T14:53:58+00:00\",\"dateModified\":\"2025-12-09T14:55:52+00:00\",\"author\":{\"@id\":\"https:\/\/hcd.malargue.gov.ar\/#\/schema\/person\/3fd6bbab64edd703961b795156c955d0\"},\"breadcrumb\":{\"@id\":\"https:\/\/hcd.malargue.gov.ar\/?p=39850#breadcrumb\"},\"inLanguage\":\"es-AR\",\"potentialAction\":[{\"@type\":\"ReadAction\",\"target\":[\"https:\/\/hcd.malargue.gov.ar\/?p=39850\"]}]},{\"@type\":\"BreadcrumbList\",\"@id\":\"https:\/\/hcd.malargue.gov.ar\/?p=39850#breadcrumb\",\"itemListElement\":[{\"@type\":\"ListItem\",\"position\":1,\"name\":\"Inicio\",\"item\":\"https:\/\/hcd.malargue.gov.ar\/\"},{\"@type\":\"ListItem\",\"position\":2,\"name\":\"ORDENANZA N\u00b0 2.361\/2.025\"}]},{\"@type\":\"WebSite\",\"@id\":\"https:\/\/hcd.malargue.gov.ar\/#website\",\"url\":\"https:\/\/hcd.malargue.gov.ar\/\",\"name\":\"Malarg\u00fce HCD\",\"description\":\"Malarg\u00fce Mendoza Argentina\",\"potentialAction\":[{\"@type\":\"SearchAction\",\"target\":{\"@type\":\"EntryPoint\",\"urlTemplate\":\"https:\/\/hcd.malargue.gov.ar\/?s={search_term_string}\"},\"query-input\":\"required name=search_term_string\"}],\"inLanguage\":\"es-AR\"},{\"@type\":\"Person\",\"@id\":\"https:\/\/hcd.malargue.gov.ar\/#\/schema\/person\/3fd6bbab64edd703961b795156c955d0\",\"name\":\"Belen Pedernera Ferragut\",\"image\":{\"@type\":\"ImageObject\",\"inLanguage\":\"es-AR\",\"@id\":\"https:\/\/hcd.malargue.gov.ar\/#\/schema\/person\/image\/\",\"url\":\"https:\/\/secure.gravatar.com\/avatar\/1054ffab3893de4bb3eb29bdd22f7e34b8537bf5d34d9dab311818154ad5b71f?s=96&d=mm&r=g\",\"contentUrl\":\"https:\/\/secure.gravatar.com\/avatar\/1054ffab3893de4bb3eb29bdd22f7e34b8537bf5d34d9dab311818154ad5b71f?s=96&d=mm&r=g\",\"caption\":\"Belen Pedernera Ferragut\"},\"url\":\"https:\/\/hcd.malargue.gov.ar\/?author=5\"}]}<\/script>\n<!-- \/ Yoast SEO plugin. -->","yoast_head_json":{"title":"ORDENANZA N\u00b0 2.361\/2.025 - Malarg\u00fce HCD","robots":{"index":"index","follow":"follow","max-snippet":"max-snippet:-1","max-image-preview":"max-image-preview:large","max-video-preview":"max-video-preview:-1"},"canonical":"https:\/\/hcd.malargue.gov.ar\/?p=39850","og_locale":"es_ES","og_type":"article","og_title":"ORDENANZA N\u00b0 2.361\/2.025 - Malarg\u00fce HCD","og_description":"El HCD impuso el nombre \u201cParque Municipal Ra\u00edces Malarg\u00fcinas\u201d al hist\u00f3rico predio de la Fiesta del Chivo En la sesi\u00f3n del 27 de noviembre se aprob\u00f3 la Ordenanza N\u00b0 2.361\/2025, mediante la cual se establece el nombre \u201cParque Municipal Ra\u00edces Malarg\u00fcinas\u201d para el predio donde hist\u00f3ricamente se desarrollan la Fiesta Nacional del Chivo, actividades culturales, [&hellip;]","og_url":"https:\/\/hcd.malargue.gov.ar\/?p=39850","og_site_name":"Malarg\u00fce HCD","article_published_time":"2025-12-09T14:53:58+00:00","article_modified_time":"2025-12-09T14:55:52+00:00","og_image":[{"width":940,"height":788,"url":"https:\/\/hcd.malargue.gov.ar\/wp-content\/uploads\/2025\/12\/ORDENANZA-2361-2025.png","type":"image\/png"}],"author":"Belen Pedernera Ferragut","twitter_card":"summary_large_image","twitter_misc":{"Escrito por":"Belen Pedernera Ferragut","Tiempo de lectura":"4 minutos"},"schema":{"@context":"https:\/\/schema.org","@graph":[{"@type":"WebPage","@id":"https:\/\/hcd.malargue.gov.ar\/?p=39850","url":"https:\/\/hcd.malargue.gov.ar\/?p=39850","name":"ORDENANZA N\u00b0 2.361\/2.025 - Malarg\u00fce HCD","isPartOf":{"@id":"https:\/\/hcd.malargue.gov.ar\/#website"},"datePublished":"2025-12-09T14:53:58+00:00","dateModified":"2025-12-09T14:55:52+00:00","author":{"@id":"https:\/\/hcd.malargue.gov.ar\/#\/schema\/person\/3fd6bbab64edd703961b795156c955d0"},"breadcrumb":{"@id":"https:\/\/hcd.malargue.gov.ar\/?p=39850#breadcrumb"},"inLanguage":"es-AR","potentialAction":[{"@type":"ReadAction","target":["https:\/\/hcd.malargue.gov.ar\/?p=39850"]}]},{"@type":"BreadcrumbList","@id":"https:\/\/hcd.malargue.gov.ar\/?p=39850#breadcrumb","itemListElement":[{"@type":"ListItem","position":1,"name":"Inicio","item":"https:\/\/hcd.malargue.gov.ar\/"},{"@type":"ListItem","position":2,"name":"ORDENANZA N\u00b0 2.361\/2.025"}]},{"@type":"WebSite","@id":"https:\/\/hcd.malargue.gov.ar\/#website","url":"https:\/\/hcd.malargue.gov.ar\/","name":"Malarg\u00fce HCD","description":"Malarg\u00fce Mendoza Argentina","potentialAction":[{"@type":"SearchAction","target":{"@type":"EntryPoint","urlTemplate":"https:\/\/hcd.malargue.gov.ar\/?s={search_term_string}"},"query-input":"required name=search_term_string"}],"inLanguage":"es-AR"},{"@type":"Person","@id":"https:\/\/hcd.malargue.gov.ar\/#\/schema\/person\/3fd6bbab64edd703961b795156c955d0","name":"Belen Pedernera Ferragut","image":{"@type":"ImageObject","inLanguage":"es-AR","@id":"https:\/\/hcd.malargue.gov.ar\/#\/schema\/person\/image\/","url":"https:\/\/secure.gravatar.com\/avatar\/1054ffab3893de4bb3eb29bdd22f7e34b8537bf5d34d9dab311818154ad5b71f?s=96&d=mm&r=g","contentUrl":"https:\/\/secure.gravatar.com\/avatar\/1054ffab3893de4bb3eb29bdd22f7e34b8537bf5d34d9dab311818154ad5b71f?s=96&d=mm&r=g","caption":"Belen Pedernera Ferragut"},"url":"https:\/\/hcd.malargue.gov.ar\/?author=5"}]}},"_links":{"self":[{"href":"https:\/\/hcd.malargue.gov.ar\/index.php?rest_route=\/wp\/v2\/posts\/39850","targetHints":{"allow":["GET"]}}],"collection":[{"href":"https:\/\/hcd.malargue.gov.ar\/index.php?rest_route=\/wp\/v2\/posts"}],"about":[{"href":"https:\/\/hcd.malargue.gov.ar\/index.php?rest_route=\/wp\/v2\/types\/post"}],"author":[{"embeddable":true,"href":"https:\/\/hcd.malargue.gov.ar\/index.php?rest_route=\/wp\/v2\/users\/5"}],"replies":[{"embeddable":true,"href":"https:\/\/hcd.malargue.gov.ar\/index.php?rest_route=%2Fwp%2Fv2%2Fcomments&post=39850"}],"version-history":[{"count":1,"href":"https:\/\/hcd.malargue.gov.ar\/index.php?rest_route=\/wp\/v2\/posts\/39850\/revisions"}],"predecessor-version":[{"id":39852,"href":"https:\/\/hcd.malargue.gov.ar\/index.php?rest_route=\/wp\/v2\/posts\/39850\/revisions\/39852"}],"wp:featuredmedia":[{"embeddable":true,"href":"https:\/\/hcd.malargue.gov.ar\/index.php?rest_route=\/wp\/v2\/media\/39851"}],"wp:attachment":[{"href":"https:\/\/hcd.malargue.gov.ar\/index.php?rest_route=%2Fwp%2Fv2%2Fmedia&parent=39850"}],"wp:term":[{"taxonomy":"category","embeddable":true,"href":"https:\/\/hcd.malargue.gov.ar\/index.php?rest_route=%2Fwp%2Fv2%2Fcategories&post=39850"},{"taxonomy":"post_tag","embeddable":true,"href":"https:\/\/hcd.malargue.gov.ar\/index.php?rest_route=%2Fwp%2Fv2%2Ftags&post=39850"}],"curies":[{"name":"wp","href":"https:\/\/api.w.org\/{rel}","templated":true}]}}