{"id":39853,"date":"2025-12-09T12:14:57","date_gmt":"2025-12-09T15:14:57","guid":{"rendered":"https:\/\/hcd.malargue.gov.ar\/?p=39853"},"modified":"2025-12-09T12:15:33","modified_gmt":"2025-12-09T15:15:33","slug":"ordenanza-n-2-362-2-025","status":"publish","type":"post","link":"https:\/\/hcd.malargue.gov.ar\/?p=39853","title":{"rendered":"ORDENANZA N\u00b0 2.362\/2.025"},"content":{"rendered":"\n<h4 class=\"wp-block-heading has-text-align-center\">El HCD asign\u00f3 nombres a las calles del Barrio PROCREAR<\/h4>\n\n\n\n<p><em>El Honorable Concejo Deliberante aprob\u00f3 la Ordenanza N.\u00ba 2.362\/2.025, mediante la cual se asignan nombres a diversas calles y pasajes del Barrio PROCREAR de la Ciudad de Malarg\u00fce. La medida responde a la necesidad de facilitar la identificaci\u00f3n urbana y, al mismo tiempo, rendir homenaje a personalidades que han dejado una huella significativa en el desarrollo local, regional y nacional.<\/em><\/p>\n\n\n\n<p><em>La normativa reconoce trayectorias vinculadas a la ciencia, la educaci\u00f3n, la pol\u00edtica, la funci\u00f3n p\u00fablica y el compromiso comunitario. Cada una de las calles llevar\u00e1 el nombre de personas que, desde distintos \u00e1mbitos, aportaron de manera sustantiva al crecimiento del departamento.<\/em><\/p>\n\n\n\n<p><em>Entre las designaciones se destacan figuras como Francisca Drisaldi, destacada docente y ex Senadora Provincial; Abd\u00f3n Carim Rasso, dirigente pol\u00edtico y referente del desarrollo local; Enrique Arturo Soler, ingeniero y ex Administrador de Vialidad Provincial; David F. Nitz y Alan A. Watson, cient\u00edficos vinculados al Proyecto Pierre Auger; y \u00c1ngel Santiago Carrizo, antiguo comerciante, ex concejal y actor clave en la vida social malarg\u00fcina. Asimismo, se asigna el nombre de Santiago Felipe Llaver al pasaje ubicado entre las calles Rivadavia, Sarmiento, Aconcagua y Alfonsina Storni, en homenaje al ex Gobernador de Mendoza.<\/em><\/p>\n\n\n\n<p><em>La Ordenanza establece adem\u00e1s que la Oficina de Catastro y la Direcci\u00f3n de Obras P\u00fablicas deber\u00e1n realizar la se\u00f1alizaci\u00f3n correspondiente y actualizar los registros oficiales.<\/em><\/p>\n\n\n\n<p><em>Con esta acci\u00f3n, el Cuerpo Deliberativo reafirma la importancia de preservar la memoria colectiva y reconocer en el espacio p\u00fablico a quienes contribuyeron al progreso de la comunidad malarg\u00fcina.<\/em><\/p>\n\n\n\n<p class=\"has-text-align-center\"><strong>PIEZA LEGAL<\/strong><\/p>\n\n\n<div class=\"wp-block-image\">\n<figure class=\"alignright size-full is-resized\"><a href=\"http:\/\/hcd.malargue.gov.ar\/2025\/On%202362%20%202025%20Calles%20B%20Procrear.pdf\"><img loading=\"lazy\" decoding=\"async\" width=\"512\" height=\"512\" src=\"https:\/\/hcd.malargue.gov.ar\/wp-content\/uploads\/2018\/06\/PDF-JPG.jpg\" alt=\"\" class=\"wp-image-7950\" style=\"width:136px;height:auto\" srcset=\"https:\/\/hcd.malargue.gov.ar\/wp-content\/uploads\/2018\/06\/PDF-JPG.jpg 512w, https:\/\/hcd.malargue.gov.ar\/wp-content\/uploads\/2018\/06\/PDF-JPG-150x150.jpg 150w, https:\/\/hcd.malargue.gov.ar\/wp-content\/uploads\/2018\/06\/PDF-JPG-300x300.jpg 300w\" sizes=\"auto, (max-width: 512px) 100vw, 512px\" \/><\/a><\/figure>\n<\/div>\n\n\n<p>VISTO: El contenido del Expediente N\u00b0 6.420\/2.025-0. Departamento Ejecutivo Municipal. Proyecto de Ordenanza: Asignar nombre a las calles p\u00fablicas del Barrio PROCREAR de la Ciudad de Malarg\u00fce.<\/p>\n\n\n\n<p>La necesidad de asignar nombres a las calles p\u00fablicas del Barrio Procrear de la Ciudad de Malarg\u00fce, con el prop\u00f3sito de facilitar su identificaci\u00f3n y rendir homenaje a ciudadanos y ciudadanas que han contribuido de manera significativa al desarrollo local, regional y nacional<\/p>\n\n\n\n<p>y;<\/p>\n\n\n\n<p>CONSIDERANDO: Que es deber de toda comunidad valorar y preservar la memoria de quienes han realizado aportes relevantes en los \u00e1mbitos social, cultural, educativo, cient\u00edfico e institucional.<\/p>\n\n\n\n<p>Que si bien tradicionalmente los homenajes p\u00fablicos \u2014como la denominaci\u00f3n de calles, plazas y espacios urbanos\u2014 se han conferido de manera p\u00f3stuma, resulta igualmente justo reconocer en vida a personas cuya vocaci\u00f3n de servicio, compromiso ciudadano y trayectoria ejemplar han enriquecido el tejido social del Departamento, constituy\u00e9ndose en referentes para las nuevas generaciones.<\/p>\n\n\n\n<p>Que este tipo de homenajes no solo honra a quienes los reciben, sino que fortalece el sentido de identidad, pertenencia y gratitud colectiva, promoviendo valores de solidaridad, esfuerzo y dedicaci\u00f3n.<\/p>\n\n\n\n<p>Que el <em>Profesor David Franklin Nitz<\/em>, nacido el 18 de julio de 1.950, Doctor en F\u00edsica por la Universidad de Rochester y Profesor Em\u00e9rito de la Universidad Tecnol\u00f3gica de Michigan, ha desarrollado una destacada carrera acad\u00e9mica dedicada al estudio de los rayos c\u00f3smicos de ultra alta energ\u00eda. Su labor investigativa se orienta a comprender el origen de las part\u00edculas m\u00e1s energ\u00e9ticas del universo, cuya magnitud supera en m\u00e1s de cien millones de veces la energ\u00eda producida por los m\u00e1s avanzados aceleradores de part\u00edculas.<\/p>\n\n\n\n<p>Que, como miembro del Proyecto Pierre Auger, ha contribuido de manera significativa al dise\u00f1o, desarrollo y operaci\u00f3n del observatorio ubicado en Malarg\u00fce, instalaci\u00f3n que permite el estudio de dichas part\u00edculas con un nivel de precisi\u00f3n sin precedentes. Asimismo, ha impulsado la creaci\u00f3n de la Beca \u201cMalarg\u00fce\u201d, destinada a facilitar el acceso de j\u00f3venes de la Ciudad a formaci\u00f3n acad\u00e9mica en la Universidad Tecnol\u00f3gica de Michigan.<\/p>\n\n\n\n<p>Que, adem\u00e1s de su trayectoria cient\u00edfica, el Profesor David F. Nitz ha demostrado un profundo y sostenido compromiso con la comunidad de Malarg\u00fce, acompa\u00f1ando permanentemente a los estudiantes beneficiarios de la Beca \u201cMalarg\u00fce\u201d en Michigan Technological University. Junto a su esposa, ha brindado apoyo emocional, orientaci\u00f3n y asistencia pr\u00e1ctica a cada uno de ellos durante su estad\u00eda en Houghton, Michigan, Estados Unidos de Am\u00e9rica. Su hogar se ha convertido en un espacio de referencia, contenci\u00f3n y afecto, actuando como una verdadera familia extendida para quienes se encontraban lejos de su tierra natal. Este gesto de generosidad y dedicaci\u00f3n ha dejado una huella imborrable en generaciones de j\u00f3venes malarg\u00fcinos, que hallaron en \u00e9l no solo un mentor acad\u00e9mico, sino tambi\u00e9n un gu\u00eda humano de invaluable importancia.<\/p>\n\n\n\n<p>Que el se\u00f1or <em>\u00c1ngel Santiago Carrizo<\/em>, nacido el 31 de mayo de 1.929 en Chilecito, Provincia de La Rioja, arrib\u00f3 a Malarg\u00fce en el a\u00f1o 1.951, dedic\u00e1ndose inicialmente al oficio de sastre y confeccionando prendas a medida en un contexto en el que la producci\u00f3n industrial de indumentaria era a\u00fan limitada.<\/p>\n\n\n\n<p>Que, a partir de la d\u00e9cada de 1.970, ante el crecimiento de la ropa de confecci\u00f3n industrial, busc\u00f3 nuevas alternativas laborales e ingres\u00f3 a la casa comercial denominada \u201cMolineros\u201d, establecimiento que posteriormente se transform\u00f3 en un comercio de ramos generales, abasteciendo de diversos productos tanto a la poblaci\u00f3n urbana como, especialmente, a los habitantes de las \u00e1reas rurales.<\/p>\n\n\n\n<p>Que dicho comercio se desarrollaba en un contexto econ\u00f3mico local sustentado principalmente en la ganader\u00eda y la miner\u00eda, abasteci\u00e9ndose de mercader\u00edas provenientes, en su mayor\u00eda, de la Ciudad de Buenos Aires, con tiempos de transporte por v\u00eda ferroviaria de entre seis y ocho d\u00edas.<\/p>\n\n\n\n<p>Que el se\u00f1or Carrizo tuvo tambi\u00e9n una destacada participaci\u00f3n en la vida p\u00fablica y social de Malarg\u00fce, habi\u00e9ndose desempe\u00f1ado como concejal y presidente del Honorable Concejo Deliberante en el a\u00f1o 1.973, cargo que dej\u00f3 tras la intervenci\u00f3n provincial; y que en 1.983 fue candidato a intendente municipal, siendo derrotado por el se\u00f1or Jorge Vergara Mart\u00ednez.<\/p>\n\n\n\n<p>Que, a partir de 1.985, ejerci\u00f3 funciones como Gerente Administrativo de la C\u00e1mara de Comercio de Malarg\u00fce, continuando as\u00ed su participaci\u00f3n activa en las actividades econ\u00f3micas del departamento; en el a\u00f1o 2.025, la C\u00e1mara de Comercio de Malarg\u00fce organiz\u00f3 un encuentro binacional con c\u00e1maras de las ciudades de Talca y Curic\u00f3, con el fin de debatir sobre la conectividad a trav\u00e9s de pasos fronterizos, destac\u00e1ndose especialmente la importancia del Paso Internacional Pehuenche y del Paso Planch\u00f3n Vergara.<\/p>\n\n\n\n<p>Que <em>Enrique Arturo Soler<\/em>, ingeniero y dirigente pol\u00edtico mendocino, desarroll\u00f3 una destacada labor en favor del crecimiento de la ciudad de Malarg\u00fce y del sur provincial. Egresado del Instituto Secundario Malarg\u00fce, obtuvo el t\u00edtulo de Ingeniero en Construcciones en la Universidad Tecnol\u00f3gica Nacional (UTN). Tras concluir sus estudios, regres\u00f3 a su ciudad natal, donde integr\u00f3 los equipos t\u00e9cnicos del entonces intendente Jos\u00e9 Santiago Cascante, a quien reemplaz\u00f3 como intendente interino el 23 de marzo de 1.983, en el marco del proceso de transici\u00f3n democr\u00e1tica.<\/p>\n\n\n\n<p>Que, a lo largo de su trayectoria profesional y p\u00fablica, particip\u00f3 activamente en diversas gestiones municipales, desempe\u00f1ando funciones t\u00e9cnicas y de planificaci\u00f3n en la intendencia de Ra\u00fal Rodr\u00edguez, aportando su conocimiento especializado al desarrollo urbano y territorial de Malarg\u00fce. Su compromiso con la obra p\u00fablica lo condujo a ocupar cargos de relevancia a nivel provincial, destac\u00e1ndose su desempe\u00f1o como Administrador de la Direcci\u00f3n Provincial de Vialidad de Mendoza entre los a\u00f1os 2.007 y 2.015, per\u00edodo en el cual impuls\u00f3 proyectos estrat\u00e9gicos destinados a mejorar la conectividad y la infraestructura vial en todo el territorio mendocino, con especial atenci\u00f3n en las regiones hist\u00f3ricamente postergadas.<\/p>\n\n\n\n<p>Que falleci\u00f3 el 26 de diciembre de 2.021, en la Ciudad de Mendoza, dejando como legado una trayectoria ejemplar caracterizada por el compromiso t\u00e9cnico, la vocaci\u00f3n de servicio y un profundo amor por su tierra. Su nombre simboliza el esfuerzo silencioso de quienes trabajan desde la gesti\u00f3n p\u00fablica por el bienestar y el desarrollo de su comunidad.<\/p>\n\n\n\n<p>Que la <em>Maestra Normal Nacional Francisca Juana Gabriela Drisaldi,<\/em> argentina naturalizada, nacida el 14 de marzo de 1.942, inici\u00f3 su labor docente en el a\u00f1o 1.959 y desarroll\u00f3 una extensa trayectoria en la educaci\u00f3n primaria y secundaria del departamento de Malarg\u00fce. Desempe\u00f1\u00f3 diversos cargos directivos, entre ellos: Secretaria de la Escuela Teniente General Rufino Ortega; Directora Maestra de la Escuela Nocturna R\u00edo Malarg\u00fce y Directora fundadora de la Escuela Primaria Manuel Nicol\u00e1s Savio. Asimismo, ejerci\u00f3 como profesora en el Instituto Secundario Malarg\u00fce PS 208, dictando las c\u00e1tedras de Castellano, Historia y Geograf\u00eda durante m\u00e1s de veinte a\u00f1os, culminando su carrera docente como Directora de la Escuela N\u00b0 1-086 \u201cFederico Alberto Suter\u201d, en el Departamento de San Rafael.<\/p>\n\n\n\n<p>Que, adem\u00e1s de su labor educativa, se desempe\u00f1\u00f3 como Directora ad honorem de Cultura de la Municipalidad de Malarg\u00fce y como Secretaria de Desarrollo Humano del Municipio desde el 12 de diciembre de 1995 hasta el 30 de abril de 1998. Posteriormente, entre el 1 de mayo de 1998 y el 30 de abril de 2002, ocup\u00f3 el cargo de Senadora Provincial por el cuarto distrito electoral, llegando a ejercer la Vicepresidencia de la Honorable C\u00e1mara de Senadores de la Provincia de Mendoza.<\/p>\n\n\n\n<p>Que su labor legislativa se orient\u00f3 al desarrollo integral del sur provincial, con especial atenci\u00f3n a las necesidades de las comunidades alejadas del Gran Mendoza, impulsando iniciativas vinculadas al mejoramiento de la infraestructura regional, al fortalecimiento de los servicios p\u00fablicos en materia de salud y educaci\u00f3n, y a la protecci\u00f3n de los recursos naturales, especialmente en \u00e1reas estrat\u00e9gicas del departamento de Malarg\u00fce.<\/p>\n\n\n\n<p>Que su compromiso con la educaci\u00f3n, la equidad social y el fortalecimiento institucional la convierten en una figura de referencia para la comunidad, cuyo aporte ha dejado una huella significativa en el desarrollo local y regional.<\/p>\n\n\n\n<p>Que <em>Abd\u00f3n Carim Rasso<\/em> fue un destacado dirigente pol\u00edtico y vecino de la ciudad de Malarg\u00fce, cuya trayectoria p\u00fablica y compromiso con el desarrollo del sur mendocino lo convirtieron en una figura de referencia para su comunidad. Nacido en 1.936, en el seno de una familia de ra\u00edces sirias\u2014de la cual hered\u00f3 su nombre, \u201cAbd\u00f3n\u201d de su padre y \u201cCarim\u201d de un t\u00edo residente en Siria\u2014mantuvo a lo largo de su vida un profundo arraigo con su ciudad natal, donde resid\u00eda en la tradicional Avenida San Mart\u00edn.<\/p>\n\n\n\n<p>Que, entre los a\u00f1os 1.995 y 1.999, se desempe\u00f1\u00f3 como Diputado Provincial por el Cuarto Distrito Electoral en la Honorable C\u00e1mara de Diputados de Mendoza, impulsando iniciativas orientadas al fortalecimiento de la infraestructura regional, la equidad territorial y el bienestar de los habitantes de los departamentos de San Rafael, General Alvear y Malarg\u00fce.<\/p>\n\n\n\n<p>Que su fallecimiento en el a\u00f1o 2.024, a los 87 a\u00f1os de edad, fue profundamente sentido por la comunidad malarg\u00fcina, que lo despidi\u00f3 con afecto y reconocimiento por su dedicaci\u00f3n, su vocaci\u00f3n de servicio y su compromiso con los valores democr\u00e1ticos.<\/p>\n\n\n\n<p>Que impuls\u00f3 la creaci\u00f3n de Radio Municipal Malarg\u00fce, hoy LV 19 Radio Nacional Malarg\u00fce, y gestion\u00f3 la llegada de las se\u00f1ales televisivas de Canal 7 de Mendoza y Canal 6 de San Rafael a la ciudad. Fue adem\u00e1s un ferviente promotor del Paso Pehuenche, radioaficionado, presidente en reiteradas oportunidades del Club Deportivo Malarg\u00fce y protagonista de m\u00faltiples acciones orientadas al bienestar colectivo.<\/p>\n\n\n\n<p>Que <em>Alan Andrew Watson, <\/em>nacido el 26 de septiembre de 1.938 en Edimburgo, Escocia, es un f\u00edsico especializado en el estudio de los rayos c\u00f3smicos de ultra alta energ\u00eda. Se gradu\u00f3 con honores en F\u00edsica en la Universidad de Edimburgo en 1.960 y obtuvo su doctorado en 1.964, con una tesis sobre la condensaci\u00f3n del vapor de agua.<\/p>\n\n\n\n<p>Que desarroll\u00f3 la mayor parte de su carrera en la Universidad de Leeds, donde ejerci\u00f3 funciones docentes y de investigaci\u00f3n hasta convertirse en Profesor Em\u00e9rito. Es reconocido internacionalmente por su trabajo en el experimento Haverah Park y por ser uno de los principales impulsores del <em>Observatorio Pierre Auger,<\/em> ubicado en el departamento de Malarg\u00fce, instalaci\u00f3n cient\u00edfica de relevancia global dedicada al estudio de los rayos c\u00f3smicos de alt\u00edsima energ\u00eda que impactan la atm\u00f3sfera terrestre, un fen\u00f3meno a\u00fan no completamente comprendido por la ciencia.<\/p>\n\n\n\n<p>Que el Profesor Alan A. Watson, junto al Premio Nobel de F\u00edsica James Cronin, apadrin\u00f3 la <em>Academia Municipal de Ingl\u00e9s<\/em> que funciona en el Campus Educativo Municipal, fortaleciendo as\u00ed el v\u00ednculo entre la comunidad educativa local y la comunidad cient\u00edfica internacional.<\/p>\n\n\n\n<p>Que en el a\u00f1o 2.000 fue designado miembro de la <em>Royal Society (FRS), <\/em>una de las distinciones m\u00e1s prestigiosas de la ciencia brit\u00e1nica, y que en 2.011 recibi\u00f3 la Medalla Faraday, en reconocimiento a sus contribuciones fundamentales a la f\u00edsica de part\u00edculas y a la astrof\u00edsica.<\/p>\n\n\n\n<p>Que <em>Santiago Felipe Llaver<\/em> fue Gobernador de la Provincia de Mendoza entre los a\u00f1os 1.983 y 1.987, constituy\u00e9ndose en el primer mandatario elegido democr\u00e1ticamente tras el retorno institucional del pa\u00eds, desempe\u00f1ando su cargo con firme compromiso republicano.<\/p>\n\n\n\n<p>Que, durante su gesti\u00f3n, impuls\u00f3 pol\u00edticas de modernizaci\u00f3n administrativa, fortalecimiento de la educaci\u00f3n p\u00fablica, recuperaci\u00f3n de derechos ciudadanos y ejecuci\u00f3n de obras de infraestructura que beneficiaron a distintas regiones de la provincia.<\/p>\n\n\n\n<p>Que su figura encarna los valores de la democracia, el respeto por las instituciones y el servicio p\u00fablico, siendo recordado por su integridad, austeridad y vocaci\u00f3n de di\u00e1logo.<\/p>\n\n\n\n<p>Que esta comunidad expresa su voluntad de rendir homenaje a su legado, inscribiendo su nombre en la nomenclatura urbana como s\u00edmbolo de reconocimiento y gratitud.<\/p>\n\n\n\n<p>Que la denominaci\u00f3n del actual pasaje comprendido entre las calles Bernardino Rivadavia, Domingo Faustino Sarmiento, Aconcagua y Alfonsina Storni como <em>\u201cPasaje Santiago Felipe Llaver\u201d <\/em>constituye un acto de reconocimiento hist\u00f3rico y cultural que permitir\u00e1 a las generaciones presentes y futuras mantener viva la memoria de quienes contribuyeron al desarrollo de Mendoza y al fortalecimiento de sus instituciones democr\u00e1ticas.<\/p>\n\n\n\n<p>EL HONORABLE CONCEJO DELIBERANTE DE MALARG\u00dcE EN USO DE LAS FACULTADES QUE LE SON PROPIAS<\/p>\n\n\n\n<p>ORDENA<\/p>\n\n\n\n<p>ART\u00cdCULO 1\u00b0: Designase con el nombre de &#8220;Calle Francisca Drisaldi&#8221; a la calle p\u00fablica N\u00b0 595 del Barrio PROCREAR de la Ciudad de Malarg\u00fce.<\/p>\n\n\n\n<p>ART\u00cdCULO 2\u00b0: Designase con el nombre de &#8220;Calle Abd\u00f3n Carim Rasso&#8221; a la calle p\u00fablica N\u00ba 596 del Barrio PROCREAR de la Ciudad de Malarg\u00fce.<\/p>\n\n\n\n<p>ART\u00cdCULO 3\u00b0: Designase con el nombre de &#8220;Calle Enrique Arturo Soler&#8221; a la calle p\u00fablica N\u00ba 597 del Barrio PROCREAR de la Ciudad de Malarg\u00fce<\/p>\n\n\n\n<p>ART\u00cdCULO 4\u00b0: Designase con el nombre de &#8220;Calle David F. Nitz&#8221; a la calle p\u00fablica N\u00ba 598 del Barrio PROCREAR de la Ciudad de Malarg\u00fce.<\/p>\n\n\n\n<p>ART\u00cdCULO 5\u00b0: Designase con el nombre de &#8220;Calle Alan A. Watson&#8221; a la calle p\u00fablica ubicada entre las calles Rene Favaloro y Aconcagua, paralela a las calles N\u00b0 596 y N\u00b0 598 del Barrio PROCREAR de la Ciudad de Malarg\u00fce, que actualmente figura como calle 598, del Barrio Procrear de la Ciudad de Malarg\u00fce.<\/p>\n\n\n\n<p>ART\u00cdCULO 6\u00b0: Designese con el nombre de &#8220;\u00c1ngel Santiago Carrizo&#8221; al actual Pasaje &#8220;A&#8221; del Barrio PROCREAR de la Ciudad de Malarg\u00fce.<\/p>\n\n\n\n<p>ART\u00cdCULO 7\u00b0: Designase con el nombre de &#8220;Pasaje Santiago Felipe Llaver&#8221; al actual pasaje, sin nombre, comprendido entre las calles Bernardino Rivadavia, Domingo Faustino Sarmiento, Aconcagua y Alfonsina Storni, del Barrio PROCREAR de la Ciudad de Malarg\u00fce<\/p>\n\n\n\n<p>ART\u00cdCULO 8\u00b0: Instr\u00fayase a la Oficina de Catastro y a la Direcci\u00f3n Obras P\u00fablicas para que proceda a la se\u00f1alizaci\u00f3n correspondiente y a la actualizaci\u00f3n de los registros oficiales.<\/p>\n\n\n\n<p>ART\u00cdCULO 9\u00b0: Comun\u00edquese, reg\u00edstrese, c\u00famplase, publ\u00edquese, agr\u00e9guese copia de la presente en las actuaciones correspondientes y arch\u00edvese.<\/p>\n\n\n\n<p>DADA EN LA SALA DE SESIONES DR.&nbsp; RICARDO BALBIN DEL HONORABLE CONCEJO DELIBERANTE DE LA MUNICIPALIDAD DE MALARG\u00dcE A VEINTISIETE D\u00cdAS DE NOVIEMBRE DE DOS MIL VEINTICINCO<\/p>\n","protected":false},"excerpt":{"rendered":"<p>El HCD asign\u00f3 nombres a las calles del Barrio PROCREAR El Honorable Concejo Deliberante aprob\u00f3 la Ordenanza N.\u00ba 2.362\/2.025, mediante la cual se asignan nombres a diversas calles y pasajes del Barrio PROCREAR de la Ciudad de Malarg\u00fce. La medida responde a la necesidad de facilitar la identificaci\u00f3n urbana y, al mismo tiempo, rendir homenaje [&hellip;]<\/p>\n","protected":false},"author":5,"featured_media":39854,"comment_status":"closed","ping_status":"closed","sticky":false,"template":"","format":"standard","meta":{"footnotes":""},"categories":[52,29,48,33],"tags":[],"class_list":["post-39853","post","type-post","status-publish","format-standard","has-post-thumbnail","hentry","category-gacetillas","category-lesgilacion","category-ordenanzas-municipales","category-prensa"],"yoast_head":"<!-- This site is optimized with the Yoast SEO plugin v19.10 - https:\/\/yoast.com\/wordpress\/plugins\/seo\/ -->\n<title>ORDENANZA N\u00b0 2.362\/2.025 - Malarg\u00fce HCD<\/title>\n<meta name=\"robots\" content=\"index, follow, max-snippet:-1, max-image-preview:large, max-video-preview:-1\" \/>\n<link rel=\"canonical\" href=\"https:\/\/hcd.malargue.gov.ar\/?p=39853\" \/>\n<meta property=\"og:locale\" content=\"es_ES\" \/>\n<meta property=\"og:type\" content=\"article\" \/>\n<meta property=\"og:title\" content=\"ORDENANZA N\u00b0 2.362\/2.025 - Malarg\u00fce HCD\" \/>\n<meta property=\"og:description\" content=\"El HCD asign\u00f3 nombres a las calles del Barrio PROCREAR El Honorable Concejo Deliberante aprob\u00f3 la Ordenanza N.\u00ba 2.362\/2.025, mediante la cual se asignan nombres a diversas calles y pasajes del Barrio PROCREAR de la Ciudad de Malarg\u00fce. La medida responde a la necesidad de facilitar la identificaci\u00f3n urbana y, al mismo tiempo, rendir homenaje [&hellip;]\" \/>\n<meta property=\"og:url\" content=\"https:\/\/hcd.malargue.gov.ar\/?p=39853\" \/>\n<meta property=\"og:site_name\" content=\"Malarg\u00fce HCD\" \/>\n<meta property=\"article:published_time\" content=\"2025-12-09T15:14:57+00:00\" \/>\n<meta property=\"article:modified_time\" content=\"2025-12-09T15:15:33+00:00\" \/>\n<meta property=\"og:image\" content=\"https:\/\/hcd.malargue.gov.ar\/wp-content\/uploads\/2025\/12\/ORDENANZA-2362-2025.png\" \/>\n\t<meta property=\"og:image:width\" content=\"940\" \/>\n\t<meta property=\"og:image:height\" content=\"788\" \/>\n\t<meta property=\"og:image:type\" content=\"image\/png\" \/>\n<meta name=\"author\" content=\"Belen Pedernera Ferragut\" \/>\n<meta name=\"twitter:card\" content=\"summary_large_image\" \/>\n<meta name=\"twitter:label1\" content=\"Escrito por\" \/>\n\t<meta name=\"twitter:data1\" content=\"Belen Pedernera Ferragut\" \/>\n\t<meta name=\"twitter:label2\" content=\"Tiempo de lectura\" \/>\n\t<meta name=\"twitter:data2\" content=\"12 minutos\" \/>\n<script type=\"application\/ld+json\" class=\"yoast-schema-graph\">{\"@context\":\"https:\/\/schema.org\",\"@graph\":[{\"@type\":\"WebPage\",\"@id\":\"https:\/\/hcd.malargue.gov.ar\/?p=39853\",\"url\":\"https:\/\/hcd.malargue.gov.ar\/?p=39853\",\"name\":\"ORDENANZA N\u00b0 2.362\/2.025 - Malarg\u00fce HCD\",\"isPartOf\":{\"@id\":\"https:\/\/hcd.malargue.gov.ar\/#website\"},\"datePublished\":\"2025-12-09T15:14:57+00:00\",\"dateModified\":\"2025-12-09T15:15:33+00:00\",\"author\":{\"@id\":\"https:\/\/hcd.malargue.gov.ar\/#\/schema\/person\/3fd6bbab64edd703961b795156c955d0\"},\"breadcrumb\":{\"@id\":\"https:\/\/hcd.malargue.gov.ar\/?p=39853#breadcrumb\"},\"inLanguage\":\"es-AR\",\"potentialAction\":[{\"@type\":\"ReadAction\",\"target\":[\"https:\/\/hcd.malargue.gov.ar\/?p=39853\"]}]},{\"@type\":\"BreadcrumbList\",\"@id\":\"https:\/\/hcd.malargue.gov.ar\/?p=39853#breadcrumb\",\"itemListElement\":[{\"@type\":\"ListItem\",\"position\":1,\"name\":\"Inicio\",\"item\":\"https:\/\/hcd.malargue.gov.ar\/\"},{\"@type\":\"ListItem\",\"position\":2,\"name\":\"ORDENANZA N\u00b0 2.362\/2.025\"}]},{\"@type\":\"WebSite\",\"@id\":\"https:\/\/hcd.malargue.gov.ar\/#website\",\"url\":\"https:\/\/hcd.malargue.gov.ar\/\",\"name\":\"Malarg\u00fce HCD\",\"description\":\"Malarg\u00fce Mendoza Argentina\",\"potentialAction\":[{\"@type\":\"SearchAction\",\"target\":{\"@type\":\"EntryPoint\",\"urlTemplate\":\"https:\/\/hcd.malargue.gov.ar\/?s={search_term_string}\"},\"query-input\":\"required name=search_term_string\"}],\"inLanguage\":\"es-AR\"},{\"@type\":\"Person\",\"@id\":\"https:\/\/hcd.malargue.gov.ar\/#\/schema\/person\/3fd6bbab64edd703961b795156c955d0\",\"name\":\"Belen Pedernera Ferragut\",\"image\":{\"@type\":\"ImageObject\",\"inLanguage\":\"es-AR\",\"@id\":\"https:\/\/hcd.malargue.gov.ar\/#\/schema\/person\/image\/\",\"url\":\"https:\/\/secure.gravatar.com\/avatar\/1054ffab3893de4bb3eb29bdd22f7e34b8537bf5d34d9dab311818154ad5b71f?s=96&d=mm&r=g\",\"contentUrl\":\"https:\/\/secure.gravatar.com\/avatar\/1054ffab3893de4bb3eb29bdd22f7e34b8537bf5d34d9dab311818154ad5b71f?s=96&d=mm&r=g\",\"caption\":\"Belen Pedernera Ferragut\"},\"url\":\"https:\/\/hcd.malargue.gov.ar\/?author=5\"}]}<\/script>\n<!-- \/ Yoast SEO plugin. -->","yoast_head_json":{"title":"ORDENANZA N\u00b0 2.362\/2.025 - Malarg\u00fce HCD","robots":{"index":"index","follow":"follow","max-snippet":"max-snippet:-1","max-image-preview":"max-image-preview:large","max-video-preview":"max-video-preview:-1"},"canonical":"https:\/\/hcd.malargue.gov.ar\/?p=39853","og_locale":"es_ES","og_type":"article","og_title":"ORDENANZA N\u00b0 2.362\/2.025 - Malarg\u00fce HCD","og_description":"El HCD asign\u00f3 nombres a las calles del Barrio PROCREAR El Honorable Concejo Deliberante aprob\u00f3 la Ordenanza N.\u00ba 2.362\/2.025, mediante la cual se asignan nombres a diversas calles y pasajes del Barrio PROCREAR de la Ciudad de Malarg\u00fce. La medida responde a la necesidad de facilitar la identificaci\u00f3n urbana y, al mismo tiempo, rendir homenaje [&hellip;]","og_url":"https:\/\/hcd.malargue.gov.ar\/?p=39853","og_site_name":"Malarg\u00fce HCD","article_published_time":"2025-12-09T15:14:57+00:00","article_modified_time":"2025-12-09T15:15:33+00:00","og_image":[{"width":940,"height":788,"url":"https:\/\/hcd.malargue.gov.ar\/wp-content\/uploads\/2025\/12\/ORDENANZA-2362-2025.png","type":"image\/png"}],"author":"Belen Pedernera Ferragut","twitter_card":"summary_large_image","twitter_misc":{"Escrito por":"Belen Pedernera Ferragut","Tiempo de lectura":"12 minutos"},"schema":{"@context":"https:\/\/schema.org","@graph":[{"@type":"WebPage","@id":"https:\/\/hcd.malargue.gov.ar\/?p=39853","url":"https:\/\/hcd.malargue.gov.ar\/?p=39853","name":"ORDENANZA N\u00b0 2.362\/2.025 - Malarg\u00fce HCD","isPartOf":{"@id":"https:\/\/hcd.malargue.gov.ar\/#website"},"datePublished":"2025-12-09T15:14:57+00:00","dateModified":"2025-12-09T15:15:33+00:00","author":{"@id":"https:\/\/hcd.malargue.gov.ar\/#\/schema\/person\/3fd6bbab64edd703961b795156c955d0"},"breadcrumb":{"@id":"https:\/\/hcd.malargue.gov.ar\/?p=39853#breadcrumb"},"inLanguage":"es-AR","potentialAction":[{"@type":"ReadAction","target":["https:\/\/hcd.malargue.gov.ar\/?p=39853"]}]},{"@type":"BreadcrumbList","@id":"https:\/\/hcd.malargue.gov.ar\/?p=39853#breadcrumb","itemListElement":[{"@type":"ListItem","position":1,"name":"Inicio","item":"https:\/\/hcd.malargue.gov.ar\/"},{"@type":"ListItem","position":2,"name":"ORDENANZA N\u00b0 2.362\/2.025"}]},{"@type":"WebSite","@id":"https:\/\/hcd.malargue.gov.ar\/#website","url":"https:\/\/hcd.malargue.gov.ar\/","name":"Malarg\u00fce HCD","description":"Malarg\u00fce Mendoza Argentina","potentialAction":[{"@type":"SearchAction","target":{"@type":"EntryPoint","urlTemplate":"https:\/\/hcd.malargue.gov.ar\/?s={search_term_string}"},"query-input":"required name=search_term_string"}],"inLanguage":"es-AR"},{"@type":"Person","@id":"https:\/\/hcd.malargue.gov.ar\/#\/schema\/person\/3fd6bbab64edd703961b795156c955d0","name":"Belen Pedernera Ferragut","image":{"@type":"ImageObject","inLanguage":"es-AR","@id":"https:\/\/hcd.malargue.gov.ar\/#\/schema\/person\/image\/","url":"https:\/\/secure.gravatar.com\/avatar\/1054ffab3893de4bb3eb29bdd22f7e34b8537bf5d34d9dab311818154ad5b71f?s=96&d=mm&r=g","contentUrl":"https:\/\/secure.gravatar.com\/avatar\/1054ffab3893de4bb3eb29bdd22f7e34b8537bf5d34d9dab311818154ad5b71f?s=96&d=mm&r=g","caption":"Belen Pedernera Ferragut"},"url":"https:\/\/hcd.malargue.gov.ar\/?author=5"}]}},"_links":{"self":[{"href":"https:\/\/hcd.malargue.gov.ar\/index.php?rest_route=\/wp\/v2\/posts\/39853","targetHints":{"allow":["GET"]}}],"collection":[{"href":"https:\/\/hcd.malargue.gov.ar\/index.php?rest_route=\/wp\/v2\/posts"}],"about":[{"href":"https:\/\/hcd.malargue.gov.ar\/index.php?rest_route=\/wp\/v2\/types\/post"}],"author":[{"embeddable":true,"href":"https:\/\/hcd.malargue.gov.ar\/index.php?rest_route=\/wp\/v2\/users\/5"}],"replies":[{"embeddable":true,"href":"https:\/\/hcd.malargue.gov.ar\/index.php?rest_route=%2Fwp%2Fv2%2Fcomments&post=39853"}],"version-history":[{"count":1,"href":"https:\/\/hcd.malargue.gov.ar\/index.php?rest_route=\/wp\/v2\/posts\/39853\/revisions"}],"predecessor-version":[{"id":39855,"href":"https:\/\/hcd.malargue.gov.ar\/index.php?rest_route=\/wp\/v2\/posts\/39853\/revisions\/39855"}],"wp:featuredmedia":[{"embeddable":true,"href":"https:\/\/hcd.malargue.gov.ar\/index.php?rest_route=\/wp\/v2\/media\/39854"}],"wp:attachment":[{"href":"https:\/\/hcd.malargue.gov.ar\/index.php?rest_route=%2Fwp%2Fv2%2Fmedia&parent=39853"}],"wp:term":[{"taxonomy":"category","embeddable":true,"href":"https:\/\/hcd.malargue.gov.ar\/index.php?rest_route=%2Fwp%2Fv2%2Fcategories&post=39853"},{"taxonomy":"post_tag","embeddable":true,"href":"https:\/\/hcd.malargue.gov.ar\/index.php?rest_route=%2Fwp%2Fv2%2Ftags&post=39853"}],"curies":[{"name":"wp","href":"https:\/\/api.w.org\/{rel}","templated":true}]}}