{"id":39946,"date":"2026-01-27T09:25:22","date_gmt":"2026-01-27T12:25:22","guid":{"rendered":"https:\/\/hcd.malargue.gov.ar\/?p=39946"},"modified":"2026-02-24T08:51:35","modified_gmt":"2026-02-24T11:51:35","slug":"el-hcd-dio-incio-a-una-sesion-extraodinaria-cantera-chayle","status":"publish","type":"post","link":"https:\/\/hcd.malargue.gov.ar\/?p=39946","title":{"rendered":"EL HCD DI\u00d3 INICIO A UNA SESI\u00d3N EXTRAODINARIA- CANTERA CHAYLE"},"content":{"rendered":"\n<h4 class=\"wp-block-heading has-text-align-right\">SESI\u00d3N EXTRAORDINARIA\u2013&nbsp; 27 de ENERO del 2026<\/h4>\n\n\n\n<h4 class=\"wp-block-heading has-text-align-right\">Presidiendo la Sesi\u00f3n:&nbsp;&nbsp;Concejal Rodrigo Hidalgo (Bloque Partido Justicialista)<\/h4>\n\n\n\n<h4 class=\"wp-block-heading has-text-align-right\"><strong>Concejales Presentes: Viviana Mosca (Bloque Frente Cambia Mendoza) Pablo Villarruel (Bloque UCR Malarg\u00fce), Emilce Mansilla (Bloque Partido Justicialista), Elizabeth Gonz\u00e1lez (Bloque Uni\u00f3n Mendocina), Francisco Parada (Bloque Encuentro), Silvina Camiolo (Bloque Reconstruyendo Malarg\u00fce).<\/strong><\/h4>\n\n\n\n<p>Este martes 27 de enero, el Honorable Concejo Deliberante de Malarg\u00fce dio inicia a una <a href=\"https:\/\/hcd.malargue.gov.ar\/?p=39943\">Sesion Extraordinaria, con el objetivo de desafectar de la Comisi\u00f3n de Obras Publicas el <strong><em>Expte. N\u00b0 4.056\/2.021-0. Jefe de Mesa de Entrada. Chayle Felix. Solicita permiso de Explotaci\u00f3n de Cantera y Servidumbre de paso, Arroyo\u00a0\u00a0La Bebida<\/em><\/strong>,<\/a> luego de la lectura del Proyecto, los Ediles se constituyeron en Comisi\u00f3n para su tratamiento.<\/p>\n\n\n\n<p class=\"has-text-align-center\"><strong>\ud83c\udfa5 <strong>SESI\u00d3N EN VIVO<\/strong>:<\/strong> <a href=\"https:\/\/www.youtube.com\/watch?v=P34J3SlZgQU\">https:\/\/www.youtube.com\/watch?v=P34J3SlZgQU<\/a><\/p>\n","protected":false},"excerpt":{"rendered":"<p>SESI\u00d3N EXTRAORDINARIA\u2013&nbsp; 27 de ENERO del 2026 Presidiendo la Sesi\u00f3n:&nbsp;&nbsp;Concejal Rodrigo Hidalgo (Bloque Partido Justicialista) Concejales Presentes: Viviana Mosca (Bloque Frente Cambia Mendoza) Pablo Villarruel (Bloque UCR Malarg\u00fce), Emilce Mansilla (Bloque Partido Justicialista), Elizabeth Gonz\u00e1lez (Bloque Uni\u00f3n Mendocina), Francisco Parada (Bloque Encuentro), Silvina Camiolo (Bloque Reconstruyendo Malarg\u00fce). Este martes 27 de enero, el Honorable Concejo [&hellip;]<\/p>\n","protected":false},"author":5,"featured_media":39947,"comment_status":"closed","ping_status":"closed","sticky":false,"template":"","format":"standard","meta":{"footnotes":""},"categories":[57,52,33,36],"tags":[],"class_list":["post-39946","post","type-post","status-publish","format-standard","has-post-thumbnail","hentry","category-extraordinarias","category-gacetillas","category-prensa","category-sesiones"],"yoast_head":"<!-- This site is optimized with the Yoast SEO plugin v19.10 - https:\/\/yoast.com\/wordpress\/plugins\/seo\/ -->\n<title>EL HCD DI\u00d3 INICIO A UNA SESI\u00d3N EXTRAODINARIA- CANTERA CHAYLE - Malarg\u00fce HCD<\/title>\n<meta name=\"robots\" content=\"index, follow, max-snippet:-1, max-image-preview:large, max-video-preview:-1\" \/>\n<link rel=\"canonical\" href=\"https:\/\/hcd.malargue.gov.ar\/?p=39946\" \/>\n<meta property=\"og:locale\" content=\"es_ES\" \/>\n<meta property=\"og:type\" content=\"article\" \/>\n<meta property=\"og:title\" content=\"EL HCD DI\u00d3 INICIO A UNA SESI\u00d3N EXTRAODINARIA- CANTERA CHAYLE - Malarg\u00fce HCD\" \/>\n<meta property=\"og:description\" content=\"SESI\u00d3N EXTRAORDINARIA\u2013&nbsp; 27 de ENERO del 2026 Presidiendo la Sesi\u00f3n:&nbsp;&nbsp;Concejal Rodrigo Hidalgo (Bloque Partido Justicialista) Concejales Presentes: Viviana Mosca (Bloque Frente Cambia Mendoza) Pablo Villarruel (Bloque UCR Malarg\u00fce), Emilce Mansilla (Bloque Partido Justicialista), Elizabeth Gonz\u00e1lez (Bloque Uni\u00f3n Mendocina), Francisco Parada (Bloque Encuentro), Silvina Camiolo (Bloque Reconstruyendo Malarg\u00fce). Este martes 27 de enero, el Honorable Concejo [&hellip;]\" \/>\n<meta property=\"og:url\" content=\"https:\/\/hcd.malargue.gov.ar\/?p=39946\" \/>\n<meta property=\"og:site_name\" content=\"Malarg\u00fce HCD\" \/>\n<meta property=\"article:published_time\" content=\"2026-01-27T12:25:22+00:00\" \/>\n<meta property=\"article:modified_time\" content=\"2026-02-24T11:51:35+00:00\" \/>\n<meta property=\"og:image\" content=\"https:\/\/hcd.malargue.gov.ar\/wp-content\/uploads\/2026\/01\/VETADA.png\" \/>\n\t<meta property=\"og:image:width\" content=\"940\" \/>\n\t<meta property=\"og:image:height\" content=\"416\" \/>\n\t<meta property=\"og:image:type\" content=\"image\/png\" \/>\n<meta name=\"author\" content=\"Belen Pedernera Ferragut\" \/>\n<meta name=\"twitter:card\" content=\"summary_large_image\" \/>\n<meta name=\"twitter:label1\" content=\"Escrito por\" \/>\n\t<meta name=\"twitter:data1\" content=\"Belen Pedernera Ferragut\" \/>\n\t<meta name=\"twitter:label2\" content=\"Tiempo de lectura\" \/>\n\t<meta name=\"twitter:data2\" content=\"1 minuto\" \/>\n<script type=\"application\/ld+json\" class=\"yoast-schema-graph\">{\"@context\":\"https:\/\/schema.org\",\"@graph\":[{\"@type\":\"WebPage\",\"@id\":\"https:\/\/hcd.malargue.gov.ar\/?p=39946\",\"url\":\"https:\/\/hcd.malargue.gov.ar\/?p=39946\",\"name\":\"EL HCD DI\u00d3 INICIO A UNA SESI\u00d3N EXTRAODINARIA- CANTERA CHAYLE - Malarg\u00fce HCD\",\"isPartOf\":{\"@id\":\"https:\/\/hcd.malargue.gov.ar\/#website\"},\"datePublished\":\"2026-01-27T12:25:22+00:00\",\"dateModified\":\"2026-02-24T11:51:35+00:00\",\"author\":{\"@id\":\"https:\/\/hcd.malargue.gov.ar\/#\/schema\/person\/3fd6bbab64edd703961b795156c955d0\"},\"breadcrumb\":{\"@id\":\"https:\/\/hcd.malargue.gov.ar\/?p=39946#breadcrumb\"},\"inLanguage\":\"es-AR\",\"potentialAction\":[{\"@type\":\"ReadAction\",\"target\":[\"https:\/\/hcd.malargue.gov.ar\/?p=39946\"]}]},{\"@type\":\"BreadcrumbList\",\"@id\":\"https:\/\/hcd.malargue.gov.ar\/?p=39946#breadcrumb\",\"itemListElement\":[{\"@type\":\"ListItem\",\"position\":1,\"name\":\"Inicio\",\"item\":\"https:\/\/hcd.malargue.gov.ar\/\"},{\"@type\":\"ListItem\",\"position\":2,\"name\":\"EL HCD DI\u00d3 INICIO A UNA SESI\u00d3N EXTRAODINARIA- CANTERA CHAYLE\"}]},{\"@type\":\"WebSite\",\"@id\":\"https:\/\/hcd.malargue.gov.ar\/#website\",\"url\":\"https:\/\/hcd.malargue.gov.ar\/\",\"name\":\"Malarg\u00fce HCD\",\"description\":\"Malarg\u00fce Mendoza Argentina\",\"potentialAction\":[{\"@type\":\"SearchAction\",\"target\":{\"@type\":\"EntryPoint\",\"urlTemplate\":\"https:\/\/hcd.malargue.gov.ar\/?s={search_term_string}\"},\"query-input\":\"required name=search_term_string\"}],\"inLanguage\":\"es-AR\"},{\"@type\":\"Person\",\"@id\":\"https:\/\/hcd.malargue.gov.ar\/#\/schema\/person\/3fd6bbab64edd703961b795156c955d0\",\"name\":\"Belen Pedernera Ferragut\",\"image\":{\"@type\":\"ImageObject\",\"inLanguage\":\"es-AR\",\"@id\":\"https:\/\/hcd.malargue.gov.ar\/#\/schema\/person\/image\/\",\"url\":\"https:\/\/secure.gravatar.com\/avatar\/1054ffab3893de4bb3eb29bdd22f7e34b8537bf5d34d9dab311818154ad5b71f?s=96&d=mm&r=g\",\"contentUrl\":\"https:\/\/secure.gravatar.com\/avatar\/1054ffab3893de4bb3eb29bdd22f7e34b8537bf5d34d9dab311818154ad5b71f?s=96&d=mm&r=g\",\"caption\":\"Belen Pedernera Ferragut\"},\"url\":\"https:\/\/hcd.malargue.gov.ar\/?author=5\"}]}<\/script>\n<!-- \/ Yoast SEO plugin. -->","yoast_head_json":{"title":"EL HCD DI\u00d3 INICIO A UNA SESI\u00d3N EXTRAODINARIA- CANTERA CHAYLE - Malarg\u00fce HCD","robots":{"index":"index","follow":"follow","max-snippet":"max-snippet:-1","max-image-preview":"max-image-preview:large","max-video-preview":"max-video-preview:-1"},"canonical":"https:\/\/hcd.malargue.gov.ar\/?p=39946","og_locale":"es_ES","og_type":"article","og_title":"EL HCD DI\u00d3 INICIO A UNA SESI\u00d3N EXTRAODINARIA- CANTERA CHAYLE - Malarg\u00fce HCD","og_description":"SESI\u00d3N EXTRAORDINARIA\u2013&nbsp; 27 de ENERO del 2026 Presidiendo la Sesi\u00f3n:&nbsp;&nbsp;Concejal Rodrigo Hidalgo (Bloque Partido Justicialista) Concejales Presentes: Viviana Mosca (Bloque Frente Cambia Mendoza) Pablo Villarruel (Bloque UCR Malarg\u00fce), Emilce Mansilla (Bloque Partido Justicialista), Elizabeth Gonz\u00e1lez (Bloque Uni\u00f3n Mendocina), Francisco Parada (Bloque Encuentro), Silvina Camiolo (Bloque Reconstruyendo Malarg\u00fce). Este martes 27 de enero, el Honorable Concejo [&hellip;]","og_url":"https:\/\/hcd.malargue.gov.ar\/?p=39946","og_site_name":"Malarg\u00fce HCD","article_published_time":"2026-01-27T12:25:22+00:00","article_modified_time":"2026-02-24T11:51:35+00:00","og_image":[{"width":940,"height":416,"url":"https:\/\/hcd.malargue.gov.ar\/wp-content\/uploads\/2026\/01\/VETADA.png","type":"image\/png"}],"author":"Belen Pedernera Ferragut","twitter_card":"summary_large_image","twitter_misc":{"Escrito por":"Belen Pedernera Ferragut","Tiempo de lectura":"1 minuto"},"schema":{"@context":"https:\/\/schema.org","@graph":[{"@type":"WebPage","@id":"https:\/\/hcd.malargue.gov.ar\/?p=39946","url":"https:\/\/hcd.malargue.gov.ar\/?p=39946","name":"EL HCD DI\u00d3 INICIO A UNA SESI\u00d3N EXTRAODINARIA- CANTERA CHAYLE - Malarg\u00fce HCD","isPartOf":{"@id":"https:\/\/hcd.malargue.gov.ar\/#website"},"datePublished":"2026-01-27T12:25:22+00:00","dateModified":"2026-02-24T11:51:35+00:00","author":{"@id":"https:\/\/hcd.malargue.gov.ar\/#\/schema\/person\/3fd6bbab64edd703961b795156c955d0"},"breadcrumb":{"@id":"https:\/\/hcd.malargue.gov.ar\/?p=39946#breadcrumb"},"inLanguage":"es-AR","potentialAction":[{"@type":"ReadAction","target":["https:\/\/hcd.malargue.gov.ar\/?p=39946"]}]},{"@type":"BreadcrumbList","@id":"https:\/\/hcd.malargue.gov.ar\/?p=39946#breadcrumb","itemListElement":[{"@type":"ListItem","position":1,"name":"Inicio","item":"https:\/\/hcd.malargue.gov.ar\/"},{"@type":"ListItem","position":2,"name":"EL HCD DI\u00d3 INICIO A UNA SESI\u00d3N EXTRAODINARIA- CANTERA CHAYLE"}]},{"@type":"WebSite","@id":"https:\/\/hcd.malargue.gov.ar\/#website","url":"https:\/\/hcd.malargue.gov.ar\/","name":"Malarg\u00fce HCD","description":"Malarg\u00fce Mendoza Argentina","potentialAction":[{"@type":"SearchAction","target":{"@type":"EntryPoint","urlTemplate":"https:\/\/hcd.malargue.gov.ar\/?s={search_term_string}"},"query-input":"required name=search_term_string"}],"inLanguage":"es-AR"},{"@type":"Person","@id":"https:\/\/hcd.malargue.gov.ar\/#\/schema\/person\/3fd6bbab64edd703961b795156c955d0","name":"Belen Pedernera Ferragut","image":{"@type":"ImageObject","inLanguage":"es-AR","@id":"https:\/\/hcd.malargue.gov.ar\/#\/schema\/person\/image\/","url":"https:\/\/secure.gravatar.com\/avatar\/1054ffab3893de4bb3eb29bdd22f7e34b8537bf5d34d9dab311818154ad5b71f?s=96&d=mm&r=g","contentUrl":"https:\/\/secure.gravatar.com\/avatar\/1054ffab3893de4bb3eb29bdd22f7e34b8537bf5d34d9dab311818154ad5b71f?s=96&d=mm&r=g","caption":"Belen Pedernera Ferragut"},"url":"https:\/\/hcd.malargue.gov.ar\/?author=5"}]}},"_links":{"self":[{"href":"https:\/\/hcd.malargue.gov.ar\/index.php?rest_route=\/wp\/v2\/posts\/39946","targetHints":{"allow":["GET"]}}],"collection":[{"href":"https:\/\/hcd.malargue.gov.ar\/index.php?rest_route=\/wp\/v2\/posts"}],"about":[{"href":"https:\/\/hcd.malargue.gov.ar\/index.php?rest_route=\/wp\/v2\/types\/post"}],"author":[{"embeddable":true,"href":"https:\/\/hcd.malargue.gov.ar\/index.php?rest_route=\/wp\/v2\/users\/5"}],"replies":[{"embeddable":true,"href":"https:\/\/hcd.malargue.gov.ar\/index.php?rest_route=%2Fwp%2Fv2%2Fcomments&post=39946"}],"version-history":[{"count":4,"href":"https:\/\/hcd.malargue.gov.ar\/index.php?rest_route=\/wp\/v2\/posts\/39946\/revisions"}],"predecessor-version":[{"id":39990,"href":"https:\/\/hcd.malargue.gov.ar\/index.php?rest_route=\/wp\/v2\/posts\/39946\/revisions\/39990"}],"wp:featuredmedia":[{"embeddable":true,"href":"https:\/\/hcd.malargue.gov.ar\/index.php?rest_route=\/wp\/v2\/media\/39947"}],"wp:attachment":[{"href":"https:\/\/hcd.malargue.gov.ar\/index.php?rest_route=%2Fwp%2Fv2%2Fmedia&parent=39946"}],"wp:term":[{"taxonomy":"category","embeddable":true,"href":"https:\/\/hcd.malargue.gov.ar\/index.php?rest_route=%2Fwp%2Fv2%2Fcategories&post=39946"},{"taxonomy":"post_tag","embeddable":true,"href":"https:\/\/hcd.malargue.gov.ar\/index.php?rest_route=%2Fwp%2Fv2%2Ftags&post=39946"}],"curies":[{"name":"wp","href":"https:\/\/api.w.org\/{rel}","templated":true}]}}