{"id":40054,"date":"2026-03-03T11:56:52","date_gmt":"2026-03-03T14:56:52","guid":{"rendered":"https:\/\/hcd.malargue.gov.ar\/?p=40054"},"modified":"2026-03-03T12:00:04","modified_gmt":"2026-03-03T15:00:04","slug":"primeras-gestiones-de-las-autoridades-del-hcd-2026","status":"publish","type":"post","link":"https:\/\/hcd.malargue.gov.ar\/?p=40054","title":{"rendered":"PRIMERAS GESTIONES DE LAS AUTORIDADES DEL HCD 2026"},"content":{"rendered":"\n<p>Las Autoridades del Concejo Deliberante comenzaron su agenda institucional con una serie de actividades orientadas a fortalecer el trabajo interno y la articulaci\u00f3n con el Ejecutivo Municipal.<\/p>\n\n\n\n<p>El lunes 2 de marzo, el Presidente Concejal Pablo Cabrera, el Vicepresidente 1\u00b0 ConcejalPablo Villarruel y la Vicepresidente 2\u00b0 Cocejala Emilce Mansilla se hicieron presentes en la Municipalidad de Malarg\u00fce para mantener un encuentro institucional con el Intendente Celso Jaque.<\/p>\n\n\n\n<p>La reuni\u00f3n permiti\u00f3 la presentaci\u00f3n formal de las Autoridades electas para el Per\u00edodo 2026, consolidando el di\u00e1logo y el trabajo conjunto entre el Ejecutivo y el Deliberativo. <\/p>\n\n\n\n<p>En ese marco, participaron del Acto de Inicio de Obra de la Red de Gas en el Barrio 60\u00b0 Aniversario, donde se firm\u00f3 el Acta que da comienzo formal a un proyecto largamente esperado por las familias del sector. La r\u00fabrica se realiz\u00f3 en el lugar donde ya se encuentra instalado el obrador, marcando el inicio concreto de los trabajos. <\/p>\n\n\n<div class=\"wp-block-image\">\n<figure class=\"aligncenter size-large\"><img loading=\"lazy\" decoding=\"async\" width=\"1024\" height=\"681\" src=\"https:\/\/hcd.malargue.gov.ar\/wp-content\/uploads\/2026\/03\/DSC_9653-Large-1024x681.jpg\" alt=\"\" class=\"wp-image-40055\" srcset=\"https:\/\/hcd.malargue.gov.ar\/wp-content\/uploads\/2026\/03\/DSC_9653-Large-1024x681.jpg 1024w, https:\/\/hcd.malargue.gov.ar\/wp-content\/uploads\/2026\/03\/DSC_9653-Large-300x200.jpg 300w, https:\/\/hcd.malargue.gov.ar\/wp-content\/uploads\/2026\/03\/DSC_9653-Large-768x511.jpg 768w, https:\/\/hcd.malargue.gov.ar\/wp-content\/uploads\/2026\/03\/DSC_9653-Large-1536x1022.jpg 1536w, https:\/\/hcd.malargue.gov.ar\/wp-content\/uploads\/2026\/03\/DSC_9653-Large.jpg 1623w\" sizes=\"auto, (max-width: 1024px) 100vw, 1024px\" \/><\/figure>\n<\/div>\n\n\n<p>Durante la jornada tambi\u00e9n recorrieron el CIES (Centro Integrado Educativo y Social) del mismo barrio, cuya primera etapa ya est\u00e1 finalizada y actualmente se trabaja en las terminaciones. Adem\u00e1s, visitaron el Jard\u00edn Maternal del Barrio Municipal y el CIES del Barrio Portal del Sol, que avanza de manera sostenida desde su inicio el a\u00f1o pasado.<\/p>\n\n\n\n<p><strong><em>Por otra parte, el martes 3 de marzo, las Autoridades mantuvieron una reuni\u00f3n con el personal de la planta permanente del Deliberativo.<\/em><\/strong><\/p>\n\n\n\n<figure class=\"wp-block-image size-large\"><img loading=\"lazy\" decoding=\"async\" width=\"1024\" height=\"576\" src=\"https:\/\/hcd.malargue.gov.ar\/wp-content\/uploads\/2026\/03\/WhatsApp-Image-2026-03-03-at-11.48.33-2-1024x576.jpeg\" alt=\"\" class=\"wp-image-40059\" srcset=\"https:\/\/hcd.malargue.gov.ar\/wp-content\/uploads\/2026\/03\/WhatsApp-Image-2026-03-03-at-11.48.33-2-1024x576.jpeg 1024w, https:\/\/hcd.malargue.gov.ar\/wp-content\/uploads\/2026\/03\/WhatsApp-Image-2026-03-03-at-11.48.33-2-300x169.jpeg 300w, https:\/\/hcd.malargue.gov.ar\/wp-content\/uploads\/2026\/03\/WhatsApp-Image-2026-03-03-at-11.48.33-2-768x432.jpeg 768w, https:\/\/hcd.malargue.gov.ar\/wp-content\/uploads\/2026\/03\/WhatsApp-Image-2026-03-03-at-11.48.33-2.jpeg 1152w\" sizes=\"auto, (max-width: 1024px) 100vw, 1024px\" \/><\/figure>\n\n\n\n<p>Durante la reuni\u00f3n, el personal pudo expresar inquietudes y plantear propuestas vinculadas a la din\u00e1mica laboral diaria, en un espacio de di\u00e1logo abierto que tuvo como objetivo fortalecer el trabajo en equipo y consolidar una gesti\u00f3n basada en el respeto, la comunicaci\u00f3n y el compromiso institucional.<\/p>\n\n\n\n<p>Estas primeras acciones marcan el inicio de una etapa orientada a afianzar v\u00ednculos institucionales y optimizar el funcionamiento interno del Cuerpo Deliberativo.<\/p>\n","protected":false},"excerpt":{"rendered":"<p>Las Autoridades del Concejo Deliberante comenzaron su agenda institucional con una serie de actividades orientadas a fortalecer el trabajo interno y la articulaci\u00f3n con el Ejecutivo Municipal. El lunes 2 de marzo, el Presidente Concejal Pablo Cabrera, el Vicepresidente 1\u00b0 ConcejalPablo Villarruel y la Vicepresidente 2\u00b0 Cocejala Emilce Mansilla se hicieron presentes en la Municipalidad [&hellip;]<\/p>\n","protected":false},"author":5,"featured_media":40059,"comment_status":"closed","ping_status":"closed","sticky":false,"template":"","format":"standard","meta":{"footnotes":""},"categories":[52,33],"tags":[],"class_list":["post-40054","post","type-post","status-publish","format-standard","has-post-thumbnail","hentry","category-gacetillas","category-prensa"],"yoast_head":"<!-- This site is optimized with the Yoast SEO plugin v19.10 - https:\/\/yoast.com\/wordpress\/plugins\/seo\/ -->\n<title>PRIMERAS GESTIONES DE LAS AUTORIDADES DEL HCD 2026 - Malarg\u00fce HCD<\/title>\n<meta name=\"robots\" content=\"index, follow, max-snippet:-1, max-image-preview:large, max-video-preview:-1\" \/>\n<link rel=\"canonical\" href=\"https:\/\/hcd.malargue.gov.ar\/?p=40054\" \/>\n<meta property=\"og:locale\" content=\"es_ES\" \/>\n<meta property=\"og:type\" content=\"article\" \/>\n<meta property=\"og:title\" content=\"PRIMERAS GESTIONES DE LAS AUTORIDADES DEL HCD 2026 - Malarg\u00fce HCD\" \/>\n<meta property=\"og:description\" content=\"Las Autoridades del Concejo Deliberante comenzaron su agenda institucional con una serie de actividades orientadas a fortalecer el trabajo interno y la articulaci\u00f3n con el Ejecutivo Municipal. El lunes 2 de marzo, el Presidente Concejal Pablo Cabrera, el Vicepresidente 1\u00b0 ConcejalPablo Villarruel y la Vicepresidente 2\u00b0 Cocejala Emilce Mansilla se hicieron presentes en la Municipalidad [&hellip;]\" \/>\n<meta property=\"og:url\" content=\"https:\/\/hcd.malargue.gov.ar\/?p=40054\" \/>\n<meta property=\"og:site_name\" content=\"Malarg\u00fce HCD\" \/>\n<meta property=\"article:published_time\" content=\"2026-03-03T14:56:52+00:00\" \/>\n<meta property=\"article:modified_time\" content=\"2026-03-03T15:00:04+00:00\" \/>\n<meta property=\"og:image\" content=\"https:\/\/hcd.malargue.gov.ar\/wp-content\/uploads\/2026\/03\/WhatsApp-Image-2026-03-03-at-11.48.33-2.jpeg\" \/>\n\t<meta property=\"og:image:width\" content=\"1152\" \/>\n\t<meta property=\"og:image:height\" content=\"648\" \/>\n\t<meta property=\"og:image:type\" content=\"image\/jpeg\" \/>\n<meta name=\"author\" content=\"Belen Pedernera Ferragut\" \/>\n<meta name=\"twitter:card\" content=\"summary_large_image\" \/>\n<meta name=\"twitter:label1\" content=\"Escrito por\" \/>\n\t<meta name=\"twitter:data1\" content=\"Belen Pedernera Ferragut\" \/>\n\t<meta name=\"twitter:label2\" content=\"Tiempo de lectura\" \/>\n\t<meta name=\"twitter:data2\" content=\"2 minutos\" \/>\n<script type=\"application\/ld+json\" class=\"yoast-schema-graph\">{\"@context\":\"https:\/\/schema.org\",\"@graph\":[{\"@type\":\"WebPage\",\"@id\":\"https:\/\/hcd.malargue.gov.ar\/?p=40054\",\"url\":\"https:\/\/hcd.malargue.gov.ar\/?p=40054\",\"name\":\"PRIMERAS GESTIONES DE LAS AUTORIDADES DEL HCD 2026 - Malarg\u00fce HCD\",\"isPartOf\":{\"@id\":\"https:\/\/hcd.malargue.gov.ar\/#website\"},\"datePublished\":\"2026-03-03T14:56:52+00:00\",\"dateModified\":\"2026-03-03T15:00:04+00:00\",\"author\":{\"@id\":\"https:\/\/hcd.malargue.gov.ar\/#\/schema\/person\/3fd6bbab64edd703961b795156c955d0\"},\"breadcrumb\":{\"@id\":\"https:\/\/hcd.malargue.gov.ar\/?p=40054#breadcrumb\"},\"inLanguage\":\"es-AR\",\"potentialAction\":[{\"@type\":\"ReadAction\",\"target\":[\"https:\/\/hcd.malargue.gov.ar\/?p=40054\"]}]},{\"@type\":\"BreadcrumbList\",\"@id\":\"https:\/\/hcd.malargue.gov.ar\/?p=40054#breadcrumb\",\"itemListElement\":[{\"@type\":\"ListItem\",\"position\":1,\"name\":\"Inicio\",\"item\":\"https:\/\/hcd.malargue.gov.ar\/\"},{\"@type\":\"ListItem\",\"position\":2,\"name\":\"PRIMERAS GESTIONES DE LAS AUTORIDADES DEL HCD 2026\"}]},{\"@type\":\"WebSite\",\"@id\":\"https:\/\/hcd.malargue.gov.ar\/#website\",\"url\":\"https:\/\/hcd.malargue.gov.ar\/\",\"name\":\"Malarg\u00fce HCD\",\"description\":\"Malarg\u00fce Mendoza Argentina\",\"potentialAction\":[{\"@type\":\"SearchAction\",\"target\":{\"@type\":\"EntryPoint\",\"urlTemplate\":\"https:\/\/hcd.malargue.gov.ar\/?s={search_term_string}\"},\"query-input\":\"required name=search_term_string\"}],\"inLanguage\":\"es-AR\"},{\"@type\":\"Person\",\"@id\":\"https:\/\/hcd.malargue.gov.ar\/#\/schema\/person\/3fd6bbab64edd703961b795156c955d0\",\"name\":\"Belen Pedernera Ferragut\",\"image\":{\"@type\":\"ImageObject\",\"inLanguage\":\"es-AR\",\"@id\":\"https:\/\/hcd.malargue.gov.ar\/#\/schema\/person\/image\/\",\"url\":\"https:\/\/secure.gravatar.com\/avatar\/1054ffab3893de4bb3eb29bdd22f7e34b8537bf5d34d9dab311818154ad5b71f?s=96&d=mm&r=g\",\"contentUrl\":\"https:\/\/secure.gravatar.com\/avatar\/1054ffab3893de4bb3eb29bdd22f7e34b8537bf5d34d9dab311818154ad5b71f?s=96&d=mm&r=g\",\"caption\":\"Belen Pedernera Ferragut\"},\"url\":\"https:\/\/hcd.malargue.gov.ar\/?author=5\"}]}<\/script>\n<!-- \/ Yoast SEO plugin. -->","yoast_head_json":{"title":"PRIMERAS GESTIONES DE LAS AUTORIDADES DEL HCD 2026 - Malarg\u00fce HCD","robots":{"index":"index","follow":"follow","max-snippet":"max-snippet:-1","max-image-preview":"max-image-preview:large","max-video-preview":"max-video-preview:-1"},"canonical":"https:\/\/hcd.malargue.gov.ar\/?p=40054","og_locale":"es_ES","og_type":"article","og_title":"PRIMERAS GESTIONES DE LAS AUTORIDADES DEL HCD 2026 - Malarg\u00fce HCD","og_description":"Las Autoridades del Concejo Deliberante comenzaron su agenda institucional con una serie de actividades orientadas a fortalecer el trabajo interno y la articulaci\u00f3n con el Ejecutivo Municipal. El lunes 2 de marzo, el Presidente Concejal Pablo Cabrera, el Vicepresidente 1\u00b0 ConcejalPablo Villarruel y la Vicepresidente 2\u00b0 Cocejala Emilce Mansilla se hicieron presentes en la Municipalidad [&hellip;]","og_url":"https:\/\/hcd.malargue.gov.ar\/?p=40054","og_site_name":"Malarg\u00fce HCD","article_published_time":"2026-03-03T14:56:52+00:00","article_modified_time":"2026-03-03T15:00:04+00:00","og_image":[{"width":1152,"height":648,"url":"https:\/\/hcd.malargue.gov.ar\/wp-content\/uploads\/2026\/03\/WhatsApp-Image-2026-03-03-at-11.48.33-2.jpeg","type":"image\/jpeg"}],"author":"Belen Pedernera Ferragut","twitter_card":"summary_large_image","twitter_misc":{"Escrito por":"Belen Pedernera Ferragut","Tiempo de lectura":"2 minutos"},"schema":{"@context":"https:\/\/schema.org","@graph":[{"@type":"WebPage","@id":"https:\/\/hcd.malargue.gov.ar\/?p=40054","url":"https:\/\/hcd.malargue.gov.ar\/?p=40054","name":"PRIMERAS GESTIONES DE LAS AUTORIDADES DEL HCD 2026 - Malarg\u00fce HCD","isPartOf":{"@id":"https:\/\/hcd.malargue.gov.ar\/#website"},"datePublished":"2026-03-03T14:56:52+00:00","dateModified":"2026-03-03T15:00:04+00:00","author":{"@id":"https:\/\/hcd.malargue.gov.ar\/#\/schema\/person\/3fd6bbab64edd703961b795156c955d0"},"breadcrumb":{"@id":"https:\/\/hcd.malargue.gov.ar\/?p=40054#breadcrumb"},"inLanguage":"es-AR","potentialAction":[{"@type":"ReadAction","target":["https:\/\/hcd.malargue.gov.ar\/?p=40054"]}]},{"@type":"BreadcrumbList","@id":"https:\/\/hcd.malargue.gov.ar\/?p=40054#breadcrumb","itemListElement":[{"@type":"ListItem","position":1,"name":"Inicio","item":"https:\/\/hcd.malargue.gov.ar\/"},{"@type":"ListItem","position":2,"name":"PRIMERAS GESTIONES DE LAS AUTORIDADES DEL HCD 2026"}]},{"@type":"WebSite","@id":"https:\/\/hcd.malargue.gov.ar\/#website","url":"https:\/\/hcd.malargue.gov.ar\/","name":"Malarg\u00fce HCD","description":"Malarg\u00fce Mendoza Argentina","potentialAction":[{"@type":"SearchAction","target":{"@type":"EntryPoint","urlTemplate":"https:\/\/hcd.malargue.gov.ar\/?s={search_term_string}"},"query-input":"required name=search_term_string"}],"inLanguage":"es-AR"},{"@type":"Person","@id":"https:\/\/hcd.malargue.gov.ar\/#\/schema\/person\/3fd6bbab64edd703961b795156c955d0","name":"Belen Pedernera Ferragut","image":{"@type":"ImageObject","inLanguage":"es-AR","@id":"https:\/\/hcd.malargue.gov.ar\/#\/schema\/person\/image\/","url":"https:\/\/secure.gravatar.com\/avatar\/1054ffab3893de4bb3eb29bdd22f7e34b8537bf5d34d9dab311818154ad5b71f?s=96&d=mm&r=g","contentUrl":"https:\/\/secure.gravatar.com\/avatar\/1054ffab3893de4bb3eb29bdd22f7e34b8537bf5d34d9dab311818154ad5b71f?s=96&d=mm&r=g","caption":"Belen Pedernera Ferragut"},"url":"https:\/\/hcd.malargue.gov.ar\/?author=5"}]}},"_links":{"self":[{"href":"https:\/\/hcd.malargue.gov.ar\/index.php?rest_route=\/wp\/v2\/posts\/40054","targetHints":{"allow":["GET"]}}],"collection":[{"href":"https:\/\/hcd.malargue.gov.ar\/index.php?rest_route=\/wp\/v2\/posts"}],"about":[{"href":"https:\/\/hcd.malargue.gov.ar\/index.php?rest_route=\/wp\/v2\/types\/post"}],"author":[{"embeddable":true,"href":"https:\/\/hcd.malargue.gov.ar\/index.php?rest_route=\/wp\/v2\/users\/5"}],"replies":[{"embeddable":true,"href":"https:\/\/hcd.malargue.gov.ar\/index.php?rest_route=%2Fwp%2Fv2%2Fcomments&post=40054"}],"version-history":[{"count":2,"href":"https:\/\/hcd.malargue.gov.ar\/index.php?rest_route=\/wp\/v2\/posts\/40054\/revisions"}],"predecessor-version":[{"id":40060,"href":"https:\/\/hcd.malargue.gov.ar\/index.php?rest_route=\/wp\/v2\/posts\/40054\/revisions\/40060"}],"wp:featuredmedia":[{"embeddable":true,"href":"https:\/\/hcd.malargue.gov.ar\/index.php?rest_route=\/wp\/v2\/media\/40059"}],"wp:attachment":[{"href":"https:\/\/hcd.malargue.gov.ar\/index.php?rest_route=%2Fwp%2Fv2%2Fmedia&parent=40054"}],"wp:term":[{"taxonomy":"category","embeddable":true,"href":"https:\/\/hcd.malargue.gov.ar\/index.php?rest_route=%2Fwp%2Fv2%2Fcategories&post=40054"},{"taxonomy":"post_tag","embeddable":true,"href":"https:\/\/hcd.malargue.gov.ar\/index.php?rest_route=%2Fwp%2Fv2%2Ftags&post=40054"}],"curies":[{"name":"wp","href":"https:\/\/api.w.org\/{rel}","templated":true}]}}