{"id":40078,"date":"2026-03-06T13:05:54","date_gmt":"2026-03-06T16:05:54","guid":{"rendered":"https:\/\/hcd.malargue.gov.ar\/?p=40078"},"modified":"2026-03-06T13:07:31","modified_gmt":"2026-03-06T16:07:31","slug":"jornada-de-reflexion-sobre-violencia-institucional-8m","status":"publish","type":"post","link":"https:\/\/hcd.malargue.gov.ar\/?p=40078","title":{"rendered":"JORNADA DE REFLEXI\u00d3N SOBRE VIOLENCIA INSTITUCIONAL- 8M"},"content":{"rendered":"\n<p>En el marco de la conmemoraci\u00f3n del D\u00eda Internacional de la Mujer Trabajadora, en el Honorable Concejo Deliberante de Malarg\u00fce se realiz\u00f3 una jornada de reflexi\u00f3n sobre violencia institucional.<\/p>\n\n\n\n<p>La actividad estuvo a cargo de Karina Cataldo y Amanda Saavedra, quienes coordinaron un taller de mapeo colaborativo y participativo, una herramienta que permite visibilizar las dimensiones f\u00edsicas, emocionales y de los v\u00ednculos dentro de los espacios de trabajo.<\/p>\n\n\n\n<p>Durante la jornada se propuso poner sobre la mesa situaciones naturalizadas, usos o costumbres en los que muchas veces se invisibilizan la violencia y el maltrato que pueden afectar a los trabajadores.<\/p>\n\n\n\n<p>A trav\u00e9s de esta din\u00e1mica participativa, los asistentes pudieron reflexionar y vivenciar distintas realidades, generando un espacio de di\u00e1logo para reconocer problem\u00e1ticas y promover \u00e1mbitos laborales m\u00e1s saludables.<\/p>\n\n\n\n<p>Mira el Reel: <a href=\"https:\/\/www.instagram.com\/p\/DVjHn7EEaWt\/\">https:\/\/www.instagram.com\/p\/DVjHn7EEaWt\/<\/a><\/p>\n","protected":false},"excerpt":{"rendered":"<p>En el marco de la conmemoraci\u00f3n del D\u00eda Internacional de la Mujer Trabajadora, en el Honorable Concejo Deliberante de Malarg\u00fce se realiz\u00f3 una jornada de reflexi\u00f3n sobre violencia institucional. La actividad estuvo a cargo de Karina Cataldo y Amanda Saavedra, quienes coordinaron un taller de mapeo colaborativo y participativo, una herramienta que permite visibilizar las [&hellip;]<\/p>\n","protected":false},"author":5,"featured_media":40079,"comment_status":"closed","ping_status":"closed","sticky":false,"template":"","format":"standard","meta":{"footnotes":""},"categories":[52,33],"tags":[],"class_list":["post-40078","post","type-post","status-publish","format-standard","has-post-thumbnail","hentry","category-gacetillas","category-prensa"],"yoast_head":"<!-- This site is optimized with the Yoast SEO plugin v19.10 - https:\/\/yoast.com\/wordpress\/plugins\/seo\/ -->\n<title>JORNADA DE REFLEXI\u00d3N SOBRE VIOLENCIA INSTITUCIONAL- 8M - Malarg\u00fce HCD<\/title>\n<meta name=\"robots\" content=\"index, follow, max-snippet:-1, max-image-preview:large, max-video-preview:-1\" \/>\n<link rel=\"canonical\" href=\"https:\/\/hcd.malargue.gov.ar\/?p=40078\" \/>\n<meta property=\"og:locale\" content=\"es_ES\" \/>\n<meta property=\"og:type\" content=\"article\" \/>\n<meta property=\"og:title\" content=\"JORNADA DE REFLEXI\u00d3N SOBRE VIOLENCIA INSTITUCIONAL- 8M - Malarg\u00fce HCD\" \/>\n<meta property=\"og:description\" content=\"En el marco de la conmemoraci\u00f3n del D\u00eda Internacional de la Mujer Trabajadora, en el Honorable Concejo Deliberante de Malarg\u00fce se realiz\u00f3 una jornada de reflexi\u00f3n sobre violencia institucional. La actividad estuvo a cargo de Karina Cataldo y Amanda Saavedra, quienes coordinaron un taller de mapeo colaborativo y participativo, una herramienta que permite visibilizar las [&hellip;]\" \/>\n<meta property=\"og:url\" content=\"https:\/\/hcd.malargue.gov.ar\/?p=40078\" \/>\n<meta property=\"og:site_name\" content=\"Malarg\u00fce HCD\" \/>\n<meta property=\"article:published_time\" content=\"2026-03-06T16:05:54+00:00\" \/>\n<meta property=\"article:modified_time\" content=\"2026-03-06T16:07:31+00:00\" \/>\n<meta property=\"og:image\" content=\"https:\/\/hcd.malargue.gov.ar\/wp-content\/uploads\/2026\/03\/dia-de-la-mujer.jpeg\" \/>\n\t<meta property=\"og:image:width\" content=\"1280\" \/>\n\t<meta property=\"og:image:height\" content=\"720\" \/>\n\t<meta property=\"og:image:type\" content=\"image\/jpeg\" \/>\n<meta name=\"author\" content=\"Belen Pedernera Ferragut\" \/>\n<meta name=\"twitter:card\" content=\"summary_large_image\" \/>\n<meta name=\"twitter:label1\" content=\"Escrito por\" \/>\n\t<meta name=\"twitter:data1\" content=\"Belen Pedernera Ferragut\" \/>\n\t<meta name=\"twitter:label2\" content=\"Tiempo de lectura\" \/>\n\t<meta name=\"twitter:data2\" content=\"1 minuto\" \/>\n<script type=\"application\/ld+json\" class=\"yoast-schema-graph\">{\"@context\":\"https:\/\/schema.org\",\"@graph\":[{\"@type\":\"WebPage\",\"@id\":\"https:\/\/hcd.malargue.gov.ar\/?p=40078\",\"url\":\"https:\/\/hcd.malargue.gov.ar\/?p=40078\",\"name\":\"JORNADA DE REFLEXI\u00d3N SOBRE VIOLENCIA INSTITUCIONAL- 8M - Malarg\u00fce HCD\",\"isPartOf\":{\"@id\":\"https:\/\/hcd.malargue.gov.ar\/#website\"},\"datePublished\":\"2026-03-06T16:05:54+00:00\",\"dateModified\":\"2026-03-06T16:07:31+00:00\",\"author\":{\"@id\":\"https:\/\/hcd.malargue.gov.ar\/#\/schema\/person\/3fd6bbab64edd703961b795156c955d0\"},\"breadcrumb\":{\"@id\":\"https:\/\/hcd.malargue.gov.ar\/?p=40078#breadcrumb\"},\"inLanguage\":\"es-AR\",\"potentialAction\":[{\"@type\":\"ReadAction\",\"target\":[\"https:\/\/hcd.malargue.gov.ar\/?p=40078\"]}]},{\"@type\":\"BreadcrumbList\",\"@id\":\"https:\/\/hcd.malargue.gov.ar\/?p=40078#breadcrumb\",\"itemListElement\":[{\"@type\":\"ListItem\",\"position\":1,\"name\":\"Inicio\",\"item\":\"https:\/\/hcd.malargue.gov.ar\/\"},{\"@type\":\"ListItem\",\"position\":2,\"name\":\"JORNADA DE REFLEXI\u00d3N SOBRE VIOLENCIA INSTITUCIONAL- 8M\"}]},{\"@type\":\"WebSite\",\"@id\":\"https:\/\/hcd.malargue.gov.ar\/#website\",\"url\":\"https:\/\/hcd.malargue.gov.ar\/\",\"name\":\"Malarg\u00fce HCD\",\"description\":\"Malarg\u00fce Mendoza Argentina\",\"potentialAction\":[{\"@type\":\"SearchAction\",\"target\":{\"@type\":\"EntryPoint\",\"urlTemplate\":\"https:\/\/hcd.malargue.gov.ar\/?s={search_term_string}\"},\"query-input\":\"required name=search_term_string\"}],\"inLanguage\":\"es-AR\"},{\"@type\":\"Person\",\"@id\":\"https:\/\/hcd.malargue.gov.ar\/#\/schema\/person\/3fd6bbab64edd703961b795156c955d0\",\"name\":\"Belen Pedernera Ferragut\",\"image\":{\"@type\":\"ImageObject\",\"inLanguage\":\"es-AR\",\"@id\":\"https:\/\/hcd.malargue.gov.ar\/#\/schema\/person\/image\/\",\"url\":\"https:\/\/secure.gravatar.com\/avatar\/1054ffab3893de4bb3eb29bdd22f7e34b8537bf5d34d9dab311818154ad5b71f?s=96&d=mm&r=g\",\"contentUrl\":\"https:\/\/secure.gravatar.com\/avatar\/1054ffab3893de4bb3eb29bdd22f7e34b8537bf5d34d9dab311818154ad5b71f?s=96&d=mm&r=g\",\"caption\":\"Belen Pedernera Ferragut\"},\"url\":\"https:\/\/hcd.malargue.gov.ar\/?author=5\"}]}<\/script>\n<!-- \/ Yoast SEO plugin. -->","yoast_head_json":{"title":"JORNADA DE REFLEXI\u00d3N SOBRE VIOLENCIA INSTITUCIONAL- 8M - Malarg\u00fce HCD","robots":{"index":"index","follow":"follow","max-snippet":"max-snippet:-1","max-image-preview":"max-image-preview:large","max-video-preview":"max-video-preview:-1"},"canonical":"https:\/\/hcd.malargue.gov.ar\/?p=40078","og_locale":"es_ES","og_type":"article","og_title":"JORNADA DE REFLEXI\u00d3N SOBRE VIOLENCIA INSTITUCIONAL- 8M - Malarg\u00fce HCD","og_description":"En el marco de la conmemoraci\u00f3n del D\u00eda Internacional de la Mujer Trabajadora, en el Honorable Concejo Deliberante de Malarg\u00fce se realiz\u00f3 una jornada de reflexi\u00f3n sobre violencia institucional. La actividad estuvo a cargo de Karina Cataldo y Amanda Saavedra, quienes coordinaron un taller de mapeo colaborativo y participativo, una herramienta que permite visibilizar las [&hellip;]","og_url":"https:\/\/hcd.malargue.gov.ar\/?p=40078","og_site_name":"Malarg\u00fce HCD","article_published_time":"2026-03-06T16:05:54+00:00","article_modified_time":"2026-03-06T16:07:31+00:00","og_image":[{"width":1280,"height":720,"url":"https:\/\/hcd.malargue.gov.ar\/wp-content\/uploads\/2026\/03\/dia-de-la-mujer.jpeg","type":"image\/jpeg"}],"author":"Belen Pedernera Ferragut","twitter_card":"summary_large_image","twitter_misc":{"Escrito por":"Belen Pedernera Ferragut","Tiempo de lectura":"1 minuto"},"schema":{"@context":"https:\/\/schema.org","@graph":[{"@type":"WebPage","@id":"https:\/\/hcd.malargue.gov.ar\/?p=40078","url":"https:\/\/hcd.malargue.gov.ar\/?p=40078","name":"JORNADA DE REFLEXI\u00d3N SOBRE VIOLENCIA INSTITUCIONAL- 8M - Malarg\u00fce HCD","isPartOf":{"@id":"https:\/\/hcd.malargue.gov.ar\/#website"},"datePublished":"2026-03-06T16:05:54+00:00","dateModified":"2026-03-06T16:07:31+00:00","author":{"@id":"https:\/\/hcd.malargue.gov.ar\/#\/schema\/person\/3fd6bbab64edd703961b795156c955d0"},"breadcrumb":{"@id":"https:\/\/hcd.malargue.gov.ar\/?p=40078#breadcrumb"},"inLanguage":"es-AR","potentialAction":[{"@type":"ReadAction","target":["https:\/\/hcd.malargue.gov.ar\/?p=40078"]}]},{"@type":"BreadcrumbList","@id":"https:\/\/hcd.malargue.gov.ar\/?p=40078#breadcrumb","itemListElement":[{"@type":"ListItem","position":1,"name":"Inicio","item":"https:\/\/hcd.malargue.gov.ar\/"},{"@type":"ListItem","position":2,"name":"JORNADA DE REFLEXI\u00d3N SOBRE VIOLENCIA INSTITUCIONAL- 8M"}]},{"@type":"WebSite","@id":"https:\/\/hcd.malargue.gov.ar\/#website","url":"https:\/\/hcd.malargue.gov.ar\/","name":"Malarg\u00fce HCD","description":"Malarg\u00fce Mendoza Argentina","potentialAction":[{"@type":"SearchAction","target":{"@type":"EntryPoint","urlTemplate":"https:\/\/hcd.malargue.gov.ar\/?s={search_term_string}"},"query-input":"required name=search_term_string"}],"inLanguage":"es-AR"},{"@type":"Person","@id":"https:\/\/hcd.malargue.gov.ar\/#\/schema\/person\/3fd6bbab64edd703961b795156c955d0","name":"Belen Pedernera Ferragut","image":{"@type":"ImageObject","inLanguage":"es-AR","@id":"https:\/\/hcd.malargue.gov.ar\/#\/schema\/person\/image\/","url":"https:\/\/secure.gravatar.com\/avatar\/1054ffab3893de4bb3eb29bdd22f7e34b8537bf5d34d9dab311818154ad5b71f?s=96&d=mm&r=g","contentUrl":"https:\/\/secure.gravatar.com\/avatar\/1054ffab3893de4bb3eb29bdd22f7e34b8537bf5d34d9dab311818154ad5b71f?s=96&d=mm&r=g","caption":"Belen Pedernera Ferragut"},"url":"https:\/\/hcd.malargue.gov.ar\/?author=5"}]}},"_links":{"self":[{"href":"https:\/\/hcd.malargue.gov.ar\/index.php?rest_route=\/wp\/v2\/posts\/40078","targetHints":{"allow":["GET"]}}],"collection":[{"href":"https:\/\/hcd.malargue.gov.ar\/index.php?rest_route=\/wp\/v2\/posts"}],"about":[{"href":"https:\/\/hcd.malargue.gov.ar\/index.php?rest_route=\/wp\/v2\/types\/post"}],"author":[{"embeddable":true,"href":"https:\/\/hcd.malargue.gov.ar\/index.php?rest_route=\/wp\/v2\/users\/5"}],"replies":[{"embeddable":true,"href":"https:\/\/hcd.malargue.gov.ar\/index.php?rest_route=%2Fwp%2Fv2%2Fcomments&post=40078"}],"version-history":[{"count":1,"href":"https:\/\/hcd.malargue.gov.ar\/index.php?rest_route=\/wp\/v2\/posts\/40078\/revisions"}],"predecessor-version":[{"id":40080,"href":"https:\/\/hcd.malargue.gov.ar\/index.php?rest_route=\/wp\/v2\/posts\/40078\/revisions\/40080"}],"wp:featuredmedia":[{"embeddable":true,"href":"https:\/\/hcd.malargue.gov.ar\/index.php?rest_route=\/wp\/v2\/media\/40079"}],"wp:attachment":[{"href":"https:\/\/hcd.malargue.gov.ar\/index.php?rest_route=%2Fwp%2Fv2%2Fmedia&parent=40078"}],"wp:term":[{"taxonomy":"category","embeddable":true,"href":"https:\/\/hcd.malargue.gov.ar\/index.php?rest_route=%2Fwp%2Fv2%2Fcategories&post=40078"},{"taxonomy":"post_tag","embeddable":true,"href":"https:\/\/hcd.malargue.gov.ar\/index.php?rest_route=%2Fwp%2Fv2%2Ftags&post=40078"}],"curies":[{"name":"wp","href":"https:\/\/api.w.org\/{rel}","templated":true}]}}