{"id":40081,"date":"2026-03-09T10:00:34","date_gmt":"2026-03-09T13:00:34","guid":{"rendered":"https:\/\/hcd.malargue.gov.ar\/?p=40081"},"modified":"2026-03-09T10:02:14","modified_gmt":"2026-03-09T13:02:14","slug":"resolucion-n-004-2-026","status":"publish","type":"post","link":"https:\/\/hcd.malargue.gov.ar\/?p=40081","title":{"rendered":"RESOLUCI\u00d3N N\u00b0 004\/2.026"},"content":{"rendered":"\n<h4 class=\"wp-block-heading has-text-align-center\"><em><strong>EL HCD DESIGN\u00d3 SUS AUTORIDADES PARA EL PER\u00cdODO 2026<\/strong><\/em><\/h4>\n\n\n\n<p class=\"has-text-align-left\">En el marco de la <a href=\"https:\/\/hcd.malargue.gov.ar\/?p=40033\">Sesi\u00f3n Preparatoria realizada el pasado 27 de febrero<\/a>, el Honorable Concejo Deliberante de Malarg\u00fce aprob\u00f3 la <strong><em>Resoluci\u00f3n N\u00b0 004\/2.026<\/em><\/strong> mediante la cual se designaron las Autoridades que conducir\u00e1n el Cuerpo Deliberativo durante el per\u00edodo comprendido entre el 1 de marzo de 2.026 y el 28 de febrero de 2.027.<\/p>\n\n\n\n<p>De esta manera, el Concejo Deliberante cumple con lo establecido por la legislaci\u00f3n vigente, garantizando la organizaci\u00f3n interna y el normal desarrollo de sus actividades legislativas.<\/p>\n\n\n\n<p class=\"has-text-align-center\"><strong>PIEZA LEGAL<\/strong><\/p>\n\n\n<div class=\"wp-block-image\">\n<figure class=\"alignright size-full is-resized\"><a href=\"http:\/\/hcd.malargue.gov.ar\/2026\/rn%20004%20AUTORIDADES%20HCD%202026.pdf\"><img loading=\"lazy\" decoding=\"async\" width=\"512\" height=\"512\" src=\"https:\/\/hcd.malargue.gov.ar\/wp-content\/uploads\/2018\/06\/PDF-JPG.jpg\" alt=\"\" class=\"wp-image-7950\" style=\"width:141px;height:auto\" srcset=\"https:\/\/hcd.malargue.gov.ar\/wp-content\/uploads\/2018\/06\/PDF-JPG.jpg 512w, https:\/\/hcd.malargue.gov.ar\/wp-content\/uploads\/2018\/06\/PDF-JPG-150x150.jpg 150w, https:\/\/hcd.malargue.gov.ar\/wp-content\/uploads\/2018\/06\/PDF-JPG-300x300.jpg 300w\" sizes=\"auto, (max-width: 512px) 100vw, 512px\" \/><\/a><\/figure>\n<\/div>\n\n\n<p>VISTO: Las disposiciones del Art\u00edculo 52 de la Ley N\u00b0 1.079 Org\u00e1nica de Municipalidades (modificado por el Art\u00edculo 1\u00b0 de la Ley N\u00b0 6.349), mediante la cual se establece que el Honorable Cuerpo, debe designar las Autoridades del mismo. <\/p>\n\n\n\n<p>y;<\/p>\n\n\n\n<p>CONSIDERANDI: Que en el d\u00eda de la fecha se procedi\u00f3 a la elecci\u00f3n de Autoridades para el per\u00edodo 2.026, convocando al Honorable Cuerpo a tal efecto.<\/p>\n\n\n\n<p>EL HONORABLE CONCEJO DELIBERANTE DE LA MUNICIPALIDAD DE MALARG\u00dcE EN USO DE LAS FACULTADES QUE LE SON PROPIAS<\/p>\n\n\n\n<p>RESUELVE<\/p>\n\n\n\n<p>ARTICULO 1\u00b0: Designar en el cargo de Presidente del Honorable Concejo Deliberante, a partir del 01 de marzo de 2.026 y hasta el 28 de febrero de 2.027, <strong><em>al Concejal&nbsp; Sr. Pablo Antonio Cabrera.<\/em><\/strong><\/p>\n\n\n\n<p>ARTICULO 2\u00b0: Designar en el cargo de Vicepresidente Primero&nbsp; del Honorable Concejo Deliberante, a partir del 01 de marzo de 2.026 y hasta el 28 de febrero de 2.027, al <strong><em>Concejal Sr. Pablo Yamil Villarruel.<\/em><\/strong><\/p>\n\n\n\n<p>ARTICULO 3\u00b0: Designar en el cargo de Vicepresidente Segundo del Honorable Concejo Deliberante, a partir del 01 de marzo de 2.026 y hasta el 28 de febrero de 2.027, &nbsp;<strong><em>a la Concejal Sra. Emilce Marisa Mansilla.<\/em><\/strong><\/p>\n\n\n\n<p>ARTICULO 4\u00b0: Comun\u00edquese, reg\u00edstrese, agr\u00e9guese copia de la presente en las actuaciones correspondientes y arch\u00edvese.<\/p>\n\n\n\n<p>DADA EN LA SALA DE SESIONES DR. RICARDO BALBIN DEL HONORABLE CONCEJO DELIBERANTE DE LA MUNICIPALIDAD DE MALARG\u00dcE A VEINTISIETE DE FEBRERO DE DOS MIL VEINTISEIS<\/p>\n","protected":false},"excerpt":{"rendered":"<p>EL HCD DESIGN\u00d3 SUS AUTORIDADES PARA EL PER\u00cdODO 2026 En el marco de la Sesi\u00f3n Preparatoria realizada el pasado 27 de febrero, el Honorable Concejo Deliberante de Malarg\u00fce aprob\u00f3 la Resoluci\u00f3n N\u00b0 004\/2.026 mediante la cual se designaron las Autoridades que conducir\u00e1n el Cuerpo Deliberativo durante el per\u00edodo comprendido entre el 1 de marzo de [&hellip;]<\/p>\n","protected":false},"author":5,"featured_media":40082,"comment_status":"closed","ping_status":"closed","sticky":false,"template":"","format":"standard","meta":{"footnotes":""},"categories":[52,29,33,51],"tags":[],"class_list":["post-40081","post","type-post","status-publish","format-standard","has-post-thumbnail","hentry","category-gacetillas","category-lesgilacion","category-prensa","category-resoluciones"],"yoast_head":"<!-- This site is optimized with the Yoast SEO plugin v19.10 - https:\/\/yoast.com\/wordpress\/plugins\/seo\/ -->\n<title>RESOLUCI\u00d3N N\u00b0 004\/2.026 - Malarg\u00fce HCD<\/title>\n<meta name=\"robots\" content=\"index, follow, max-snippet:-1, max-image-preview:large, max-video-preview:-1\" \/>\n<link rel=\"canonical\" href=\"https:\/\/hcd.malargue.gov.ar\/?p=40081\" \/>\n<meta property=\"og:locale\" content=\"es_ES\" \/>\n<meta property=\"og:type\" content=\"article\" \/>\n<meta property=\"og:title\" content=\"RESOLUCI\u00d3N N\u00b0 004\/2.026 - Malarg\u00fce HCD\" \/>\n<meta property=\"og:description\" content=\"EL HCD DESIGN\u00d3 SUS AUTORIDADES PARA EL PER\u00cdODO 2026 En el marco de la Sesi\u00f3n Preparatoria realizada el pasado 27 de febrero, el Honorable Concejo Deliberante de Malarg\u00fce aprob\u00f3 la Resoluci\u00f3n N\u00b0 004\/2.026 mediante la cual se designaron las Autoridades que conducir\u00e1n el Cuerpo Deliberativo durante el per\u00edodo comprendido entre el 1 de marzo de [&hellip;]\" \/>\n<meta property=\"og:url\" content=\"https:\/\/hcd.malargue.gov.ar\/?p=40081\" \/>\n<meta property=\"og:site_name\" content=\"Malarg\u00fce HCD\" \/>\n<meta property=\"article:published_time\" content=\"2026-03-09T13:00:34+00:00\" \/>\n<meta property=\"article:modified_time\" content=\"2026-03-09T13:02:14+00:00\" \/>\n<meta property=\"og:image\" content=\"https:\/\/hcd.malargue.gov.ar\/wp-content\/uploads\/2026\/03\/RESOLUCION-004-2026.png\" \/>\n\t<meta property=\"og:image:width\" content=\"940\" \/>\n\t<meta property=\"og:image:height\" content=\"788\" \/>\n\t<meta property=\"og:image:type\" content=\"image\/png\" \/>\n<meta name=\"author\" content=\"Belen Pedernera Ferragut\" \/>\n<meta name=\"twitter:card\" content=\"summary_large_image\" \/>\n<meta name=\"twitter:label1\" content=\"Escrito por\" \/>\n\t<meta name=\"twitter:data1\" content=\"Belen Pedernera Ferragut\" \/>\n\t<meta name=\"twitter:label2\" content=\"Tiempo de lectura\" \/>\n\t<meta name=\"twitter:data2\" content=\"2 minutos\" \/>\n<script type=\"application\/ld+json\" class=\"yoast-schema-graph\">{\"@context\":\"https:\/\/schema.org\",\"@graph\":[{\"@type\":\"WebPage\",\"@id\":\"https:\/\/hcd.malargue.gov.ar\/?p=40081\",\"url\":\"https:\/\/hcd.malargue.gov.ar\/?p=40081\",\"name\":\"RESOLUCI\u00d3N N\u00b0 004\/2.026 - Malarg\u00fce HCD\",\"isPartOf\":{\"@id\":\"https:\/\/hcd.malargue.gov.ar\/#website\"},\"datePublished\":\"2026-03-09T13:00:34+00:00\",\"dateModified\":\"2026-03-09T13:02:14+00:00\",\"author\":{\"@id\":\"https:\/\/hcd.malargue.gov.ar\/#\/schema\/person\/3fd6bbab64edd703961b795156c955d0\"},\"breadcrumb\":{\"@id\":\"https:\/\/hcd.malargue.gov.ar\/?p=40081#breadcrumb\"},\"inLanguage\":\"es-AR\",\"potentialAction\":[{\"@type\":\"ReadAction\",\"target\":[\"https:\/\/hcd.malargue.gov.ar\/?p=40081\"]}]},{\"@type\":\"BreadcrumbList\",\"@id\":\"https:\/\/hcd.malargue.gov.ar\/?p=40081#breadcrumb\",\"itemListElement\":[{\"@type\":\"ListItem\",\"position\":1,\"name\":\"Inicio\",\"item\":\"https:\/\/hcd.malargue.gov.ar\/\"},{\"@type\":\"ListItem\",\"position\":2,\"name\":\"RESOLUCI\u00d3N N\u00b0 004\/2.026\"}]},{\"@type\":\"WebSite\",\"@id\":\"https:\/\/hcd.malargue.gov.ar\/#website\",\"url\":\"https:\/\/hcd.malargue.gov.ar\/\",\"name\":\"Malarg\u00fce HCD\",\"description\":\"Malarg\u00fce Mendoza Argentina\",\"potentialAction\":[{\"@type\":\"SearchAction\",\"target\":{\"@type\":\"EntryPoint\",\"urlTemplate\":\"https:\/\/hcd.malargue.gov.ar\/?s={search_term_string}\"},\"query-input\":\"required name=search_term_string\"}],\"inLanguage\":\"es-AR\"},{\"@type\":\"Person\",\"@id\":\"https:\/\/hcd.malargue.gov.ar\/#\/schema\/person\/3fd6bbab64edd703961b795156c955d0\",\"name\":\"Belen Pedernera Ferragut\",\"image\":{\"@type\":\"ImageObject\",\"inLanguage\":\"es-AR\",\"@id\":\"https:\/\/hcd.malargue.gov.ar\/#\/schema\/person\/image\/\",\"url\":\"https:\/\/secure.gravatar.com\/avatar\/1054ffab3893de4bb3eb29bdd22f7e34b8537bf5d34d9dab311818154ad5b71f?s=96&d=mm&r=g\",\"contentUrl\":\"https:\/\/secure.gravatar.com\/avatar\/1054ffab3893de4bb3eb29bdd22f7e34b8537bf5d34d9dab311818154ad5b71f?s=96&d=mm&r=g\",\"caption\":\"Belen Pedernera Ferragut\"},\"url\":\"https:\/\/hcd.malargue.gov.ar\/?author=5\"}]}<\/script>\n<!-- \/ Yoast SEO plugin. -->","yoast_head_json":{"title":"RESOLUCI\u00d3N N\u00b0 004\/2.026 - Malarg\u00fce HCD","robots":{"index":"index","follow":"follow","max-snippet":"max-snippet:-1","max-image-preview":"max-image-preview:large","max-video-preview":"max-video-preview:-1"},"canonical":"https:\/\/hcd.malargue.gov.ar\/?p=40081","og_locale":"es_ES","og_type":"article","og_title":"RESOLUCI\u00d3N N\u00b0 004\/2.026 - Malarg\u00fce HCD","og_description":"EL HCD DESIGN\u00d3 SUS AUTORIDADES PARA EL PER\u00cdODO 2026 En el marco de la Sesi\u00f3n Preparatoria realizada el pasado 27 de febrero, el Honorable Concejo Deliberante de Malarg\u00fce aprob\u00f3 la Resoluci\u00f3n N\u00b0 004\/2.026 mediante la cual se designaron las Autoridades que conducir\u00e1n el Cuerpo Deliberativo durante el per\u00edodo comprendido entre el 1 de marzo de [&hellip;]","og_url":"https:\/\/hcd.malargue.gov.ar\/?p=40081","og_site_name":"Malarg\u00fce HCD","article_published_time":"2026-03-09T13:00:34+00:00","article_modified_time":"2026-03-09T13:02:14+00:00","og_image":[{"width":940,"height":788,"url":"https:\/\/hcd.malargue.gov.ar\/wp-content\/uploads\/2026\/03\/RESOLUCION-004-2026.png","type":"image\/png"}],"author":"Belen Pedernera Ferragut","twitter_card":"summary_large_image","twitter_misc":{"Escrito por":"Belen Pedernera Ferragut","Tiempo de lectura":"2 minutos"},"schema":{"@context":"https:\/\/schema.org","@graph":[{"@type":"WebPage","@id":"https:\/\/hcd.malargue.gov.ar\/?p=40081","url":"https:\/\/hcd.malargue.gov.ar\/?p=40081","name":"RESOLUCI\u00d3N N\u00b0 004\/2.026 - Malarg\u00fce HCD","isPartOf":{"@id":"https:\/\/hcd.malargue.gov.ar\/#website"},"datePublished":"2026-03-09T13:00:34+00:00","dateModified":"2026-03-09T13:02:14+00:00","author":{"@id":"https:\/\/hcd.malargue.gov.ar\/#\/schema\/person\/3fd6bbab64edd703961b795156c955d0"},"breadcrumb":{"@id":"https:\/\/hcd.malargue.gov.ar\/?p=40081#breadcrumb"},"inLanguage":"es-AR","potentialAction":[{"@type":"ReadAction","target":["https:\/\/hcd.malargue.gov.ar\/?p=40081"]}]},{"@type":"BreadcrumbList","@id":"https:\/\/hcd.malargue.gov.ar\/?p=40081#breadcrumb","itemListElement":[{"@type":"ListItem","position":1,"name":"Inicio","item":"https:\/\/hcd.malargue.gov.ar\/"},{"@type":"ListItem","position":2,"name":"RESOLUCI\u00d3N N\u00b0 004\/2.026"}]},{"@type":"WebSite","@id":"https:\/\/hcd.malargue.gov.ar\/#website","url":"https:\/\/hcd.malargue.gov.ar\/","name":"Malarg\u00fce HCD","description":"Malarg\u00fce Mendoza Argentina","potentialAction":[{"@type":"SearchAction","target":{"@type":"EntryPoint","urlTemplate":"https:\/\/hcd.malargue.gov.ar\/?s={search_term_string}"},"query-input":"required name=search_term_string"}],"inLanguage":"es-AR"},{"@type":"Person","@id":"https:\/\/hcd.malargue.gov.ar\/#\/schema\/person\/3fd6bbab64edd703961b795156c955d0","name":"Belen Pedernera Ferragut","image":{"@type":"ImageObject","inLanguage":"es-AR","@id":"https:\/\/hcd.malargue.gov.ar\/#\/schema\/person\/image\/","url":"https:\/\/secure.gravatar.com\/avatar\/1054ffab3893de4bb3eb29bdd22f7e34b8537bf5d34d9dab311818154ad5b71f?s=96&d=mm&r=g","contentUrl":"https:\/\/secure.gravatar.com\/avatar\/1054ffab3893de4bb3eb29bdd22f7e34b8537bf5d34d9dab311818154ad5b71f?s=96&d=mm&r=g","caption":"Belen Pedernera Ferragut"},"url":"https:\/\/hcd.malargue.gov.ar\/?author=5"}]}},"_links":{"self":[{"href":"https:\/\/hcd.malargue.gov.ar\/index.php?rest_route=\/wp\/v2\/posts\/40081","targetHints":{"allow":["GET"]}}],"collection":[{"href":"https:\/\/hcd.malargue.gov.ar\/index.php?rest_route=\/wp\/v2\/posts"}],"about":[{"href":"https:\/\/hcd.malargue.gov.ar\/index.php?rest_route=\/wp\/v2\/types\/post"}],"author":[{"embeddable":true,"href":"https:\/\/hcd.malargue.gov.ar\/index.php?rest_route=\/wp\/v2\/users\/5"}],"replies":[{"embeddable":true,"href":"https:\/\/hcd.malargue.gov.ar\/index.php?rest_route=%2Fwp%2Fv2%2Fcomments&post=40081"}],"version-history":[{"count":2,"href":"https:\/\/hcd.malargue.gov.ar\/index.php?rest_route=\/wp\/v2\/posts\/40081\/revisions"}],"predecessor-version":[{"id":40084,"href":"https:\/\/hcd.malargue.gov.ar\/index.php?rest_route=\/wp\/v2\/posts\/40081\/revisions\/40084"}],"wp:featuredmedia":[{"embeddable":true,"href":"https:\/\/hcd.malargue.gov.ar\/index.php?rest_route=\/wp\/v2\/media\/40082"}],"wp:attachment":[{"href":"https:\/\/hcd.malargue.gov.ar\/index.php?rest_route=%2Fwp%2Fv2%2Fmedia&parent=40081"}],"wp:term":[{"taxonomy":"category","embeddable":true,"href":"https:\/\/hcd.malargue.gov.ar\/index.php?rest_route=%2Fwp%2Fv2%2Fcategories&post=40081"},{"taxonomy":"post_tag","embeddable":true,"href":"https:\/\/hcd.malargue.gov.ar\/index.php?rest_route=%2Fwp%2Fv2%2Ftags&post=40081"}],"curies":[{"name":"wp","href":"https:\/\/api.w.org\/{rel}","templated":true}]}}