{"id":40092,"date":"2026-03-11T08:15:31","date_gmt":"2026-03-11T11:15:31","guid":{"rendered":"https:\/\/hcd.malargue.gov.ar\/?p=40092"},"modified":"2026-03-11T08:24:19","modified_gmt":"2026-03-11T11:24:19","slug":"orden-del-dia-1-sesion-ordinaria","status":"publish","type":"post","link":"https:\/\/hcd.malargue.gov.ar\/?p=40092","title":{"rendered":"ORDEN DEL D\u00cdA 1\u00b0 SESI\u00d3N ORDINARIA"},"content":{"rendered":"\n<h4 class=\"wp-block-heading\">D\u00eda: Jueves 12 de marzo de 2.026<\/h4>\n\n\n\n<h4 class=\"wp-block-heading\">Hora: 09:00<\/h4>\n\n\n\n<p><strong><em>a)<\/em><\/strong><em style=\"font-weight: bold;\">Acto de \u00a0Izar la Ense\u00f1a Patria a cargo de la\u00a0Concejal Srta. Magali ACOSTA.<\/em><\/p>\n\n\n\n<p><em><strong>b) <\/strong><\/em><strong><em>Himno Nacional Argentino.<\/em><\/strong><\/p>\n\n\n\n<p><strong><em>c) Presentaci\u00f3n informe anual del Sr. Intendente Municipal Contador Celso Alejandro Jaque, seg\u00fan lo establecido en el Art. 105 Inc. 12 de la Ley 1.079 Org\u00e1nica de Municipalidades<\/em><\/strong><em>.<\/em><\/p>\n\n\n\n<p><strong><em>d) Homenaje de los Se\u00f1ores Concejales<\/em><\/strong><em>.<\/em><\/p>\n\n\n\n<p><strong><em>e) Consideraci\u00f3n Actas: Ordinaria N\u00b0 1.213-\u201cO\u201d-2.025.2\u00b0 de Pr\u00f3rroga;\u00a0 Acta Sesi\u00f3n Extraordinaria N\u00b0 02-2.025; Acta Sesi\u00f3n Especial N\u00b0 10-2.025; Acta Sesi\u00f3n Extraordinaria N\u00b0 06-2.025-2.026;Acta Sesi\u00f3n Extraordinaria N\u00b0 07-2.026; Acta Sesi\u00f3n Extraordinaria N\u00b0 08-2.026; Acta Sesi\u00f3n Preparatoria 2.026.<\/em><\/strong><\/p>\n\n\n\n<p><strong><em>f)<\/em><\/strong> <strong><em>Conformaci\u00f3n Comisiones permanente del Honorable Cuerpo<\/em><\/strong><em>.<\/em><\/p>\n\n\n\n<p><strong><em>g) Determinaci\u00f3n de los Bloques que har\u00e1n uso de la palabra en fechas patrias.<\/em><\/strong><\/p>\n\n\n\n<p><strong><em>h) Lectura del detalle de la correspondencia recibida y emitida.<\/em><\/strong><\/p>\n\n\n\n<p><strong><em>i)<\/em><\/strong> <strong><em>Determinaci\u00f3n de los temas que ser\u00e1n incluidos en el punto Asuntos Varios y puesta\u00a0 a consideraci\u00f3n de mociones de Tratamientos Sobre Tablas de diversos Exptes<\/em><\/strong><em>.<\/em><\/p>\n\n\n\n<p><strong><em>j) Proyecto de los Sres. Concejales<\/em><\/strong>:<\/p>\n\n\n\n<ol style=\"list-style-type:lower-alpha\" class=\"wp-block-list\"><\/ol>\n\n\n\n<ol class=\"wp-block-list\">\n<li>Expte. N\u00b0 466\/2.026-0.Proyecto de Ordenanza: Regulaci\u00f3n horaria de circulaci\u00f3n de camiones de carga en el ejido urbano. (BLOQUE PARTIDO JUSTICIALISTA.).Autores: Concejales: Rodrigo HIDALGO, Pablo CABRERA; Magali ACOSTA; Emilce\u00a0 MANSILLA.<\/li>\n\n\n\n<li>Expte. N\u00b0 900\/2.026-0. Proyecto de Resoluci\u00f3n: Ver con agrado que la Direcci\u00f3n Gral. de Escuelas de la Provincia de Mendoza, eval\u00fae la reconsideraci\u00f3n de la Resoluci\u00f3n N\u00b0 2.026-74-E-GDEMZA-DET y #DGE.: INTERBLOQUE RECONSTRUYENDO MALARG\u00dcE. INDEPENDIENTE, CAMBIA MENDOZA. Autores: Concejales: Silvina CAMIOLO, Mart\u00edn PALMA, Viviana MOSCA<\/li>\n<\/ol>\n\n\n\n<p><em>k) <strong>Expedientes provenientes del Departamento Ejecutivo.<\/strong><\/em><\/p>\n\n\n\n<ol class=\"wp-block-list\">\n<li>Expte. N\u00b0 783\/2.026-0. Departamento Ejecutivo, remite informaci\u00f3n Responsabilidad Fiscal N\u00b0 3.949 del Honorable Tribunal de Cuentas. Cuarto Trimestre del Ejercicio 2.025. (Gesti\u00f3n Documental).<\/li>\n\n\n\n<li>Expte. N\u00b0 7.210\/2.025-0. Departamento Ejecutivo Municipal, remite informaci\u00f3n Responsabilidad Fiscal N\u00b0 3.949 del Honorable Tribunal de Cuentas. Tercer\u00a0 Trimestre Ejercicio\u00a0 2.025.<\/li>\n\n\n\n<li>Expte. N\u00b0 313\/2.026-0.Dr. Juan Manuel Negro. Juez de Tr\u00e1nsito Municipal. Malarg\u00fce, eleva Solicitud de Declaraci\u00f3n de Inter\u00e9s Educativo, Comunitario y Departamental. Programa acompa\u00f1ado: \u201cEmbajador Joven de Seguridad Vial\u201d.<\/li>\n\n\n\n<li>Expte. N\u00b0 805\/2.026-0.Juez de Tr\u00e1nsito Municipal de la Ciudad de Malarg\u00fce, eleva Proyecto de Ordenanza: Creaci\u00f3n del Observatorio local de Seguridad Vial y Pol\u00edtica Preventiva\u00a0 de Malarg\u00fce.<\/li>\n<\/ol>\n\n\n\n<p><strong><em>\u00a0l)<\/em><\/strong><em><strong>Despachos de las Comisiones de Trabajo<\/strong>:<\/em><\/p>\n\n\n\n<ol class=\"wp-block-list\">\n<li>Solicitud N\u00b0 14.631\/2.025., proveniente de nota HC-116-2.025. Direcci\u00f3n de Turismo de la Municipalidad de Malarg\u00fce, eleva muestra de folleter\u00eda tur\u00edstica del Departamento, para conocimiento. (O.P.T.y R.N.)<\/li>\n\n\n\n<li>Solicitud N\u00b0 14.635\/2.025., proveniente de nota HC-207\/2.024. Ing. Javier Macario, eleva invitaci\u00f3n\u00a0 para formar parte del Consejo Local Asesor (CLA) de la Unidad. (O.P.T.y R.N.)<\/li>\n\n\n\n<li>Solicitud N\u00b0 6.498\/2.025. Secretaria de Desarrollo Econ\u00f3mico, Sra. Graciela Viollaz y An\u00edbal P\u00e9rez, invitan a participar de una Reuni\u00f3n. Ref. Parque Industrial Malarg\u00fce. (O.P.T.y R.N.)<\/li>\n<\/ol>\n\n\n\n<p><strong><em>m)<\/em><\/strong><em> <strong>Asuntos Varios<\/strong><\/em><\/p>\n\n\n\n<p><strong><em>n<\/em><\/strong><em>) <strong>Acto de arriar&nbsp; el Pabell\u00f3n Nacional a cargo del Concejal que lo iz\u00f3.-<\/strong><\/em><\/p>\n\n\n\n<p class=\"has-text-align-right\"><strong><em>&nbsp;&nbsp;&nbsp;&nbsp;&nbsp;&nbsp;&nbsp;&nbsp;&nbsp;&nbsp;&nbsp;&nbsp;&nbsp;&nbsp;&nbsp;&nbsp;&nbsp;&nbsp;&nbsp;&nbsp;&nbsp;&nbsp;&nbsp;&nbsp;&nbsp;&nbsp;&nbsp;&nbsp;&nbsp;&nbsp;&nbsp;&nbsp;&nbsp;&nbsp;&nbsp;&nbsp;&nbsp;&nbsp;&nbsp;&nbsp;&nbsp;&nbsp;&nbsp;&nbsp;&nbsp;&nbsp;&nbsp; Presidencia H.C.D. 10 de marzo de 2.026<\/em><\/strong><\/p>\n\n\n\n<p><strong>CORRESPONDENCIA PARA LA SESI\u00d3N<\/strong><\/p>\n\n\n\n<p><strong>DEL D\u00cdA JUEVES &nbsp;12 DE MARZO DE 2.026<\/strong><\/p>\n\n\n\n<ol class=\"wp-block-list\">\n<li>Solicitud N\u00b0 14.826\/2.025. Sr. Marcos Torres, solicita hacer uso de la Banca del Ciudadano. Tema: Falencias de la Obras Social OSEP.<\/li>\n\n\n\n<li>Solicitud N\u00b0 15.251\/2.025. Oficina de Despacho Municipalidad de Malarg\u00fce, eleva Decreto N\u00b0 1.491\/2.025. Convenio Marco Fundaci\u00f3n Instituto de Servicios Integrales para el Transporte y la Municipalidad de Malarg\u00fce, para que tome conocimiento.<\/li>\n\n\n\n<li>Solicitud N\u00b0 15.256\/2.025.\u00a0 Oficina de Despacho. Municipalidad de Malarg\u00fce, eleva Decreto N\u00b0 1.492\/2.025. Convenio entre la Direcci\u00f3n de Adultos Mayores del Ministerio de Salud y Deportes del Gobierno de Mendoza y la Municipalidad de Malarg\u00fce, para que tome conocimiento.<\/li>\n\n\n\n<li>Solicitud N\u00b0 15.526\/2.025. Sr. Roca Miguel, en representaci\u00f3n legal de la Empresa MRP AGRO y LOGISTICA INTEGRAL S.R.L., pone en conocimiento las mejoras realizadas en el Predio Municipal Ex F\u00e1brica Grassi.<\/li>\n\n\n\n<li>Solicitud N\u00b0 15.624\/2.025. Sra. Ver\u00f3n Mar\u00eda Elizabeth, presenta Recurso de Apelaci\u00f3n contra Decreto N\u00b0 1.216\/2.025.<\/li>\n\n\n\n<li>Solicitud N\u00b0 15.729\/2.025.\u00a0 Concejal Palma Mart\u00edn, presenta Recurso de Apelaci\u00f3n contra Decreto N\u00b0 1.165\/2.025 y su modificaci\u00f3n Decreto N\u00b0 1.455\/2.025.<\/li>\n\n\n\n<li>Solicitud N\u00b0 15.749\/2.025. Sra. Villouta Laura Daniela, presenta Recurso de Apelaci\u00f3n contra Decreto N\u00b0 1.164\/2.025 y su modificaci\u00f3n Decreto N\u00b0 1.455\/2.025.<\/li>\n\n\n\n<li>Solicitud N\u00b0 15.758\/2.025. Sr. Vargas Mart\u00edn, presenta Recurso de Apelaci\u00f3n contra Decreto N\u00b0 1.157\/2.025.<\/li>\n\n\n\n<li>Solicitud N\u00b0 15.761\/2.025. Sr. Palma Fernando, presenta Recurso de Apelaci\u00f3n contra Decreto N\u00b0 1.166\/2.025.<\/li>\n\n\n\n<li>Solicitud N\u00b0 15.805\/2.025. Concejal Camiolo Silvina, presenta Recurso de Apelaci\u00f3n contra Decreto N\u00b0 1.413\/2.025.<\/li>\n\n\n\n<li>Solicitud N\u00b0 15.860\/2.025. Sr. Rivarola Marcelo, presenta Recurso de Apelaci\u00f3n contra Decreto N\u00b0 1.156\/2.025.<\/li>\n\n\n\n<li>Solicitud N\u00b0 15.920\/2.025. Sr. Rosas Gabriel Eduardo, presenta Recurso de Apelaci\u00f3n contra Decreto N\u00b0 1.167\/2.025.<\/li>\n\n\n\n<li>Solicitud N\u00b0 15.921\/2.025. Sra. Emilce Lorena Lara, presenta Recurso de Apelaci\u00f3n contra Decreto N\u00b0 1.168\/2.025.<\/li>\n\n\n\n<li>Solicitud N\u00b0 16.441\/2.026. Concejal Sra. Elizabeth Gonz\u00e1lez, Bloque Uni\u00f3n Mendocina,\u00a0 solicita espacio f\u00edsico para su Bloque.<\/li>\n\n\n\n<li>Solicitud N\u00b0 16.385\/2.026. Sr. Mauro Pavez, presenta Recurso de Apelaci\u00f3n. Expte. N\u00b0 5.964\/2.024.<\/li>\n\n\n\n<li>Solicitud N\u00b0 16.438\/2.026. Bloque Partido Justicialista. Solicita Exptes tratados en la distintas Comisiones y proyectos presentados por los Sres. Concejales, para cumplir\u00a0 con su puesta \u00a0a consideraci\u00f3n entre todos los integrantes de Bloque.<\/li>\n\n\n\n<li>Solicitud N\u00b0 16.489\/2.026. Oficina de Despacho, eleva Decreto N\u00b0 036\/2.025. Convenio de Colaboraci\u00f3n y Cooperaci\u00f3n Mutua para el Fomento del Turismo e Intercambio Cultural Gastron\u00f3mico entre la Municipalidad de Malarg\u00fce y la Municipalidad del Romeral, para conocimiento.<\/li>\n\n\n\n<li>Solicitud N\u00b0 16.507\/2.026. Bloque Partido Justicialista. Eleva nota de renuncia formalmente a los reintegros por vi\u00e1ticos.<\/li>\n\n\n\n<li>Solicitud N\u00b0 16.911\/2.026, Concejal Viviana Mosca, Bloque Cambia Mndoza, adjunta nota de empleados de la Direcci\u00f3n de Desarrollo Social de la Municipalidad de Malarg\u00fce.<\/li>\n\n\n\n<li>Solicitud N\u00b0 16.929\/2.026, Sra. Ver\u00f3nica Illanes y vecinos de Colonia H\u00edpica, solicitan conexi\u00f3n de agua potable.<\/li>\n\n\n\n<li>Solicitud N\u00b0 17.030\/2.026. Sra. Vanina Cruzate, solicita soluci\u00f3n de conflicto con respecto a taller mec\u00e1nico que se encuentra al lado de su casa, por ruidos molestos y contaminaci\u00f3n ambiental.<\/li>\n\n\n\n<li>\u00a0Solicitud N\u00b0 17.150\/2.026. Concejal Mart\u00edn Palma, Presidente Bloque Independiente, solicita la baja de algunos bienes que se encuentran en la Oficina.<\/li>\n\n\n\n<li>Solicitud N\u00b0 17.435\/2.026. Concejal Silvina Camiolo, Presidente Reconstruyendo Malarg\u00fce, solicita se tome conocimiento de la situaci\u00f3n de la Sra. Roxana Ortiz, para la conexi\u00f3n de electricidad.<\/li>\n\n\n\n<li>Solicitud N\u00b0 17.479\/2.026. Sra. Dom\u00ednguez Camila y vecinos de la Ciudad de Malarg\u00fce, solicitan apertura la calle Colimilla, la cual ha sido donada a la Municipalidad de Malarg\u00fce. (Ord. N 728\/95).<\/li>\n\n\n\n<li>Solicitud N\u00b0 17.451\/2.026. Sra. Sabrina Cuello, solicita copia de documentaci\u00f3n personal presentada en el a\u00f1o 2.023, \u00a0donde expone situaci\u00f3n laboral.<\/li>\n\n\n\n<li>Solicitud N\u00b0 18.021\/2.026. Oficina de Despacho, eleva Decreto N\u00b0 135\/2.026. Convenio de Cooperaci\u00f3n entre la Municipalidad de Malarg\u00fce y el Centro de Educaci\u00f3n B\u00e1sica para J\u00f3venes y Adultos CEBJA Rural N\u00b0 3-258, para conocimiento.<\/li>\n\n\n\n<li>Solicitud N\u00b0 18.032\/2.026. Oficina de Despacho, Municipalidad de Malarg\u00fce, eleva Decretos mes de diciembre de 2.025m en formato Digital\u00a0 (Pendrive), para conocimiento.<\/li>\n\n\n\n<li>Solicitud N\u00b0 18.168\/2.026. Sra. Gladys V\u00e1zquez y vecinos firmantes, solicitan al Cuerpo de Concejales, eval\u00faen cambio de circulaci\u00f3n de la calle Bardas Blancas.<\/li>\n\n\n\n<li>Solicitud N\u00b0 18.220\/2.026. Sr. Alejandro Sauma y Autoconvocados del sector tur\u00edstico privado, solicitan informaci\u00f3n de Cuadro Tarifario para establecimientos tur\u00edsticos<\/li>\n\n\n\n<li>Solicitud N\u00b0 18.218\/2.026. Oficina de Despacho, Municipalidad de Malarg\u00fce, eleva Decreto N\u00b0 144\/2.026. Convenio de Colaboraci\u00f3n Binacional en Turismo entre la Municipalidad de Malarg\u00fce y la Direcci\u00f3n Regional de Sernatur Maule -Chile, para conocimiento.<\/li>\n\n\n\n<li>Solicitud N\u00b0 18.414\/2.029. Sr. Miguel Roca, en representaci\u00f3n de Minerales Los Andes, eleva respuesta lo solicitado por el Honorable Cuerpo, en Expte. N\u00b0 6.135\/2.025-0.MPR Agro- Planta de Trituraci\u00f3n y Molienda.<\/li>\n\n\n\n<li>Solicitud N\u00b0 18.409\/2.026. Bloque Partido Justicialista, eleva nota sobre participaci\u00f3n de Comisiones a\u00f1o2 2.026.<\/li>\n\n\n\n<li>Solicitud N\u00b0 18.438\/2.026, Concejal Rodrigo Hidalgo, informa que se desempe\u00f1ar\u00e1 como Presidente del Bloque Partido Justicialista, a partir del 01 de marzo de 2.026.<\/li>\n\n\n\n<li>Solicitud N\u00b0 18.472\/2.026. Sr. Renzo Nu\u00f1ez, solicita colaboraci\u00f3n de un premio a elecci\u00f3n para un Torneo de la Iglesia.<\/li>\n\n\n\n<li>Solicitud N\u00b0 18.681\/2.026.Bloque Reconstruyendo Malarg\u00fce, solicita horario para revisi\u00f3n de canasta.<\/li>\n\n\n\n<li>Solicitud N\u00b0 18.747\/2.026. Concejo Deliberante de Lavalle, eleva n\u00f3mina de Autoridades, a\u00f1o 2.026, para conocimiento.<\/li>\n\n\n\n<li>Solicitud N\u00b0 18.758\/2.026, Bloque Independiente,\u00a0 comunica horario de canasta.<\/li>\n\n\n\n<li>Solicitud N\u00b0 18.761\/2.026. Bloque Independiente, comunica participaci\u00f3n de\u00a0 Comisiones en el Concejo Deliberante.<\/li>\n\n\n\n<li>Solicitud N\u00b0 18.764\/2.026. Bloque Uni\u00f3n Mendocina, informa d\u00eda y hora para trabajar con la canasta.<\/li>\n<\/ol>\n\n\n\n<p><strong>NOTAS EMITIDAS<\/strong><\/p>\n\n\n\n<ol class=\"wp-block-list\">\n<li>A la Contadora Gral. Solicitando\u00a0 apertura de Fondos para el Honorable Concejo Deliberante a\u00f1o 2.026.<\/li>\n<\/ol>\n","protected":false},"excerpt":{"rendered":"<p>D\u00eda: Jueves 12 de marzo de 2.026 Hora: 09:00 a)Acto de \u00a0Izar la Ense\u00f1a Patria a cargo de la\u00a0Concejal Srta. Magali ACOSTA. b) Himno Nacional Argentino. c) Presentaci\u00f3n informe anual del Sr. Intendente Municipal Contador Celso Alejandro Jaque, seg\u00fan lo establecido en el Art. 105 Inc. 12 de la Ley 1.079 Org\u00e1nica de Municipalidades. d) [&hellip;]<\/p>\n","protected":false},"author":5,"featured_media":40093,"comment_status":"closed","ping_status":"closed","sticky":false,"template":"","format":"standard","meta":{"footnotes":""},"categories":[52,84,58,33,36],"tags":[],"class_list":["post-40092","post","type-post","status-publish","format-standard","has-post-thumbnail","hentry","category-gacetillas","category-orden-del-dia","category-ordinarias","category-prensa","category-sesiones"],"yoast_head":"<!-- This site is optimized with the Yoast SEO plugin v19.10 - https:\/\/yoast.com\/wordpress\/plugins\/seo\/ -->\n<title>ORDEN DEL D\u00cdA 1\u00b0 SESI\u00d3N ORDINARIA - Malarg\u00fce HCD<\/title>\n<meta name=\"robots\" content=\"index, follow, max-snippet:-1, max-image-preview:large, max-video-preview:-1\" \/>\n<link rel=\"canonical\" href=\"https:\/\/hcd.malargue.gov.ar\/?p=40092\" \/>\n<meta property=\"og:locale\" content=\"es_ES\" \/>\n<meta property=\"og:type\" content=\"article\" \/>\n<meta property=\"og:title\" content=\"ORDEN DEL D\u00cdA 1\u00b0 SESI\u00d3N ORDINARIA - Malarg\u00fce HCD\" \/>\n<meta property=\"og:description\" content=\"D\u00eda: Jueves 12 de marzo de 2.026 Hora: 09:00 a)Acto de \u00a0Izar la Ense\u00f1a Patria a cargo de la\u00a0Concejal Srta. Magali ACOSTA. b) Himno Nacional Argentino. c) Presentaci\u00f3n informe anual del Sr. Intendente Municipal Contador Celso Alejandro Jaque, seg\u00fan lo establecido en el Art. 105 Inc. 12 de la Ley 1.079 Org\u00e1nica de Municipalidades. d) [&hellip;]\" \/>\n<meta property=\"og:url\" content=\"https:\/\/hcd.malargue.gov.ar\/?p=40092\" \/>\n<meta property=\"og:site_name\" content=\"Malarg\u00fce HCD\" \/>\n<meta property=\"article:published_time\" content=\"2026-03-11T11:15:31+00:00\" \/>\n<meta property=\"article:modified_time\" content=\"2026-03-11T11:24:19+00:00\" \/>\n<meta property=\"og:image\" content=\"https:\/\/hcd.malargue.gov.ar\/wp-content\/uploads\/2026\/03\/APERTURA-DE-SESIONES.png\" \/>\n\t<meta property=\"og:image:width\" content=\"940\" \/>\n\t<meta property=\"og:image:height\" content=\"604\" \/>\n\t<meta property=\"og:image:type\" content=\"image\/png\" \/>\n<meta name=\"author\" content=\"Belen Pedernera Ferragut\" \/>\n<meta name=\"twitter:card\" content=\"summary_large_image\" \/>\n<meta name=\"twitter:label1\" content=\"Escrito por\" \/>\n\t<meta name=\"twitter:data1\" content=\"Belen Pedernera Ferragut\" \/>\n\t<meta name=\"twitter:label2\" content=\"Tiempo de lectura\" \/>\n\t<meta name=\"twitter:data2\" content=\"6 minutos\" \/>\n<script type=\"application\/ld+json\" class=\"yoast-schema-graph\">{\"@context\":\"https:\/\/schema.org\",\"@graph\":[{\"@type\":\"WebPage\",\"@id\":\"https:\/\/hcd.malargue.gov.ar\/?p=40092\",\"url\":\"https:\/\/hcd.malargue.gov.ar\/?p=40092\",\"name\":\"ORDEN DEL D\u00cdA 1\u00b0 SESI\u00d3N ORDINARIA - Malarg\u00fce HCD\",\"isPartOf\":{\"@id\":\"https:\/\/hcd.malargue.gov.ar\/#website\"},\"datePublished\":\"2026-03-11T11:15:31+00:00\",\"dateModified\":\"2026-03-11T11:24:19+00:00\",\"author\":{\"@id\":\"https:\/\/hcd.malargue.gov.ar\/#\/schema\/person\/3fd6bbab64edd703961b795156c955d0\"},\"breadcrumb\":{\"@id\":\"https:\/\/hcd.malargue.gov.ar\/?p=40092#breadcrumb\"},\"inLanguage\":\"es-AR\",\"potentialAction\":[{\"@type\":\"ReadAction\",\"target\":[\"https:\/\/hcd.malargue.gov.ar\/?p=40092\"]}]},{\"@type\":\"BreadcrumbList\",\"@id\":\"https:\/\/hcd.malargue.gov.ar\/?p=40092#breadcrumb\",\"itemListElement\":[{\"@type\":\"ListItem\",\"position\":1,\"name\":\"Inicio\",\"item\":\"https:\/\/hcd.malargue.gov.ar\/\"},{\"@type\":\"ListItem\",\"position\":2,\"name\":\"ORDEN DEL D\u00cdA 1\u00b0 SESI\u00d3N ORDINARIA\"}]},{\"@type\":\"WebSite\",\"@id\":\"https:\/\/hcd.malargue.gov.ar\/#website\",\"url\":\"https:\/\/hcd.malargue.gov.ar\/\",\"name\":\"Malarg\u00fce HCD\",\"description\":\"Malarg\u00fce Mendoza Argentina\",\"potentialAction\":[{\"@type\":\"SearchAction\",\"target\":{\"@type\":\"EntryPoint\",\"urlTemplate\":\"https:\/\/hcd.malargue.gov.ar\/?s={search_term_string}\"},\"query-input\":\"required name=search_term_string\"}],\"inLanguage\":\"es-AR\"},{\"@type\":\"Person\",\"@id\":\"https:\/\/hcd.malargue.gov.ar\/#\/schema\/person\/3fd6bbab64edd703961b795156c955d0\",\"name\":\"Belen Pedernera Ferragut\",\"image\":{\"@type\":\"ImageObject\",\"inLanguage\":\"es-AR\",\"@id\":\"https:\/\/hcd.malargue.gov.ar\/#\/schema\/person\/image\/\",\"url\":\"https:\/\/secure.gravatar.com\/avatar\/1054ffab3893de4bb3eb29bdd22f7e34b8537bf5d34d9dab311818154ad5b71f?s=96&d=mm&r=g\",\"contentUrl\":\"https:\/\/secure.gravatar.com\/avatar\/1054ffab3893de4bb3eb29bdd22f7e34b8537bf5d34d9dab311818154ad5b71f?s=96&d=mm&r=g\",\"caption\":\"Belen Pedernera Ferragut\"},\"url\":\"https:\/\/hcd.malargue.gov.ar\/?author=5\"}]}<\/script>\n<!-- \/ Yoast SEO plugin. -->","yoast_head_json":{"title":"ORDEN DEL D\u00cdA 1\u00b0 SESI\u00d3N ORDINARIA - Malarg\u00fce HCD","robots":{"index":"index","follow":"follow","max-snippet":"max-snippet:-1","max-image-preview":"max-image-preview:large","max-video-preview":"max-video-preview:-1"},"canonical":"https:\/\/hcd.malargue.gov.ar\/?p=40092","og_locale":"es_ES","og_type":"article","og_title":"ORDEN DEL D\u00cdA 1\u00b0 SESI\u00d3N ORDINARIA - Malarg\u00fce HCD","og_description":"D\u00eda: Jueves 12 de marzo de 2.026 Hora: 09:00 a)Acto de \u00a0Izar la Ense\u00f1a Patria a cargo de la\u00a0Concejal Srta. Magali ACOSTA. b) Himno Nacional Argentino. c) Presentaci\u00f3n informe anual del Sr. Intendente Municipal Contador Celso Alejandro Jaque, seg\u00fan lo establecido en el Art. 105 Inc. 12 de la Ley 1.079 Org\u00e1nica de Municipalidades. d) [&hellip;]","og_url":"https:\/\/hcd.malargue.gov.ar\/?p=40092","og_site_name":"Malarg\u00fce HCD","article_published_time":"2026-03-11T11:15:31+00:00","article_modified_time":"2026-03-11T11:24:19+00:00","og_image":[{"width":940,"height":604,"url":"https:\/\/hcd.malargue.gov.ar\/wp-content\/uploads\/2026\/03\/APERTURA-DE-SESIONES.png","type":"image\/png"}],"author":"Belen Pedernera Ferragut","twitter_card":"summary_large_image","twitter_misc":{"Escrito por":"Belen Pedernera Ferragut","Tiempo de lectura":"6 minutos"},"schema":{"@context":"https:\/\/schema.org","@graph":[{"@type":"WebPage","@id":"https:\/\/hcd.malargue.gov.ar\/?p=40092","url":"https:\/\/hcd.malargue.gov.ar\/?p=40092","name":"ORDEN DEL D\u00cdA 1\u00b0 SESI\u00d3N ORDINARIA - Malarg\u00fce HCD","isPartOf":{"@id":"https:\/\/hcd.malargue.gov.ar\/#website"},"datePublished":"2026-03-11T11:15:31+00:00","dateModified":"2026-03-11T11:24:19+00:00","author":{"@id":"https:\/\/hcd.malargue.gov.ar\/#\/schema\/person\/3fd6bbab64edd703961b795156c955d0"},"breadcrumb":{"@id":"https:\/\/hcd.malargue.gov.ar\/?p=40092#breadcrumb"},"inLanguage":"es-AR","potentialAction":[{"@type":"ReadAction","target":["https:\/\/hcd.malargue.gov.ar\/?p=40092"]}]},{"@type":"BreadcrumbList","@id":"https:\/\/hcd.malargue.gov.ar\/?p=40092#breadcrumb","itemListElement":[{"@type":"ListItem","position":1,"name":"Inicio","item":"https:\/\/hcd.malargue.gov.ar\/"},{"@type":"ListItem","position":2,"name":"ORDEN DEL D\u00cdA 1\u00b0 SESI\u00d3N ORDINARIA"}]},{"@type":"WebSite","@id":"https:\/\/hcd.malargue.gov.ar\/#website","url":"https:\/\/hcd.malargue.gov.ar\/","name":"Malarg\u00fce HCD","description":"Malarg\u00fce Mendoza Argentina","potentialAction":[{"@type":"SearchAction","target":{"@type":"EntryPoint","urlTemplate":"https:\/\/hcd.malargue.gov.ar\/?s={search_term_string}"},"query-input":"required name=search_term_string"}],"inLanguage":"es-AR"},{"@type":"Person","@id":"https:\/\/hcd.malargue.gov.ar\/#\/schema\/person\/3fd6bbab64edd703961b795156c955d0","name":"Belen Pedernera Ferragut","image":{"@type":"ImageObject","inLanguage":"es-AR","@id":"https:\/\/hcd.malargue.gov.ar\/#\/schema\/person\/image\/","url":"https:\/\/secure.gravatar.com\/avatar\/1054ffab3893de4bb3eb29bdd22f7e34b8537bf5d34d9dab311818154ad5b71f?s=96&d=mm&r=g","contentUrl":"https:\/\/secure.gravatar.com\/avatar\/1054ffab3893de4bb3eb29bdd22f7e34b8537bf5d34d9dab311818154ad5b71f?s=96&d=mm&r=g","caption":"Belen Pedernera Ferragut"},"url":"https:\/\/hcd.malargue.gov.ar\/?author=5"}]}},"_links":{"self":[{"href":"https:\/\/hcd.malargue.gov.ar\/index.php?rest_route=\/wp\/v2\/posts\/40092","targetHints":{"allow":["GET"]}}],"collection":[{"href":"https:\/\/hcd.malargue.gov.ar\/index.php?rest_route=\/wp\/v2\/posts"}],"about":[{"href":"https:\/\/hcd.malargue.gov.ar\/index.php?rest_route=\/wp\/v2\/types\/post"}],"author":[{"embeddable":true,"href":"https:\/\/hcd.malargue.gov.ar\/index.php?rest_route=\/wp\/v2\/users\/5"}],"replies":[{"embeddable":true,"href":"https:\/\/hcd.malargue.gov.ar\/index.php?rest_route=%2Fwp%2Fv2%2Fcomments&post=40092"}],"version-history":[{"count":3,"href":"https:\/\/hcd.malargue.gov.ar\/index.php?rest_route=\/wp\/v2\/posts\/40092\/revisions"}],"predecessor-version":[{"id":40097,"href":"https:\/\/hcd.malargue.gov.ar\/index.php?rest_route=\/wp\/v2\/posts\/40092\/revisions\/40097"}],"wp:featuredmedia":[{"embeddable":true,"href":"https:\/\/hcd.malargue.gov.ar\/index.php?rest_route=\/wp\/v2\/media\/40093"}],"wp:attachment":[{"href":"https:\/\/hcd.malargue.gov.ar\/index.php?rest_route=%2Fwp%2Fv2%2Fmedia&parent=40092"}],"wp:term":[{"taxonomy":"category","embeddable":true,"href":"https:\/\/hcd.malargue.gov.ar\/index.php?rest_route=%2Fwp%2Fv2%2Fcategories&post=40092"},{"taxonomy":"post_tag","embeddable":true,"href":"https:\/\/hcd.malargue.gov.ar\/index.php?rest_route=%2Fwp%2Fv2%2Ftags&post=40092"}],"curies":[{"name":"wp","href":"https:\/\/api.w.org\/{rel}","templated":true}]}}