{"id":40098,"date":"2026-03-12T13:03:55","date_gmt":"2026-03-12T16:03:55","guid":{"rendered":"https:\/\/hcd.malargue.gov.ar\/?p=40098"},"modified":"2026-03-12T13:04:49","modified_gmt":"2026-03-12T16:04:49","slug":"se-realizo-la-apertura-sesiones-ordinarias-2026","status":"publish","type":"post","link":"https:\/\/hcd.malargue.gov.ar\/?p=40098","title":{"rendered":"SE REALIZ\u00d3 LA APERTURA SESIONES ORDINARIAS 2026"},"content":{"rendered":"\n<h5 class=\"wp-block-heading has-text-align-right\">SESI\u00d3N ORDINARIA \u2013\u00a0 12 de MARZO del 2026<\/h5>\n\n\n\n<h5 class=\"wp-block-heading has-text-align-right\">Presidiendo la Sesi\u00f3n:\u00a0\u00a0Concejal Pablo Cabrera (Bloque Partido Justicialista)<\/h5>\n\n\n\n<h5 class=\"wp-block-heading has-text-align-right\">Concejales Presentes: Magali Acosta, Emilce Mansilla, Rodrigo Hidalgo (Bloque Partido Justicialista), Silvina Camiolo (Reconstruyendo Malarg\u00fce), Francisco Parada (Bloque Encuentro), Martin Palma (Bloque UCR- Independiente), Elizabeth Gonz\u00e1lez (Bloque Uni\u00f3n Mendocina), Pablo Villarruel (Bloque UCR Malarg\u00fce), Vivana Mosca (Bloque Frente Cambia Mendoza).<\/h5>\n\n\n\n<p>Hoy, a las 09:00 hs, en la Sala de Sesiones Dr. Ricardo Balb\u00edn, el Honorable Concejo Deliberante dio inicio a la Sesi\u00f3n convocada para la fecha con el izamiento de la Bandera Nacional, seguido de la entonaci\u00f3n de las estrofas del Himno Nacional Argentino.<\/p>\n\n\n\n<p>Tras la bienvenida formal del Presidente del Honorable Concejo Deliberante, Pablo Cabrera, y de los Sres. Ediles, el Intendente Municipal, Cdor. Celso Jaque, present\u00f3 su Informe de Gesti\u00f3n correspondiente al a\u00f1o 2025, conforme al Art. 105 Inc. 12 de la Ley 1079 Org\u00e1nica de Municipalidades. <\/p>\n\n\n\n<p>El Cuerpo qued\u00f3 en cuarto intermedio hasta ma\u00f1 a las 9:00hrs donde retoma la Sesi\u00f3n. <\/p>\n\n\n\n<p><a href=\"https:\/\/www.facebook.com\/share\/v\/1AjegU8jJt\/\">El Intendente acompa\u00f1ado del Presidente del HCD y sus 3 Secretarios brindaron una conferencia de prensa.<\/a><\/p>\n\n\n\n<p class=\"has-text-align-center\">\ud83c\udfa5<strong>VER LA SESI\u00d3N EN VIVO<\/strong>: <a href=\"https:\/\/www.youtube.com\/watch?v=_fuze7uJL8I\">https:\/\/www.youtube.com\/watch?v=_fuze7uJL8I<\/a><\/p>\n\n\n\n<p class=\"has-text-align-center\"><a href=\"https:\/\/www.facebook.com\/media\/set?vanity=hcdmalargue&amp;set=a.1243715861267633\">\ud83d\udcf8 <strong>GALER\u00cdA DE FOTOS<\/strong><\/a><\/p>\n\n\n\n<p><\/p>\n","protected":false},"excerpt":{"rendered":"<p>SESI\u00d3N ORDINARIA \u2013\u00a0 12 de MARZO del 2026 Presidiendo la Sesi\u00f3n:\u00a0\u00a0Concejal Pablo Cabrera (Bloque Partido Justicialista) Concejales Presentes: Magali Acosta, Emilce Mansilla, Rodrigo Hidalgo (Bloque Partido Justicialista), Silvina Camiolo (Reconstruyendo Malarg\u00fce), Francisco Parada (Bloque Encuentro), Martin Palma (Bloque UCR- Independiente), Elizabeth Gonz\u00e1lez (Bloque Uni\u00f3n Mendocina), Pablo Villarruel (Bloque UCR Malarg\u00fce), Vivana Mosca (Bloque Frente Cambia [&hellip;]<\/p>\n","protected":false},"author":5,"featured_media":40113,"comment_status":"closed","ping_status":"closed","sticky":false,"template":"","format":"standard","meta":{"footnotes":""},"categories":[52,58,33,36],"tags":[],"class_list":["post-40098","post","type-post","status-publish","format-standard","has-post-thumbnail","hentry","category-gacetillas","category-ordinarias","category-prensa","category-sesiones"],"yoast_head":"<!-- This site is optimized with the Yoast SEO plugin v19.10 - https:\/\/yoast.com\/wordpress\/plugins\/seo\/ -->\n<title>SE REALIZ\u00d3 LA APERTURA SESIONES ORDINARIAS 2026 - Malarg\u00fce HCD<\/title>\n<meta name=\"robots\" content=\"index, follow, max-snippet:-1, max-image-preview:large, max-video-preview:-1\" \/>\n<link rel=\"canonical\" href=\"https:\/\/hcd.malargue.gov.ar\/?p=40098\" \/>\n<meta property=\"og:locale\" content=\"es_ES\" \/>\n<meta property=\"og:type\" content=\"article\" \/>\n<meta property=\"og:title\" content=\"SE REALIZ\u00d3 LA APERTURA SESIONES ORDINARIAS 2026 - Malarg\u00fce HCD\" \/>\n<meta property=\"og:description\" content=\"SESI\u00d3N ORDINARIA \u2013\u00a0 12 de MARZO del 2026 Presidiendo la Sesi\u00f3n:\u00a0\u00a0Concejal Pablo Cabrera (Bloque Partido Justicialista) Concejales Presentes: Magali Acosta, Emilce Mansilla, Rodrigo Hidalgo (Bloque Partido Justicialista), Silvina Camiolo (Reconstruyendo Malarg\u00fce), Francisco Parada (Bloque Encuentro), Martin Palma (Bloque UCR- Independiente), Elizabeth Gonz\u00e1lez (Bloque Uni\u00f3n Mendocina), Pablo Villarruel (Bloque UCR Malarg\u00fce), Vivana Mosca (Bloque Frente Cambia [&hellip;]\" \/>\n<meta property=\"og:url\" content=\"https:\/\/hcd.malargue.gov.ar\/?p=40098\" \/>\n<meta property=\"og:site_name\" content=\"Malarg\u00fce HCD\" \/>\n<meta property=\"article:published_time\" content=\"2026-03-12T16:03:55+00:00\" \/>\n<meta property=\"article:modified_time\" content=\"2026-03-12T16:04:49+00:00\" \/>\n<meta property=\"og:image\" content=\"https:\/\/hcd.malargue.gov.ar\/wp-content\/uploads\/2026\/03\/DSC_0376-Grande.jpg\" \/>\n\t<meta property=\"og:image:width\" content=\"1623\" \/>\n\t<meta property=\"og:image:height\" content=\"1080\" \/>\n\t<meta property=\"og:image:type\" content=\"image\/jpeg\" \/>\n<meta name=\"author\" content=\"Belen Pedernera Ferragut\" \/>\n<meta name=\"twitter:card\" content=\"summary_large_image\" \/>\n<meta name=\"twitter:label1\" content=\"Escrito por\" \/>\n\t<meta name=\"twitter:data1\" content=\"Belen Pedernera Ferragut\" \/>\n\t<meta name=\"twitter:label2\" content=\"Tiempo de lectura\" \/>\n\t<meta name=\"twitter:data2\" content=\"1 minuto\" \/>\n<script type=\"application\/ld+json\" class=\"yoast-schema-graph\">{\"@context\":\"https:\/\/schema.org\",\"@graph\":[{\"@type\":\"WebPage\",\"@id\":\"https:\/\/hcd.malargue.gov.ar\/?p=40098\",\"url\":\"https:\/\/hcd.malargue.gov.ar\/?p=40098\",\"name\":\"SE REALIZ\u00d3 LA APERTURA SESIONES ORDINARIAS 2026 - Malarg\u00fce HCD\",\"isPartOf\":{\"@id\":\"https:\/\/hcd.malargue.gov.ar\/#website\"},\"datePublished\":\"2026-03-12T16:03:55+00:00\",\"dateModified\":\"2026-03-12T16:04:49+00:00\",\"author\":{\"@id\":\"https:\/\/hcd.malargue.gov.ar\/#\/schema\/person\/3fd6bbab64edd703961b795156c955d0\"},\"breadcrumb\":{\"@id\":\"https:\/\/hcd.malargue.gov.ar\/?p=40098#breadcrumb\"},\"inLanguage\":\"es-AR\",\"potentialAction\":[{\"@type\":\"ReadAction\",\"target\":[\"https:\/\/hcd.malargue.gov.ar\/?p=40098\"]}]},{\"@type\":\"BreadcrumbList\",\"@id\":\"https:\/\/hcd.malargue.gov.ar\/?p=40098#breadcrumb\",\"itemListElement\":[{\"@type\":\"ListItem\",\"position\":1,\"name\":\"Inicio\",\"item\":\"https:\/\/hcd.malargue.gov.ar\/\"},{\"@type\":\"ListItem\",\"position\":2,\"name\":\"SE REALIZ\u00d3 LA APERTURA SESIONES ORDINARIAS 2026\"}]},{\"@type\":\"WebSite\",\"@id\":\"https:\/\/hcd.malargue.gov.ar\/#website\",\"url\":\"https:\/\/hcd.malargue.gov.ar\/\",\"name\":\"Malarg\u00fce HCD\",\"description\":\"Malarg\u00fce Mendoza Argentina\",\"potentialAction\":[{\"@type\":\"SearchAction\",\"target\":{\"@type\":\"EntryPoint\",\"urlTemplate\":\"https:\/\/hcd.malargue.gov.ar\/?s={search_term_string}\"},\"query-input\":\"required name=search_term_string\"}],\"inLanguage\":\"es-AR\"},{\"@type\":\"Person\",\"@id\":\"https:\/\/hcd.malargue.gov.ar\/#\/schema\/person\/3fd6bbab64edd703961b795156c955d0\",\"name\":\"Belen Pedernera Ferragut\",\"image\":{\"@type\":\"ImageObject\",\"inLanguage\":\"es-AR\",\"@id\":\"https:\/\/hcd.malargue.gov.ar\/#\/schema\/person\/image\/\",\"url\":\"https:\/\/secure.gravatar.com\/avatar\/1054ffab3893de4bb3eb29bdd22f7e34b8537bf5d34d9dab311818154ad5b71f?s=96&d=mm&r=g\",\"contentUrl\":\"https:\/\/secure.gravatar.com\/avatar\/1054ffab3893de4bb3eb29bdd22f7e34b8537bf5d34d9dab311818154ad5b71f?s=96&d=mm&r=g\",\"caption\":\"Belen Pedernera Ferragut\"},\"url\":\"https:\/\/hcd.malargue.gov.ar\/?author=5\"}]}<\/script>\n<!-- \/ Yoast SEO plugin. -->","yoast_head_json":{"title":"SE REALIZ\u00d3 LA APERTURA SESIONES ORDINARIAS 2026 - Malarg\u00fce HCD","robots":{"index":"index","follow":"follow","max-snippet":"max-snippet:-1","max-image-preview":"max-image-preview:large","max-video-preview":"max-video-preview:-1"},"canonical":"https:\/\/hcd.malargue.gov.ar\/?p=40098","og_locale":"es_ES","og_type":"article","og_title":"SE REALIZ\u00d3 LA APERTURA SESIONES ORDINARIAS 2026 - Malarg\u00fce HCD","og_description":"SESI\u00d3N ORDINARIA \u2013\u00a0 12 de MARZO del 2026 Presidiendo la Sesi\u00f3n:\u00a0\u00a0Concejal Pablo Cabrera (Bloque Partido Justicialista) Concejales Presentes: Magali Acosta, Emilce Mansilla, Rodrigo Hidalgo (Bloque Partido Justicialista), Silvina Camiolo (Reconstruyendo Malarg\u00fce), Francisco Parada (Bloque Encuentro), Martin Palma (Bloque UCR- Independiente), Elizabeth Gonz\u00e1lez (Bloque Uni\u00f3n Mendocina), Pablo Villarruel (Bloque UCR Malarg\u00fce), Vivana Mosca (Bloque Frente Cambia [&hellip;]","og_url":"https:\/\/hcd.malargue.gov.ar\/?p=40098","og_site_name":"Malarg\u00fce HCD","article_published_time":"2026-03-12T16:03:55+00:00","article_modified_time":"2026-03-12T16:04:49+00:00","og_image":[{"width":1623,"height":1080,"url":"https:\/\/hcd.malargue.gov.ar\/wp-content\/uploads\/2026\/03\/DSC_0376-Grande.jpg","type":"image\/jpeg"}],"author":"Belen Pedernera Ferragut","twitter_card":"summary_large_image","twitter_misc":{"Escrito por":"Belen Pedernera Ferragut","Tiempo de lectura":"1 minuto"},"schema":{"@context":"https:\/\/schema.org","@graph":[{"@type":"WebPage","@id":"https:\/\/hcd.malargue.gov.ar\/?p=40098","url":"https:\/\/hcd.malargue.gov.ar\/?p=40098","name":"SE REALIZ\u00d3 LA APERTURA SESIONES ORDINARIAS 2026 - Malarg\u00fce HCD","isPartOf":{"@id":"https:\/\/hcd.malargue.gov.ar\/#website"},"datePublished":"2026-03-12T16:03:55+00:00","dateModified":"2026-03-12T16:04:49+00:00","author":{"@id":"https:\/\/hcd.malargue.gov.ar\/#\/schema\/person\/3fd6bbab64edd703961b795156c955d0"},"breadcrumb":{"@id":"https:\/\/hcd.malargue.gov.ar\/?p=40098#breadcrumb"},"inLanguage":"es-AR","potentialAction":[{"@type":"ReadAction","target":["https:\/\/hcd.malargue.gov.ar\/?p=40098"]}]},{"@type":"BreadcrumbList","@id":"https:\/\/hcd.malargue.gov.ar\/?p=40098#breadcrumb","itemListElement":[{"@type":"ListItem","position":1,"name":"Inicio","item":"https:\/\/hcd.malargue.gov.ar\/"},{"@type":"ListItem","position":2,"name":"SE REALIZ\u00d3 LA APERTURA SESIONES ORDINARIAS 2026"}]},{"@type":"WebSite","@id":"https:\/\/hcd.malargue.gov.ar\/#website","url":"https:\/\/hcd.malargue.gov.ar\/","name":"Malarg\u00fce HCD","description":"Malarg\u00fce Mendoza Argentina","potentialAction":[{"@type":"SearchAction","target":{"@type":"EntryPoint","urlTemplate":"https:\/\/hcd.malargue.gov.ar\/?s={search_term_string}"},"query-input":"required name=search_term_string"}],"inLanguage":"es-AR"},{"@type":"Person","@id":"https:\/\/hcd.malargue.gov.ar\/#\/schema\/person\/3fd6bbab64edd703961b795156c955d0","name":"Belen Pedernera Ferragut","image":{"@type":"ImageObject","inLanguage":"es-AR","@id":"https:\/\/hcd.malargue.gov.ar\/#\/schema\/person\/image\/","url":"https:\/\/secure.gravatar.com\/avatar\/1054ffab3893de4bb3eb29bdd22f7e34b8537bf5d34d9dab311818154ad5b71f?s=96&d=mm&r=g","contentUrl":"https:\/\/secure.gravatar.com\/avatar\/1054ffab3893de4bb3eb29bdd22f7e34b8537bf5d34d9dab311818154ad5b71f?s=96&d=mm&r=g","caption":"Belen Pedernera Ferragut"},"url":"https:\/\/hcd.malargue.gov.ar\/?author=5"}]}},"_links":{"self":[{"href":"https:\/\/hcd.malargue.gov.ar\/index.php?rest_route=\/wp\/v2\/posts\/40098","targetHints":{"allow":["GET"]}}],"collection":[{"href":"https:\/\/hcd.malargue.gov.ar\/index.php?rest_route=\/wp\/v2\/posts"}],"about":[{"href":"https:\/\/hcd.malargue.gov.ar\/index.php?rest_route=\/wp\/v2\/types\/post"}],"author":[{"embeddable":true,"href":"https:\/\/hcd.malargue.gov.ar\/index.php?rest_route=\/wp\/v2\/users\/5"}],"replies":[{"embeddable":true,"href":"https:\/\/hcd.malargue.gov.ar\/index.php?rest_route=%2Fwp%2Fv2%2Fcomments&post=40098"}],"version-history":[{"count":6,"href":"https:\/\/hcd.malargue.gov.ar\/index.php?rest_route=\/wp\/v2\/posts\/40098\/revisions"}],"predecessor-version":[{"id":40115,"href":"https:\/\/hcd.malargue.gov.ar\/index.php?rest_route=\/wp\/v2\/posts\/40098\/revisions\/40115"}],"wp:featuredmedia":[{"embeddable":true,"href":"https:\/\/hcd.malargue.gov.ar\/index.php?rest_route=\/wp\/v2\/media\/40113"}],"wp:attachment":[{"href":"https:\/\/hcd.malargue.gov.ar\/index.php?rest_route=%2Fwp%2Fv2%2Fmedia&parent=40098"}],"wp:term":[{"taxonomy":"category","embeddable":true,"href":"https:\/\/hcd.malargue.gov.ar\/index.php?rest_route=%2Fwp%2Fv2%2Fcategories&post=40098"},{"taxonomy":"post_tag","embeddable":true,"href":"https:\/\/hcd.malargue.gov.ar\/index.php?rest_route=%2Fwp%2Fv2%2Ftags&post=40098"}],"curies":[{"name":"wp","href":"https:\/\/api.w.org\/{rel}","templated":true}]}}