{"id":40111,"date":"2026-03-13T12:19:07","date_gmt":"2026-03-13T15:19:07","guid":{"rendered":"https:\/\/hcd.malargue.gov.ar\/?p=40111"},"modified":"2026-03-13T12:19:15","modified_gmt":"2026-03-13T15:19:15","slug":"el-hcd-llevo-a-cabo-la-1-sesion-ordinaria-del-2026","status":"publish","type":"post","link":"https:\/\/hcd.malargue.gov.ar\/?p=40111","title":{"rendered":"EL HCD LLEV\u00d3 A CABO LA 1\u00b0 SESI\u00d3N ORDINARIA DEL 2026"},"content":{"rendered":"\n<h5 class=\"wp-block-heading has-text-align-right\">SESI\u00d3N ORDINARIA \u2013&nbsp; 12 de MARZO del 2026<\/h5>\n\n\n\n<h5 class=\"wp-block-heading has-text-align-right\">Presidiendo la Sesi\u00f3n:&nbsp;&nbsp;Concejal Pablo Cabrera (Bloque Partido Justicialista)<\/h5>\n\n\n\n<h5 class=\"wp-block-heading has-text-align-right\">Concejales Presentes: Emilce Mansilla, Rodrigo Hidalgo (Bloque Partido Justicialista), Silvina Camiolo (Reconstruyendo Malarg\u00fce), Francisco Parada (Bloque Encuentro), Elizabeth Gonz\u00e1lez (Bloque Uni\u00f3n Mendocina), Viviana Mosca (Bloque Frente Cambia Mendoza).<\/h5>\n\n\n\n<p>Luego que en el dia de ayer jueves 12 de marzo quedara\u00a0inaugurado el <a href=\"https:\/\/hcd.malargue.gov.ar\/?p=40098\"><strong>Periodo de Sesiones Ordinarias 2026 con el Informe Anual del Sr Intendente Municipal\u00a0<\/strong><\/a>, esta ma\u00f1ana se continuo con el cumplimiento del <a href=\"https:\/\/hcd.malargue.gov.ar\/?p=40092\">Orden del D\u00eda<\/a>, se\u00a0<strong><em>conformaron las Comisiones permanentes del Cuerpo detallando dia, hora <\/em><\/strong>que sera al igual al de 2025 y <strong><em>representantes por Bloque<\/em><\/strong>\u00a0en cada una de ellas se informa por nota a Secretaria. Adem\u00e1s se solicit\u00edo que la Comisi\u00f3n de Reglamento Interno continue funcionando y se reuna una vez por semana. <\/p>\n\n\n\n<p>En el punto\u00a0<strong><em>g)Determinaci\u00f3n de los Bloques que har\u00e1n uso de la palabra en fechas Patrias;\u00a0<\/em><\/strong>qued\u00f3 establecido unicamente el <em>2 de abril<\/em> para el <em>Concejal Francisco Parada del Bloque Encuentro.<\/em> La demas fechas seran sorteadas luego del recambio de Concejales enel mes de mayo.<\/p>\n\n\n<div class=\"wp-block-image\">\n<figure class=\"aligncenter size-large\"><img loading=\"lazy\" decoding=\"async\" width=\"1024\" height=\"576\" src=\"https:\/\/hcd.malargue.gov.ar\/wp-content\/uploads\/2026\/03\/WhatsApp-Image-2026-03-13-at-12.17.51-1024x576.jpeg\" alt=\"\" class=\"wp-image-40118\" srcset=\"https:\/\/hcd.malargue.gov.ar\/wp-content\/uploads\/2026\/03\/WhatsApp-Image-2026-03-13-at-12.17.51-1024x576.jpeg 1024w, https:\/\/hcd.malargue.gov.ar\/wp-content\/uploads\/2026\/03\/WhatsApp-Image-2026-03-13-at-12.17.51-300x169.jpeg 300w, https:\/\/hcd.malargue.gov.ar\/wp-content\/uploads\/2026\/03\/WhatsApp-Image-2026-03-13-at-12.17.51-768x432.jpeg 768w, https:\/\/hcd.malargue.gov.ar\/wp-content\/uploads\/2026\/03\/WhatsApp-Image-2026-03-13-at-12.17.51-1536x864.jpeg 1536w, https:\/\/hcd.malargue.gov.ar\/wp-content\/uploads\/2026\/03\/WhatsApp-Image-2026-03-13-at-12.17.51.jpeg 1600w\" sizes=\"auto, (max-width: 1024px) 100vw, 1024px\" \/><\/figure>\n<\/div>\n\n\n<p>Se elev\u00f3 un Proyecto de los Sres Concejales y\u00a02 Expedientes provenientes del Departamento Ejecutivo a las distintas Comisiones de trabajo para su correspondiente tratamiento. Detalle:<\/p>\n\n\n\n<p><strong><em>La COMISI\u00d3N DE HACIENDA PRESUPUESTO LEGISLACI\u00d3N Y ASUNTOS CONSTITUCIONALES (HPLAC) recepcionar\u00e1\u00a03 proyectos:<\/em><\/strong><\/p>\n\n\n\n<ul class=\"wp-block-list\">\n<li>Expte. N\u00b0 466\/2.026-0.Proyecto de Ordenanza: Regulaci\u00f3n horaria de circulaci\u00f3n de camiones de carga en el ejido urbano. (BLOQUE PARTIDO JUSTICIALISTA.).Autores: Concejales: Rodrigo HIDALGO, Pablo CABRERA; Magali ACOSTA; Emilce\u00a0 MANSILLA.<\/li>\n\n\n\n<li>Expte. N\u00b0 783\/2.026-0. Departamento Ejecutivo, remite informaci\u00f3n Responsabilidad Fiscal N\u00b0 3.949 del Honorable Tribunal de Cuentas. Cuarto Trimestre del Ejercicio 2.025. (Gesti\u00f3n Documental).<\/li>\n\n\n\n<li>Expte. N\u00b0 7.210\/2.025-0. Departamento Ejecutivo Municipal, remite informaci\u00f3n Responsabilidad Fiscal N\u00b0 3.949 del Honorable Tribunal de Cuentas. Tercer\u00a0 Trimestre Ejercicio\u00a0 2.025.<\/li>\n<\/ul>\n\n\n\n<p>Sobre Tablas se aprob\u00f3 una <strong>Resoluci\u00f3n <\/strong>mediante la cual se solicita a la Direcci\u00f3n Gral. de Escuelas de la Provincia de Mendoza, eval\u00fae la reconsideraci\u00f3n de la Resoluci\u00f3n N\u00b0 2.026-74-E-GDEMZA-DET y #DGE. (Expte. N\u00b0 900\/2.026-0)<\/p>\n\n\n\n<p>Sin m\u00e1s que tratar, el Presidente del Cuerpo Deliberativo dio por finalizada la Sesi\u00f3n.<\/p>\n\n\n\n<p class=\"has-text-align-center\">\ud83c\udfa5<strong>VER LA SESI\u00d3N EN VIVO<\/strong>: <a href=\"https:\/\/www.youtube.com\/watch?v=aNWFRyPf60U\">https:\/\/www.youtube.com\/watch?v=aNWFRyPf60U<\/a><\/p>\n\n\n\n<p class=\"has-text-align-center\">\ud83d\udcf8 <strong>GALER\u00cdA DE FOTOS<\/strong><\/p>\n","protected":false},"excerpt":{"rendered":"<p>SESI\u00d3N ORDINARIA \u2013&nbsp; 12 de MARZO del 2026 Presidiendo la Sesi\u00f3n:&nbsp;&nbsp;Concejal Pablo Cabrera (Bloque Partido Justicialista) Concejales Presentes: Emilce Mansilla, Rodrigo Hidalgo (Bloque Partido Justicialista), Silvina Camiolo (Reconstruyendo Malarg\u00fce), Francisco Parada (Bloque Encuentro), Elizabeth Gonz\u00e1lez (Bloque Uni\u00f3n Mendocina), Viviana Mosca (Bloque Frente Cambia Mendoza). Luego que en el dia de ayer jueves 12 de marzo [&hellip;]<\/p>\n","protected":false},"author":5,"featured_media":40117,"comment_status":"closed","ping_status":"closed","sticky":false,"template":"","format":"standard","meta":{"footnotes":""},"categories":[52,58,33,36],"tags":[],"class_list":["post-40111","post","type-post","status-publish","format-standard","has-post-thumbnail","hentry","category-gacetillas","category-ordinarias","category-prensa","category-sesiones"],"yoast_head":"<!-- This site is optimized with the Yoast SEO plugin v19.10 - https:\/\/yoast.com\/wordpress\/plugins\/seo\/ -->\n<title>EL HCD LLEV\u00d3 A CABO LA 1\u00b0 SESI\u00d3N ORDINARIA DEL 2026 - Malarg\u00fce HCD<\/title>\n<meta name=\"robots\" content=\"index, follow, max-snippet:-1, max-image-preview:large, max-video-preview:-1\" \/>\n<link rel=\"canonical\" href=\"https:\/\/hcd.malargue.gov.ar\/?p=40111\" \/>\n<meta property=\"og:locale\" content=\"es_ES\" \/>\n<meta property=\"og:type\" content=\"article\" \/>\n<meta property=\"og:title\" content=\"EL HCD LLEV\u00d3 A CABO LA 1\u00b0 SESI\u00d3N ORDINARIA DEL 2026 - Malarg\u00fce HCD\" \/>\n<meta property=\"og:description\" content=\"SESI\u00d3N ORDINARIA \u2013&nbsp; 12 de MARZO del 2026 Presidiendo la Sesi\u00f3n:&nbsp;&nbsp;Concejal Pablo Cabrera (Bloque Partido Justicialista) Concejales Presentes: Emilce Mansilla, Rodrigo Hidalgo (Bloque Partido Justicialista), Silvina Camiolo (Reconstruyendo Malarg\u00fce), Francisco Parada (Bloque Encuentro), Elizabeth Gonz\u00e1lez (Bloque Uni\u00f3n Mendocina), Viviana Mosca (Bloque Frente Cambia Mendoza). Luego que en el dia de ayer jueves 12 de marzo [&hellip;]\" \/>\n<meta property=\"og:url\" content=\"https:\/\/hcd.malargue.gov.ar\/?p=40111\" \/>\n<meta property=\"og:site_name\" content=\"Malarg\u00fce HCD\" \/>\n<meta property=\"article:published_time\" content=\"2026-03-13T15:19:07+00:00\" \/>\n<meta property=\"article:modified_time\" content=\"2026-03-13T15:19:15+00:00\" \/>\n<meta property=\"og:image\" content=\"https:\/\/hcd.malargue.gov.ar\/wp-content\/uploads\/2026\/03\/WhatsApp-Image-2026-03-13-at-12.17.19.jpeg\" \/>\n\t<meta property=\"og:image:width\" content=\"1600\" \/>\n\t<meta property=\"og:image:height\" content=\"900\" \/>\n\t<meta property=\"og:image:type\" content=\"image\/jpeg\" \/>\n<meta name=\"author\" content=\"Belen Pedernera Ferragut\" \/>\n<meta name=\"twitter:card\" content=\"summary_large_image\" \/>\n<meta name=\"twitter:label1\" content=\"Escrito por\" \/>\n\t<meta name=\"twitter:data1\" content=\"Belen Pedernera Ferragut\" \/>\n\t<meta name=\"twitter:label2\" content=\"Tiempo de lectura\" \/>\n\t<meta name=\"twitter:data2\" content=\"2 minutos\" \/>\n<script type=\"application\/ld+json\" class=\"yoast-schema-graph\">{\"@context\":\"https:\/\/schema.org\",\"@graph\":[{\"@type\":\"WebPage\",\"@id\":\"https:\/\/hcd.malargue.gov.ar\/?p=40111\",\"url\":\"https:\/\/hcd.malargue.gov.ar\/?p=40111\",\"name\":\"EL HCD LLEV\u00d3 A CABO LA 1\u00b0 SESI\u00d3N ORDINARIA DEL 2026 - Malarg\u00fce HCD\",\"isPartOf\":{\"@id\":\"https:\/\/hcd.malargue.gov.ar\/#website\"},\"datePublished\":\"2026-03-13T15:19:07+00:00\",\"dateModified\":\"2026-03-13T15:19:15+00:00\",\"author\":{\"@id\":\"https:\/\/hcd.malargue.gov.ar\/#\/schema\/person\/3fd6bbab64edd703961b795156c955d0\"},\"breadcrumb\":{\"@id\":\"https:\/\/hcd.malargue.gov.ar\/?p=40111#breadcrumb\"},\"inLanguage\":\"es-AR\",\"potentialAction\":[{\"@type\":\"ReadAction\",\"target\":[\"https:\/\/hcd.malargue.gov.ar\/?p=40111\"]}]},{\"@type\":\"BreadcrumbList\",\"@id\":\"https:\/\/hcd.malargue.gov.ar\/?p=40111#breadcrumb\",\"itemListElement\":[{\"@type\":\"ListItem\",\"position\":1,\"name\":\"Inicio\",\"item\":\"https:\/\/hcd.malargue.gov.ar\/\"},{\"@type\":\"ListItem\",\"position\":2,\"name\":\"EL HCD LLEV\u00d3 A CABO LA 1\u00b0 SESI\u00d3N ORDINARIA DEL 2026\"}]},{\"@type\":\"WebSite\",\"@id\":\"https:\/\/hcd.malargue.gov.ar\/#website\",\"url\":\"https:\/\/hcd.malargue.gov.ar\/\",\"name\":\"Malarg\u00fce HCD\",\"description\":\"Malarg\u00fce Mendoza Argentina\",\"potentialAction\":[{\"@type\":\"SearchAction\",\"target\":{\"@type\":\"EntryPoint\",\"urlTemplate\":\"https:\/\/hcd.malargue.gov.ar\/?s={search_term_string}\"},\"query-input\":\"required name=search_term_string\"}],\"inLanguage\":\"es-AR\"},{\"@type\":\"Person\",\"@id\":\"https:\/\/hcd.malargue.gov.ar\/#\/schema\/person\/3fd6bbab64edd703961b795156c955d0\",\"name\":\"Belen Pedernera Ferragut\",\"image\":{\"@type\":\"ImageObject\",\"inLanguage\":\"es-AR\",\"@id\":\"https:\/\/hcd.malargue.gov.ar\/#\/schema\/person\/image\/\",\"url\":\"https:\/\/secure.gravatar.com\/avatar\/1054ffab3893de4bb3eb29bdd22f7e34b8537bf5d34d9dab311818154ad5b71f?s=96&d=mm&r=g\",\"contentUrl\":\"https:\/\/secure.gravatar.com\/avatar\/1054ffab3893de4bb3eb29bdd22f7e34b8537bf5d34d9dab311818154ad5b71f?s=96&d=mm&r=g\",\"caption\":\"Belen Pedernera Ferragut\"},\"url\":\"https:\/\/hcd.malargue.gov.ar\/?author=5\"}]}<\/script>\n<!-- \/ Yoast SEO plugin. -->","yoast_head_json":{"title":"EL HCD LLEV\u00d3 A CABO LA 1\u00b0 SESI\u00d3N ORDINARIA DEL 2026 - Malarg\u00fce HCD","robots":{"index":"index","follow":"follow","max-snippet":"max-snippet:-1","max-image-preview":"max-image-preview:large","max-video-preview":"max-video-preview:-1"},"canonical":"https:\/\/hcd.malargue.gov.ar\/?p=40111","og_locale":"es_ES","og_type":"article","og_title":"EL HCD LLEV\u00d3 A CABO LA 1\u00b0 SESI\u00d3N ORDINARIA DEL 2026 - Malarg\u00fce HCD","og_description":"SESI\u00d3N ORDINARIA \u2013&nbsp; 12 de MARZO del 2026 Presidiendo la Sesi\u00f3n:&nbsp;&nbsp;Concejal Pablo Cabrera (Bloque Partido Justicialista) Concejales Presentes: Emilce Mansilla, Rodrigo Hidalgo (Bloque Partido Justicialista), Silvina Camiolo (Reconstruyendo Malarg\u00fce), Francisco Parada (Bloque Encuentro), Elizabeth Gonz\u00e1lez (Bloque Uni\u00f3n Mendocina), Viviana Mosca (Bloque Frente Cambia Mendoza). Luego que en el dia de ayer jueves 12 de marzo [&hellip;]","og_url":"https:\/\/hcd.malargue.gov.ar\/?p=40111","og_site_name":"Malarg\u00fce HCD","article_published_time":"2026-03-13T15:19:07+00:00","article_modified_time":"2026-03-13T15:19:15+00:00","og_image":[{"width":1600,"height":900,"url":"https:\/\/hcd.malargue.gov.ar\/wp-content\/uploads\/2026\/03\/WhatsApp-Image-2026-03-13-at-12.17.19.jpeg","type":"image\/jpeg"}],"author":"Belen Pedernera Ferragut","twitter_card":"summary_large_image","twitter_misc":{"Escrito por":"Belen Pedernera Ferragut","Tiempo de lectura":"2 minutos"},"schema":{"@context":"https:\/\/schema.org","@graph":[{"@type":"WebPage","@id":"https:\/\/hcd.malargue.gov.ar\/?p=40111","url":"https:\/\/hcd.malargue.gov.ar\/?p=40111","name":"EL HCD LLEV\u00d3 A CABO LA 1\u00b0 SESI\u00d3N ORDINARIA DEL 2026 - Malarg\u00fce HCD","isPartOf":{"@id":"https:\/\/hcd.malargue.gov.ar\/#website"},"datePublished":"2026-03-13T15:19:07+00:00","dateModified":"2026-03-13T15:19:15+00:00","author":{"@id":"https:\/\/hcd.malargue.gov.ar\/#\/schema\/person\/3fd6bbab64edd703961b795156c955d0"},"breadcrumb":{"@id":"https:\/\/hcd.malargue.gov.ar\/?p=40111#breadcrumb"},"inLanguage":"es-AR","potentialAction":[{"@type":"ReadAction","target":["https:\/\/hcd.malargue.gov.ar\/?p=40111"]}]},{"@type":"BreadcrumbList","@id":"https:\/\/hcd.malargue.gov.ar\/?p=40111#breadcrumb","itemListElement":[{"@type":"ListItem","position":1,"name":"Inicio","item":"https:\/\/hcd.malargue.gov.ar\/"},{"@type":"ListItem","position":2,"name":"EL HCD LLEV\u00d3 A CABO LA 1\u00b0 SESI\u00d3N ORDINARIA DEL 2026"}]},{"@type":"WebSite","@id":"https:\/\/hcd.malargue.gov.ar\/#website","url":"https:\/\/hcd.malargue.gov.ar\/","name":"Malarg\u00fce HCD","description":"Malarg\u00fce Mendoza Argentina","potentialAction":[{"@type":"SearchAction","target":{"@type":"EntryPoint","urlTemplate":"https:\/\/hcd.malargue.gov.ar\/?s={search_term_string}"},"query-input":"required name=search_term_string"}],"inLanguage":"es-AR"},{"@type":"Person","@id":"https:\/\/hcd.malargue.gov.ar\/#\/schema\/person\/3fd6bbab64edd703961b795156c955d0","name":"Belen Pedernera Ferragut","image":{"@type":"ImageObject","inLanguage":"es-AR","@id":"https:\/\/hcd.malargue.gov.ar\/#\/schema\/person\/image\/","url":"https:\/\/secure.gravatar.com\/avatar\/1054ffab3893de4bb3eb29bdd22f7e34b8537bf5d34d9dab311818154ad5b71f?s=96&d=mm&r=g","contentUrl":"https:\/\/secure.gravatar.com\/avatar\/1054ffab3893de4bb3eb29bdd22f7e34b8537bf5d34d9dab311818154ad5b71f?s=96&d=mm&r=g","caption":"Belen Pedernera Ferragut"},"url":"https:\/\/hcd.malargue.gov.ar\/?author=5"}]}},"_links":{"self":[{"href":"https:\/\/hcd.malargue.gov.ar\/index.php?rest_route=\/wp\/v2\/posts\/40111","targetHints":{"allow":["GET"]}}],"collection":[{"href":"https:\/\/hcd.malargue.gov.ar\/index.php?rest_route=\/wp\/v2\/posts"}],"about":[{"href":"https:\/\/hcd.malargue.gov.ar\/index.php?rest_route=\/wp\/v2\/types\/post"}],"author":[{"embeddable":true,"href":"https:\/\/hcd.malargue.gov.ar\/index.php?rest_route=\/wp\/v2\/users\/5"}],"replies":[{"embeddable":true,"href":"https:\/\/hcd.malargue.gov.ar\/index.php?rest_route=%2Fwp%2Fv2%2Fcomments&post=40111"}],"version-history":[{"count":3,"href":"https:\/\/hcd.malargue.gov.ar\/index.php?rest_route=\/wp\/v2\/posts\/40111\/revisions"}],"predecessor-version":[{"id":40119,"href":"https:\/\/hcd.malargue.gov.ar\/index.php?rest_route=\/wp\/v2\/posts\/40111\/revisions\/40119"}],"wp:featuredmedia":[{"embeddable":true,"href":"https:\/\/hcd.malargue.gov.ar\/index.php?rest_route=\/wp\/v2\/media\/40117"}],"wp:attachment":[{"href":"https:\/\/hcd.malargue.gov.ar\/index.php?rest_route=%2Fwp%2Fv2%2Fmedia&parent=40111"}],"wp:term":[{"taxonomy":"category","embeddable":true,"href":"https:\/\/hcd.malargue.gov.ar\/index.php?rest_route=%2Fwp%2Fv2%2Fcategories&post=40111"},{"taxonomy":"post_tag","embeddable":true,"href":"https:\/\/hcd.malargue.gov.ar\/index.php?rest_route=%2Fwp%2Fv2%2Ftags&post=40111"}],"curies":[{"name":"wp","href":"https:\/\/api.w.org\/{rel}","templated":true}]}}