{"id":40139,"date":"2026-03-18T12:57:07","date_gmt":"2026-03-18T15:57:07","guid":{"rendered":"https:\/\/hcd.malargue.gov.ar\/?p=40139"},"modified":"2026-03-18T12:58:07","modified_gmt":"2026-03-18T15:58:07","slug":"orden-del-dia-sesion-ordinaria-30","status":"publish","type":"post","link":"https:\/\/hcd.malargue.gov.ar\/?p=40139","title":{"rendered":"ORDEN DEL D\u00cdA 2\u00b0 SESION ORDINARIA"},"content":{"rendered":"\n<p><strong>D\u00cdA: jueves 19 de marzo de 2.026<\/strong><\/p>\n\n\n\n<p><strong>Hora: 08:50<\/strong><\/p>\n\n\n\n<p><strong>BANCA DEL CIUDADANO: Sr. Marcos Torres.<\/strong><\/p>\n\n\n\n<p><strong>Tema: Falencias de la Obra Social OSEP<\/strong><\/p>\n\n\n\n<p><strong><em>a) Acto de Izar la Ense\u00f1a Patria a cargo de la Concejal Sra. Silvina CAMIOLO.<\/em><\/strong><\/p>\n\n\n\n<p><strong><em>b) Homenaje de los Se\u00f1ores Concejales.<\/em><\/strong><\/p>\n\n\n\n<p><strong><em>c) Consideraci\u00f3n Acta Ordinaria N\u00b0 1.214-\u201cO\u201d-2.026; Sesi\u00f3n Especial N\u00b0 04-2.026.<\/em><\/strong><\/p>\n\n\n\n<p><strong><em>d) Lectura del detalle de la correspondencia recibida y emitida.<\/em><\/strong><\/p>\n\n\n\n<p><strong><em>e) Determinaci\u00f3n de los temas que ser\u00e1n incluidos en el punto Asuntos Varios y puesta a consideraci\u00f3n de mociones de Tratamientos Sobre Tablas de diversos Exptes.<\/em><\/strong><\/p>\n\n\n\n<p><strong><em>f) Proyecto de los Sres. Concejales:<\/em><\/strong><\/p>\n\n\n\n<ol style=\"list-style-type:lower-alpha\" class=\"wp-block-list\"><\/ol>\n\n\n\n<p>1). Expte. N\u00b0 1.003\/2.026. Proyecto de Ordenanza: Declarar al Departamento de Malarg\u00fce como \u201cCiudad Comprometida con la Paz\u201d. (BLOQUE UCR-MALARG\u00dcE). Autor: Concejal: Pablo VILLARRUEL.<\/p>\n\n\n\n<p>2) Expte. N\u00b0 1.004\/2.026-0. Proyecto de Resoluci\u00f3n: Declarar de Inter\u00e9s Hist\u00f3rico, Patrimonial y Cultural la obra art\u00edstica \u201cImagen del Sagrado Coraz\u00f3n de Jes\u00fas\u201d, ubicado en Ruta Nacional 40 Sur. Km 329.300. Autor\u00eda del Sr. Le\u00f3n Alberto Kras\u00f3n. (BLOQUE ENCUENTRO). Autor: Concejal: Francisco PARADA.<\/p>\n\n\n\n<p>3) Expte. N\u00b0 1.005\/2.026-0. Proyecto de Resoluci\u00f3n: Solicitar al Departamento Ejecutivo Municipal y a los Legisladores por el Cuarto Distrito, articulen los medios para una actualizaci\u00f3n de la Declaraci\u00f3n de Impacto Ambiental del Gasoducto Papagayos- Malarg\u00fce y gestionen los medios para su pronta ejecuci\u00f3n e inicio efectivo de trabajos. (BLOQUE ENCUENTRO.) Autor. Concejal: Francisco PARADA.<\/p>\n\n\n\n<p><strong><em>&nbsp;g) Expedientes provenientes del Departamento Ejecutivo.<\/em><\/strong><\/p>\n\n\n\n<p>&nbsp;&nbsp;&nbsp;&nbsp;&nbsp;&nbsp;&nbsp;&nbsp;&nbsp; No ingresados<\/p>\n\n\n\n<p><strong><em>&nbsp;h)<\/em><\/strong><em> <strong>Despachos de las Comisiones de Trabajo<\/strong>:<\/em><\/p>\n\n\n\n<p>&nbsp;&nbsp;&nbsp;&nbsp;&nbsp;&nbsp;&nbsp;&nbsp;&nbsp;&nbsp;&nbsp; No ingresados<\/p>\n\n\n\n<p><strong><em>i)<\/em><\/strong><em> <strong>Asuntos Varios<\/strong><\/em><\/p>\n\n\n\n<p><strong><em>j<\/em><\/strong><em>) <strong>Acto de arriar el Pabell\u00f3n Nacional a cargo del Concejal que lo iz\u00f3.-<\/strong><\/em><\/p>\n\n\n\n<p class=\"has-text-align-right\"><strong><em>&nbsp;&nbsp;&nbsp;&nbsp;&nbsp;&nbsp;&nbsp;&nbsp;&nbsp;&nbsp;&nbsp;&nbsp;&nbsp;&nbsp;&nbsp;&nbsp;&nbsp;&nbsp;&nbsp;&nbsp;&nbsp;&nbsp;&nbsp;&nbsp;&nbsp;&nbsp;&nbsp;&nbsp;&nbsp;&nbsp;&nbsp;&nbsp;&nbsp;&nbsp;&nbsp;&nbsp;&nbsp;&nbsp;&nbsp;&nbsp;&nbsp;&nbsp;&nbsp;&nbsp;&nbsp;&nbsp;&nbsp; Presidencia H.C.D. 17 de marzo de 2.026<\/em><\/strong><\/p>\n\n\n\n<p><strong>CORRESPONDENCIA PARA LA SESI\u00d3N<\/strong><\/p>\n\n\n\n<p><strong>DEL D\u00cdA JUEVES&nbsp; 19 DE MARZO DE 2.026<\/strong><\/p>\n\n\n\n<ol class=\"wp-block-list\">\n<li>Solicitud N\u00b0 18.814\/2.026. Sra. Mariela Palma, solicita intervenci\u00f3n del Honorable Cuerpo estudie su situaci\u00f3n para obtener una respuesta afirmativa a su reclamo.<\/li>\n\n\n\n<li>Solicitud N\u00b0 18.880\/2.026. Sr. Crist\u00f3bal Villar, solicita se Declare de Inter\u00e9s Patrimonial, Natural y Cultural del Departamento de Malarg\u00fce, al ave cuyo nombre es Loica.<\/li>\n\n\n\n<li>Solicitud N\u00b0 18.913\/2.026. Coordinadora Maeva Schuster, Coordinadora Gral. Programa Conectados por Mendoza Futura, invita al Evento Apertura de Temporada 2.026 del Programa.<\/li>\n\n\n\n<li>Solicitud N\u00b0 18.926\/2.026. Oficina de Despacho. Municipalidad de Malarg\u00fce, eleva\u00a0 Decreto N\u00b0 196\/2.026. Comodato entre la Municipalidad de Malarg\u00fce y la Sociedad Rural del Secano Mendocino, para conocimiento.<\/li>\n\n\n\n<li>Solicitud N\u00b0 18.952\/2.026. Sra. Carina Barone, solicita hacer Uso de la Banca del Ciudadano. Tema: Tarifaria Municipal impuesta en el a\u00f1o 2.024.<\/li>\n\n\n\n<li>Solicitud N\u00b0 18.977\/2.026. Oficina de Despacho. Municipalidad de Malarg\u00fce, eleva\u00a0 Decretos Municipales meses de enero y febrero de 2.026 en formato digital (Pendrive) para conocimiento.<\/li>\n\n\n\n<li>Solicitud N\u00b0 19.028\/2.026. Sra. Luz Acosta, solicita intervenci\u00f3n del Honorable Concejo Deliberante para dar soluci\u00f3n al conflicto habitacional que la aqueja junto con su hijo.<\/li>\n\n\n\n<li>Solicitud N\u00b0 19.078\/2.026. Sr. Jos\u00e9 S\u00e1nchez Cara en representaci\u00f3n de la Asociaci\u00f3n de Comunidades Pehuenches de Malarg\u00fce, solicita hacer uso de la Banca del Ciudadano. Tema: Problem\u00e1tica de tierras y del Corral del Estado.<\/li>\n\n\n\n<li>Solicitud N\u00b0 19.147\/2.026. Bloque Reconstruyendo Malarg\u00fce, eleva nota para la Comisi\u00f3n de E.H.M.A.S. y C.<\/li>\n<\/ol>\n\n\n\n<p>NOTAS EMITIDAS<\/p>\n\n\n\n<ol class=\"wp-block-list\">\n<li>Al Sr. Marcos Torres, informando que podr\u00e1 hacer uso de la Banca del Ciudadano.<\/li>\n<\/ol>\n","protected":false},"excerpt":{"rendered":"<p>D\u00cdA: jueves 19 de marzo de 2.026 Hora: 08:50 BANCA DEL CIUDADANO: Sr. Marcos Torres. Tema: Falencias de la Obra Social OSEP a) Acto de Izar la Ense\u00f1a Patria a cargo de la Concejal Sra. Silvina CAMIOLO. b) Homenaje de los Se\u00f1ores Concejales. c) Consideraci\u00f3n Acta Ordinaria N\u00b0 1.214-\u201cO\u201d-2.026; Sesi\u00f3n Especial N\u00b0 04-2.026. d) Lectura [&hellip;]<\/p>\n","protected":false},"author":5,"featured_media":39127,"comment_status":"closed","ping_status":"closed","sticky":false,"template":"","format":"standard","meta":{"footnotes":""},"categories":[83,52,84,58,33,36],"tags":[],"class_list":["post-40139","post","type-post","status-publish","format-standard","has-post-thumbnail","hentry","category-banca-del-ciudadano","category-gacetillas","category-orden-del-dia","category-ordinarias","category-prensa","category-sesiones"],"yoast_head":"<!-- This site is optimized with the Yoast SEO plugin v19.10 - https:\/\/yoast.com\/wordpress\/plugins\/seo\/ -->\n<title>ORDEN DEL D\u00cdA 2\u00b0 SESION ORDINARIA - Malarg\u00fce HCD<\/title>\n<meta name=\"robots\" content=\"index, follow, max-snippet:-1, max-image-preview:large, max-video-preview:-1\" \/>\n<link rel=\"canonical\" href=\"https:\/\/hcd.malargue.gov.ar\/?p=40139\" \/>\n<meta property=\"og:locale\" content=\"es_ES\" \/>\n<meta property=\"og:type\" content=\"article\" \/>\n<meta property=\"og:title\" content=\"ORDEN DEL D\u00cdA 2\u00b0 SESION ORDINARIA - Malarg\u00fce HCD\" \/>\n<meta property=\"og:description\" content=\"D\u00cdA: jueves 19 de marzo de 2.026 Hora: 08:50 BANCA DEL CIUDADANO: Sr. Marcos Torres. Tema: Falencias de la Obra Social OSEP a) Acto de Izar la Ense\u00f1a Patria a cargo de la Concejal Sra. Silvina CAMIOLO. b) Homenaje de los Se\u00f1ores Concejales. c) Consideraci\u00f3n Acta Ordinaria N\u00b0 1.214-\u201cO\u201d-2.026; Sesi\u00f3n Especial N\u00b0 04-2.026. d) Lectura [&hellip;]\" \/>\n<meta property=\"og:url\" content=\"https:\/\/hcd.malargue.gov.ar\/?p=40139\" \/>\n<meta property=\"og:site_name\" content=\"Malarg\u00fce HCD\" \/>\n<meta property=\"article:published_time\" content=\"2026-03-18T15:57:07+00:00\" \/>\n<meta property=\"article:modified_time\" content=\"2026-03-18T15:58:07+00:00\" \/>\n<meta property=\"og:image\" content=\"https:\/\/hcd.malargue.gov.ar\/wp-content\/uploads\/2025\/06\/PERIODO-2025.jpg\" \/>\n\t<meta property=\"og:image:width\" content=\"1640\" \/>\n\t<meta property=\"og:image:height\" content=\"924\" \/>\n\t<meta property=\"og:image:type\" content=\"image\/jpeg\" \/>\n<meta name=\"author\" content=\"Belen Pedernera Ferragut\" \/>\n<meta name=\"twitter:card\" content=\"summary_large_image\" \/>\n<meta name=\"twitter:label1\" content=\"Escrito por\" \/>\n\t<meta name=\"twitter:data1\" content=\"Belen Pedernera Ferragut\" \/>\n\t<meta name=\"twitter:label2\" content=\"Tiempo de lectura\" \/>\n\t<meta name=\"twitter:data2\" content=\"3 minutos\" \/>\n<script type=\"application\/ld+json\" class=\"yoast-schema-graph\">{\"@context\":\"https:\/\/schema.org\",\"@graph\":[{\"@type\":\"WebPage\",\"@id\":\"https:\/\/hcd.malargue.gov.ar\/?p=40139\",\"url\":\"https:\/\/hcd.malargue.gov.ar\/?p=40139\",\"name\":\"ORDEN DEL D\u00cdA 2\u00b0 SESION ORDINARIA - Malarg\u00fce HCD\",\"isPartOf\":{\"@id\":\"https:\/\/hcd.malargue.gov.ar\/#website\"},\"datePublished\":\"2026-03-18T15:57:07+00:00\",\"dateModified\":\"2026-03-18T15:58:07+00:00\",\"author\":{\"@id\":\"https:\/\/hcd.malargue.gov.ar\/#\/schema\/person\/3fd6bbab64edd703961b795156c955d0\"},\"breadcrumb\":{\"@id\":\"https:\/\/hcd.malargue.gov.ar\/?p=40139#breadcrumb\"},\"inLanguage\":\"es-AR\",\"potentialAction\":[{\"@type\":\"ReadAction\",\"target\":[\"https:\/\/hcd.malargue.gov.ar\/?p=40139\"]}]},{\"@type\":\"BreadcrumbList\",\"@id\":\"https:\/\/hcd.malargue.gov.ar\/?p=40139#breadcrumb\",\"itemListElement\":[{\"@type\":\"ListItem\",\"position\":1,\"name\":\"Inicio\",\"item\":\"https:\/\/hcd.malargue.gov.ar\/\"},{\"@type\":\"ListItem\",\"position\":2,\"name\":\"ORDEN DEL D\u00cdA 2\u00b0 SESION ORDINARIA\"}]},{\"@type\":\"WebSite\",\"@id\":\"https:\/\/hcd.malargue.gov.ar\/#website\",\"url\":\"https:\/\/hcd.malargue.gov.ar\/\",\"name\":\"Malarg\u00fce HCD\",\"description\":\"Malarg\u00fce Mendoza Argentina\",\"potentialAction\":[{\"@type\":\"SearchAction\",\"target\":{\"@type\":\"EntryPoint\",\"urlTemplate\":\"https:\/\/hcd.malargue.gov.ar\/?s={search_term_string}\"},\"query-input\":\"required name=search_term_string\"}],\"inLanguage\":\"es-AR\"},{\"@type\":\"Person\",\"@id\":\"https:\/\/hcd.malargue.gov.ar\/#\/schema\/person\/3fd6bbab64edd703961b795156c955d0\",\"name\":\"Belen Pedernera Ferragut\",\"image\":{\"@type\":\"ImageObject\",\"inLanguage\":\"es-AR\",\"@id\":\"https:\/\/hcd.malargue.gov.ar\/#\/schema\/person\/image\/\",\"url\":\"https:\/\/secure.gravatar.com\/avatar\/1054ffab3893de4bb3eb29bdd22f7e34b8537bf5d34d9dab311818154ad5b71f?s=96&d=mm&r=g\",\"contentUrl\":\"https:\/\/secure.gravatar.com\/avatar\/1054ffab3893de4bb3eb29bdd22f7e34b8537bf5d34d9dab311818154ad5b71f?s=96&d=mm&r=g\",\"caption\":\"Belen Pedernera Ferragut\"},\"url\":\"https:\/\/hcd.malargue.gov.ar\/?author=5\"}]}<\/script>\n<!-- \/ Yoast SEO plugin. -->","yoast_head_json":{"title":"ORDEN DEL D\u00cdA 2\u00b0 SESION ORDINARIA - Malarg\u00fce HCD","robots":{"index":"index","follow":"follow","max-snippet":"max-snippet:-1","max-image-preview":"max-image-preview:large","max-video-preview":"max-video-preview:-1"},"canonical":"https:\/\/hcd.malargue.gov.ar\/?p=40139","og_locale":"es_ES","og_type":"article","og_title":"ORDEN DEL D\u00cdA 2\u00b0 SESION ORDINARIA - Malarg\u00fce HCD","og_description":"D\u00cdA: jueves 19 de marzo de 2.026 Hora: 08:50 BANCA DEL CIUDADANO: Sr. Marcos Torres. Tema: Falencias de la Obra Social OSEP a) Acto de Izar la Ense\u00f1a Patria a cargo de la Concejal Sra. Silvina CAMIOLO. b) Homenaje de los Se\u00f1ores Concejales. c) Consideraci\u00f3n Acta Ordinaria N\u00b0 1.214-\u201cO\u201d-2.026; Sesi\u00f3n Especial N\u00b0 04-2.026. d) Lectura [&hellip;]","og_url":"https:\/\/hcd.malargue.gov.ar\/?p=40139","og_site_name":"Malarg\u00fce HCD","article_published_time":"2026-03-18T15:57:07+00:00","article_modified_time":"2026-03-18T15:58:07+00:00","og_image":[{"width":1640,"height":924,"url":"https:\/\/hcd.malargue.gov.ar\/wp-content\/uploads\/2025\/06\/PERIODO-2025.jpg","type":"image\/jpeg"}],"author":"Belen Pedernera Ferragut","twitter_card":"summary_large_image","twitter_misc":{"Escrito por":"Belen Pedernera Ferragut","Tiempo de lectura":"3 minutos"},"schema":{"@context":"https:\/\/schema.org","@graph":[{"@type":"WebPage","@id":"https:\/\/hcd.malargue.gov.ar\/?p=40139","url":"https:\/\/hcd.malargue.gov.ar\/?p=40139","name":"ORDEN DEL D\u00cdA 2\u00b0 SESION ORDINARIA - Malarg\u00fce HCD","isPartOf":{"@id":"https:\/\/hcd.malargue.gov.ar\/#website"},"datePublished":"2026-03-18T15:57:07+00:00","dateModified":"2026-03-18T15:58:07+00:00","author":{"@id":"https:\/\/hcd.malargue.gov.ar\/#\/schema\/person\/3fd6bbab64edd703961b795156c955d0"},"breadcrumb":{"@id":"https:\/\/hcd.malargue.gov.ar\/?p=40139#breadcrumb"},"inLanguage":"es-AR","potentialAction":[{"@type":"ReadAction","target":["https:\/\/hcd.malargue.gov.ar\/?p=40139"]}]},{"@type":"BreadcrumbList","@id":"https:\/\/hcd.malargue.gov.ar\/?p=40139#breadcrumb","itemListElement":[{"@type":"ListItem","position":1,"name":"Inicio","item":"https:\/\/hcd.malargue.gov.ar\/"},{"@type":"ListItem","position":2,"name":"ORDEN DEL D\u00cdA 2\u00b0 SESION ORDINARIA"}]},{"@type":"WebSite","@id":"https:\/\/hcd.malargue.gov.ar\/#website","url":"https:\/\/hcd.malargue.gov.ar\/","name":"Malarg\u00fce HCD","description":"Malarg\u00fce Mendoza Argentina","potentialAction":[{"@type":"SearchAction","target":{"@type":"EntryPoint","urlTemplate":"https:\/\/hcd.malargue.gov.ar\/?s={search_term_string}"},"query-input":"required name=search_term_string"}],"inLanguage":"es-AR"},{"@type":"Person","@id":"https:\/\/hcd.malargue.gov.ar\/#\/schema\/person\/3fd6bbab64edd703961b795156c955d0","name":"Belen Pedernera Ferragut","image":{"@type":"ImageObject","inLanguage":"es-AR","@id":"https:\/\/hcd.malargue.gov.ar\/#\/schema\/person\/image\/","url":"https:\/\/secure.gravatar.com\/avatar\/1054ffab3893de4bb3eb29bdd22f7e34b8537bf5d34d9dab311818154ad5b71f?s=96&d=mm&r=g","contentUrl":"https:\/\/secure.gravatar.com\/avatar\/1054ffab3893de4bb3eb29bdd22f7e34b8537bf5d34d9dab311818154ad5b71f?s=96&d=mm&r=g","caption":"Belen Pedernera Ferragut"},"url":"https:\/\/hcd.malargue.gov.ar\/?author=5"}]}},"_links":{"self":[{"href":"https:\/\/hcd.malargue.gov.ar\/index.php?rest_route=\/wp\/v2\/posts\/40139","targetHints":{"allow":["GET"]}}],"collection":[{"href":"https:\/\/hcd.malargue.gov.ar\/index.php?rest_route=\/wp\/v2\/posts"}],"about":[{"href":"https:\/\/hcd.malargue.gov.ar\/index.php?rest_route=\/wp\/v2\/types\/post"}],"author":[{"embeddable":true,"href":"https:\/\/hcd.malargue.gov.ar\/index.php?rest_route=\/wp\/v2\/users\/5"}],"replies":[{"embeddable":true,"href":"https:\/\/hcd.malargue.gov.ar\/index.php?rest_route=%2Fwp%2Fv2%2Fcomments&post=40139"}],"version-history":[{"count":2,"href":"https:\/\/hcd.malargue.gov.ar\/index.php?rest_route=\/wp\/v2\/posts\/40139\/revisions"}],"predecessor-version":[{"id":40142,"href":"https:\/\/hcd.malargue.gov.ar\/index.php?rest_route=\/wp\/v2\/posts\/40139\/revisions\/40142"}],"wp:featuredmedia":[{"embeddable":true,"href":"https:\/\/hcd.malargue.gov.ar\/index.php?rest_route=\/wp\/v2\/media\/39127"}],"wp:attachment":[{"href":"https:\/\/hcd.malargue.gov.ar\/index.php?rest_route=%2Fwp%2Fv2%2Fmedia&parent=40139"}],"wp:term":[{"taxonomy":"category","embeddable":true,"href":"https:\/\/hcd.malargue.gov.ar\/index.php?rest_route=%2Fwp%2Fv2%2Fcategories&post=40139"},{"taxonomy":"post_tag","embeddable":true,"href":"https:\/\/hcd.malargue.gov.ar\/index.php?rest_route=%2Fwp%2Fv2%2Ftags&post=40139"}],"curies":[{"name":"wp","href":"https:\/\/api.w.org\/{rel}","templated":true}]}}