{"id":40327,"date":"2026-04-27T12:49:06","date_gmt":"2026-04-27T15:49:06","guid":{"rendered":"https:\/\/hcd.malargue.gov.ar\/?p=40327"},"modified":"2026-04-27T12:49:14","modified_gmt":"2026-04-27T15:49:14","slug":"resolucion-n-061-2-026","status":"publish","type":"post","link":"https:\/\/hcd.malargue.gov.ar\/?p=40327","title":{"rendered":"RESOLUCI\u00d3N N\u00b0 061\/2.026"},"content":{"rendered":"\n<h4 class=\"wp-block-heading has-text-align-center\">El HCD aprueb\u00f3 los diplomas y docuementacion de los nuevos Concejales<\/h4>\n\n\n\n<p><em>El Concejo Deliberante de Malarg\u00fce aprob\u00f3 la Resoluci\u00f3n N\u00b0 061\/2026, mediante la cual se validan los diplomas y la documentaci\u00f3n de los Concejales electos que se incorporar\u00e1n al Cuerpo legislativo.<\/em><\/p>\n\n\n\n<p><em>La medida se enmarca en lo establecido por la Ley Org\u00e1nica de Municipalidades N\u00b0 1.079 y la Constituci\u00f3n de la Provincia de Mendoza, que otorgan a los Concejos Deliberantes la facultad de juzgar la validez o nulidad de las elecciones y la elegibilidad de sus miembros.<\/em><\/p>\n\n\n\n<p><em>En este sentido, la <a href=\"https:\/\/hcd.malargue.gov.ar\/?p=40260\">Comisi\u00f3n de Poderes fue la encargada de recepcionar y analizar la documentaci\u00f3n <\/a>correspondiente, dando cumplimiento a la normativa vigente y al dictamen de la Junta Electoral Provincial, que previamente valid\u00f3 los comicios.<\/em><\/p>\n\n\n\n<p><em>A partir del 1 de mayo de 2026, se incorporar\u00e1n al Honorable Concejo Deliberante los siguientes representantes: <strong>Daniel Alberto Mart\u00ednez, Carla Antonela Casado y Mar\u00eda Laura Cecconato por La Libertad Avanza + Cambia Mendoza; Edgardo David Guzm\u00e1n por Fuerza Justicialista Mendoza; y Ana Silvina Camiolo por el Frente Verde.<\/strong><\/em><\/p>\n\n\n\n<p><em>Los Concejales asumir\u00e1n sus funciones con mandato constitucional hasta el 30 de abril de 2030, en cumplimiento de los plazos establecidos por la normativa vigente. De esta manera, el Cuerpo Deliberativo garantiza el respeto a la voluntad popular expresada en las urnas y el normal funcionamiento institucional.<\/em><\/p>\n\n\n\n<p><strong>Nota Relacionada: <\/strong><a href=\"https:\/\/hcd.malargue.gov.ar\/?p=40293\">https:\/\/hcd.malargue.gov.ar\/?p=40293<\/a><\/p>\n\n\n\n<p class=\"has-text-align-center\"><strong>PIEZA LEGAL<\/strong><\/p>\n\n\n<div class=\"wp-block-image\">\n<figure class=\"alignright size-full is-resized\"><a href=\"http:\/\/hcd.malargue.gov.ar\/2026\/rn%20061%202026%20comision%20de%20poderes.pdf\"><img loading=\"lazy\" decoding=\"async\" width=\"512\" height=\"512\" src=\"https:\/\/hcd.malargue.gov.ar\/wp-content\/uploads\/2018\/06\/PDF-JPG.jpg\" alt=\"\" class=\"wp-image-7950\" style=\"width:161px;height:auto\" srcset=\"https:\/\/hcd.malargue.gov.ar\/wp-content\/uploads\/2018\/06\/PDF-JPG.jpg 512w, https:\/\/hcd.malargue.gov.ar\/wp-content\/uploads\/2018\/06\/PDF-JPG-150x150.jpg 150w, https:\/\/hcd.malargue.gov.ar\/wp-content\/uploads\/2018\/06\/PDF-JPG-300x300.jpg 300w\" sizes=\"auto, (max-width: 512px) 100vw, 512px\" \/><\/a><\/figure>\n<\/div>\n\n\n<p>VISTO: La Comisi\u00f3n de Poderes, designada por Resoluci\u00f3n N\u00ba 059\/2.026, ha solicitado y recepcionado la documentaci\u00f3n a los Concejales Electos, dando de esta forma cumplimiento del Art\u00edculo 45\u00ba&nbsp; de la Ley Org\u00e1nica de Municipalidades N\u00ba 1.079, que expresa: \u201c Que cada Concejo es juez de la validez y nulidad de sus miembros, como as\u00ed mismo sus condiciones de elegibilidad\u201d .<\/p>\n\n\n\n<p>&nbsp;&nbsp;&nbsp;&nbsp;&nbsp;&nbsp;&nbsp;&nbsp;&nbsp;&nbsp;&nbsp; y;<\/p>\n\n\n\n<p>CONSIDERANDO: Que el Art\u00edculo 200 de la Constituci\u00f3n de la Provincia de Mendoza establece que son atribuciones inherentes de las Municipalidades juzgar la validez o nulidad de la elecci\u00f3n y en concordancia con lo indicado en el Art\u00edculo 1\u00ba del Reglamento Interno del Honorable Concejo Deliberante, que expresa. Que cada Concejo proceder\u00e1 a juzgar la validez o nulidad de las elecciones y la calidad de los electos.<\/p>\n\n\n\n<p>Que corresponde acatar el dictamen de la Junta&nbsp; Electoral Provincial que juzgara en primera instancia la validez de los comicios otorgando a sus electos los respectivos diplomas. (Art\u00edculo 56\u00ba de la Constituci\u00f3n Provincial).<\/p>\n\n\n\n<p>Que la calidad de la democracia justifica la existencia del Concejo Deliberante cuyos integrantes \u201cser\u00e1n elegidos directamente por el pueblo, por los respectivos municipios\u201d (Art\u00edculo 197\u00ba de la Constituci\u00f3n Provincial), lo que obliga a este \u00f3rgano a actuar en forma responsable y respetuosa para garantizar el cumplimiento de la voluntad expresada en las urnas.<\/p>\n\n\n\n<p>Que dentro de los Concejos, es la Comisi\u00f3n de Poderes la encargada de expedirse sobre \u00e9ste&nbsp; tema, tal como lo expresa el Art\u00edculo 1\u00b0 y 4\u00ba Reglamento Interno.<\/p>\n\n\n\n<p>EL HONORABLE CONCEJO DELIBERANTE DE LA MUNICIPALIDAD DE MALARG\u00dcE EN USO DE LAS FACULTADES QUE LE SON PROPIAS<\/p>\n\n\n\n<p class=\"has-text-align-center\">RESUELVE<\/p>\n\n\n\n<p>ART\u00cdCULO 1\u00ba: Aprobar los diplomas y documentaci\u00f3n probatoria de la calidad de los Concejales Electos.<\/p>\n\n\n\n<p>ART\u00cdCULO 2\u00ba: Incorporar a partir del d\u00eda 1\u00b0 de mayo de 2026, a los siguientes Concejales:<\/p>\n\n\n\n<p>&nbsp;&nbsp;&nbsp;&nbsp;&nbsp;&nbsp;&nbsp;&nbsp;&nbsp;&nbsp;&nbsp; <strong><u>La Libertad&nbsp; Avanza + Cambia Mendoza:<\/u><\/strong><\/p>\n\n\n\n<p>&nbsp;&nbsp;&nbsp;&nbsp;&nbsp;&nbsp;&nbsp;&nbsp;&nbsp;&nbsp;&nbsp; <strong><em>Mart\u00ednez, Daniel Alberto <\/em><\/strong><em>&nbsp;&nbsp;&nbsp;&nbsp;&nbsp; <\/em>D.N.I. N\u00ba 24.661.642<\/p>\n\n\n\n<p>&nbsp;&nbsp;&nbsp;&nbsp;&nbsp;&nbsp;&nbsp;&nbsp;&nbsp;&nbsp;&nbsp; <strong><em>Casado Carla Antonela&nbsp;&nbsp; <\/em><\/strong>&nbsp;&nbsp;&nbsp;&nbsp;&nbsp;&nbsp; D.N.I. N\u00ba 36.629.024<\/p>\n\n\n\n<p><strong><em>&nbsp;&nbsp;&nbsp;&nbsp;&nbsp;&nbsp;&nbsp;&nbsp;&nbsp;&nbsp;&nbsp; Cecconato Mar\u00eda Laura&nbsp;&nbsp; &nbsp;&nbsp;&nbsp;&nbsp;&nbsp; <\/em><\/strong>D.N.I. N\u00b0 25.349.228<\/p>\n\n\n\n<p><strong><u>Fuerza Justicialista Mendoza :<\/u><\/strong><\/p>\n\n\n\n<p>&nbsp;&nbsp;&nbsp;&nbsp;&nbsp;&nbsp;&nbsp;&nbsp;&nbsp;&nbsp;&nbsp; &nbsp;<strong><em>Guzm\u00e1n Edgardo David &nbsp;&nbsp;&nbsp;&nbsp;&nbsp; <\/em><\/strong>D.N.I. N\u00b0 27.980.507<\/p>\n\n\n\n<p><strong><u>Frente Verde:<\/u><\/strong><strong><em><\/em><\/strong><\/p>\n\n\n\n<p>&nbsp;&nbsp;&nbsp;&nbsp;&nbsp;&nbsp;&nbsp;&nbsp;&nbsp;&nbsp;&nbsp; &nbsp;<strong><em>Camiolo Ana Silvina<\/em><\/strong> &nbsp;&nbsp;&nbsp;&nbsp;&nbsp;&nbsp;&nbsp;&nbsp;&nbsp;&nbsp;&nbsp; D.N.I. N\u00ba 32.085.577<\/p>\n\n\n\n<p>ART\u00cdCULO 3\u00ba: Los Concejales incorporados en el&nbsp; Art\u00edculo&nbsp; 2\u00b0, tendr\u00e1n mandato <strong>constitucional hasta el d\u00eda 30 de abril&nbsp; de 2.030 a la hora&nbsp; 24:00&nbsp; o bien&nbsp; hasta la hora 00:00 del 01 de mayo de 2.030.<\/strong><\/p>\n\n\n\n<p>ART\u00cdCULO 4\u00ba:&nbsp; Comun\u00edquese, reg\u00edstrese, agr\u00e9guese copia de la presente en las actuaciones correspondientes y arch\u00edvese.<\/p>\n\n\n\n<p>DADA EN LA SALA DE SESIONES DR. RICARDO BALBIN DEL HONORABLE CONCEJO DELIBERANTE DE LA MUNICIPALIDAD DE MALARG\u00dcE A VEINTITRES D\u00cdAS DE ABRIL DE DOS MIL VEINTISEIS.<\/p>\n","protected":false},"excerpt":{"rendered":"<p>El HCD aprueb\u00f3 los diplomas y docuementacion de los nuevos Concejales El Concejo Deliberante de Malarg\u00fce aprob\u00f3 la Resoluci\u00f3n N\u00b0 061\/2026, mediante la cual se validan los diplomas y la documentaci\u00f3n de los Concejales electos que se incorporar\u00e1n al Cuerpo legislativo. La medida se enmarca en lo establecido por la Ley Org\u00e1nica de Municipalidades N\u00b0 [&hellip;]<\/p>\n","protected":false},"author":5,"featured_media":40328,"comment_status":"closed","ping_status":"closed","sticky":false,"template":"","format":"standard","meta":{"footnotes":""},"categories":[52,29,33,51],"tags":[],"class_list":["post-40327","post","type-post","status-publish","format-standard","has-post-thumbnail","hentry","category-gacetillas","category-lesgilacion","category-prensa","category-resoluciones"],"yoast_head":"<!-- This site is optimized with the Yoast SEO plugin v19.10 - https:\/\/yoast.com\/wordpress\/plugins\/seo\/ -->\n<title>RESOLUCI\u00d3N N\u00b0 061\/2.026 - Malarg\u00fce HCD<\/title>\n<meta name=\"robots\" content=\"index, follow, max-snippet:-1, max-image-preview:large, max-video-preview:-1\" \/>\n<link rel=\"canonical\" href=\"https:\/\/hcd.malargue.gov.ar\/?p=40327\" \/>\n<meta property=\"og:locale\" content=\"es_ES\" \/>\n<meta property=\"og:type\" content=\"article\" \/>\n<meta property=\"og:title\" content=\"RESOLUCI\u00d3N N\u00b0 061\/2.026 - Malarg\u00fce HCD\" \/>\n<meta property=\"og:description\" content=\"El HCD aprueb\u00f3 los diplomas y docuementacion de los nuevos Concejales El Concejo Deliberante de Malarg\u00fce aprob\u00f3 la Resoluci\u00f3n N\u00b0 061\/2026, mediante la cual se validan los diplomas y la documentaci\u00f3n de los Concejales electos que se incorporar\u00e1n al Cuerpo legislativo. La medida se enmarca en lo establecido por la Ley Org\u00e1nica de Municipalidades N\u00b0 [&hellip;]\" \/>\n<meta property=\"og:url\" content=\"https:\/\/hcd.malargue.gov.ar\/?p=40327\" \/>\n<meta property=\"og:site_name\" content=\"Malarg\u00fce HCD\" \/>\n<meta property=\"article:published_time\" content=\"2026-04-27T15:49:06+00:00\" \/>\n<meta property=\"article:modified_time\" content=\"2026-04-27T15:49:14+00:00\" \/>\n<meta property=\"og:image\" content=\"https:\/\/hcd.malargue.gov.ar\/wp-content\/uploads\/2026\/04\/RESOLUCION-061-2026.png\" \/>\n\t<meta property=\"og:image:width\" content=\"940\" \/>\n\t<meta property=\"og:image:height\" content=\"788\" \/>\n\t<meta property=\"og:image:type\" content=\"image\/png\" \/>\n<meta name=\"author\" content=\"Belen Pedernera Ferragut\" \/>\n<meta name=\"twitter:card\" content=\"summary_large_image\" \/>\n<meta name=\"twitter:label1\" content=\"Escrito por\" \/>\n\t<meta name=\"twitter:data1\" content=\"Belen Pedernera Ferragut\" \/>\n\t<meta name=\"twitter:label2\" content=\"Tiempo de lectura\" \/>\n\t<meta name=\"twitter:data2\" content=\"4 minutos\" \/>\n<script type=\"application\/ld+json\" class=\"yoast-schema-graph\">{\"@context\":\"https:\/\/schema.org\",\"@graph\":[{\"@type\":\"WebPage\",\"@id\":\"https:\/\/hcd.malargue.gov.ar\/?p=40327\",\"url\":\"https:\/\/hcd.malargue.gov.ar\/?p=40327\",\"name\":\"RESOLUCI\u00d3N N\u00b0 061\/2.026 - Malarg\u00fce HCD\",\"isPartOf\":{\"@id\":\"https:\/\/hcd.malargue.gov.ar\/#website\"},\"datePublished\":\"2026-04-27T15:49:06+00:00\",\"dateModified\":\"2026-04-27T15:49:14+00:00\",\"author\":{\"@id\":\"https:\/\/hcd.malargue.gov.ar\/#\/schema\/person\/3fd6bbab64edd703961b795156c955d0\"},\"breadcrumb\":{\"@id\":\"https:\/\/hcd.malargue.gov.ar\/?p=40327#breadcrumb\"},\"inLanguage\":\"es-AR\",\"potentialAction\":[{\"@type\":\"ReadAction\",\"target\":[\"https:\/\/hcd.malargue.gov.ar\/?p=40327\"]}]},{\"@type\":\"BreadcrumbList\",\"@id\":\"https:\/\/hcd.malargue.gov.ar\/?p=40327#breadcrumb\",\"itemListElement\":[{\"@type\":\"ListItem\",\"position\":1,\"name\":\"Inicio\",\"item\":\"https:\/\/hcd.malargue.gov.ar\/\"},{\"@type\":\"ListItem\",\"position\":2,\"name\":\"RESOLUCI\u00d3N N\u00b0 061\/2.026\"}]},{\"@type\":\"WebSite\",\"@id\":\"https:\/\/hcd.malargue.gov.ar\/#website\",\"url\":\"https:\/\/hcd.malargue.gov.ar\/\",\"name\":\"Malarg\u00fce HCD\",\"description\":\"Malarg\u00fce Mendoza Argentina\",\"potentialAction\":[{\"@type\":\"SearchAction\",\"target\":{\"@type\":\"EntryPoint\",\"urlTemplate\":\"https:\/\/hcd.malargue.gov.ar\/?s={search_term_string}\"},\"query-input\":\"required name=search_term_string\"}],\"inLanguage\":\"es-AR\"},{\"@type\":\"Person\",\"@id\":\"https:\/\/hcd.malargue.gov.ar\/#\/schema\/person\/3fd6bbab64edd703961b795156c955d0\",\"name\":\"Belen Pedernera Ferragut\",\"image\":{\"@type\":\"ImageObject\",\"inLanguage\":\"es-AR\",\"@id\":\"https:\/\/hcd.malargue.gov.ar\/#\/schema\/person\/image\/\",\"url\":\"https:\/\/secure.gravatar.com\/avatar\/1054ffab3893de4bb3eb29bdd22f7e34b8537bf5d34d9dab311818154ad5b71f?s=96&d=mm&r=g\",\"contentUrl\":\"https:\/\/secure.gravatar.com\/avatar\/1054ffab3893de4bb3eb29bdd22f7e34b8537bf5d34d9dab311818154ad5b71f?s=96&d=mm&r=g\",\"caption\":\"Belen Pedernera Ferragut\"},\"url\":\"https:\/\/hcd.malargue.gov.ar\/?author=5\"}]}<\/script>\n<!-- \/ Yoast SEO plugin. -->","yoast_head_json":{"title":"RESOLUCI\u00d3N N\u00b0 061\/2.026 - Malarg\u00fce HCD","robots":{"index":"index","follow":"follow","max-snippet":"max-snippet:-1","max-image-preview":"max-image-preview:large","max-video-preview":"max-video-preview:-1"},"canonical":"https:\/\/hcd.malargue.gov.ar\/?p=40327","og_locale":"es_ES","og_type":"article","og_title":"RESOLUCI\u00d3N N\u00b0 061\/2.026 - Malarg\u00fce HCD","og_description":"El HCD aprueb\u00f3 los diplomas y docuementacion de los nuevos Concejales El Concejo Deliberante de Malarg\u00fce aprob\u00f3 la Resoluci\u00f3n N\u00b0 061\/2026, mediante la cual se validan los diplomas y la documentaci\u00f3n de los Concejales electos que se incorporar\u00e1n al Cuerpo legislativo. La medida se enmarca en lo establecido por la Ley Org\u00e1nica de Municipalidades N\u00b0 [&hellip;]","og_url":"https:\/\/hcd.malargue.gov.ar\/?p=40327","og_site_name":"Malarg\u00fce HCD","article_published_time":"2026-04-27T15:49:06+00:00","article_modified_time":"2026-04-27T15:49:14+00:00","og_image":[{"width":940,"height":788,"url":"https:\/\/hcd.malargue.gov.ar\/wp-content\/uploads\/2026\/04\/RESOLUCION-061-2026.png","type":"image\/png"}],"author":"Belen Pedernera Ferragut","twitter_card":"summary_large_image","twitter_misc":{"Escrito por":"Belen Pedernera Ferragut","Tiempo de lectura":"4 minutos"},"schema":{"@context":"https:\/\/schema.org","@graph":[{"@type":"WebPage","@id":"https:\/\/hcd.malargue.gov.ar\/?p=40327","url":"https:\/\/hcd.malargue.gov.ar\/?p=40327","name":"RESOLUCI\u00d3N N\u00b0 061\/2.026 - Malarg\u00fce HCD","isPartOf":{"@id":"https:\/\/hcd.malargue.gov.ar\/#website"},"datePublished":"2026-04-27T15:49:06+00:00","dateModified":"2026-04-27T15:49:14+00:00","author":{"@id":"https:\/\/hcd.malargue.gov.ar\/#\/schema\/person\/3fd6bbab64edd703961b795156c955d0"},"breadcrumb":{"@id":"https:\/\/hcd.malargue.gov.ar\/?p=40327#breadcrumb"},"inLanguage":"es-AR","potentialAction":[{"@type":"ReadAction","target":["https:\/\/hcd.malargue.gov.ar\/?p=40327"]}]},{"@type":"BreadcrumbList","@id":"https:\/\/hcd.malargue.gov.ar\/?p=40327#breadcrumb","itemListElement":[{"@type":"ListItem","position":1,"name":"Inicio","item":"https:\/\/hcd.malargue.gov.ar\/"},{"@type":"ListItem","position":2,"name":"RESOLUCI\u00d3N N\u00b0 061\/2.026"}]},{"@type":"WebSite","@id":"https:\/\/hcd.malargue.gov.ar\/#website","url":"https:\/\/hcd.malargue.gov.ar\/","name":"Malarg\u00fce HCD","description":"Malarg\u00fce Mendoza Argentina","potentialAction":[{"@type":"SearchAction","target":{"@type":"EntryPoint","urlTemplate":"https:\/\/hcd.malargue.gov.ar\/?s={search_term_string}"},"query-input":"required name=search_term_string"}],"inLanguage":"es-AR"},{"@type":"Person","@id":"https:\/\/hcd.malargue.gov.ar\/#\/schema\/person\/3fd6bbab64edd703961b795156c955d0","name":"Belen Pedernera Ferragut","image":{"@type":"ImageObject","inLanguage":"es-AR","@id":"https:\/\/hcd.malargue.gov.ar\/#\/schema\/person\/image\/","url":"https:\/\/secure.gravatar.com\/avatar\/1054ffab3893de4bb3eb29bdd22f7e34b8537bf5d34d9dab311818154ad5b71f?s=96&d=mm&r=g","contentUrl":"https:\/\/secure.gravatar.com\/avatar\/1054ffab3893de4bb3eb29bdd22f7e34b8537bf5d34d9dab311818154ad5b71f?s=96&d=mm&r=g","caption":"Belen Pedernera Ferragut"},"url":"https:\/\/hcd.malargue.gov.ar\/?author=5"}]}},"_links":{"self":[{"href":"https:\/\/hcd.malargue.gov.ar\/index.php?rest_route=\/wp\/v2\/posts\/40327","targetHints":{"allow":["GET"]}}],"collection":[{"href":"https:\/\/hcd.malargue.gov.ar\/index.php?rest_route=\/wp\/v2\/posts"}],"about":[{"href":"https:\/\/hcd.malargue.gov.ar\/index.php?rest_route=\/wp\/v2\/types\/post"}],"author":[{"embeddable":true,"href":"https:\/\/hcd.malargue.gov.ar\/index.php?rest_route=\/wp\/v2\/users\/5"}],"replies":[{"embeddable":true,"href":"https:\/\/hcd.malargue.gov.ar\/index.php?rest_route=%2Fwp%2Fv2%2Fcomments&post=40327"}],"version-history":[{"count":1,"href":"https:\/\/hcd.malargue.gov.ar\/index.php?rest_route=\/wp\/v2\/posts\/40327\/revisions"}],"predecessor-version":[{"id":40329,"href":"https:\/\/hcd.malargue.gov.ar\/index.php?rest_route=\/wp\/v2\/posts\/40327\/revisions\/40329"}],"wp:featuredmedia":[{"embeddable":true,"href":"https:\/\/hcd.malargue.gov.ar\/index.php?rest_route=\/wp\/v2\/media\/40328"}],"wp:attachment":[{"href":"https:\/\/hcd.malargue.gov.ar\/index.php?rest_route=%2Fwp%2Fv2%2Fmedia&parent=40327"}],"wp:term":[{"taxonomy":"category","embeddable":true,"href":"https:\/\/hcd.malargue.gov.ar\/index.php?rest_route=%2Fwp%2Fv2%2Fcategories&post=40327"},{"taxonomy":"post_tag","embeddable":true,"href":"https:\/\/hcd.malargue.gov.ar\/index.php?rest_route=%2Fwp%2Fv2%2Ftags&post=40327"}],"curies":[{"name":"wp","href":"https:\/\/api.w.org\/{rel}","templated":true}]}}