{"id":40330,"date":"2026-04-28T11:27:11","date_gmt":"2026-04-28T14:27:11","guid":{"rendered":"https:\/\/hcd.malargue.gov.ar\/?p=40330"},"modified":"2026-04-28T13:57:58","modified_gmt":"2026-04-28T16:57:58","slug":"juraron-los-concejales-electos-de-malargue","status":"publish","type":"post","link":"https:\/\/hcd.malargue.gov.ar\/?p=40330","title":{"rendered":"TOMA JURAMENTO CONCEJALES DE MALARG\u00dcE"},"content":{"rendered":"\n<h6 class=\"wp-block-heading has-text-align-right\">SESI\u00d3N ESPECIAL \u2013&nbsp; 28 de Abril del 2026<\/h6>\n\n\n\n<h6 class=\"wp-block-heading has-text-align-right\">Presidiendo la Sesi\u00f3n:&nbsp;&nbsp;Concejal Pablo Cabrera (Bloque Partido Justicialista)<\/h6>\n\n\n\n<h6 class=\"wp-block-heading has-text-align-right\">Concejales Presentes:&nbsp; Magali Acosta, Emilce Mansilla,Rodrigo Hidalgo (Bloque Partido Justicialista), Francisco Parada (Bloque Encuentro)&nbsp;Elizabeth Gonzalez (Bloque Uni\u00f3n Mendocina), Martin Palma (Bloque Independiente), Pablo Villarruel (Bloque UCR Malarg\u00fce) Viviana Mosca (Bloque Frente Cambia Mendoza).<\/h6>\n\n\n\n<p><em>En un sal\u00f3n colmado del Honorable Concejo Deliberante de Malarg\u00fce, se llev\u00f3 a cabo la <a href=\"https:\/\/hcd.malargue.gov.ar\/?p=40300\">Sesi\u00f3n Especial en la que prestaron juramento los concejales electos <\/a>en las elecciones legislativas de octubre de 2025.<\/em><\/p>\n\n\n\n<p><em>El acto dio inicio a las 09:00 con el izamiento de la bandera, a cargo del presidente del Concejo Deliberante, seguido de la entonaci\u00f3n del Himno Nacional Argentino.<\/em><\/p>\n\n\n\n<p><em>Posteriormente, los concejales salientes Camiolo, Palma, Parada, Hidalgo y Mosca hicieron uso de la palabra, brindando un sentido homenaje a los ediles que estaban por asumir sus funciones.<\/em><\/p>\n\n\n\n<p><em>Durante la Sesi\u00f3n se realiz\u00f3 la lectura de la <a href=\"https:\/\/hcd.malargue.gov.ar\/?p=40327\">Resoluci\u00f3n N\u00ba 061\/2026<\/a>, correspondiente al dictamen de la Comisi\u00f3n de Poderes, mediante la cual se aprobaron los diplomas y la documentaci\u00f3n probatoria de los concejales electos. Los mismos se incorporar\u00e1n a partir del 1 de mayo de 2026 y cumplir\u00e1n mandato constitucional hasta el 30 de abril de 2030.<\/em><\/p>\n\n\n\n<p><em>A continuaci\u00f3n, el Presidente del Cuerpo, concejal Pablo Cabrera, procedi\u00f3 a la toma de juramento de los nuevos Ediles, quienes son:<\/em><\/p>\n\n\n\n<p><strong>La Libertad Avanza + Cambia Mendoza:<\/strong><\/p>\n\n\n\n<ul class=\"wp-block-list\">\n<li>Daniel Alberto Mart\u00ednez<\/li>\n\n\n\n<li>Carla Antonela Casado<\/li>\n\n\n\n<li>Mar\u00eda Laura Cecconato<\/li>\n<\/ul>\n\n\n\n<p><strong>Fuerza Justicialista Mendoza:<\/strong><\/p>\n\n\n\n<ul class=\"wp-block-list\">\n<li>Edgardo David Guzm\u00e1n<\/li>\n<\/ul>\n\n\n\n<p><strong>Frente Verde:<\/strong><\/p>\n\n\n\n<ul class=\"wp-block-list\">\n<li>Ana Silvina Camiolo (Renueva)<\/li>\n<\/ul>\n\n\n<div class=\"wp-block-image\">\n<figure class=\"aligncenter size-large\"><img loading=\"lazy\" decoding=\"async\" width=\"1024\" height=\"681\" src=\"https:\/\/hcd.malargue.gov.ar\/wp-content\/uploads\/2026\/04\/DSC_8441-Grande-1024x681.jpg\" alt=\"\" class=\"wp-image-40333\" srcset=\"https:\/\/hcd.malargue.gov.ar\/wp-content\/uploads\/2026\/04\/DSC_8441-Grande-1024x681.jpg 1024w, https:\/\/hcd.malargue.gov.ar\/wp-content\/uploads\/2026\/04\/DSC_8441-Grande-300x200.jpg 300w, https:\/\/hcd.malargue.gov.ar\/wp-content\/uploads\/2026\/04\/DSC_8441-Grande-768x511.jpg 768w, https:\/\/hcd.malargue.gov.ar\/wp-content\/uploads\/2026\/04\/DSC_8441-Grande-1536x1022.jpg 1536w, https:\/\/hcd.malargue.gov.ar\/wp-content\/uploads\/2026\/04\/DSC_8441-Grande.jpg 1623w\" sizes=\"auto, (max-width: 1024px) 100vw, 1024px\" \/><\/figure>\n<\/div>\n\n\n<p>Cabe destacar que los Concejales que contin\u00faan en funciones por dos a\u00f1os m\u00e1s son:<\/p>\n\n\n\n<p><strong>La Uni\u00f3n Mendocina:<\/strong><\/p>\n\n\n\n<ul class=\"wp-block-list\">\n<li>Elizabeth Mar\u00eda Gonz\u00e1lez<\/li>\n<\/ul>\n\n\n\n<p><strong>UCR Malarg\u00fce:<\/strong><\/p>\n\n\n\n<ul class=\"wp-block-list\">\n<li>Pablo Villarruel<\/li>\n<\/ul>\n\n\n\n<p><strong>Partido Justicialista:<\/strong><\/p>\n\n\n\n<ul class=\"wp-block-list\">\n<li>Pablo Cabrera<\/li>\n\n\n\n<li>Emilce Mansilla<\/li>\n\n\n\n<li>Magali Acosta<\/li>\n<\/ul>\n\n\n\n<p class=\"has-text-align-center\">\ud83c\udfa5 <strong>VER LA SESI\u00d3N EN VIVO<\/strong>: <a href=\"https:\/\/www.youtube.com\/watch?v=BAS0ytph4pc\">https:\/\/www.youtube.com\/watch?v=BAS0ytph4pc<\/a><\/p>\n\n\n\n<p class=\"has-text-align-center\"><a href=\"https:\/\/www.facebook.com\/share\/p\/1FdpXEFbad\/\">\ud83d\udcf8 <strong>GALERIA DE FOTOS<\/strong><\/a><\/p>\n\n\n\n<p class=\"has-text-align-center\">Fotos cortes\u00eda Jorge Aburto (Prensa Municipalidad de Malarg\u00fce )<\/p>\n\n\n\n<p><\/p>\n","protected":false},"excerpt":{"rendered":"<p>SESI\u00d3N ESPECIAL \u2013&nbsp; 28 de Abril del 2026 Presidiendo la Sesi\u00f3n:&nbsp;&nbsp;Concejal Pablo Cabrera (Bloque Partido Justicialista) Concejales Presentes:&nbsp; Magali Acosta, Emilce Mansilla,Rodrigo Hidalgo (Bloque Partido Justicialista), Francisco Parada (Bloque Encuentro)&nbsp;Elizabeth Gonzalez (Bloque Uni\u00f3n Mendocina), Martin Palma (Bloque Independiente), Pablo Villarruel (Bloque UCR Malarg\u00fce) Viviana Mosca (Bloque Frente Cambia Mendoza). En un sal\u00f3n colmado del Honorable [&hellip;]<\/p>\n","protected":false},"author":5,"featured_media":40332,"comment_status":"closed","ping_status":"closed","sticky":false,"template":"","format":"standard","meta":{"footnotes":""},"categories":[56,52,33,36],"tags":[],"class_list":["post-40330","post","type-post","status-publish","format-standard","has-post-thumbnail","hentry","category-especiales","category-gacetillas","category-prensa","category-sesiones"],"yoast_head":"<!-- This site is optimized with the Yoast SEO plugin v19.10 - https:\/\/yoast.com\/wordpress\/plugins\/seo\/ -->\n<title>TOMA JURAMENTO CONCEJALES DE MALARG\u00dcE - Malarg\u00fce HCD<\/title>\n<meta name=\"robots\" content=\"index, follow, max-snippet:-1, max-image-preview:large, max-video-preview:-1\" \/>\n<link rel=\"canonical\" href=\"https:\/\/hcd.malargue.gov.ar\/?p=40330\" \/>\n<meta property=\"og:locale\" content=\"es_ES\" \/>\n<meta property=\"og:type\" content=\"article\" \/>\n<meta property=\"og:title\" content=\"TOMA JURAMENTO CONCEJALES DE MALARG\u00dcE - Malarg\u00fce HCD\" \/>\n<meta property=\"og:description\" content=\"SESI\u00d3N ESPECIAL \u2013&nbsp; 28 de Abril del 2026 Presidiendo la Sesi\u00f3n:&nbsp;&nbsp;Concejal Pablo Cabrera (Bloque Partido Justicialista) Concejales Presentes:&nbsp; Magali Acosta, Emilce Mansilla,Rodrigo Hidalgo (Bloque Partido Justicialista), Francisco Parada (Bloque Encuentro)&nbsp;Elizabeth Gonzalez (Bloque Uni\u00f3n Mendocina), Martin Palma (Bloque Independiente), Pablo Villarruel (Bloque UCR Malarg\u00fce) Viviana Mosca (Bloque Frente Cambia Mendoza). En un sal\u00f3n colmado del Honorable [&hellip;]\" \/>\n<meta property=\"og:url\" content=\"https:\/\/hcd.malargue.gov.ar\/?p=40330\" \/>\n<meta property=\"og:site_name\" content=\"Malarg\u00fce HCD\" \/>\n<meta property=\"article:published_time\" content=\"2026-04-28T14:27:11+00:00\" \/>\n<meta property=\"article:modified_time\" content=\"2026-04-28T16:57:58+00:00\" \/>\n<meta property=\"og:image\" content=\"https:\/\/hcd.malargue.gov.ar\/wp-content\/uploads\/2026\/04\/DSC_8199-Grande.jpg\" \/>\n\t<meta property=\"og:image:width\" content=\"1623\" \/>\n\t<meta property=\"og:image:height\" content=\"1080\" \/>\n\t<meta property=\"og:image:type\" content=\"image\/jpeg\" \/>\n<meta name=\"author\" content=\"Belen Pedernera Ferragut\" \/>\n<meta name=\"twitter:card\" content=\"summary_large_image\" \/>\n<meta name=\"twitter:label1\" content=\"Escrito por\" \/>\n\t<meta name=\"twitter:data1\" content=\"Belen Pedernera Ferragut\" \/>\n\t<meta name=\"twitter:label2\" content=\"Tiempo de lectura\" \/>\n\t<meta name=\"twitter:data2\" content=\"2 minutos\" \/>\n<script type=\"application\/ld+json\" class=\"yoast-schema-graph\">{\"@context\":\"https:\/\/schema.org\",\"@graph\":[{\"@type\":\"WebPage\",\"@id\":\"https:\/\/hcd.malargue.gov.ar\/?p=40330\",\"url\":\"https:\/\/hcd.malargue.gov.ar\/?p=40330\",\"name\":\"TOMA JURAMENTO CONCEJALES DE MALARG\u00dcE - Malarg\u00fce HCD\",\"isPartOf\":{\"@id\":\"https:\/\/hcd.malargue.gov.ar\/#website\"},\"datePublished\":\"2026-04-28T14:27:11+00:00\",\"dateModified\":\"2026-04-28T16:57:58+00:00\",\"author\":{\"@id\":\"https:\/\/hcd.malargue.gov.ar\/#\/schema\/person\/3fd6bbab64edd703961b795156c955d0\"},\"breadcrumb\":{\"@id\":\"https:\/\/hcd.malargue.gov.ar\/?p=40330#breadcrumb\"},\"inLanguage\":\"es-AR\",\"potentialAction\":[{\"@type\":\"ReadAction\",\"target\":[\"https:\/\/hcd.malargue.gov.ar\/?p=40330\"]}]},{\"@type\":\"BreadcrumbList\",\"@id\":\"https:\/\/hcd.malargue.gov.ar\/?p=40330#breadcrumb\",\"itemListElement\":[{\"@type\":\"ListItem\",\"position\":1,\"name\":\"Inicio\",\"item\":\"https:\/\/hcd.malargue.gov.ar\/\"},{\"@type\":\"ListItem\",\"position\":2,\"name\":\"TOMA JURAMENTO CONCEJALES DE MALARG\u00dcE\"}]},{\"@type\":\"WebSite\",\"@id\":\"https:\/\/hcd.malargue.gov.ar\/#website\",\"url\":\"https:\/\/hcd.malargue.gov.ar\/\",\"name\":\"Malarg\u00fce HCD\",\"description\":\"Malarg\u00fce Mendoza Argentina\",\"potentialAction\":[{\"@type\":\"SearchAction\",\"target\":{\"@type\":\"EntryPoint\",\"urlTemplate\":\"https:\/\/hcd.malargue.gov.ar\/?s={search_term_string}\"},\"query-input\":\"required name=search_term_string\"}],\"inLanguage\":\"es-AR\"},{\"@type\":\"Person\",\"@id\":\"https:\/\/hcd.malargue.gov.ar\/#\/schema\/person\/3fd6bbab64edd703961b795156c955d0\",\"name\":\"Belen Pedernera Ferragut\",\"image\":{\"@type\":\"ImageObject\",\"inLanguage\":\"es-AR\",\"@id\":\"https:\/\/hcd.malargue.gov.ar\/#\/schema\/person\/image\/\",\"url\":\"https:\/\/secure.gravatar.com\/avatar\/1054ffab3893de4bb3eb29bdd22f7e34b8537bf5d34d9dab311818154ad5b71f?s=96&d=mm&r=g\",\"contentUrl\":\"https:\/\/secure.gravatar.com\/avatar\/1054ffab3893de4bb3eb29bdd22f7e34b8537bf5d34d9dab311818154ad5b71f?s=96&d=mm&r=g\",\"caption\":\"Belen Pedernera Ferragut\"},\"url\":\"https:\/\/hcd.malargue.gov.ar\/?author=5\"}]}<\/script>\n<!-- \/ Yoast SEO plugin. -->","yoast_head_json":{"title":"TOMA JURAMENTO CONCEJALES DE MALARG\u00dcE - Malarg\u00fce HCD","robots":{"index":"index","follow":"follow","max-snippet":"max-snippet:-1","max-image-preview":"max-image-preview:large","max-video-preview":"max-video-preview:-1"},"canonical":"https:\/\/hcd.malargue.gov.ar\/?p=40330","og_locale":"es_ES","og_type":"article","og_title":"TOMA JURAMENTO CONCEJALES DE MALARG\u00dcE - Malarg\u00fce HCD","og_description":"SESI\u00d3N ESPECIAL \u2013&nbsp; 28 de Abril del 2026 Presidiendo la Sesi\u00f3n:&nbsp;&nbsp;Concejal Pablo Cabrera (Bloque Partido Justicialista) Concejales Presentes:&nbsp; Magali Acosta, Emilce Mansilla,Rodrigo Hidalgo (Bloque Partido Justicialista), Francisco Parada (Bloque Encuentro)&nbsp;Elizabeth Gonzalez (Bloque Uni\u00f3n Mendocina), Martin Palma (Bloque Independiente), Pablo Villarruel (Bloque UCR Malarg\u00fce) Viviana Mosca (Bloque Frente Cambia Mendoza). En un sal\u00f3n colmado del Honorable [&hellip;]","og_url":"https:\/\/hcd.malargue.gov.ar\/?p=40330","og_site_name":"Malarg\u00fce HCD","article_published_time":"2026-04-28T14:27:11+00:00","article_modified_time":"2026-04-28T16:57:58+00:00","og_image":[{"width":1623,"height":1080,"url":"https:\/\/hcd.malargue.gov.ar\/wp-content\/uploads\/2026\/04\/DSC_8199-Grande.jpg","type":"image\/jpeg"}],"author":"Belen Pedernera Ferragut","twitter_card":"summary_large_image","twitter_misc":{"Escrito por":"Belen Pedernera Ferragut","Tiempo de lectura":"2 minutos"},"schema":{"@context":"https:\/\/schema.org","@graph":[{"@type":"WebPage","@id":"https:\/\/hcd.malargue.gov.ar\/?p=40330","url":"https:\/\/hcd.malargue.gov.ar\/?p=40330","name":"TOMA JURAMENTO CONCEJALES DE MALARG\u00dcE - Malarg\u00fce HCD","isPartOf":{"@id":"https:\/\/hcd.malargue.gov.ar\/#website"},"datePublished":"2026-04-28T14:27:11+00:00","dateModified":"2026-04-28T16:57:58+00:00","author":{"@id":"https:\/\/hcd.malargue.gov.ar\/#\/schema\/person\/3fd6bbab64edd703961b795156c955d0"},"breadcrumb":{"@id":"https:\/\/hcd.malargue.gov.ar\/?p=40330#breadcrumb"},"inLanguage":"es-AR","potentialAction":[{"@type":"ReadAction","target":["https:\/\/hcd.malargue.gov.ar\/?p=40330"]}]},{"@type":"BreadcrumbList","@id":"https:\/\/hcd.malargue.gov.ar\/?p=40330#breadcrumb","itemListElement":[{"@type":"ListItem","position":1,"name":"Inicio","item":"https:\/\/hcd.malargue.gov.ar\/"},{"@type":"ListItem","position":2,"name":"TOMA JURAMENTO CONCEJALES DE MALARG\u00dcE"}]},{"@type":"WebSite","@id":"https:\/\/hcd.malargue.gov.ar\/#website","url":"https:\/\/hcd.malargue.gov.ar\/","name":"Malarg\u00fce HCD","description":"Malarg\u00fce Mendoza Argentina","potentialAction":[{"@type":"SearchAction","target":{"@type":"EntryPoint","urlTemplate":"https:\/\/hcd.malargue.gov.ar\/?s={search_term_string}"},"query-input":"required name=search_term_string"}],"inLanguage":"es-AR"},{"@type":"Person","@id":"https:\/\/hcd.malargue.gov.ar\/#\/schema\/person\/3fd6bbab64edd703961b795156c955d0","name":"Belen Pedernera Ferragut","image":{"@type":"ImageObject","inLanguage":"es-AR","@id":"https:\/\/hcd.malargue.gov.ar\/#\/schema\/person\/image\/","url":"https:\/\/secure.gravatar.com\/avatar\/1054ffab3893de4bb3eb29bdd22f7e34b8537bf5d34d9dab311818154ad5b71f?s=96&d=mm&r=g","contentUrl":"https:\/\/secure.gravatar.com\/avatar\/1054ffab3893de4bb3eb29bdd22f7e34b8537bf5d34d9dab311818154ad5b71f?s=96&d=mm&r=g","caption":"Belen Pedernera Ferragut"},"url":"https:\/\/hcd.malargue.gov.ar\/?author=5"}]}},"_links":{"self":[{"href":"https:\/\/hcd.malargue.gov.ar\/index.php?rest_route=\/wp\/v2\/posts\/40330","targetHints":{"allow":["GET"]}}],"collection":[{"href":"https:\/\/hcd.malargue.gov.ar\/index.php?rest_route=\/wp\/v2\/posts"}],"about":[{"href":"https:\/\/hcd.malargue.gov.ar\/index.php?rest_route=\/wp\/v2\/types\/post"}],"author":[{"embeddable":true,"href":"https:\/\/hcd.malargue.gov.ar\/index.php?rest_route=\/wp\/v2\/users\/5"}],"replies":[{"embeddable":true,"href":"https:\/\/hcd.malargue.gov.ar\/index.php?rest_route=%2Fwp%2Fv2%2Fcomments&post=40330"}],"version-history":[{"count":5,"href":"https:\/\/hcd.malargue.gov.ar\/index.php?rest_route=\/wp\/v2\/posts\/40330\/revisions"}],"predecessor-version":[{"id":40339,"href":"https:\/\/hcd.malargue.gov.ar\/index.php?rest_route=\/wp\/v2\/posts\/40330\/revisions\/40339"}],"wp:featuredmedia":[{"embeddable":true,"href":"https:\/\/hcd.malargue.gov.ar\/index.php?rest_route=\/wp\/v2\/media\/40332"}],"wp:attachment":[{"href":"https:\/\/hcd.malargue.gov.ar\/index.php?rest_route=%2Fwp%2Fv2%2Fmedia&parent=40330"}],"wp:term":[{"taxonomy":"category","embeddable":true,"href":"https:\/\/hcd.malargue.gov.ar\/index.php?rest_route=%2Fwp%2Fv2%2Fcategories&post=40330"},{"taxonomy":"post_tag","embeddable":true,"href":"https:\/\/hcd.malargue.gov.ar\/index.php?rest_route=%2Fwp%2Fv2%2Ftags&post=40330"}],"curies":[{"name":"wp","href":"https:\/\/api.w.org\/{rel}","templated":true}]}}