{"id":40343,"date":"2026-04-29T11:33:56","date_gmt":"2026-04-29T14:33:56","guid":{"rendered":"https:\/\/hcd.malargue.gov.ar\/?p=40343"},"modified":"2026-04-29T11:33:59","modified_gmt":"2026-04-29T14:33:59","slug":"orden-del-dia-7-sesion-ordinaria-4","status":"publish","type":"post","link":"https:\/\/hcd.malargue.gov.ar\/?p=40343","title":{"rendered":"ORDEN DEL D\u00cdA 7\u00b0 SESION ORDINARIA"},"content":{"rendered":"\n<h4 class=\"wp-block-heading\">D\u00eda: Jueves &nbsp;30 de abril de 2.026<\/h4>\n\n\n\n<h4 class=\"wp-block-heading\">Hora: 09:00<\/h4>\n\n\n\n<p>a) <em style=\"font-weight: bold;\">Acto de Izar la Ense\u00f1a Patria a cargo del Concejal Sr. Pablo&nbsp; VILLARRUEL<\/em><\/p>\n\n\n\n<p>b) <strong><em>Homenaje de los Se\u00f1ores Concejales<\/em><\/strong><em>.<\/em><\/p>\n\n\n\n<p>c) <strong><em>Consideraci\u00f3n Acta Sesi\u00f3n Ordinaria N\u00b0 1.219-\u201cO\u201d-2.026.; Acta Sesi\u00f3n Extraordinaria N\u00b0 01-2.026; Acta Sesi\u00f3n Especial. Comisi\u00f3n de Poderes<\/em><\/strong><\/p>\n\n\n\n<p>d) <strong><em>Lectura del detalle de la correspondencia recibida y emitida.<\/em><\/strong><\/p>\n\n\n\n<p>e) <strong><em>Determinaci\u00f3n de los temas que ser\u00e1n incluidos en el punto Asuntos Varios y puesta a consideraci\u00f3n de mociones de Tratamientos Sobre Tablas de diversos Exptes<\/em><\/strong><em>.<\/em><\/p>\n\n\n\n<p>f) <strong><em>Proyecto de los Sres. Concejales<\/em><\/strong>:<\/p>\n\n\n\n<ol style=\"list-style-type:lower-alpha\" class=\"wp-block-list\">\n<li>Expte. N\u00b0 1.567\/2.026-0.Proyecto de Resoluci\u00f3n: Solicitar al Departamento Ejecutivo Municipal env\u00ede un listado completo y actualizado de todos los Edificios Municipales. (BLOQUE RECONSTRUYENDO MALARG\u00dcE). Autora: Concejal Silvina CAMIOLO.<\/li>\n\n\n\n<li>Expte. N\u00b0 1.568\/2.026-0.Proyecto de Resoluci\u00f3n: Solicitar al &nbsp;Poder Ejecutivo de la Provincia de Mendoza la urgente reparaci\u00f3n integral y\/o recambio del sistema semaf\u00f3rico ubicado en la intersecci\u00f3n de Avda. San Mart\u00edn y Avda. Gral. Roca del Departamento de Malarg\u00fce. (BLOQUE PARTIDO JUSTICIALISTA). Autores: Concejales: Emilce MANSILLA, Magali ACOSTA, Rodrigo HIDALGO, Pablo CABRERA.<\/li>\n\n\n\n<li>Expte. N\u00b0 1.570\/2.026-0.Proyecto de Resoluci\u00f3n: Solicitar al Departamento Ejecutivo Municipal informe sobre el estado de los veh\u00edculos del Parque Automotor Municipal que se encuentren fuera de servicio. (BLOQUE RECONSTRUYENDO MALARG\u00dcE). Autora: Concejal: Silvina CAMIOLO.<\/li>\n<\/ol>\n\n\n\n<p>g) <strong><em>Expedientes provenientes del Departamento Ejecutivo.<\/em><\/strong><\/p>\n\n\n\n<ol class=\"wp-block-list\">\n<li>Expte. N\u00b0 6.019\/2.024-0.Porte Fabricio Jes\u00fas. Solicita autorizaci\u00f3n para explotaci\u00f3n dela actividad Minera (Extracci\u00f3n de \u00e1ridos). Zona de Ca\u00f1ada Colorada, Arroyo&nbsp;&nbsp; La Bebida.<\/li>\n\n\n\n<li>Expte. N\u00b0 1.059\/2.026-0. Juez Vial Municipal. Eleva Proyecto denominado: \u201cEmbajador Joven de la Seguridad Vial\u201d.<\/li>\n\n\n\n<li>Expte. N\u00b0 1.580\/2.026-0. Departamento Ejecutivo,&nbsp; remite elementos integrantes de la Rendici\u00f3n Anual correspondiente al Ejercicio 2.025 Ley N\u00b0 8.706 y Acuerdo&nbsp; N\u00b0 6.571 del Honorable Tribunal de Cuentas.<\/li>\n<\/ol>\n\n\n\n<p><strong><em>&nbsp;h)<\/em><\/strong><em> <strong>Despachos de las Comisiones de Trabajo<\/strong>:<\/em><\/p>\n\n\n\n<p>&nbsp;&nbsp;&nbsp;&nbsp; 1) Expte. N\u00b0 1.844\/2.025-0. Proyecto de Resoluci\u00f3n: Acompa\u00f1ar y solicitar la aprobaci\u00f3n del Marco Regulatorio para los Cuerpos de Seguridad Ciudadana. . Expte. generado N\u00b0 880\/2.026-0. Respuesta del Edil Pablo Villarruel&nbsp; con copia del Expte. solicitado (solicitud N\u00b0 7.146).&nbsp; (E.H.M.A.S. y C.-&nbsp; H.P.L.A.C.)<\/p>\n\n\n\n<p>&nbsp;&nbsp;&nbsp;&nbsp; 2) Solicitud N\u00b0 20.359\/2.026. Srta. Micaela Quiroz, Secretaria del Bloque Partido Justicialista en representaci\u00f3n de vecinos del Departamento de Malarg\u00fce, notifican&nbsp; sobre la preocupaci\u00f3n de la inseguridad. ( H.P.L.A.C.)<\/p>\n\n\n\n<p><strong><em>i)<\/em><\/strong><em> <strong>Asuntos Varios<\/strong><\/em><\/p>\n\n\n\n<p><strong><em>j<\/em><\/strong><em>) <strong>Acto de arriar el Pabell\u00f3n Nacional a cargo del &nbsp;Concejal que lo iz\u00f3.-<\/strong><\/em><\/p>\n\n\n\n<p class=\"has-text-align-right\"><strong><em>Presidencia H.C.D. 27 &nbsp;&nbsp;de abril &nbsp;de 2.026<\/em><\/strong><\/p>\n\n\n\n<p class=\"has-text-align-center\"><strong>CORRESPONDENCIA PARA LA SESI\u00d3N<\/strong><\/p>\n\n\n\n<p class=\"has-text-align-center\"><strong>DEL D\u00cdA JUEVES&nbsp; 30&nbsp; DE&nbsp;&nbsp; ABRIL&nbsp;&nbsp; DE&nbsp;&nbsp; 2.026<\/strong><\/p>\n\n\n\n<p class=\"has-text-align-center\"><strong>NOTAS INGRESADAS<\/strong><\/p>\n\n\n\n<ol class=\"wp-block-list\">\n<li>Solicitud N\u00b0 20.759\/2.026. Sr. N\u00e9stor R\u00edos, due\u00f1o del Comercio \u201cElectro R\u00edos, solicita participar de la Comisi\u00f3n de H.P.L.A.C. respecto la Tarifaria aprobada&nbsp; del ejercicio 2.026.<\/li>\n<\/ol>\n\n\n\n<p class=\"has-text-align-center\">&nbsp;&nbsp;&nbsp;&nbsp;&nbsp;&nbsp;&nbsp; <strong>NOTAS EMITIDAS<\/strong><\/p>\n\n\n\n<ol class=\"wp-block-list\">\n<li>Al Departamento Ejecutivo, a todas los Direcciones Municipales, a la Delegaci\u00f3n EDEMSA-Malarg\u00fce, remitiendo copia de Resoluci\u00f3n n\u00b0 057\/2.026.Solicitando el servicio de alumbrado p\u00fablico en calles Los Pehuquenes entre las calles Los Teros y Las Loicas -Barrio Colonia Pehuenche I<\/li>\n\n\n\n<li>Al Poder ejecutivo Provincial, Legisladores Provinciales por el Cuarto Distrito, Direcci\u00f3n de Miner\u00eda-Mendoza, remitiendo copia de Resoluci\u00f3n N\u00b0 053\/2.026&nbsp; Apoye al compre y mano de obra local en la actividad minera.<\/li>\n<\/ol>\n","protected":false},"excerpt":{"rendered":"<p>D\u00eda: Jueves &nbsp;30 de abril de 2.026 Hora: 09:00 a) Acto de Izar la Ense\u00f1a Patria a cargo del Concejal Sr. Pablo&nbsp; VILLARRUEL b) Homenaje de los Se\u00f1ores Concejales. c) Consideraci\u00f3n Acta Sesi\u00f3n Ordinaria N\u00b0 1.219-\u201cO\u201d-2.026.; Acta Sesi\u00f3n Extraordinaria N\u00b0 01-2.026; Acta Sesi\u00f3n Especial. Comisi\u00f3n de Poderes d) Lectura del detalle de la correspondencia recibida [&hellip;]<\/p>\n","protected":false},"author":5,"featured_media":39127,"comment_status":"closed","ping_status":"closed","sticky":false,"template":"","format":"standard","meta":{"footnotes":""},"categories":[52,84,58,33,36],"tags":[],"class_list":["post-40343","post","type-post","status-publish","format-standard","has-post-thumbnail","hentry","category-gacetillas","category-orden-del-dia","category-ordinarias","category-prensa","category-sesiones"],"yoast_head":"<!-- This site is optimized with the Yoast SEO plugin v19.10 - https:\/\/yoast.com\/wordpress\/plugins\/seo\/ -->\n<title>ORDEN DEL D\u00cdA 7\u00b0 SESION ORDINARIA - Malarg\u00fce HCD<\/title>\n<meta name=\"robots\" content=\"index, follow, max-snippet:-1, max-image-preview:large, max-video-preview:-1\" \/>\n<link rel=\"canonical\" href=\"https:\/\/hcd.malargue.gov.ar\/?p=40343\" \/>\n<meta property=\"og:locale\" content=\"es_ES\" \/>\n<meta property=\"og:type\" content=\"article\" \/>\n<meta property=\"og:title\" content=\"ORDEN DEL D\u00cdA 7\u00b0 SESION ORDINARIA - Malarg\u00fce HCD\" \/>\n<meta property=\"og:description\" content=\"D\u00eda: Jueves &nbsp;30 de abril de 2.026 Hora: 09:00 a) Acto de Izar la Ense\u00f1a Patria a cargo del Concejal Sr. Pablo&nbsp; VILLARRUEL b) Homenaje de los Se\u00f1ores Concejales. c) Consideraci\u00f3n Acta Sesi\u00f3n Ordinaria N\u00b0 1.219-\u201cO\u201d-2.026.; Acta Sesi\u00f3n Extraordinaria N\u00b0 01-2.026; Acta Sesi\u00f3n Especial. Comisi\u00f3n de Poderes d) Lectura del detalle de la correspondencia recibida [&hellip;]\" \/>\n<meta property=\"og:url\" content=\"https:\/\/hcd.malargue.gov.ar\/?p=40343\" \/>\n<meta property=\"og:site_name\" content=\"Malarg\u00fce HCD\" \/>\n<meta property=\"article:published_time\" content=\"2026-04-29T14:33:56+00:00\" \/>\n<meta property=\"article:modified_time\" content=\"2026-04-29T14:33:59+00:00\" \/>\n<meta property=\"og:image\" content=\"https:\/\/hcd.malargue.gov.ar\/wp-content\/uploads\/2025\/06\/PERIODO-2025.jpg\" \/>\n\t<meta property=\"og:image:width\" content=\"1640\" \/>\n\t<meta property=\"og:image:height\" content=\"924\" \/>\n\t<meta property=\"og:image:type\" content=\"image\/jpeg\" \/>\n<meta name=\"author\" content=\"Belen Pedernera Ferragut\" \/>\n<meta name=\"twitter:card\" content=\"summary_large_image\" \/>\n<meta name=\"twitter:label1\" content=\"Escrito por\" \/>\n\t<meta name=\"twitter:data1\" content=\"Belen Pedernera Ferragut\" \/>\n\t<meta name=\"twitter:label2\" content=\"Tiempo de lectura\" \/>\n\t<meta name=\"twitter:data2\" content=\"3 minutos\" \/>\n<script type=\"application\/ld+json\" class=\"yoast-schema-graph\">{\"@context\":\"https:\/\/schema.org\",\"@graph\":[{\"@type\":\"WebPage\",\"@id\":\"https:\/\/hcd.malargue.gov.ar\/?p=40343\",\"url\":\"https:\/\/hcd.malargue.gov.ar\/?p=40343\",\"name\":\"ORDEN DEL D\u00cdA 7\u00b0 SESION ORDINARIA - Malarg\u00fce HCD\",\"isPartOf\":{\"@id\":\"https:\/\/hcd.malargue.gov.ar\/#website\"},\"datePublished\":\"2026-04-29T14:33:56+00:00\",\"dateModified\":\"2026-04-29T14:33:59+00:00\",\"author\":{\"@id\":\"https:\/\/hcd.malargue.gov.ar\/#\/schema\/person\/3fd6bbab64edd703961b795156c955d0\"},\"breadcrumb\":{\"@id\":\"https:\/\/hcd.malargue.gov.ar\/?p=40343#breadcrumb\"},\"inLanguage\":\"es-AR\",\"potentialAction\":[{\"@type\":\"ReadAction\",\"target\":[\"https:\/\/hcd.malargue.gov.ar\/?p=40343\"]}]},{\"@type\":\"BreadcrumbList\",\"@id\":\"https:\/\/hcd.malargue.gov.ar\/?p=40343#breadcrumb\",\"itemListElement\":[{\"@type\":\"ListItem\",\"position\":1,\"name\":\"Inicio\",\"item\":\"https:\/\/hcd.malargue.gov.ar\/\"},{\"@type\":\"ListItem\",\"position\":2,\"name\":\"ORDEN DEL D\u00cdA 7\u00b0 SESION ORDINARIA\"}]},{\"@type\":\"WebSite\",\"@id\":\"https:\/\/hcd.malargue.gov.ar\/#website\",\"url\":\"https:\/\/hcd.malargue.gov.ar\/\",\"name\":\"Malarg\u00fce HCD\",\"description\":\"Malarg\u00fce Mendoza Argentina\",\"potentialAction\":[{\"@type\":\"SearchAction\",\"target\":{\"@type\":\"EntryPoint\",\"urlTemplate\":\"https:\/\/hcd.malargue.gov.ar\/?s={search_term_string}\"},\"query-input\":\"required name=search_term_string\"}],\"inLanguage\":\"es-AR\"},{\"@type\":\"Person\",\"@id\":\"https:\/\/hcd.malargue.gov.ar\/#\/schema\/person\/3fd6bbab64edd703961b795156c955d0\",\"name\":\"Belen Pedernera Ferragut\",\"image\":{\"@type\":\"ImageObject\",\"inLanguage\":\"es-AR\",\"@id\":\"https:\/\/hcd.malargue.gov.ar\/#\/schema\/person\/image\/\",\"url\":\"https:\/\/secure.gravatar.com\/avatar\/1054ffab3893de4bb3eb29bdd22f7e34b8537bf5d34d9dab311818154ad5b71f?s=96&d=mm&r=g\",\"contentUrl\":\"https:\/\/secure.gravatar.com\/avatar\/1054ffab3893de4bb3eb29bdd22f7e34b8537bf5d34d9dab311818154ad5b71f?s=96&d=mm&r=g\",\"caption\":\"Belen Pedernera Ferragut\"},\"url\":\"https:\/\/hcd.malargue.gov.ar\/?author=5\"}]}<\/script>\n<!-- \/ Yoast SEO plugin. -->","yoast_head_json":{"title":"ORDEN DEL D\u00cdA 7\u00b0 SESION ORDINARIA - Malarg\u00fce HCD","robots":{"index":"index","follow":"follow","max-snippet":"max-snippet:-1","max-image-preview":"max-image-preview:large","max-video-preview":"max-video-preview:-1"},"canonical":"https:\/\/hcd.malargue.gov.ar\/?p=40343","og_locale":"es_ES","og_type":"article","og_title":"ORDEN DEL D\u00cdA 7\u00b0 SESION ORDINARIA - Malarg\u00fce HCD","og_description":"D\u00eda: Jueves &nbsp;30 de abril de 2.026 Hora: 09:00 a) Acto de Izar la Ense\u00f1a Patria a cargo del Concejal Sr. Pablo&nbsp; VILLARRUEL b) Homenaje de los Se\u00f1ores Concejales. c) Consideraci\u00f3n Acta Sesi\u00f3n Ordinaria N\u00b0 1.219-\u201cO\u201d-2.026.; Acta Sesi\u00f3n Extraordinaria N\u00b0 01-2.026; Acta Sesi\u00f3n Especial. Comisi\u00f3n de Poderes d) Lectura del detalle de la correspondencia recibida [&hellip;]","og_url":"https:\/\/hcd.malargue.gov.ar\/?p=40343","og_site_name":"Malarg\u00fce HCD","article_published_time":"2026-04-29T14:33:56+00:00","article_modified_time":"2026-04-29T14:33:59+00:00","og_image":[{"width":1640,"height":924,"url":"https:\/\/hcd.malargue.gov.ar\/wp-content\/uploads\/2025\/06\/PERIODO-2025.jpg","type":"image\/jpeg"}],"author":"Belen Pedernera Ferragut","twitter_card":"summary_large_image","twitter_misc":{"Escrito por":"Belen Pedernera Ferragut","Tiempo de lectura":"3 minutos"},"schema":{"@context":"https:\/\/schema.org","@graph":[{"@type":"WebPage","@id":"https:\/\/hcd.malargue.gov.ar\/?p=40343","url":"https:\/\/hcd.malargue.gov.ar\/?p=40343","name":"ORDEN DEL D\u00cdA 7\u00b0 SESION ORDINARIA - Malarg\u00fce HCD","isPartOf":{"@id":"https:\/\/hcd.malargue.gov.ar\/#website"},"datePublished":"2026-04-29T14:33:56+00:00","dateModified":"2026-04-29T14:33:59+00:00","author":{"@id":"https:\/\/hcd.malargue.gov.ar\/#\/schema\/person\/3fd6bbab64edd703961b795156c955d0"},"breadcrumb":{"@id":"https:\/\/hcd.malargue.gov.ar\/?p=40343#breadcrumb"},"inLanguage":"es-AR","potentialAction":[{"@type":"ReadAction","target":["https:\/\/hcd.malargue.gov.ar\/?p=40343"]}]},{"@type":"BreadcrumbList","@id":"https:\/\/hcd.malargue.gov.ar\/?p=40343#breadcrumb","itemListElement":[{"@type":"ListItem","position":1,"name":"Inicio","item":"https:\/\/hcd.malargue.gov.ar\/"},{"@type":"ListItem","position":2,"name":"ORDEN DEL D\u00cdA 7\u00b0 SESION ORDINARIA"}]},{"@type":"WebSite","@id":"https:\/\/hcd.malargue.gov.ar\/#website","url":"https:\/\/hcd.malargue.gov.ar\/","name":"Malarg\u00fce HCD","description":"Malarg\u00fce Mendoza Argentina","potentialAction":[{"@type":"SearchAction","target":{"@type":"EntryPoint","urlTemplate":"https:\/\/hcd.malargue.gov.ar\/?s={search_term_string}"},"query-input":"required name=search_term_string"}],"inLanguage":"es-AR"},{"@type":"Person","@id":"https:\/\/hcd.malargue.gov.ar\/#\/schema\/person\/3fd6bbab64edd703961b795156c955d0","name":"Belen Pedernera Ferragut","image":{"@type":"ImageObject","inLanguage":"es-AR","@id":"https:\/\/hcd.malargue.gov.ar\/#\/schema\/person\/image\/","url":"https:\/\/secure.gravatar.com\/avatar\/1054ffab3893de4bb3eb29bdd22f7e34b8537bf5d34d9dab311818154ad5b71f?s=96&d=mm&r=g","contentUrl":"https:\/\/secure.gravatar.com\/avatar\/1054ffab3893de4bb3eb29bdd22f7e34b8537bf5d34d9dab311818154ad5b71f?s=96&d=mm&r=g","caption":"Belen Pedernera Ferragut"},"url":"https:\/\/hcd.malargue.gov.ar\/?author=5"}]}},"_links":{"self":[{"href":"https:\/\/hcd.malargue.gov.ar\/index.php?rest_route=\/wp\/v2\/posts\/40343","targetHints":{"allow":["GET"]}}],"collection":[{"href":"https:\/\/hcd.malargue.gov.ar\/index.php?rest_route=\/wp\/v2\/posts"}],"about":[{"href":"https:\/\/hcd.malargue.gov.ar\/index.php?rest_route=\/wp\/v2\/types\/post"}],"author":[{"embeddable":true,"href":"https:\/\/hcd.malargue.gov.ar\/index.php?rest_route=\/wp\/v2\/users\/5"}],"replies":[{"embeddable":true,"href":"https:\/\/hcd.malargue.gov.ar\/index.php?rest_route=%2Fwp%2Fv2%2Fcomments&post=40343"}],"version-history":[{"count":3,"href":"https:\/\/hcd.malargue.gov.ar\/index.php?rest_route=\/wp\/v2\/posts\/40343\/revisions"}],"predecessor-version":[{"id":40347,"href":"https:\/\/hcd.malargue.gov.ar\/index.php?rest_route=\/wp\/v2\/posts\/40343\/revisions\/40347"}],"wp:featuredmedia":[{"embeddable":true,"href":"https:\/\/hcd.malargue.gov.ar\/index.php?rest_route=\/wp\/v2\/media\/39127"}],"wp:attachment":[{"href":"https:\/\/hcd.malargue.gov.ar\/index.php?rest_route=%2Fwp%2Fv2%2Fmedia&parent=40343"}],"wp:term":[{"taxonomy":"category","embeddable":true,"href":"https:\/\/hcd.malargue.gov.ar\/index.php?rest_route=%2Fwp%2Fv2%2Fcategories&post=40343"},{"taxonomy":"post_tag","embeddable":true,"href":"https:\/\/hcd.malargue.gov.ar\/index.php?rest_route=%2Fwp%2Fv2%2Ftags&post=40343"}],"curies":[{"name":"wp","href":"https:\/\/api.w.org\/{rel}","templated":true}]}}