{"id":40348,"date":"2026-04-29T11:23:42","date_gmt":"2026-04-29T14:23:42","guid":{"rendered":"https:\/\/hcd.malargue.gov.ar\/?p=40348"},"modified":"2026-04-29T11:49:15","modified_gmt":"2026-04-29T14:49:15","slug":"ordenanza-n-2-371-2-026-2","status":"publish","type":"post","link":"https:\/\/hcd.malargue.gov.ar\/?p=40348","title":{"rendered":"ORDENANZA N\u00b0 2.371\/2.026"},"content":{"rendered":"\n<h4 class=\"wp-block-heading has-text-align-center\">La calle Bardas Blancas ser\u00e1 de circulaci\u00f3n \u00fanica de norte a sur<\/h4>\n\n\n\n<p><em>Segun la Ordenanza N\u00b0 2.371\/2026, el Honorable Concejo Deliberante de Malarg\u00fce estableci\u00f3 un cambio en la circulaci\u00f3n de la calle Bardas Blancas, ubicada en el sector Este de la ciudad.<\/em><\/p>\n\n\n\n<p><em>A partir de esta disposici\u00f3n, la arteria dejar\u00e1 de tener doble sentido y pasar\u00e1 a ser de circulaci\u00f3n \u00fanica en direcci\u00f3n norte a sur en toda su extensi\u00f3n. La medida responde a un pedido formal realizado por vecinos de la zona, quienes manifestaron preocupaci\u00f3n por el tr\u00e1nsito en el lugar.<\/em><\/p>\n\n\n\n<p><em>Desde el Cuerpo Deliberativo se\u00f1alaron que la calle presenta un ancho reducido y un alto flujo vehicular, situaci\u00f3n que se ve agravada por la presencia de instituciones p\u00fablicas cercanas, como establecimientos educativos, centros de salud, una parada de transporte p\u00fablico y una plaza barrial.<\/em><\/p>\n\n\n\n<p><em>Adem\u00e1s, se destac\u00f3 que el crecimiento del parque automotor en los \u00faltimos a\u00f1os hace necesario reordenar el tr\u00e1nsito urbano para mejorar la seguridad vial, tanto de peatones como de conductores.<\/em><\/p>\n\n\n\n<p><em>La Ordenanza tambi\u00e9n contempla la asignaci\u00f3n de partidas presupuestarias para la implementaci\u00f3n de la medida y la realizaci\u00f3n de una campa\u00f1a informativa durante 30 d\u00edas. En ese per\u00edodo se colocar\u00e1 la se\u00f1alizaci\u00f3n correspondiente y se difundir\u00e1 el cambio a trav\u00e9s de distintos medios de comunicaci\u00f3n, con el objetivo de facilitar la adaptaci\u00f3n de la comunidad.<\/em><\/p>\n\n\n\n<p class=\"has-text-align-center\"><strong>PIEZA LEGAL<\/strong><\/p>\n\n\n<div class=\"wp-block-image\">\n<figure class=\"alignright size-full is-resized\"><a href=\"http:\/\/hcd.malargue.gov.ar\/2026\/On.%202371.26%20Circulacion%20sentido%20unico%20Bardas%20Blancas.pdf\"><img loading=\"lazy\" decoding=\"async\" width=\"512\" height=\"512\" src=\"https:\/\/hcd.malargue.gov.ar\/wp-content\/uploads\/2018\/06\/PDF-JPG.jpg\" alt=\"\" class=\"wp-image-7950\" style=\"width:121px;height:auto\" srcset=\"https:\/\/hcd.malargue.gov.ar\/wp-content\/uploads\/2018\/06\/PDF-JPG.jpg 512w, https:\/\/hcd.malargue.gov.ar\/wp-content\/uploads\/2018\/06\/PDF-JPG-150x150.jpg 150w, https:\/\/hcd.malargue.gov.ar\/wp-content\/uploads\/2018\/06\/PDF-JPG-300x300.jpg 300w\" sizes=\"auto, (max-width: 512px) 100vw, 512px\" \/><\/a><\/figure>\n<\/div>\n\n\n<p>VISTO: El contenido de la Solicitud N\u00b0 18.168\/2.026 presentada por la Sra. Gladys V\u00e1zquez y vecinos firmantes, mediante la cual solicitan a este Honorable Cuerpo eval\u00fae la modificaci\u00f3n del sentido de circulaci\u00f3n de la calle Bardas Blancas, ubicada en el sector Este de la ciudad. <\/p>\n\n\n\n<p>y,<\/p>\n\n\n\n<p>CONSIDERANDO: Que la calle Bardas Blancas presenta un ancho reducido y actualmente posee doble sentido de circulaci\u00f3n, registrando un alto flujo vehicular.<\/p>\n\n\n\n<p>Que dicho tr\u00e1nsito se ve incrementado por la presencia de instituciones de uso p\u00fablico en la zona, tales como establecimiento educativo, centro de salud, parada de transporte p\u00fablico y plaza barrial.<\/p>\n\n\n\n<p>Que el crecimiento del parque automotor en el Departamento de Malarg\u00fce en los \u00faltimos a\u00f1os torna necesario revisar el ordenamiento vial, a fin de optimizar la circulaci\u00f3n y garantizar la seguridad de peatones y conductores.<\/p>\n\n\n\n<p>Que corresponde a este Honorable Concejo Deliberante intervenir en cuestiones vinculadas a la organizaci\u00f3n del tr\u00e1nsito y la seguridad vial en el \u00e1mbito municipal, conforme lo establece el Art\u00edculo 71\u00b0, inciso 9, de la Ley Provincial N\u00b0 1.079 Org\u00e1nica de Municipalidades.<\/p>\n\n\n\n<p><\/p>\n\n\n\n<p>VISTO: El contenido de la Solicitud N\u00b0 18.168\/2.026 presentada por la Sra. Gladys V\u00e1zquez y vecinos firmantes, mediante la cual solicitan a este Honorable Cuerpo eval\u00fae la modificaci\u00f3n del sentido de circulaci\u00f3n de la calle Bardas Blancas, ubicada en el sector Este de la ciudad.<\/p>\n\n\n\n<p>y,<\/p>\n\n\n\n<p>CONSIDERANDO: Que la calle Bardas Blancas presenta un ancho reducido y actualmente posee doble sentido de circulaci\u00f3n, registrando un alto flujo vehicular.<\/p>\n\n\n\n<p>Que dicho tr\u00e1nsito se ve incrementado por la presencia de instituciones de uso p\u00fablico en la zona, tales como establecimiento educativo, centro de salud, parada de transporte p\u00fablico y plaza barrial.<\/p>\n\n\n\n<p>Que el crecimiento del parque automotor en el Departamento de Malarg\u00fce en los \u00faltimos a\u00f1os torna necesario revisar el ordenamiento vial, a fin de optimizar la circulaci\u00f3n y garantizar la seguridad de peatones y conductores.<\/p>\n\n\n\n<p>Que corresponde a este Honorable Concejo Deliberante intervenir en cuestiones vinculadas a la organizaci\u00f3n del tr\u00e1nsito y la seguridad vial en el \u00e1mbito municipal, conforme lo establece el Art\u00edculo 71\u00b0, inciso 9, de la Ley Provincial N\u00b0 1.079 Org\u00e1nica de Municipalidades.<\/p>\n\n\n\n<p>EL HONORABLE CONCEJO DELIBERANTE DE LA MUNICIPALIDAD DE MALARG\u00dcE EN USO DE LAS FACULTADES QUE LE SON PROPIAS<\/p>\n\n\n\n<p class=\"has-text-align-center\">ORDENA<\/p>\n\n\n\n<p>ART\u00cdCULO 1\u00b0: Modif\u00edquese el doble sentido de circulaci\u00f3n de la calle Bardas Blancas en toda su extensi\u00f3n, ha sentido \u00fanico de circulaci\u00f3n de norte a sur.<\/p>\n\n\n\n<p>ART\u00cdCULO 2\u00b0: As\u00edgnense las partidas presupuestarias correspondientes al presupuesto vigente.<\/p>\n\n\n\n<p>ART\u00cdCULO 3\u00b0: Real\u00edcese campa\u00f1a informativa de esta modificaci\u00f3n a trav\u00e9s de distintos medios de comunicaci\u00f3n por un per\u00edodo de treinta (30) d\u00edas, a fin de permitir a la comunidad una reacomodaci\u00f3n pac\u00edfica y segura, a partir de la colocaci\u00f3n de la carteler\u00eda indicativa correspondiente<\/p>\n\n\n\n<p>ART\u00cdCULO 4\u00b0: Comun\u00edquese, reg\u00edstrese, c\u00famplase, publ\u00edquese, agr\u00e9guese copia de la presente en las actuaciones correspondientes y arch\u00edvese. <\/p>\n\n\n\n<p>DADA EN LA SALA DE SESIONES DR.&nbsp; RICARDO BALBIN DEL HONORABLE CONCEJO DELIBERANTE DE LA MUNICIPALIDAD DE MALARG\u00dcE A DIECISEIS D\u00cdAS DE ABRIL DE DOS MIL VEINTISEIS<\/p>\n","protected":false},"excerpt":{"rendered":"<p>La calle Bardas Blancas ser\u00e1 de circulaci\u00f3n \u00fanica de norte a sur Segun la Ordenanza N\u00b0 2.371\/2026, el Honorable Concejo Deliberante de Malarg\u00fce estableci\u00f3 un cambio en la circulaci\u00f3n de la calle Bardas Blancas, ubicada en el sector Este de la ciudad. A partir de esta disposici\u00f3n, la arteria dejar\u00e1 de tener doble sentido y [&hellip;]<\/p>\n","protected":false},"author":5,"featured_media":40349,"comment_status":"closed","ping_status":"closed","sticky":false,"template":"","format":"standard","meta":{"footnotes":""},"categories":[52,29,48,33],"tags":[],"class_list":["post-40348","post","type-post","status-publish","format-standard","has-post-thumbnail","hentry","category-gacetillas","category-lesgilacion","category-ordenanzas-municipales","category-prensa"],"yoast_head":"<!-- This site is optimized with the Yoast SEO plugin v19.10 - https:\/\/yoast.com\/wordpress\/plugins\/seo\/ -->\n<title>ORDENANZA N\u00b0 2.371\/2.026 - Malarg\u00fce HCD<\/title>\n<meta name=\"robots\" content=\"index, follow, max-snippet:-1, max-image-preview:large, max-video-preview:-1\" \/>\n<link rel=\"canonical\" href=\"https:\/\/hcd.malargue.gov.ar\/?p=40348\" \/>\n<meta property=\"og:locale\" content=\"es_ES\" \/>\n<meta property=\"og:type\" content=\"article\" \/>\n<meta property=\"og:title\" content=\"ORDENANZA N\u00b0 2.371\/2.026 - Malarg\u00fce HCD\" \/>\n<meta property=\"og:description\" content=\"La calle Bardas Blancas ser\u00e1 de circulaci\u00f3n \u00fanica de norte a sur Segun la Ordenanza N\u00b0 2.371\/2026, el Honorable Concejo Deliberante de Malarg\u00fce estableci\u00f3 un cambio en la circulaci\u00f3n de la calle Bardas Blancas, ubicada en el sector Este de la ciudad. A partir de esta disposici\u00f3n, la arteria dejar\u00e1 de tener doble sentido y [&hellip;]\" \/>\n<meta property=\"og:url\" content=\"https:\/\/hcd.malargue.gov.ar\/?p=40348\" \/>\n<meta property=\"og:site_name\" content=\"Malarg\u00fce HCD\" \/>\n<meta property=\"article:published_time\" content=\"2026-04-29T14:23:42+00:00\" \/>\n<meta property=\"article:modified_time\" content=\"2026-04-29T14:49:15+00:00\" \/>\n<meta property=\"og:image\" content=\"https:\/\/hcd.malargue.gov.ar\/wp-content\/uploads\/2026\/04\/ORDENANZA-2371-2026-1.png\" \/>\n\t<meta property=\"og:image:width\" content=\"940\" \/>\n\t<meta property=\"og:image:height\" content=\"788\" \/>\n\t<meta property=\"og:image:type\" content=\"image\/png\" \/>\n<meta name=\"author\" content=\"Belen Pedernera Ferragut\" \/>\n<meta name=\"twitter:card\" content=\"summary_large_image\" \/>\n<meta name=\"twitter:label1\" content=\"Escrito por\" \/>\n\t<meta name=\"twitter:data1\" content=\"Belen Pedernera Ferragut\" \/>\n\t<meta name=\"twitter:label2\" content=\"Tiempo de lectura\" \/>\n\t<meta name=\"twitter:data2\" content=\"4 minutos\" \/>\n<script type=\"application\/ld+json\" class=\"yoast-schema-graph\">{\"@context\":\"https:\/\/schema.org\",\"@graph\":[{\"@type\":\"WebPage\",\"@id\":\"https:\/\/hcd.malargue.gov.ar\/?p=40348\",\"url\":\"https:\/\/hcd.malargue.gov.ar\/?p=40348\",\"name\":\"ORDENANZA N\u00b0 2.371\/2.026 - Malarg\u00fce HCD\",\"isPartOf\":{\"@id\":\"https:\/\/hcd.malargue.gov.ar\/#website\"},\"datePublished\":\"2026-04-29T14:23:42+00:00\",\"dateModified\":\"2026-04-29T14:49:15+00:00\",\"author\":{\"@id\":\"https:\/\/hcd.malargue.gov.ar\/#\/schema\/person\/3fd6bbab64edd703961b795156c955d0\"},\"breadcrumb\":{\"@id\":\"https:\/\/hcd.malargue.gov.ar\/?p=40348#breadcrumb\"},\"inLanguage\":\"es-AR\",\"potentialAction\":[{\"@type\":\"ReadAction\",\"target\":[\"https:\/\/hcd.malargue.gov.ar\/?p=40348\"]}]},{\"@type\":\"BreadcrumbList\",\"@id\":\"https:\/\/hcd.malargue.gov.ar\/?p=40348#breadcrumb\",\"itemListElement\":[{\"@type\":\"ListItem\",\"position\":1,\"name\":\"Inicio\",\"item\":\"https:\/\/hcd.malargue.gov.ar\/\"},{\"@type\":\"ListItem\",\"position\":2,\"name\":\"ORDENANZA N\u00b0 2.371\/2.026\"}]},{\"@type\":\"WebSite\",\"@id\":\"https:\/\/hcd.malargue.gov.ar\/#website\",\"url\":\"https:\/\/hcd.malargue.gov.ar\/\",\"name\":\"Malarg\u00fce HCD\",\"description\":\"Malarg\u00fce Mendoza Argentina\",\"potentialAction\":[{\"@type\":\"SearchAction\",\"target\":{\"@type\":\"EntryPoint\",\"urlTemplate\":\"https:\/\/hcd.malargue.gov.ar\/?s={search_term_string}\"},\"query-input\":\"required name=search_term_string\"}],\"inLanguage\":\"es-AR\"},{\"@type\":\"Person\",\"@id\":\"https:\/\/hcd.malargue.gov.ar\/#\/schema\/person\/3fd6bbab64edd703961b795156c955d0\",\"name\":\"Belen Pedernera Ferragut\",\"image\":{\"@type\":\"ImageObject\",\"inLanguage\":\"es-AR\",\"@id\":\"https:\/\/hcd.malargue.gov.ar\/#\/schema\/person\/image\/\",\"url\":\"https:\/\/secure.gravatar.com\/avatar\/1054ffab3893de4bb3eb29bdd22f7e34b8537bf5d34d9dab311818154ad5b71f?s=96&d=mm&r=g\",\"contentUrl\":\"https:\/\/secure.gravatar.com\/avatar\/1054ffab3893de4bb3eb29bdd22f7e34b8537bf5d34d9dab311818154ad5b71f?s=96&d=mm&r=g\",\"caption\":\"Belen Pedernera Ferragut\"},\"url\":\"https:\/\/hcd.malargue.gov.ar\/?author=5\"}]}<\/script>\n<!-- \/ Yoast SEO plugin. -->","yoast_head_json":{"title":"ORDENANZA N\u00b0 2.371\/2.026 - Malarg\u00fce HCD","robots":{"index":"index","follow":"follow","max-snippet":"max-snippet:-1","max-image-preview":"max-image-preview:large","max-video-preview":"max-video-preview:-1"},"canonical":"https:\/\/hcd.malargue.gov.ar\/?p=40348","og_locale":"es_ES","og_type":"article","og_title":"ORDENANZA N\u00b0 2.371\/2.026 - Malarg\u00fce HCD","og_description":"La calle Bardas Blancas ser\u00e1 de circulaci\u00f3n \u00fanica de norte a sur Segun la Ordenanza N\u00b0 2.371\/2026, el Honorable Concejo Deliberante de Malarg\u00fce estableci\u00f3 un cambio en la circulaci\u00f3n de la calle Bardas Blancas, ubicada en el sector Este de la ciudad. A partir de esta disposici\u00f3n, la arteria dejar\u00e1 de tener doble sentido y [&hellip;]","og_url":"https:\/\/hcd.malargue.gov.ar\/?p=40348","og_site_name":"Malarg\u00fce HCD","article_published_time":"2026-04-29T14:23:42+00:00","article_modified_time":"2026-04-29T14:49:15+00:00","og_image":[{"width":940,"height":788,"url":"https:\/\/hcd.malargue.gov.ar\/wp-content\/uploads\/2026\/04\/ORDENANZA-2371-2026-1.png","type":"image\/png"}],"author":"Belen Pedernera Ferragut","twitter_card":"summary_large_image","twitter_misc":{"Escrito por":"Belen Pedernera Ferragut","Tiempo de lectura":"4 minutos"},"schema":{"@context":"https:\/\/schema.org","@graph":[{"@type":"WebPage","@id":"https:\/\/hcd.malargue.gov.ar\/?p=40348","url":"https:\/\/hcd.malargue.gov.ar\/?p=40348","name":"ORDENANZA N\u00b0 2.371\/2.026 - Malarg\u00fce HCD","isPartOf":{"@id":"https:\/\/hcd.malargue.gov.ar\/#website"},"datePublished":"2026-04-29T14:23:42+00:00","dateModified":"2026-04-29T14:49:15+00:00","author":{"@id":"https:\/\/hcd.malargue.gov.ar\/#\/schema\/person\/3fd6bbab64edd703961b795156c955d0"},"breadcrumb":{"@id":"https:\/\/hcd.malargue.gov.ar\/?p=40348#breadcrumb"},"inLanguage":"es-AR","potentialAction":[{"@type":"ReadAction","target":["https:\/\/hcd.malargue.gov.ar\/?p=40348"]}]},{"@type":"BreadcrumbList","@id":"https:\/\/hcd.malargue.gov.ar\/?p=40348#breadcrumb","itemListElement":[{"@type":"ListItem","position":1,"name":"Inicio","item":"https:\/\/hcd.malargue.gov.ar\/"},{"@type":"ListItem","position":2,"name":"ORDENANZA N\u00b0 2.371\/2.026"}]},{"@type":"WebSite","@id":"https:\/\/hcd.malargue.gov.ar\/#website","url":"https:\/\/hcd.malargue.gov.ar\/","name":"Malarg\u00fce HCD","description":"Malarg\u00fce Mendoza Argentina","potentialAction":[{"@type":"SearchAction","target":{"@type":"EntryPoint","urlTemplate":"https:\/\/hcd.malargue.gov.ar\/?s={search_term_string}"},"query-input":"required name=search_term_string"}],"inLanguage":"es-AR"},{"@type":"Person","@id":"https:\/\/hcd.malargue.gov.ar\/#\/schema\/person\/3fd6bbab64edd703961b795156c955d0","name":"Belen Pedernera Ferragut","image":{"@type":"ImageObject","inLanguage":"es-AR","@id":"https:\/\/hcd.malargue.gov.ar\/#\/schema\/person\/image\/","url":"https:\/\/secure.gravatar.com\/avatar\/1054ffab3893de4bb3eb29bdd22f7e34b8537bf5d34d9dab311818154ad5b71f?s=96&d=mm&r=g","contentUrl":"https:\/\/secure.gravatar.com\/avatar\/1054ffab3893de4bb3eb29bdd22f7e34b8537bf5d34d9dab311818154ad5b71f?s=96&d=mm&r=g","caption":"Belen Pedernera Ferragut"},"url":"https:\/\/hcd.malargue.gov.ar\/?author=5"}]}},"_links":{"self":[{"href":"https:\/\/hcd.malargue.gov.ar\/index.php?rest_route=\/wp\/v2\/posts\/40348","targetHints":{"allow":["GET"]}}],"collection":[{"href":"https:\/\/hcd.malargue.gov.ar\/index.php?rest_route=\/wp\/v2\/posts"}],"about":[{"href":"https:\/\/hcd.malargue.gov.ar\/index.php?rest_route=\/wp\/v2\/types\/post"}],"author":[{"embeddable":true,"href":"https:\/\/hcd.malargue.gov.ar\/index.php?rest_route=\/wp\/v2\/users\/5"}],"replies":[{"embeddable":true,"href":"https:\/\/hcd.malargue.gov.ar\/index.php?rest_route=%2Fwp%2Fv2%2Fcomments&post=40348"}],"version-history":[{"count":2,"href":"https:\/\/hcd.malargue.gov.ar\/index.php?rest_route=\/wp\/v2\/posts\/40348\/revisions"}],"predecessor-version":[{"id":40352,"href":"https:\/\/hcd.malargue.gov.ar\/index.php?rest_route=\/wp\/v2\/posts\/40348\/revisions\/40352"}],"wp:featuredmedia":[{"embeddable":true,"href":"https:\/\/hcd.malargue.gov.ar\/index.php?rest_route=\/wp\/v2\/media\/40349"}],"wp:attachment":[{"href":"https:\/\/hcd.malargue.gov.ar\/index.php?rest_route=%2Fwp%2Fv2%2Fmedia&parent=40348"}],"wp:term":[{"taxonomy":"category","embeddable":true,"href":"https:\/\/hcd.malargue.gov.ar\/index.php?rest_route=%2Fwp%2Fv2%2Fcategories&post=40348"},{"taxonomy":"post_tag","embeddable":true,"href":"https:\/\/hcd.malargue.gov.ar\/index.php?rest_route=%2Fwp%2Fv2%2Ftags&post=40348"}],"curies":[{"name":"wp","href":"https:\/\/api.w.org\/{rel}","templated":true}]}}