{"id":41326,"date":"2026-08-31T12:16:41","date_gmt":"2026-08-31T15:16:41","guid":{"rendered":"https:\/\/hcd.malargue.gov.ar\/?p=41326"},"modified":"2026-08-31T12:20:01","modified_gmt":"2026-08-31T15:20:01","slug":"resolucion-n294-2-026","status":"publish","type":"post","link":"https:\/\/hcd.malargue.gov.ar\/?p=41326","title":{"rendered":"RESOLUCI\u00d3N N\u00b0294\/2.026"},"content":{"rendered":"\n<p class=\"wp-block-paragraph\"><strong>El HCD declar\u00f3 de inter\u00e9s departamental el proyecto &#8220;La Paz nos une&#8221;.<\/strong><\/p>\n\n\n\n<p class=\"wp-block-paragraph\"><em>El Cuerpo Deliberativo aprob\u00f3 la Resoluci\u00f3n N\u00b0 294\/2026, mediante la cual se declara de Inter\u00e9s Departamental el proyecto comunitario, art\u00edstico, educativo, ambiental y social \u201cLa Paz nos une\u201d.<\/em><\/p>\n\n\n\n<p class=\"wp-block-paragraph\"><em>La iniciativa es impulsada por diversas organizaciones sociales, culturales, educativas, sanitarias y comunitarias de Malarg\u00fce y tendr\u00e1 su acto central el pr\u00f3ximo 21 de septiembre, en el marco del D\u00eda Internacional de la Paz.<\/em><\/p>\n\n\n\n<p class=\"wp-block-paragraph\"><em>El mismo busca promover y visibilizar la paz como una construcci\u00f3n cotidiana y colectiva, entendiendo que este valor se fortalece desde distintos \u00e1mbitos de la comunidad, como la educaci\u00f3n, la cultura, la salud, el cuidado del ambiente, la solidaridad y la participaci\u00f3n ciudadana.<\/em><\/p>\n\n\n\n<p class=\"wp-block-paragraph\"><em>\u201cLa Paz nos une\u201d re\u00fane a numerosas instituciones del departamento, entre ellas Rotary Club Malarg\u00fce, Fundaci\u00f3n Ser y Hacer, Asociaci\u00f3n Socio Cultural Messis, Consejo de Adultos Mayores, Asociaci\u00f3n de Jubilados y Pensionados del Sur, AMED, SADE Malarg\u00fce, Club F100 Malarg\u00fce, Escuela Cronin y su Centro de Estudiantes, C\u00e1mara de Comercio de Malarg\u00fce, Taller de Fotograf\u00eda y Asociaci\u00f3n de Amigos del Hospital Malarg\u00fce.<\/em><\/p>\n\n\n\n<p class=\"wp-block-paragraph\"><em>Entre las actividades previstas se encuentran la 3\u00b0 Bienal de Arte, la campa\u00f1a comunitaria \u201cMil latas por la paz\u201d, concursos literarios y art\u00edsticos, propuestas vinculadas a la salud y el cuidado, forestaci\u00f3n, memoria y participaci\u00f3n juvenil, entre otras acciones que tendr\u00e1n como eje com\u00fan la construcci\u00f3n de una cultura de paz.<\/em><\/p>\n\n\n\n<p class=\"wp-block-paragraph\"><em>La iniciativa se encuentra vinculada adem\u00e1s con la Ordenanza N\u00b0 2.370\/2026, mediante la cual Malarg\u00fce fue declarada \u201cCiudad Comprometida con la Paz\u201d, profundizando as\u00ed el compromiso institucional y comunitario asumido por el departamento.<\/em><\/p>\n\n\n\n<p class=\"wp-block-paragraph\"><em>A trav\u00e9s de la Resoluci\u00f3n, el HCD reconoci\u00f3 y felicit\u00f3 a las instituciones participantes por su compromiso y las invit\u00f3 a continuar fortaleciendo una cultura de paz viva, participativa y comunitaria.<\/em><\/p>\n\n\n\n<p class=\"wp-block-paragraph\"><em>Asimismo, se convoc\u00f3 a instituciones p\u00fablicas y privadas, comercios, empresas, establecimientos educativos, organizaciones sociales y comunitarias y medios de comunicaci\u00f3n locales a sumarse y acompa\u00f1ar las distintas actividades propuestas.<\/em><\/p>\n\n\n\n<p class=\"has-text-align-center wp-block-paragraph\"><strong>PIEZA LEGAL<\/strong>.<\/p>\n\n\n<div class=\"wp-block-image\">\n<figure class=\"aligncenter size-full is-resized\"><a href=\"http:\/\/hcd.malargue.gov.ar\/RN%20294.2026.pdf\"><img loading=\"lazy\" decoding=\"async\" width=\"150\" height=\"150\" src=\"https:\/\/hcd.malargue.gov.ar\/wp-content\/uploads\/2026\/08\/image-21.png\" alt=\"\" class=\"wp-image-41327\" style=\"width:84px;height:auto\"\/><\/a><\/figure>\n<\/div>\n\n\n<p class=\"wp-block-paragraph\">VISTO: &nbsp;El contenido de la Solicitud N\u00b0 23.690\/2.026. Sr. Christian Pietkiewicz, solicita Reuni\u00f3n con la Comisi\u00f3n de Educaci\u00f3n, Higiene, Moralidad Acci\u00f3n Social y Cultura del Honorable Concejo Deliberante, en el marco del Proyecto &#8220;La Paz nos une&#8221;; y el proyecto comunitario, art\u00edstico, educativo, ambiental y social denominado &#8220;La paz nos une&#8221;, impulsado por diversas organizaciones sociales, culturales, educativas, sanitarias y comunitarias de Malarg\u00fce.<\/p>\n\n\n\n<p class=\"wp-block-paragraph\">y;<\/p>\n\n\n\n<p class=\"wp-block-paragraph\">CONSIDERANDO: Que la paz constituye un valor universal y una tarea cotidiana que se construye desde la educaci\u00f3n, la cultura, la salud, el ambiente, la solidaridad y la participaci\u00f3n ciudadana.<\/p>\n\n\n\n<p class=\"wp-block-paragraph\">Que el proyecto \u201cLa paz nos une&#8221; busca visibilizar que la paz no es solo una aspiraci\u00f3n lejana, sino una acci\u00f3n concreta que se expresa en m\u00faltiples \u00e1mbitos de la vida comunitaria.<\/p>\n\n\n\n<p class=\"wp-block-paragraph\">Que la iniciativa se enmarca en la Ordenanza N\u00b0 2.370\/2026, mediante la cual Malarg\u00fce fue declarada &#8220;Ciudad Comprometida con la Paz&#8221;, representando una continuidad y profundizaci\u00f3n de dicho compromiso institucional.<\/p>\n\n\n\n<p class=\"wp-block-paragraph\">Que numerosas instituciones locales -entre ellas Rotary Club Malarg\u00fce, Fundaci\u00f3n Ser y Hacer, Asociaci\u00f3n Socio Cultural Messis, Consejo de Adultos Mayores, Asociaci\u00f3n de Jubilados y Pensionados del Sur, AMED, SADE Malarg\u00fce, Club F100 Malarg\u00fce, Escuela Cronin y su Centro de Estudiantes, C\u00e1mara de Comercio de Malarg\u00fce, Taller de Fotograf\u00eda y Asociaci\u00f3n de Amigos del Hospital Malarg\u00fce- han decidido aportar desde su identidad y misi\u00f3n a la construcci\u00f3n de este mensaje com\u00fan.<\/p>\n\n\n\n<p class=\"wp-block-paragraph\">Que entre las acciones previstas se destacan la 3\u00b0 Bienal de Arte, la campa\u00f1a comunitaria &#8220;Mil atas por la paz&#8221;, concursos literarios y art\u00edsticos, actividades de salud y cuidado, forestaci\u00f3n, memoria, participaci\u00f3n juvenil y el acto central del 21 de septiembre, D\u00eda Internacional de la Paz.<\/p>\n\n\n\n<p class=\"wp-block-paragraph\">Que resulta oportuno que el Honorable Concejo Deliberante acompa\u00f1e y reconozca institucionalmente esta propuesta ciudadana, fortaleciendo la cultura de paz en el Departamento.<\/p>\n\n\n\n<p class=\"wp-block-paragraph\">EL HONORABLE CONCEJO DELIBERANTE DE LA MUNICIPALIDAD DE MALARG\u00dcE EN EL USO DE LAS FACULTADES QUE LE SON PROPIAS<\/p>\n\n\n\n<p class=\"wp-block-paragraph\">RESUELVE<\/p>\n\n\n\n<p class=\"wp-block-paragraph\">ART\u00cdCULO 1\u00b0: Declarar de Inter\u00e9s Departamental, el proyecto &#8220;La paz nos une&#8221;, que tendr\u00e1 su acto central el d\u00eda 21 de septiembre. El mismo es impulsado por organizaciones sociales, educativas, culturales, sanitarias y comunitarias de Malarg\u00fce, como expresi\u00f3n concreta del compromiso departamental con la paz y por su valor social, cultural y comunitario.<\/p>\n\n\n\n<p class=\"wp-block-paragraph\">ART\u00cdCULO 2\u00b0: Reconocer y felicitar a las instituciones participantes por su aporte a la construcci\u00f3n de una cultura de paz viva, participativa y comunitaria, integrando arte, educaci\u00f3n, salud, ambiente, memoria y solidaridad.<\/p>\n\n\n\n<p class=\"wp-block-paragraph\">ART\u00cdCULO 3\u00b0: Invitar a instituciones p\u00fablicas y privadas, comercios, empresas, establecimientos educativos, organizaciones sociales y comunitarias, as\u00ed como a los medios de comunicaci\u00f3n locales, a sumarse y acompa\u00f1ar la difusi\u00f3n y desarrollo de las actividades previstas en el marco del proyecto &#8220;La paz nos une&#8221;.<\/p>\n\n\n\n<p class=\"wp-block-paragraph\">ART\u00cdCULO 4\u00b0: Remitir copia de la presente pieza legal a las organizaciones participantes.<\/p>\n\n\n\n<p class=\"wp-block-paragraph\">ART\u00cdCULO 5\u00b0: Dejar expresamente establecido que la presente Declaraci\u00f3n no implica erogaci\u00f3n alguna, afectaci\u00f3n presupuestaria ni gasto extraordinario para el Tesoro Municipal.<\/p>\n\n\n\n<p class=\"wp-block-paragraph\">ART\u00cdCULO 6\u00ba: Comun\u00edquese, reg\u00edstrese, agr\u00e9guese copia de la presente en las actuaciones correspondientes y arch\u00edvese.<\/p>\n\n\n\n<p class=\"wp-block-paragraph\">DADA EN LA SALA DE SESIONES DR.&nbsp; RICARDO BALBIN DEL HONORABLE CONCEJO DELIBERANTE DE LA MUNICIPALIDAD DE MALARG\u00dcE A VEINTISIETE D\u00cdAS DE AGOSTO DE DOS MIL VEINTISEIS.<\/p>\n","protected":false},"excerpt":{"rendered":"<p>El HCD declar\u00f3 de inter\u00e9s departamental el proyecto &#8220;La Paz nos une&#8221;. El Cuerpo Deliberativo aprob\u00f3 la Resoluci\u00f3n N\u00b0 294\/2026, mediante la cual se declara de Inter\u00e9s Departamental el proyecto comunitario, art\u00edstico, educativo, ambiental y social \u201cLa Paz nos une\u201d. La iniciativa es impulsada por diversas organizaciones sociales, culturales, educativas, sanitarias y comunitarias de Malarg\u00fce [&hellip;]<\/p>\n","protected":false},"author":11,"featured_media":41328,"comment_status":"closed","ping_status":"closed","sticky":false,"template":"","format":"standard","meta":{"footnotes":""},"categories":[52,29,33,51],"tags":[],"class_list":["post-41326","post","type-post","status-publish","format-standard","has-post-thumbnail","hentry","category-gacetillas","category-lesgilacion","category-prensa","category-resoluciones"],"yoast_head":"<!-- This site is optimized with the Yoast SEO plugin v19.10 - https:\/\/yoast.com\/wordpress\/plugins\/seo\/ -->\n<title>RESOLUCI\u00d3N N\u00b0294\/2.026 - Malarg\u00fce HCD<\/title>\n<meta name=\"robots\" content=\"index, follow, max-snippet:-1, max-image-preview:large, max-video-preview:-1\" \/>\n<link rel=\"canonical\" href=\"https:\/\/hcd.malargue.gov.ar\/?p=41326\" \/>\n<meta property=\"og:locale\" content=\"es_ES\" \/>\n<meta property=\"og:type\" content=\"article\" \/>\n<meta property=\"og:title\" content=\"RESOLUCI\u00d3N N\u00b0294\/2.026 - Malarg\u00fce HCD\" \/>\n<meta property=\"og:description\" content=\"El HCD declar\u00f3 de inter\u00e9s departamental el proyecto &#8220;La Paz nos une&#8221;. El Cuerpo Deliberativo aprob\u00f3 la Resoluci\u00f3n N\u00b0 294\/2026, mediante la cual se declara de Inter\u00e9s Departamental el proyecto comunitario, art\u00edstico, educativo, ambiental y social \u201cLa Paz nos une\u201d. La iniciativa es impulsada por diversas organizaciones sociales, culturales, educativas, sanitarias y comunitarias de Malarg\u00fce [&hellip;]\" \/>\n<meta property=\"og:url\" content=\"https:\/\/hcd.malargue.gov.ar\/?p=41326\" \/>\n<meta property=\"og:site_name\" content=\"Malarg\u00fce HCD\" \/>\n<meta property=\"article:published_time\" content=\"2026-08-31T15:16:41+00:00\" \/>\n<meta property=\"article:modified_time\" content=\"2026-08-31T15:20:01+00:00\" \/>\n<meta property=\"og:image\" content=\"https:\/\/hcd.malargue.gov.ar\/wp-content\/uploads\/2026\/08\/RESOLUCION-6.png\" \/>\n\t<meta property=\"og:image:width\" content=\"940\" \/>\n\t<meta property=\"og:image:height\" content=\"788\" \/>\n\t<meta property=\"og:image:type\" content=\"image\/png\" \/>\n<meta name=\"author\" content=\"Celina Gonzalez\" \/>\n<meta name=\"twitter:card\" content=\"summary_large_image\" \/>\n<meta name=\"twitter:label1\" content=\"Escrito por\" \/>\n\t<meta name=\"twitter:data1\" content=\"Celina Gonzalez\" \/>\n\t<meta name=\"twitter:label2\" content=\"Tiempo de lectura\" \/>\n\t<meta name=\"twitter:data2\" content=\"5 minutos\" \/>\n<script type=\"application\/ld+json\" class=\"yoast-schema-graph\">{\"@context\":\"https:\/\/schema.org\",\"@graph\":[{\"@type\":\"WebPage\",\"@id\":\"https:\/\/hcd.malargue.gov.ar\/?p=41326\",\"url\":\"https:\/\/hcd.malargue.gov.ar\/?p=41326\",\"name\":\"RESOLUCI\u00d3N N\u00b0294\/2.026 - Malarg\u00fce HCD\",\"isPartOf\":{\"@id\":\"https:\/\/hcd.malargue.gov.ar\/#website\"},\"datePublished\":\"2026-08-31T15:16:41+00:00\",\"dateModified\":\"2026-08-31T15:20:01+00:00\",\"author\":{\"@id\":\"https:\/\/hcd.malargue.gov.ar\/#\/schema\/person\/ee682cfebfbf463de71f53a5c722be75\"},\"breadcrumb\":{\"@id\":\"https:\/\/hcd.malargue.gov.ar\/?p=41326#breadcrumb\"},\"inLanguage\":\"es-AR\",\"potentialAction\":[{\"@type\":\"ReadAction\",\"target\":[\"https:\/\/hcd.malargue.gov.ar\/?p=41326\"]}]},{\"@type\":\"BreadcrumbList\",\"@id\":\"https:\/\/hcd.malargue.gov.ar\/?p=41326#breadcrumb\",\"itemListElement\":[{\"@type\":\"ListItem\",\"position\":1,\"name\":\"Inicio\",\"item\":\"https:\/\/hcd.malargue.gov.ar\/\"},{\"@type\":\"ListItem\",\"position\":2,\"name\":\"RESOLUCI\u00d3N N\u00b0294\/2.026\"}]},{\"@type\":\"WebSite\",\"@id\":\"https:\/\/hcd.malargue.gov.ar\/#website\",\"url\":\"https:\/\/hcd.malargue.gov.ar\/\",\"name\":\"Malarg\u00fce HCD\",\"description\":\"Malarg\u00fce Mendoza Argentina\",\"potentialAction\":[{\"@type\":\"SearchAction\",\"target\":{\"@type\":\"EntryPoint\",\"urlTemplate\":\"https:\/\/hcd.malargue.gov.ar\/?s={search_term_string}\"},\"query-input\":\"required name=search_term_string\"}],\"inLanguage\":\"es-AR\"},{\"@type\":\"Person\",\"@id\":\"https:\/\/hcd.malargue.gov.ar\/#\/schema\/person\/ee682cfebfbf463de71f53a5c722be75\",\"name\":\"Celina Gonzalez\",\"image\":{\"@type\":\"ImageObject\",\"inLanguage\":\"es-AR\",\"@id\":\"https:\/\/hcd.malargue.gov.ar\/#\/schema\/person\/image\/\",\"url\":\"https:\/\/secure.gravatar.com\/avatar\/306223a4268d159ebfcea14c5a513206411b872b38a6568525d852b77a1fdb63?s=96&d=mm&r=g\",\"contentUrl\":\"https:\/\/secure.gravatar.com\/avatar\/306223a4268d159ebfcea14c5a513206411b872b38a6568525d852b77a1fdb63?s=96&d=mm&r=g\",\"caption\":\"Celina Gonzalez\"},\"url\":\"https:\/\/hcd.malargue.gov.ar\/?author=11\"}]}<\/script>\n<!-- \/ Yoast SEO plugin. -->","yoast_head_json":{"title":"RESOLUCI\u00d3N N\u00b0294\/2.026 - Malarg\u00fce HCD","robots":{"index":"index","follow":"follow","max-snippet":"max-snippet:-1","max-image-preview":"max-image-preview:large","max-video-preview":"max-video-preview:-1"},"canonical":"https:\/\/hcd.malargue.gov.ar\/?p=41326","og_locale":"es_ES","og_type":"article","og_title":"RESOLUCI\u00d3N N\u00b0294\/2.026 - Malarg\u00fce HCD","og_description":"El HCD declar\u00f3 de inter\u00e9s departamental el proyecto &#8220;La Paz nos une&#8221;. El Cuerpo Deliberativo aprob\u00f3 la Resoluci\u00f3n N\u00b0 294\/2026, mediante la cual se declara de Inter\u00e9s Departamental el proyecto comunitario, art\u00edstico, educativo, ambiental y social \u201cLa Paz nos une\u201d. La iniciativa es impulsada por diversas organizaciones sociales, culturales, educativas, sanitarias y comunitarias de Malarg\u00fce [&hellip;]","og_url":"https:\/\/hcd.malargue.gov.ar\/?p=41326","og_site_name":"Malarg\u00fce HCD","article_published_time":"2026-08-31T15:16:41+00:00","article_modified_time":"2026-08-31T15:20:01+00:00","og_image":[{"width":940,"height":788,"url":"https:\/\/hcd.malargue.gov.ar\/wp-content\/uploads\/2026\/08\/RESOLUCION-6.png","type":"image\/png"}],"author":"Celina Gonzalez","twitter_card":"summary_large_image","twitter_misc":{"Escrito por":"Celina Gonzalez","Tiempo de lectura":"5 minutos"},"schema":{"@context":"https:\/\/schema.org","@graph":[{"@type":"WebPage","@id":"https:\/\/hcd.malargue.gov.ar\/?p=41326","url":"https:\/\/hcd.malargue.gov.ar\/?p=41326","name":"RESOLUCI\u00d3N N\u00b0294\/2.026 - Malarg\u00fce HCD","isPartOf":{"@id":"https:\/\/hcd.malargue.gov.ar\/#website"},"datePublished":"2026-08-31T15:16:41+00:00","dateModified":"2026-08-31T15:20:01+00:00","author":{"@id":"https:\/\/hcd.malargue.gov.ar\/#\/schema\/person\/ee682cfebfbf463de71f53a5c722be75"},"breadcrumb":{"@id":"https:\/\/hcd.malargue.gov.ar\/?p=41326#breadcrumb"},"inLanguage":"es-AR","potentialAction":[{"@type":"ReadAction","target":["https:\/\/hcd.malargue.gov.ar\/?p=41326"]}]},{"@type":"BreadcrumbList","@id":"https:\/\/hcd.malargue.gov.ar\/?p=41326#breadcrumb","itemListElement":[{"@type":"ListItem","position":1,"name":"Inicio","item":"https:\/\/hcd.malargue.gov.ar\/"},{"@type":"ListItem","position":2,"name":"RESOLUCI\u00d3N N\u00b0294\/2.026"}]},{"@type":"WebSite","@id":"https:\/\/hcd.malargue.gov.ar\/#website","url":"https:\/\/hcd.malargue.gov.ar\/","name":"Malarg\u00fce HCD","description":"Malarg\u00fce Mendoza Argentina","potentialAction":[{"@type":"SearchAction","target":{"@type":"EntryPoint","urlTemplate":"https:\/\/hcd.malargue.gov.ar\/?s={search_term_string}"},"query-input":"required name=search_term_string"}],"inLanguage":"es-AR"},{"@type":"Person","@id":"https:\/\/hcd.malargue.gov.ar\/#\/schema\/person\/ee682cfebfbf463de71f53a5c722be75","name":"Celina Gonzalez","image":{"@type":"ImageObject","inLanguage":"es-AR","@id":"https:\/\/hcd.malargue.gov.ar\/#\/schema\/person\/image\/","url":"https:\/\/secure.gravatar.com\/avatar\/306223a4268d159ebfcea14c5a513206411b872b38a6568525d852b77a1fdb63?s=96&d=mm&r=g","contentUrl":"https:\/\/secure.gravatar.com\/avatar\/306223a4268d159ebfcea14c5a513206411b872b38a6568525d852b77a1fdb63?s=96&d=mm&r=g","caption":"Celina Gonzalez"},"url":"https:\/\/hcd.malargue.gov.ar\/?author=11"}]}},"_links":{"self":[{"href":"https:\/\/hcd.malargue.gov.ar\/index.php?rest_route=\/wp\/v2\/posts\/41326","targetHints":{"allow":["GET"]}}],"collection":[{"href":"https:\/\/hcd.malargue.gov.ar\/index.php?rest_route=\/wp\/v2\/posts"}],"about":[{"href":"https:\/\/hcd.malargue.gov.ar\/index.php?rest_route=\/wp\/v2\/types\/post"}],"author":[{"embeddable":true,"href":"https:\/\/hcd.malargue.gov.ar\/index.php?rest_route=\/wp\/v2\/users\/11"}],"replies":[{"embeddable":true,"href":"https:\/\/hcd.malargue.gov.ar\/index.php?rest_route=%2Fwp%2Fv2%2Fcomments&post=41326"}],"version-history":[{"count":1,"href":"https:\/\/hcd.malargue.gov.ar\/index.php?rest_route=\/wp\/v2\/posts\/41326\/revisions"}],"predecessor-version":[{"id":41329,"href":"https:\/\/hcd.malargue.gov.ar\/index.php?rest_route=\/wp\/v2\/posts\/41326\/revisions\/41329"}],"wp:featuredmedia":[{"embeddable":true,"href":"https:\/\/hcd.malargue.gov.ar\/index.php?rest_route=\/wp\/v2\/media\/41328"}],"wp:attachment":[{"href":"https:\/\/hcd.malargue.gov.ar\/index.php?rest_route=%2Fwp%2Fv2%2Fmedia&parent=41326"}],"wp:term":[{"taxonomy":"category","embeddable":true,"href":"https:\/\/hcd.malargue.gov.ar\/index.php?rest_route=%2Fwp%2Fv2%2Fcategories&post=41326"},{"taxonomy":"post_tag","embeddable":true,"href":"https:\/\/hcd.malargue.gov.ar\/index.php?rest_route=%2Fwp%2Fv2%2Ftags&post=41326"}],"curies":[{"name":"wp","href":"https:\/\/api.w.org\/{rel}","templated":true}]}}