{"id":41330,"date":"2026-09-01T08:51:28","date_gmt":"2026-09-01T11:51:28","guid":{"rendered":"https:\/\/hcd.malargue.gov.ar\/?p=41330"},"modified":"2026-09-01T08:52:12","modified_gmt":"2026-09-01T11:52:12","slug":"resolucion-n296-2-026","status":"publish","type":"post","link":"https:\/\/hcd.malargue.gov.ar\/?p=41330","title":{"rendered":"RESOLUCI\u00d3N N\u00b0296\/2.026"},"content":{"rendered":"\n<p class=\"wp-block-paragraph\"><strong>El HCD declar\u00f3 de Inter\u00e9s Cultural,Patrimonial y Turistico la muestra &#8220;Malarg\u00fce Gaucho&#8221;. <\/strong><\/p>\n\n\n\n<p class=\"wp-block-paragraph\"><em>El Cuerpo Deliberativo declar\u00f3 de Inter\u00e9s Cultural, Patrimonial y Tur\u00edstico Departamental la muestra fotogr\u00e1fica y charla formativa \u201cMalarg\u00fce Gaucho\u201d, impulsada por Rolando Poblete, por su aporte a la preservaci\u00f3n y difusi\u00f3n de la cultura gaucha y la vida rural del Departamento.<\/em><\/p>\n\n\n\n<p class=\"wp-block-paragraph\"><em>La iniciativa propone, a trav\u00e9s de 21 fotograf\u00edas en blanco y negro, un recorrido por diferentes escenas vinculadas al trabajo rural, la vida familiar y las pr\u00e1cticas comunitarias, ofreciendo un registro testimonial, hist\u00f3rico y etnogr\u00e1fico de las costumbres y tradiciones que forman parte de la identidad malarg\u00fcina.<\/em><\/p>\n\n\n\n<p class=\"wp-block-paragraph\"><em>La propuesta se complementa con una charla formativa que aborda el storytelling en fotograf\u00eda, la idiosincrasia rural del criancero y el rol del visitante en el territorio. De esta manera, busca no solo visibilizar la cultura local, sino tambi\u00e9n promover el respeto por las comunidades rurales y un turismo responsable.<\/em><\/p>\n\n\n\n<p class=\"wp-block-paragraph\"><em>\u201cMalarg\u00fce Gaucho\u201d ya ha tenido proyecci\u00f3n regional, con presentaciones realizadas en Malarg\u00fce y San Rafael, y con una pr\u00f3xima presentaci\u00f3n prevista en la ciudad de Mendoza, ampliando el alcance de esta propuesta cultural.<\/em><\/p>\n\n\n\n<p class=\"wp-block-paragraph\"><em>En este marco, mediante la Resoluci\u00f3n N.\u00ba 296\/2026, el HCD destaca la vinculaci\u00f3n de la muestra con la Ordenanza N\u00ba 2.375\/2026, que reconoce y protege las pr\u00e1cticas ancestrales de los crianceros, entendiendo que ambas iniciativas contribuyen a visibilizar y preservar las tradiciones rurales y el patrimonio cultural del Departamento.<\/em><\/p>\n\n\n\n<p class=\"wp-block-paragraph\"><em>Asimismo, la resoluci\u00f3n felicita a Rolando Poblete y a las instituciones que acompa\u00f1aron la concreci\u00f3n de la muestra, e invita a instituciones educativas, culturales, tur\u00edsticas y medios de comunicaci\u00f3n a difundir y acompa\u00f1ar la propuesta.<\/em><\/p>\n\n\n\n<p class=\"has-text-align-center wp-block-paragraph\"><strong>PIEZA LEGAL<\/strong>.<\/p>\n\n\n<div class=\"wp-block-image\">\n<figure class=\"aligncenter size-full is-resized\"><a href=\"http:\/\/hcd.malargue.gov.ar\/2026\/RN%20296.2026.pdf\"><img loading=\"lazy\" decoding=\"async\" width=\"150\" height=\"150\" src=\"https:\/\/hcd.malargue.gov.ar\/wp-content\/uploads\/2026\/09\/image.png\" alt=\"\" class=\"wp-image-41331\" style=\"width:92px;height:auto\"\/><\/a><\/figure>\n<\/div>\n\n\n<p class=\"wp-block-paragraph\">VISTO: El contenido de la Solicitud N\u00b0 25.771\/2.026. y la muestra fotogr\u00e1fica y charla formativa &#8220;Malarg\u00fce Gaucho&#8221;, impulsada por Rolando Poblete, que rescata y pone en valor la vida rural y la cultura gaucha del Departamento.<\/p>\n\n\n\n<p class=\"wp-block-paragraph\">y;<\/p>\n\n\n\n<p class=\"wp-block-paragraph\">CONSIDERANDO: Que la cultura gaucha constituye una expresi\u00f3n viva y profundamente arraigada en la identidad malarg\u00fcina, transmitida de generaci\u00f3n en generaci\u00f3n y vinculada al territorio.<\/p>\n\n\n\n<p class=\"wp-block-paragraph\">Que la muestra &#8220;Malarg\u00fce Gaucho&#8221; documenta, a trav\u00e9s de 21 fotograf\u00edas en blanco y negro, escenas de trabajo rural, vida familiar y pr\u00e1cticas comunitarias, aportando un registro testimonial. hist\u00f3rico y etnogr\u00e1fico de gran valor.<\/p>\n\n\n\n<p class=\"wp-block-paragraph\">Que la propuesta se complementa con una charla formativa que aborda el storytelling en fotograf\u00eda, la idiosincrasia rural del criancero y el rol del visitante en el territorio, promoviendo el respeto por la cultura local y el turismo responsable.<\/p>\n\n\n\n<p class=\"wp-block-paragraph\">Que esta iniciativa ya ha tenido proyecci\u00f3n regional, con presentaciones en Malarg\u00fce, San Rafael y pr\u00f3ximamente en Mendoza, consolid\u00e1ndose como un aporte cultural y tur\u00edstico de relevancia.<\/p>\n\n\n\n<p class=\"wp-block-paragraph\">Que la Ordenanza N\u00b0 2.375\/2.026 reconoce y protege las pr\u00e1cticas ancestrales de los crianceros, en sinton\u00eda con el esp\u00edritu de esta muestra que busca visibilizar y preservar dichas tradiciones.<\/p>\n\n\n\n<p class=\"wp-block-paragraph\">Que resulta oportuno que el Honorable Concejo Deliberante acompa\u00f1e institucionalmente esta propuesta, en tanto fortalece la identidad cultural, promueve el turismo y contribuye a la valorizaci\u00f3n del patrimonio vivo del Departamento.<\/p>\n\n\n\n<p class=\"wp-block-paragraph\">EL HONORABLE CONCEJO DELIBERANTE DE LA MUNICIPALIDAD DE MALARG\u00dcE EN USO DE LAS FACULTADES QUE LE SON PROPIAS<\/p>\n\n\n\n<p class=\"wp-block-paragraph\">RESUELVE<\/p>\n\n\n\n<p class=\"wp-block-paragraph\">ART\u00cdCULO 1\u00b0: Declarar de Inter\u00e9s Cultural, Patrimonial y Tur\u00edstico Departamental la muestra fotogr\u00e1fica y charla formativa &#8220;Malarg\u00fce Gaucho&#8221;, impulsada por Rolando Poblete, por su significativo aporte a la preservaci\u00f3n y difusi\u00f3n de la cultura gaucha malarg\u00fcina.<\/p>\n\n\n\n<p class=\"wp-block-paragraph\">ART\u00cdCULO 2\u00b0: Reconocer la vinculaci\u00f3n de esta iniciativa con la Ordenanza N\u00b0 2375\/ 2026 en tanto ambas expresan y protegen las pr\u00e1cticas rurales y la identidad cultural de la regi\u00f3n.<\/p>\n\n\n\n<p class=\"wp-block-paragraph\">ART\u00cdCULO 3\u00ba: Felicitar al autor y a las instituciones que acompa\u00f1aron la concreci\u00f3n de la muestra, por su compromiso con la cultura local y la promoci\u00f3n del patrimonio intangible del Departamento. ART\u00cdCULO 4\u00b0: Invitar a instituciones educativas, culturales, tur\u00edsticas y medios de comunicaci\u00f3n a difundir y acompa\u00f1ar la propuesta, fortaleciendo su alcance comunitario y regional.<\/p>\n\n\n\n<p class=\"wp-block-paragraph\">ART\u00cdCULO 5\u00b0: Remitir copia de la presente Declaraci\u00f3n al autor de la muestra.<\/p>\n\n\n\n<p class=\"wp-block-paragraph\">ART\u00cdCULO 6\u00b0: Dejar expresamente establecido que la presente Declaraci\u00f3n no implica erogaci\u00f3n alguna, afectaci\u00f3n presupuestaria ni gasto extraordinario para el Tesoro Municipal.<\/p>\n\n\n\n<p class=\"wp-block-paragraph\">ART\u00cdCULO 7\u00ba: Comun\u00edquese, reg\u00edstrese, agr\u00e9guese copia de la presente en las actuaciones correspondientes y arch\u00edvese.<\/p>\n\n\n\n<p class=\"wp-block-paragraph\">DADA EN LA SALA DE SESIONES DR.&nbsp; RICARDO BALBIN DEL HONORABLE CONCEJO DELIBERANTE DE LA MUNICIPALIDAD DE MALARG\u00dcE A VEINTISIETE D\u00cdAS DE AGOSTO DE DOS MIL VEINTISEIS.<\/p>\n","protected":false},"excerpt":{"rendered":"<p>El HCD declar\u00f3 de Inter\u00e9s Cultural,Patrimonial y Turistico la muestra &#8220;Malarg\u00fce Gaucho&#8221;. El Cuerpo Deliberativo declar\u00f3 de Inter\u00e9s Cultural, Patrimonial y Tur\u00edstico Departamental la muestra fotogr\u00e1fica y charla formativa \u201cMalarg\u00fce Gaucho\u201d, impulsada por Rolando Poblete, por su aporte a la preservaci\u00f3n y difusi\u00f3n de la cultura gaucha y la vida rural del Departamento. La iniciativa [&hellip;]<\/p>\n","protected":false},"author":11,"featured_media":41333,"comment_status":"closed","ping_status":"closed","sticky":false,"template":"","format":"standard","meta":{"footnotes":""},"categories":[52,29,33,51],"tags":[],"class_list":["post-41330","post","type-post","status-publish","format-standard","has-post-thumbnail","hentry","category-gacetillas","category-lesgilacion","category-prensa","category-resoluciones"],"yoast_head":"<!-- This site is optimized with the Yoast SEO plugin v19.10 - https:\/\/yoast.com\/wordpress\/plugins\/seo\/ -->\n<title>RESOLUCI\u00d3N N\u00b0296\/2.026 - Malarg\u00fce HCD<\/title>\n<meta name=\"robots\" content=\"index, follow, max-snippet:-1, max-image-preview:large, max-video-preview:-1\" \/>\n<link rel=\"canonical\" href=\"https:\/\/hcd.malargue.gov.ar\/?p=41330\" \/>\n<meta property=\"og:locale\" content=\"es_ES\" \/>\n<meta property=\"og:type\" content=\"article\" \/>\n<meta property=\"og:title\" content=\"RESOLUCI\u00d3N N\u00b0296\/2.026 - Malarg\u00fce HCD\" \/>\n<meta property=\"og:description\" content=\"El HCD declar\u00f3 de Inter\u00e9s Cultural,Patrimonial y Turistico la muestra &#8220;Malarg\u00fce Gaucho&#8221;. El Cuerpo Deliberativo declar\u00f3 de Inter\u00e9s Cultural, Patrimonial y Tur\u00edstico Departamental la muestra fotogr\u00e1fica y charla formativa \u201cMalarg\u00fce Gaucho\u201d, impulsada por Rolando Poblete, por su aporte a la preservaci\u00f3n y difusi\u00f3n de la cultura gaucha y la vida rural del Departamento. La iniciativa [&hellip;]\" \/>\n<meta property=\"og:url\" content=\"https:\/\/hcd.malargue.gov.ar\/?p=41330\" \/>\n<meta property=\"og:site_name\" content=\"Malarg\u00fce HCD\" \/>\n<meta property=\"article:published_time\" content=\"2026-09-01T11:51:28+00:00\" \/>\n<meta property=\"article:modified_time\" content=\"2026-09-01T11:52:12+00:00\" \/>\n<meta property=\"og:image\" content=\"https:\/\/hcd.malargue.gov.ar\/wp-content\/uploads\/2026\/09\/RESOLUCION-1.png\" \/>\n\t<meta property=\"og:image:width\" content=\"940\" \/>\n\t<meta property=\"og:image:height\" content=\"788\" \/>\n\t<meta property=\"og:image:type\" content=\"image\/png\" \/>\n<meta name=\"author\" content=\"Celina Gonzalez\" \/>\n<meta name=\"twitter:card\" content=\"summary_large_image\" \/>\n<meta name=\"twitter:label1\" content=\"Escrito por\" \/>\n\t<meta name=\"twitter:data1\" content=\"Celina Gonzalez\" \/>\n\t<meta name=\"twitter:label2\" content=\"Tiempo de lectura\" \/>\n\t<meta name=\"twitter:data2\" content=\"4 minutos\" \/>\n<script type=\"application\/ld+json\" class=\"yoast-schema-graph\">{\"@context\":\"https:\/\/schema.org\",\"@graph\":[{\"@type\":\"WebPage\",\"@id\":\"https:\/\/hcd.malargue.gov.ar\/?p=41330\",\"url\":\"https:\/\/hcd.malargue.gov.ar\/?p=41330\",\"name\":\"RESOLUCI\u00d3N N\u00b0296\/2.026 - Malarg\u00fce HCD\",\"isPartOf\":{\"@id\":\"https:\/\/hcd.malargue.gov.ar\/#website\"},\"datePublished\":\"2026-09-01T11:51:28+00:00\",\"dateModified\":\"2026-09-01T11:52:12+00:00\",\"author\":{\"@id\":\"https:\/\/hcd.malargue.gov.ar\/#\/schema\/person\/ee682cfebfbf463de71f53a5c722be75\"},\"breadcrumb\":{\"@id\":\"https:\/\/hcd.malargue.gov.ar\/?p=41330#breadcrumb\"},\"inLanguage\":\"es-AR\",\"potentialAction\":[{\"@type\":\"ReadAction\",\"target\":[\"https:\/\/hcd.malargue.gov.ar\/?p=41330\"]}]},{\"@type\":\"BreadcrumbList\",\"@id\":\"https:\/\/hcd.malargue.gov.ar\/?p=41330#breadcrumb\",\"itemListElement\":[{\"@type\":\"ListItem\",\"position\":1,\"name\":\"Inicio\",\"item\":\"https:\/\/hcd.malargue.gov.ar\/\"},{\"@type\":\"ListItem\",\"position\":2,\"name\":\"RESOLUCI\u00d3N N\u00b0296\/2.026\"}]},{\"@type\":\"WebSite\",\"@id\":\"https:\/\/hcd.malargue.gov.ar\/#website\",\"url\":\"https:\/\/hcd.malargue.gov.ar\/\",\"name\":\"Malarg\u00fce HCD\",\"description\":\"Malarg\u00fce Mendoza Argentina\",\"potentialAction\":[{\"@type\":\"SearchAction\",\"target\":{\"@type\":\"EntryPoint\",\"urlTemplate\":\"https:\/\/hcd.malargue.gov.ar\/?s={search_term_string}\"},\"query-input\":\"required name=search_term_string\"}],\"inLanguage\":\"es-AR\"},{\"@type\":\"Person\",\"@id\":\"https:\/\/hcd.malargue.gov.ar\/#\/schema\/person\/ee682cfebfbf463de71f53a5c722be75\",\"name\":\"Celina Gonzalez\",\"image\":{\"@type\":\"ImageObject\",\"inLanguage\":\"es-AR\",\"@id\":\"https:\/\/hcd.malargue.gov.ar\/#\/schema\/person\/image\/\",\"url\":\"https:\/\/secure.gravatar.com\/avatar\/306223a4268d159ebfcea14c5a513206411b872b38a6568525d852b77a1fdb63?s=96&d=mm&r=g\",\"contentUrl\":\"https:\/\/secure.gravatar.com\/avatar\/306223a4268d159ebfcea14c5a513206411b872b38a6568525d852b77a1fdb63?s=96&d=mm&r=g\",\"caption\":\"Celina Gonzalez\"},\"url\":\"https:\/\/hcd.malargue.gov.ar\/?author=11\"}]}<\/script>\n<!-- \/ Yoast SEO plugin. -->","yoast_head_json":{"title":"RESOLUCI\u00d3N N\u00b0296\/2.026 - Malarg\u00fce HCD","robots":{"index":"index","follow":"follow","max-snippet":"max-snippet:-1","max-image-preview":"max-image-preview:large","max-video-preview":"max-video-preview:-1"},"canonical":"https:\/\/hcd.malargue.gov.ar\/?p=41330","og_locale":"es_ES","og_type":"article","og_title":"RESOLUCI\u00d3N N\u00b0296\/2.026 - Malarg\u00fce HCD","og_description":"El HCD declar\u00f3 de Inter\u00e9s Cultural,Patrimonial y Turistico la muestra &#8220;Malarg\u00fce Gaucho&#8221;. El Cuerpo Deliberativo declar\u00f3 de Inter\u00e9s Cultural, Patrimonial y Tur\u00edstico Departamental la muestra fotogr\u00e1fica y charla formativa \u201cMalarg\u00fce Gaucho\u201d, impulsada por Rolando Poblete, por su aporte a la preservaci\u00f3n y difusi\u00f3n de la cultura gaucha y la vida rural del Departamento. La iniciativa [&hellip;]","og_url":"https:\/\/hcd.malargue.gov.ar\/?p=41330","og_site_name":"Malarg\u00fce HCD","article_published_time":"2026-09-01T11:51:28+00:00","article_modified_time":"2026-09-01T11:52:12+00:00","og_image":[{"width":940,"height":788,"url":"https:\/\/hcd.malargue.gov.ar\/wp-content\/uploads\/2026\/09\/RESOLUCION-1.png","type":"image\/png"}],"author":"Celina Gonzalez","twitter_card":"summary_large_image","twitter_misc":{"Escrito por":"Celina Gonzalez","Tiempo de lectura":"4 minutos"},"schema":{"@context":"https:\/\/schema.org","@graph":[{"@type":"WebPage","@id":"https:\/\/hcd.malargue.gov.ar\/?p=41330","url":"https:\/\/hcd.malargue.gov.ar\/?p=41330","name":"RESOLUCI\u00d3N N\u00b0296\/2.026 - Malarg\u00fce HCD","isPartOf":{"@id":"https:\/\/hcd.malargue.gov.ar\/#website"},"datePublished":"2026-09-01T11:51:28+00:00","dateModified":"2026-09-01T11:52:12+00:00","author":{"@id":"https:\/\/hcd.malargue.gov.ar\/#\/schema\/person\/ee682cfebfbf463de71f53a5c722be75"},"breadcrumb":{"@id":"https:\/\/hcd.malargue.gov.ar\/?p=41330#breadcrumb"},"inLanguage":"es-AR","potentialAction":[{"@type":"ReadAction","target":["https:\/\/hcd.malargue.gov.ar\/?p=41330"]}]},{"@type":"BreadcrumbList","@id":"https:\/\/hcd.malargue.gov.ar\/?p=41330#breadcrumb","itemListElement":[{"@type":"ListItem","position":1,"name":"Inicio","item":"https:\/\/hcd.malargue.gov.ar\/"},{"@type":"ListItem","position":2,"name":"RESOLUCI\u00d3N N\u00b0296\/2.026"}]},{"@type":"WebSite","@id":"https:\/\/hcd.malargue.gov.ar\/#website","url":"https:\/\/hcd.malargue.gov.ar\/","name":"Malarg\u00fce HCD","description":"Malarg\u00fce Mendoza Argentina","potentialAction":[{"@type":"SearchAction","target":{"@type":"EntryPoint","urlTemplate":"https:\/\/hcd.malargue.gov.ar\/?s={search_term_string}"},"query-input":"required name=search_term_string"}],"inLanguage":"es-AR"},{"@type":"Person","@id":"https:\/\/hcd.malargue.gov.ar\/#\/schema\/person\/ee682cfebfbf463de71f53a5c722be75","name":"Celina Gonzalez","image":{"@type":"ImageObject","inLanguage":"es-AR","@id":"https:\/\/hcd.malargue.gov.ar\/#\/schema\/person\/image\/","url":"https:\/\/secure.gravatar.com\/avatar\/306223a4268d159ebfcea14c5a513206411b872b38a6568525d852b77a1fdb63?s=96&d=mm&r=g","contentUrl":"https:\/\/secure.gravatar.com\/avatar\/306223a4268d159ebfcea14c5a513206411b872b38a6568525d852b77a1fdb63?s=96&d=mm&r=g","caption":"Celina Gonzalez"},"url":"https:\/\/hcd.malargue.gov.ar\/?author=11"}]}},"_links":{"self":[{"href":"https:\/\/hcd.malargue.gov.ar\/index.php?rest_route=\/wp\/v2\/posts\/41330","targetHints":{"allow":["GET"]}}],"collection":[{"href":"https:\/\/hcd.malargue.gov.ar\/index.php?rest_route=\/wp\/v2\/posts"}],"about":[{"href":"https:\/\/hcd.malargue.gov.ar\/index.php?rest_route=\/wp\/v2\/types\/post"}],"author":[{"embeddable":true,"href":"https:\/\/hcd.malargue.gov.ar\/index.php?rest_route=\/wp\/v2\/users\/11"}],"replies":[{"embeddable":true,"href":"https:\/\/hcd.malargue.gov.ar\/index.php?rest_route=%2Fwp%2Fv2%2Fcomments&post=41330"}],"version-history":[{"count":1,"href":"https:\/\/hcd.malargue.gov.ar\/index.php?rest_route=\/wp\/v2\/posts\/41330\/revisions"}],"predecessor-version":[{"id":41332,"href":"https:\/\/hcd.malargue.gov.ar\/index.php?rest_route=\/wp\/v2\/posts\/41330\/revisions\/41332"}],"wp:featuredmedia":[{"embeddable":true,"href":"https:\/\/hcd.malargue.gov.ar\/index.php?rest_route=\/wp\/v2\/media\/41333"}],"wp:attachment":[{"href":"https:\/\/hcd.malargue.gov.ar\/index.php?rest_route=%2Fwp%2Fv2%2Fmedia&parent=41330"}],"wp:term":[{"taxonomy":"category","embeddable":true,"href":"https:\/\/hcd.malargue.gov.ar\/index.php?rest_route=%2Fwp%2Fv2%2Fcategories&post=41330"},{"taxonomy":"post_tag","embeddable":true,"href":"https:\/\/hcd.malargue.gov.ar\/index.php?rest_route=%2Fwp%2Fv2%2Ftags&post=41330"}],"curies":[{"name":"wp","href":"https:\/\/api.w.org\/{rel}","templated":true}]}}