{"id":41335,"date":"2026-09-01T10:30:08","date_gmt":"2026-09-01T13:30:08","guid":{"rendered":"https:\/\/hcd.malargue.gov.ar\/?p=41335"},"modified":"2026-09-01T10:34:40","modified_gmt":"2026-09-01T13:34:40","slug":"resolucion-n298-2-026","status":"publish","type":"post","link":"https:\/\/hcd.malargue.gov.ar\/?p=41335","title":{"rendered":"RESOLUCI\u00d3N N\u00b0298\/2.026"},"content":{"rendered":"\n<p class=\"wp-block-paragraph\"><strong>El HCD aprob\u00f3 la creaci\u00f3n de la &#8220;Semana del Honorable Concejo Deliberante de Malarg\u00fce&#8221;. <\/strong><\/p>\n\n\n\n<p class=\"wp-block-paragraph\"><em>Concejales dieron aprobaci\u00f3n a la creaci\u00f3n de la \u201cSemana del Honorable Concejo Deliberante de Malarg\u00fce\u201d, una iniciativa que busca fortalecer el v\u00ednculo entre la instituci\u00f3n y la comunidad, promoviendo el conocimiento de la labor legislativa, la participaci\u00f3n ciudadana y la historia institucional del Cuerpo.<\/em><\/p>\n\n\n\n<p class=\"wp-block-paragraph\"><em>La propuesta, impulsada mediante el Expediente N.\u00ba 3.455\/2026-0 por el Bloque Uni\u00f3n Mendocina, parte de la necesidad de acercar las instituciones p\u00fablicas a los vecinos y generar espacios que permitan conocer de manera directa c\u00f3mo funciona el \u00f3rgano legislativo departamental.<\/em><\/p>\n\n\n\n<p class=\"wp-block-paragraph\"><em>En este sentido, la iniciativa contempla que la Semana tenga car\u00e1cter abierto y gratuito, con la participaci\u00f3n de vecinos, organizaciones de la sociedad civil, establecimientos educativos, entidades intermedias y organismos p\u00fablicos.<\/em><\/p>\n\n\n\n<p class=\"wp-block-paragraph\"><em>Durante su desarrollo, cada Bloque Legislativo podr\u00e1 organizar exposiciones, charlas y presentaciones destinadas a explicar distintos aspectos del funcionamiento del Concejo Deliberante. Entre las tem\u00e1ticas previstas se encuentran las funciones y atribuciones del Cuerpo, el proceso de presentaci\u00f3n y tratamiento de proyectos, el trabajo de las Comisiones Permanentes, la elaboraci\u00f3n de despachos y el desarrollo de las Sesiones Ordinarias y Especiales.<\/em><\/p>\n\n\n\n<p class=\"wp-block-paragraph\"><em>Asimismo, se abordar\u00e1n las diferencias entre Ordenanzas, Resoluciones, Declaraciones y Comunicaciones, junto con las herramientas de participaci\u00f3n ciudadana y acceso a la informaci\u00f3n p\u00fablica.<\/em><\/p>\n\n\n\n<p class=\"wp-block-paragraph\"><em>Uno de los ejes centrales de la propuesta ser\u00e1 tambi\u00e9n la historia y evoluci\u00f3n institucional del Honorable Concejo Deliberante de Malarg\u00fce, considerado una de las instituciones democr\u00e1ticas m\u00e1s antiguas y representativas del Departamento.<\/em><\/p>\n\n\n\n<p class=\"wp-block-paragraph\"><em>La iniciativa pone especial \u00e9nfasis en la participaci\u00f3n de establecimientos educativos de todos los niveles, centros de estudiantes, instituciones de educaci\u00f3n superior y organizaciones juveniles, con el prop\u00f3sito de promover la educaci\u00f3n c\u00edvica y acercar a las nuevas generaciones al \u00e1mbito legislativo local.<\/em><\/p>\n\n\n\n<p class=\"wp-block-paragraph\"><em>La Semana podr\u00e1 incluir charlas, talleres, muestras, visitas guiadas, exposiciones hist\u00f3ricas y otras actividades destinadas a generar un espacio de encuentro entre la instituci\u00f3n y la comunidad.<\/em><\/p>\n\n\n\n<p class=\"wp-block-paragraph\"><em>La fecha de realizaci\u00f3n ser\u00e1 definida por acuerdo del Cuerpo de Ediles, teniendo en cuenta antecedentes, acontecimientos o hitos significativos de la historia del Concejo Deliberante, debido a la inexistencia de registros que establezcan actualmente una fecha institucional espec\u00edfica.<\/em><\/p>\n\n\n\n<p class=\"wp-block-paragraph\"><em>A trav\u00e9s de la Resoluci\u00f3n N.\u00ba 298\/2026, tambi\u00e9n se encomend\u00f3 a la Oficina de Prensa y Comunicaci\u00f3n Institucional la difusi\u00f3n y promoci\u00f3n de las actividades, mientras que la Presidencia del HCD tendr\u00e1 a su cargo la coordinaci\u00f3n general y la elaboraci\u00f3n del cronograma correspondiente.<\/em><\/p>\n\n\n\n<p class=\"wp-block-paragraph\"><em>De esta manera, la iniciativa busca que el Concejo Deliberante no sea solamente un espacio donde se sancionan normas, sino tambi\u00e9n un \u00e1mbito de participaci\u00f3n, aprendizaje y encuentro, fortaleciendo el v\u00ednculo entre las instituciones democr\u00e1ticas y la comunidad de Malarg\u00fce.<\/em><\/p>\n\n\n<div class=\"wp-block-image\">\n<figure class=\"alignright size-full is-resized\"><a href=\"http:\/\/hcd.malargue.gov.ar\/2026\/RN%20298.2026.pdf\"><img loading=\"lazy\" decoding=\"async\" width=\"150\" height=\"150\" src=\"https:\/\/hcd.malargue.gov.ar\/wp-content\/uploads\/2026\/09\/image-1.png\" alt=\"\" class=\"wp-image-41338\" style=\"width:83px;height:auto\"\/><\/a><\/figure>\n<\/div>\n\n\n<p class=\"has-text-align-center wp-block-paragraph\"><strong>PIEZA LEGAL<\/strong>.<\/p>\n\n\n\n<p class=\"wp-block-paragraph\"><strong>AUTORA CONCEJAL: Elizabeth GONZALEZ.<\/strong><\/p>\n\n\n\n<p class=\"wp-block-paragraph\"><strong>BLOQUE UNION MENDOCINA<\/strong><\/p>\n\n\n\n<p class=\"wp-block-paragraph\">VISTO: El contenido del Expediente N\u00b03.455\/2.026-0. Bloque Uni\u00f3n Mendocina. Proyecto de Resoluci\u00f3n: Crear la Semana del Honorable Concejo Deliberante de Malarg\u00fce.<\/p>\n\n\n\n<p class=\"wp-block-paragraph\">La necesidad de fortalecer el v\u00ednculo entre el Honorable Concejo Deliberante de Malarg\u00fce y la comunidad, promoviendo el conocimiento de sus funciones, atribuciones y el trabajo legislativo que desarrolla.<\/p>\n\n\n\n<p class=\"wp-block-paragraph\">y;<\/p>\n\n\n\n<p class=\"wp-block-paragraph\">CONSIDERANDO: Que el Honorable Concejo Deliberante constituye el \u00f3rgano legislativo y de representaci\u00f3n de los vecinos del Departamento de Malarg\u00fce, desempe\u00f1ando un rol fundamental en el fortalecimiento de la democracia local.<\/p>\n\n\n\n<p class=\"wp-block-paragraph\">Que el Honorable Concejo Deliberante de Malarg\u00fce constituye una de las instituciones democr\u00e1ticas m\u00e1s antiguas y representativas del Departamento, siendo parte fundamental de la historia institucional de nuestra comunidad.<\/p>\n\n\n\n<p class=\"wp-block-paragraph\">Que resulta necesario acercar las instituciones p\u00fablicas a la comunidad, fomentando la participaci\u00f3n ciudadana, la transparencia y el conocimiento de los mecanismos de elaboraci\u00f3n de normas y control de la gesti\u00f3n municipal.<\/p>\n\n\n\n<p class=\"wp-block-paragraph\">Que la realizaci\u00f3n de una Semana del Honorable Concejo Deliberante permitir\u00e1 promover el intercambio de experiencias, la educaci\u00f3n c\u00edvica y el acercamiento de vecinos, estudiantes e instituciones al \u00e1mbito legislativo local.<\/p>\n\n\n\n<p class=\"wp-block-paragraph\">Que la participaci\u00f3n de todos los bloques legislativos contribuir\u00e1 a brindar una visi\u00f3n plural e integral del funcionamiento del Concejo Deliberante y de las herramientas legislativas que se encuentran a disposici\u00f3n de la ciudadan\u00eda.<\/p>\n\n\n\n<p class=\"wp-block-paragraph\">EL HONORABLE CONCEJO DELIBERANTE DE LA MUNICIPALIDAD DE MALARG\u00dcE EN USO DE LAS FACULTADES QUE LE SON PROPIAS<\/p>\n\n\n\n<p class=\"wp-block-paragraph\">RESUELVE<\/p>\n\n\n\n<p class=\"wp-block-paragraph\">ART\u00cdCULO 1\u00ba: Instruir la \u201cSemana del Honorable Concejo Deliberante de Malarg\u00fce\u201d, destinada a promover el conocimiento de la labor legislativa, la participaci\u00f3n ciudadana y la puesta en valor de la historia institucional del Cuerpo.<\/p>\n\n\n\n<p class=\"wp-block-paragraph\">ART\u00cdCULO 2\u00ba: Definir la fecha de realizaci\u00f3n de la \u201cSemana del Honorable Concejo Deliberante de Malarg\u00fce\u201d, por acuerdo del Cuerpo de Ediles, quienes establecer\u00e1n una fecha significativa para la Instituci\u00f3n, teniendo en cuenta antecedentes, acontecimientos o hitos relevantes de la historia del Cuerpo, en virtud de la inexistencia de registros que determinen una fecha institucional espec\u00edfica.<\/p>\n\n\n\n<p class=\"wp-block-paragraph\">ART\u00cdCULO 3\u00ba: Informar que la actividad tendr\u00e1 car\u00e1cter abierto y gratuito para toda la comunidad, pudiendo participar Vecinos, Organizaciones de la Sociedad Civil, Instituciones Educativas, Entidades Intermedias y Organismos P\u00fablicos.<\/p>\n\n\n\n<p class=\"wp-block-paragraph\">ART\u00cdCULO 4\u00ba: Determinar que, durante el desarrollo de la Semana del Honorable Concejo Deliberante, cada Bloque Legislativo podr\u00e1 organizar exposiciones, charlas o presentaciones vinculadas al funcionamiento institucional del Cuerpo, abordando tem\u00e1ticas tales como:<\/p>\n\n\n\n<p class=\"wp-block-paragraph\">a) Funciones y atribuciones del Concejo Deliberante.<\/p>\n\n\n\n<p class=\"wp-block-paragraph\">b) Qu\u00e9 es una Ordenanza, Resoluci\u00f3n, Declaraci\u00f3n y Comunicaci\u00f3n.<\/p>\n\n\n\n<p class=\"wp-block-paragraph\">c) Presentaci\u00f3n y tratamiento de proyectos.<\/p>\n\n\n\n<p class=\"wp-block-paragraph\">d) Trabajo de las Comisiones Permanentes.<\/p>\n\n\n\n<p class=\"wp-block-paragraph\">e) Elaboraci\u00f3n de despachos.<\/p>\n\n\n\n<p class=\"wp-block-paragraph\">f) Desarrollo de las Sesiones Ordinarias y Especiales.<\/p>\n\n\n\n<p class=\"wp-block-paragraph\">g) Participaci\u00f3n ciudadana y herramientas de acceso a la informaci\u00f3n p\u00fablica.<\/p>\n\n\n\n<p class=\"wp-block-paragraph\">h) Historia y evoluci\u00f3n institucional del Honorable Concejo Deliberante de Malarg\u00fce.<\/p>\n\n\n\n<p class=\"wp-block-paragraph\">ART\u00cdCULO 4\u00ba: Invitar a participar de las actividades de la \u201cSemana del Honorable Concejo Deliberante de Malarg\u00fce\u201d a establecimientos educativos de todos los niveles, centros de estudiantes, instituciones de educaci\u00f3n superior, organizaciones juveniles y dem\u00e1s entidades interesadas.<\/p>\n\n\n\n<p class=\"wp-block-paragraph\">ART\u00cdCULO 5\u00ba: Autorizar la realizaci\u00f3n de charlas, talleres, muestras, visitas guiadas, exposiciones hist\u00f3ricas y toda otra actividad destinada a fortalecer el v\u00ednculo entre el Concejo Deliberante y la comunidad.<\/p>\n\n\n\n<p class=\"wp-block-paragraph\">ART\u00cdCULO 6\u00ba: Encomendar a la Oficina de Prensa y Comunicaci\u00f3n Institucional del Honorable Concejo Deliberante de Malarg\u00fce la difusi\u00f3n, promoci\u00f3n y comunicaci\u00f3n de las actividades que se desarrollen en el marco de la \u201cSemana del Honorable Concejo Deliberante de Malarg\u00fce\u201d, garantizando su conocimiento por parte de la comunidad y fortaleciendo la participaci\u00f3n ciudadana.<\/p>\n\n\n\n<p class=\"wp-block-paragraph\">ART\u00cdCULO 7\u00ba: Coordinar a trav\u00e9s de la Presidencia del Honorable Concejo Deliberante la organizaci\u00f3n general del evento, garantizando la participaci\u00f3n de todos los Bloques Legislativos y elaborando el cronograma correspondiente.<\/p>\n\n\n\n<p class=\"wp-block-paragraph\">ART\u00cdCULO 8\u00ba: Comun\u00edquese, reg\u00edstrese, agr\u00e9guese copia de la presente en las actuaciones correspondientes y arch\u00edvese.<\/p>\n\n\n\n<p class=\"wp-block-paragraph\">DADA EN LA SALA DE SESIONES DR.&nbsp; RICARDO BALBIN DEL HONORABLE CONCEJO DELIBERANTE DE LA MUNICIPALIDAD DE MALARG\u00dcE A VEINTISIETE D\u00cdAS DE AGOSTO DE DOS MIL VEINTISEIS.<\/p>\n","protected":false},"excerpt":{"rendered":"<p>El HCD aprob\u00f3 la creaci\u00f3n de la &#8220;Semana del Honorable Concejo Deliberante de Malarg\u00fce&#8221;. Concejales dieron aprobaci\u00f3n a la creaci\u00f3n de la \u201cSemana del Honorable Concejo Deliberante de Malarg\u00fce\u201d, una iniciativa que busca fortalecer el v\u00ednculo entre la instituci\u00f3n y la comunidad, promoviendo el conocimiento de la labor legislativa, la participaci\u00f3n ciudadana y la historia [&hellip;]<\/p>\n","protected":false},"author":11,"featured_media":41336,"comment_status":"closed","ping_status":"closed","sticky":false,"template":"","format":"standard","meta":{"footnotes":""},"categories":[52,29,33,51],"tags":[],"class_list":["post-41335","post","type-post","status-publish","format-standard","has-post-thumbnail","hentry","category-gacetillas","category-lesgilacion","category-prensa","category-resoluciones"],"yoast_head":"<!-- This site is optimized with the Yoast SEO plugin v19.10 - https:\/\/yoast.com\/wordpress\/plugins\/seo\/ -->\n<title>RESOLUCI\u00d3N N\u00b0298\/2.026 - Malarg\u00fce HCD<\/title>\n<meta name=\"robots\" content=\"index, follow, max-snippet:-1, max-image-preview:large, max-video-preview:-1\" \/>\n<link rel=\"canonical\" href=\"https:\/\/hcd.malargue.gov.ar\/?p=41335\" \/>\n<meta property=\"og:locale\" content=\"es_ES\" \/>\n<meta property=\"og:type\" content=\"article\" \/>\n<meta property=\"og:title\" content=\"RESOLUCI\u00d3N N\u00b0298\/2.026 - Malarg\u00fce HCD\" \/>\n<meta property=\"og:description\" content=\"El HCD aprob\u00f3 la creaci\u00f3n de la &#8220;Semana del Honorable Concejo Deliberante de Malarg\u00fce&#8221;. Concejales dieron aprobaci\u00f3n a la creaci\u00f3n de la \u201cSemana del Honorable Concejo Deliberante de Malarg\u00fce\u201d, una iniciativa que busca fortalecer el v\u00ednculo entre la instituci\u00f3n y la comunidad, promoviendo el conocimiento de la labor legislativa, la participaci\u00f3n ciudadana y la historia [&hellip;]\" \/>\n<meta property=\"og:url\" content=\"https:\/\/hcd.malargue.gov.ar\/?p=41335\" \/>\n<meta property=\"og:site_name\" content=\"Malarg\u00fce HCD\" \/>\n<meta property=\"article:published_time\" content=\"2026-09-01T13:30:08+00:00\" \/>\n<meta property=\"article:modified_time\" content=\"2026-09-01T13:34:40+00:00\" \/>\n<meta property=\"og:image\" content=\"https:\/\/hcd.malargue.gov.ar\/wp-content\/uploads\/2026\/09\/RESOLUCION-2.png\" \/>\n\t<meta property=\"og:image:width\" content=\"940\" \/>\n\t<meta property=\"og:image:height\" content=\"788\" \/>\n\t<meta property=\"og:image:type\" content=\"image\/png\" \/>\n<meta name=\"author\" content=\"Celina Gonzalez\" \/>\n<meta name=\"twitter:card\" content=\"summary_large_image\" \/>\n<meta name=\"twitter:label1\" content=\"Escrito por\" \/>\n\t<meta name=\"twitter:data1\" content=\"Celina Gonzalez\" \/>\n\t<meta name=\"twitter:label2\" content=\"Tiempo de lectura\" \/>\n\t<meta name=\"twitter:data2\" content=\"6 minutos\" \/>\n<script type=\"application\/ld+json\" class=\"yoast-schema-graph\">{\"@context\":\"https:\/\/schema.org\",\"@graph\":[{\"@type\":\"WebPage\",\"@id\":\"https:\/\/hcd.malargue.gov.ar\/?p=41335\",\"url\":\"https:\/\/hcd.malargue.gov.ar\/?p=41335\",\"name\":\"RESOLUCI\u00d3N N\u00b0298\/2.026 - Malarg\u00fce HCD\",\"isPartOf\":{\"@id\":\"https:\/\/hcd.malargue.gov.ar\/#website\"},\"datePublished\":\"2026-09-01T13:30:08+00:00\",\"dateModified\":\"2026-09-01T13:34:40+00:00\",\"author\":{\"@id\":\"https:\/\/hcd.malargue.gov.ar\/#\/schema\/person\/ee682cfebfbf463de71f53a5c722be75\"},\"breadcrumb\":{\"@id\":\"https:\/\/hcd.malargue.gov.ar\/?p=41335#breadcrumb\"},\"inLanguage\":\"es-AR\",\"potentialAction\":[{\"@type\":\"ReadAction\",\"target\":[\"https:\/\/hcd.malargue.gov.ar\/?p=41335\"]}]},{\"@type\":\"BreadcrumbList\",\"@id\":\"https:\/\/hcd.malargue.gov.ar\/?p=41335#breadcrumb\",\"itemListElement\":[{\"@type\":\"ListItem\",\"position\":1,\"name\":\"Inicio\",\"item\":\"https:\/\/hcd.malargue.gov.ar\/\"},{\"@type\":\"ListItem\",\"position\":2,\"name\":\"RESOLUCI\u00d3N N\u00b0298\/2.026\"}]},{\"@type\":\"WebSite\",\"@id\":\"https:\/\/hcd.malargue.gov.ar\/#website\",\"url\":\"https:\/\/hcd.malargue.gov.ar\/\",\"name\":\"Malarg\u00fce HCD\",\"description\":\"Malarg\u00fce Mendoza Argentina\",\"potentialAction\":[{\"@type\":\"SearchAction\",\"target\":{\"@type\":\"EntryPoint\",\"urlTemplate\":\"https:\/\/hcd.malargue.gov.ar\/?s={search_term_string}\"},\"query-input\":\"required name=search_term_string\"}],\"inLanguage\":\"es-AR\"},{\"@type\":\"Person\",\"@id\":\"https:\/\/hcd.malargue.gov.ar\/#\/schema\/person\/ee682cfebfbf463de71f53a5c722be75\",\"name\":\"Celina Gonzalez\",\"image\":{\"@type\":\"ImageObject\",\"inLanguage\":\"es-AR\",\"@id\":\"https:\/\/hcd.malargue.gov.ar\/#\/schema\/person\/image\/\",\"url\":\"https:\/\/secure.gravatar.com\/avatar\/306223a4268d159ebfcea14c5a513206411b872b38a6568525d852b77a1fdb63?s=96&d=mm&r=g\",\"contentUrl\":\"https:\/\/secure.gravatar.com\/avatar\/306223a4268d159ebfcea14c5a513206411b872b38a6568525d852b77a1fdb63?s=96&d=mm&r=g\",\"caption\":\"Celina Gonzalez\"},\"url\":\"https:\/\/hcd.malargue.gov.ar\/?author=11\"}]}<\/script>\n<!-- \/ Yoast SEO plugin. -->","yoast_head_json":{"title":"RESOLUCI\u00d3N N\u00b0298\/2.026 - Malarg\u00fce HCD","robots":{"index":"index","follow":"follow","max-snippet":"max-snippet:-1","max-image-preview":"max-image-preview:large","max-video-preview":"max-video-preview:-1"},"canonical":"https:\/\/hcd.malargue.gov.ar\/?p=41335","og_locale":"es_ES","og_type":"article","og_title":"RESOLUCI\u00d3N N\u00b0298\/2.026 - Malarg\u00fce HCD","og_description":"El HCD aprob\u00f3 la creaci\u00f3n de la &#8220;Semana del Honorable Concejo Deliberante de Malarg\u00fce&#8221;. Concejales dieron aprobaci\u00f3n a la creaci\u00f3n de la \u201cSemana del Honorable Concejo Deliberante de Malarg\u00fce\u201d, una iniciativa que busca fortalecer el v\u00ednculo entre la instituci\u00f3n y la comunidad, promoviendo el conocimiento de la labor legislativa, la participaci\u00f3n ciudadana y la historia [&hellip;]","og_url":"https:\/\/hcd.malargue.gov.ar\/?p=41335","og_site_name":"Malarg\u00fce HCD","article_published_time":"2026-09-01T13:30:08+00:00","article_modified_time":"2026-09-01T13:34:40+00:00","og_image":[{"width":940,"height":788,"url":"https:\/\/hcd.malargue.gov.ar\/wp-content\/uploads\/2026\/09\/RESOLUCION-2.png","type":"image\/png"}],"author":"Celina Gonzalez","twitter_card":"summary_large_image","twitter_misc":{"Escrito por":"Celina Gonzalez","Tiempo de lectura":"6 minutos"},"schema":{"@context":"https:\/\/schema.org","@graph":[{"@type":"WebPage","@id":"https:\/\/hcd.malargue.gov.ar\/?p=41335","url":"https:\/\/hcd.malargue.gov.ar\/?p=41335","name":"RESOLUCI\u00d3N N\u00b0298\/2.026 - Malarg\u00fce HCD","isPartOf":{"@id":"https:\/\/hcd.malargue.gov.ar\/#website"},"datePublished":"2026-09-01T13:30:08+00:00","dateModified":"2026-09-01T13:34:40+00:00","author":{"@id":"https:\/\/hcd.malargue.gov.ar\/#\/schema\/person\/ee682cfebfbf463de71f53a5c722be75"},"breadcrumb":{"@id":"https:\/\/hcd.malargue.gov.ar\/?p=41335#breadcrumb"},"inLanguage":"es-AR","potentialAction":[{"@type":"ReadAction","target":["https:\/\/hcd.malargue.gov.ar\/?p=41335"]}]},{"@type":"BreadcrumbList","@id":"https:\/\/hcd.malargue.gov.ar\/?p=41335#breadcrumb","itemListElement":[{"@type":"ListItem","position":1,"name":"Inicio","item":"https:\/\/hcd.malargue.gov.ar\/"},{"@type":"ListItem","position":2,"name":"RESOLUCI\u00d3N N\u00b0298\/2.026"}]},{"@type":"WebSite","@id":"https:\/\/hcd.malargue.gov.ar\/#website","url":"https:\/\/hcd.malargue.gov.ar\/","name":"Malarg\u00fce HCD","description":"Malarg\u00fce Mendoza Argentina","potentialAction":[{"@type":"SearchAction","target":{"@type":"EntryPoint","urlTemplate":"https:\/\/hcd.malargue.gov.ar\/?s={search_term_string}"},"query-input":"required name=search_term_string"}],"inLanguage":"es-AR"},{"@type":"Person","@id":"https:\/\/hcd.malargue.gov.ar\/#\/schema\/person\/ee682cfebfbf463de71f53a5c722be75","name":"Celina Gonzalez","image":{"@type":"ImageObject","inLanguage":"es-AR","@id":"https:\/\/hcd.malargue.gov.ar\/#\/schema\/person\/image\/","url":"https:\/\/secure.gravatar.com\/avatar\/306223a4268d159ebfcea14c5a513206411b872b38a6568525d852b77a1fdb63?s=96&d=mm&r=g","contentUrl":"https:\/\/secure.gravatar.com\/avatar\/306223a4268d159ebfcea14c5a513206411b872b38a6568525d852b77a1fdb63?s=96&d=mm&r=g","caption":"Celina Gonzalez"},"url":"https:\/\/hcd.malargue.gov.ar\/?author=11"}]}},"_links":{"self":[{"href":"https:\/\/hcd.malargue.gov.ar\/index.php?rest_route=\/wp\/v2\/posts\/41335","targetHints":{"allow":["GET"]}}],"collection":[{"href":"https:\/\/hcd.malargue.gov.ar\/index.php?rest_route=\/wp\/v2\/posts"}],"about":[{"href":"https:\/\/hcd.malargue.gov.ar\/index.php?rest_route=\/wp\/v2\/types\/post"}],"author":[{"embeddable":true,"href":"https:\/\/hcd.malargue.gov.ar\/index.php?rest_route=\/wp\/v2\/users\/11"}],"replies":[{"embeddable":true,"href":"https:\/\/hcd.malargue.gov.ar\/index.php?rest_route=%2Fwp%2Fv2%2Fcomments&post=41335"}],"version-history":[{"count":2,"href":"https:\/\/hcd.malargue.gov.ar\/index.php?rest_route=\/wp\/v2\/posts\/41335\/revisions"}],"predecessor-version":[{"id":41339,"href":"https:\/\/hcd.malargue.gov.ar\/index.php?rest_route=\/wp\/v2\/posts\/41335\/revisions\/41339"}],"wp:featuredmedia":[{"embeddable":true,"href":"https:\/\/hcd.malargue.gov.ar\/index.php?rest_route=\/wp\/v2\/media\/41336"}],"wp:attachment":[{"href":"https:\/\/hcd.malargue.gov.ar\/index.php?rest_route=%2Fwp%2Fv2%2Fmedia&parent=41335"}],"wp:term":[{"taxonomy":"category","embeddable":true,"href":"https:\/\/hcd.malargue.gov.ar\/index.php?rest_route=%2Fwp%2Fv2%2Fcategories&post=41335"},{"taxonomy":"post_tag","embeddable":true,"href":"https:\/\/hcd.malargue.gov.ar\/index.php?rest_route=%2Fwp%2Fv2%2Ftags&post=41335"}],"curies":[{"name":"wp","href":"https:\/\/api.w.org\/{rel}","templated":true}]}}