{"id":41340,"date":"2026-09-01T11:10:38","date_gmt":"2026-09-01T14:10:38","guid":{"rendered":"https:\/\/hcd.malargue.gov.ar\/?p=41340"},"modified":"2026-09-01T11:11:10","modified_gmt":"2026-09-01T14:11:10","slug":"resolucion-n300-2-026","status":"publish","type":"post","link":"https:\/\/hcd.malargue.gov.ar\/?p=41340","title":{"rendered":"RESOLUCI\u00d3N N\u00b0300\/2.026"},"content":{"rendered":"\n<p class=\"wp-block-paragraph\"><strong>El HCD impulsa la implementaci\u00f3n de un programa de formaci\u00f3n para cuidadores domiciliarios de personas mayores.<\/strong><\/p>\n\n\n\n<p class=\"wp-block-paragraph\"><em>El Honorable Concejo Deliberante de Malarg\u00fce aprob\u00f3 una iniciativa que busca promover la formaci\u00f3n de cuidadores domiciliarios de personas mayores, mediante la articulaci\u00f3n entre el Municipio, la Universidad Nacional de Cuyo y el Hospital Universitario.<\/em><\/p>\n\n\n\n<p class=\"wp-block-paragraph\"><em>La propuesta surge ante el creciente requerimiento de personal capacitado para brindar asistencia y acompa\u00f1amiento a personas que, por razones vinculadas a la edad, enfermedad o discapacidad, necesitan apoyo en las actividades de la vida diaria.<\/em><\/p>\n\n\n\n<p class=\"wp-block-paragraph\"><em>A trav\u00e9s de la Resoluci\u00f3n N.\u00ba 300\/2026, el HCD solicit\u00f3 al Departamento Ejecutivo Municipal, por intermedio de la Secretar\u00eda de Desarrollo Humano y la Direcci\u00f3n de Educaci\u00f3n, que gestione la suscripci\u00f3n de convenios de cooperaci\u00f3n con la Universidad Nacional de Cuyo y el Hospital Universitario para implementar en Malarg\u00fce el Programa de Formaci\u00f3n Integral de Cuidadores Domiciliarios de Personas Mayores.<\/em><\/p>\n\n\n\n<p class=\"wp-block-paragraph\"><em>La iniciativa contempla una capacitaci\u00f3n integral que permita incorporar herramientas y conocimientos necesarios para brindar un cuidado adecuado y responsable. Entre los contenidos propuestos se encuentran gerontolog\u00eda, primeros auxilios, movilizaci\u00f3n segura de personas, alimentaci\u00f3n e higiene, prevenci\u00f3n de ca\u00eddas, estimulaci\u00f3n cognitiva, salud mental, \u00e9tica del cuidado y derechos de las personas mayores.<\/em><\/p>\n\n\n\n<p class=\"wp-block-paragraph\"><em>Asimismo, se plantea la incorporaci\u00f3n de pr\u00e1cticas supervisadas y de toda aquella tem\u00e1tica que resulte relevante para la formaci\u00f3n de quienes desarrollen esta tarea.<\/em><\/p>\n\n\n\n<p class=\"wp-block-paragraph\"><em>La propuesta tambi\u00e9n contempla la participaci\u00f3n de instituciones p\u00fablicas y privadas, organizaciones de la sociedad civil, centros de jubilados y entidades vinculadas a la salud y la asistencia social, con el objetivo de fortalecer el trabajo articulado en el \u00e1mbito departamental.<\/em><\/p>\n\n\n\n<p class=\"wp-block-paragraph\"><em>Desde el HCD se destac\u00f3 que la capacitaci\u00f3n de recursos humanos especializados no solo contribuye a mejorar la calidad de atenci\u00f3n y acompa\u00f1amiento de las personas mayores, sino que tambi\u00e9n puede generar oportunidades de inserci\u00f3n laboral y desarrollo profesional para los vecinos de Malarg\u00fce.<\/em><\/p>\n\n\n\n<p class=\"wp-block-paragraph\"><em>En este sentido, la iniciativa busca fortalecer las pol\u00edticas p\u00fablicas destinadas al cuidado de las personas mayores, favorecer su permanencia en sus hogares y acompa\u00f1ar a las familias que diariamente afrontan tareas de cuidado.<\/em><\/p>\n\n\n\n<p class=\"wp-block-paragraph\"><em>La propuesta se enmarca adem\u00e1s en la normativa nacional y provincial que reconoce la importancia de garantizar pol\u00edticas de protecci\u00f3n, promoci\u00f3n e inclusi\u00f3n de las personas mayores.<\/em><\/p>\n\n\n<div class=\"wp-block-image\">\n<figure class=\"alignright size-full is-resized\"><a href=\"http:\/\/hcd.malargue.gov.ar\/2026\/RN%20300.2026.pdf\"><img loading=\"lazy\" decoding=\"async\" width=\"150\" height=\"150\" src=\"https:\/\/hcd.malargue.gov.ar\/wp-content\/uploads\/2026\/09\/image-2.png\" alt=\"\" class=\"wp-image-41341\" style=\"width:83px;height:auto\"\/><\/a><\/figure>\n<\/div>\n\n\n<p class=\"has-text-align-center wp-block-paragraph\"><strong>PIEZA LEGAL<\/strong>.<\/p>\n\n\n\n<p class=\"wp-block-paragraph\"><strong>AUTORES CONCEJALES: Emilce MANSILLA, David GUZMAN, Magal\u00ed ACOSTA, Pablo CABRERA.<\/strong><\/p>\n\n\n\n<p class=\"wp-block-paragraph\"><strong>BLOQUE PARTIDO JUSTICIALISTA<\/strong><\/p>\n\n\n\n<p class=\"wp-block-paragraph\">VISTO: El contenido del Expediente N\u00b0 3.268\/2.026-0. Bloque Partido Justicialista. Proyecto de Resoluci\u00f3n: Solicitar al Departamento Ejecutivo Municipal por intermedio de la secretaria de desarrollo humano, (Direcci\u00f3n de Educaci\u00f3n) gestione la suscripci\u00f3n de convenios de cooperaci\u00f3n con la universidad nacional de cuyo, (hospital universitario) a fin de implementar el programa de formaci\u00f3n integral de cuidadores domiciliarios de personas mayores.<\/p>\n\n\n\n<p class=\"wp-block-paragraph\">El creciente incremente en la necesidad de personal capacitado en el cuidado y asistencia de personas tanto en el domicilio como en hospitales, conociendo la funci\u00f3n educativa y formadora del Hospital Universitario de la Universidad Nacional de Cuyo, encontr\u00e1ndose vigente el Programa de Formaci\u00f3n Integral de Cuidadores Domiciliarios de Personas Mayores; y la necesidad de fortalecer las pol\u00edticas p\u00fablicas destinadas al cuidado de las personas mayores y generaci\u00f3n de empleo en el Departamento de Malarg\u00fce.<\/p>\n\n\n\n<p class=\"wp-block-paragraph\">y;<\/p>\n\n\n\n<p class=\"wp-block-paragraph\">CONSIDERANDO: Que el envejecimiento progresivo de la poblaci\u00f3n constituye un desaf\u00edo para los gobiernos locales, quienes deben promover acciones que garanticen una mejor calidad de vida a las personas mayores.<\/p>\n\n\n\n<p class=\"wp-block-paragraph\">Que la formaci\u00f3n de cuidadores domiciliarios representa una herramienta fundamental para brindar atenci\u00f3n integral, acompa\u00f1amiento y asistencia a quienes, por razones de edad, enfermedad o discapacidad, requieren apoyo en las actividades de la vida diaria.<\/p>\n\n\n\n<p class=\"wp-block-paragraph\">Que la capacitaci\u00f3n de recursos humanos especializados no solo mejora la calidad del cuidado, sino que adem\u00e1s genera oportunidades de inserci\u00f3n laboral y desarrollo profesional para los vecinos del Departamento.<\/p>\n\n\n\n<p class=\"wp-block-paragraph\">Que resulta conveniente promover la articulaci\u00f3n entre el Municipio de Malarg\u00fce, la Universidad Nacional de Cuyo, el Hospital Universitario, el Hospital Regional Malarg\u00fce, OSEP, Instituciones Educativas y dem\u00e1s organismos competentes, con el objeto de implementar un programa de capacitaci\u00f3n destinado a formar cuidadores domiciliarios.<\/p>\n\n\n\n<p class=\"wp-block-paragraph\">Que este tipo de pol\u00edticas p\u00fablicas fortalecen el sistema local de salud, promueven el envejecimiento activo, favorecen la permanencia de las personas mayores en sus hogares y alivian la carga de cuidado que muchas familias afrontan diariamente.<\/p>\n\n\n\n<p class=\"wp-block-paragraph\">Que la Constituci\u00f3n Nacional, la Constituci\u00f3n de la Provincia de Mendoza, la Convenci\u00f3n Interamericana sobre la Protecci\u00f3n de los Derechos Humanos de las Personas Mayores (Ley Nacional N\u00ba 27.360), la Ley Nacional N\u00ba 27.700 de creaci\u00f3n del Plan Federal de Capacitaci\u00f3n sobre Derechos de las Personas Mayores y la Ley Provincial N\u00ba 9.353 reconocen el deber del Estado de garantizar pol\u00edticas destinadas a la protecci\u00f3n, promoci\u00f3n e inclusi\u00f3n de las personas mayores.<\/p>\n\n\n\n<p class=\"wp-block-paragraph\">Que corresponde al Honorable Concejo Deliberante impulsar iniciativas que promuevan la capacitaci\u00f3n, la inclusi\u00f3n social y el fortalecimiento de las pol\u00edticas p\u00fablicas orientadas a los sectores m\u00e1s vulnerables de la comunidad.<\/p>\n\n\n\n<p class=\"wp-block-paragraph\">EL HONORABLE CONCEJO DELIBERANTE DE LA MUNICIPALIDAD DE MALARG\u00dcE EN USO DE LAS FACULTADES QUE LE SON PROPIAS<\/p>\n\n\n\n<p class=\"wp-block-paragraph\">RESUELVE<\/p>\n\n\n\n<p class=\"wp-block-paragraph\">ART\u00cdCULO 1\u00b0: Solicitar al Departamento Ejecutivo Municipal que, por intermedio de la Secretar\u00eda de Desarrollo Humano, Direcci\u00f3n de Educaci\u00f3n, gestione la suscripci\u00f3n de convenios de cooperaci\u00f3n con la Universidad Nacional de Cuyo, el Hospital Universitario, con el objeto de implementar en el Departamento de Malarg\u00fce EL Programa de Formaci\u00f3n Integral de Cuidadores Domiciliarios de Personas Mayores.<\/p>\n\n\n\n<p class=\"wp-block-paragraph\">ART\u00cdCULO 2\u00b0: Solicitar que el programa contemple contenidos relacionados con gerontolog\u00eda, primeros auxilios, movilizaci\u00f3n segura de personas, administraci\u00f3n de medicaci\u00f3n conforme indicaci\u00f3n profesional, alimentaci\u00f3n e higiene, prevenci\u00f3n de ca\u00eddas, estimulaci\u00f3n cognitiva, salud mental, \u00e9tica del cuidado, derechos de las personas mayores y pr\u00e1cticas supervisadas, como as\u00ed tambi\u00e9n toda la tem\u00e1tica de relevancia.<\/p>\n\n\n\n<p class=\"wp-block-paragraph\">ART\u00cdCULO 3\u00b0: Invitar a instituciones p\u00fablicas y privadas, organizaciones de la sociedad civil, centros de jubilados y entidades vinculadas a la salud y la asistencia social a colaborar en el desarrollo de la capacitaci\u00f3n.<\/p>\n\n\n\n<p class=\"wp-block-paragraph\">ART\u00cdCULO 4\u00b0: Remitir copia de la presente Resoluci\u00f3n a la Universidad Nacional de Cuyo, Hospital Universitario y Departamento Ejecutivo Municipal.<\/p>\n\n\n\n<p class=\"wp-block-paragraph\">ART\u00cdCULO 5\u00ba: Comun\u00edquese, reg\u00edstrese, agr\u00e9guese copia de la presente en las actuaciones correspondientes y arch\u00edvese.<\/p>\n\n\n\n<p class=\"wp-block-paragraph\">DADA EN LA SALA DE SESIONES DR.&nbsp; RICARDO BALBIN DEL HONORABLE CONCEJO DELIBERANTE DE LA MUNICIPALIDAD DE MALARG\u00dcE A VEINTISIETE D\u00cdAS DE AGOSTO DE DOS MIL VEINTISEIS.<\/p>\n","protected":false},"excerpt":{"rendered":"<p>El HCD impulsa la implementaci\u00f3n de un programa de formaci\u00f3n para cuidadores domiciliarios de personas mayores. El Honorable Concejo Deliberante de Malarg\u00fce aprob\u00f3 una iniciativa que busca promover la formaci\u00f3n de cuidadores domiciliarios de personas mayores, mediante la articulaci\u00f3n entre el Municipio, la Universidad Nacional de Cuyo y el Hospital Universitario. La propuesta surge ante [&hellip;]<\/p>\n","protected":false},"author":11,"featured_media":41342,"comment_status":"closed","ping_status":"closed","sticky":false,"template":"","format":"standard","meta":{"footnotes":""},"categories":[52,29,33,51],"tags":[],"class_list":["post-41340","post","type-post","status-publish","format-standard","has-post-thumbnail","hentry","category-gacetillas","category-lesgilacion","category-prensa","category-resoluciones"],"yoast_head":"<!-- This site is optimized with the Yoast SEO plugin v19.10 - https:\/\/yoast.com\/wordpress\/plugins\/seo\/ -->\n<title>RESOLUCI\u00d3N N\u00b0300\/2.026 - Malarg\u00fce HCD<\/title>\n<meta name=\"robots\" content=\"index, follow, max-snippet:-1, max-image-preview:large, max-video-preview:-1\" \/>\n<link rel=\"canonical\" href=\"https:\/\/hcd.malargue.gov.ar\/?p=41340\" \/>\n<meta property=\"og:locale\" content=\"es_ES\" \/>\n<meta property=\"og:type\" content=\"article\" \/>\n<meta property=\"og:title\" content=\"RESOLUCI\u00d3N N\u00b0300\/2.026 - Malarg\u00fce HCD\" \/>\n<meta property=\"og:description\" content=\"El HCD impulsa la implementaci\u00f3n de un programa de formaci\u00f3n para cuidadores domiciliarios de personas mayores. El Honorable Concejo Deliberante de Malarg\u00fce aprob\u00f3 una iniciativa que busca promover la formaci\u00f3n de cuidadores domiciliarios de personas mayores, mediante la articulaci\u00f3n entre el Municipio, la Universidad Nacional de Cuyo y el Hospital Universitario. La propuesta surge ante [&hellip;]\" \/>\n<meta property=\"og:url\" content=\"https:\/\/hcd.malargue.gov.ar\/?p=41340\" \/>\n<meta property=\"og:site_name\" content=\"Malarg\u00fce HCD\" \/>\n<meta property=\"article:published_time\" content=\"2026-09-01T14:10:38+00:00\" \/>\n<meta property=\"article:modified_time\" content=\"2026-09-01T14:11:10+00:00\" \/>\n<meta property=\"og:image\" content=\"https:\/\/hcd.malargue.gov.ar\/wp-content\/uploads\/2026\/09\/RESOLUCION-3.png\" \/>\n\t<meta property=\"og:image:width\" content=\"940\" \/>\n\t<meta property=\"og:image:height\" content=\"788\" \/>\n\t<meta property=\"og:image:type\" content=\"image\/png\" \/>\n<meta name=\"author\" content=\"Celina Gonzalez\" \/>\n<meta name=\"twitter:card\" content=\"summary_large_image\" \/>\n<meta name=\"twitter:label1\" content=\"Escrito por\" \/>\n\t<meta name=\"twitter:data1\" content=\"Celina Gonzalez\" \/>\n\t<meta name=\"twitter:label2\" content=\"Tiempo de lectura\" \/>\n\t<meta name=\"twitter:data2\" content=\"5 minutos\" \/>\n<script type=\"application\/ld+json\" class=\"yoast-schema-graph\">{\"@context\":\"https:\/\/schema.org\",\"@graph\":[{\"@type\":\"WebPage\",\"@id\":\"https:\/\/hcd.malargue.gov.ar\/?p=41340\",\"url\":\"https:\/\/hcd.malargue.gov.ar\/?p=41340\",\"name\":\"RESOLUCI\u00d3N N\u00b0300\/2.026 - Malarg\u00fce HCD\",\"isPartOf\":{\"@id\":\"https:\/\/hcd.malargue.gov.ar\/#website\"},\"datePublished\":\"2026-09-01T14:10:38+00:00\",\"dateModified\":\"2026-09-01T14:11:10+00:00\",\"author\":{\"@id\":\"https:\/\/hcd.malargue.gov.ar\/#\/schema\/person\/ee682cfebfbf463de71f53a5c722be75\"},\"breadcrumb\":{\"@id\":\"https:\/\/hcd.malargue.gov.ar\/?p=41340#breadcrumb\"},\"inLanguage\":\"es-AR\",\"potentialAction\":[{\"@type\":\"ReadAction\",\"target\":[\"https:\/\/hcd.malargue.gov.ar\/?p=41340\"]}]},{\"@type\":\"BreadcrumbList\",\"@id\":\"https:\/\/hcd.malargue.gov.ar\/?p=41340#breadcrumb\",\"itemListElement\":[{\"@type\":\"ListItem\",\"position\":1,\"name\":\"Inicio\",\"item\":\"https:\/\/hcd.malargue.gov.ar\/\"},{\"@type\":\"ListItem\",\"position\":2,\"name\":\"RESOLUCI\u00d3N N\u00b0300\/2.026\"}]},{\"@type\":\"WebSite\",\"@id\":\"https:\/\/hcd.malargue.gov.ar\/#website\",\"url\":\"https:\/\/hcd.malargue.gov.ar\/\",\"name\":\"Malarg\u00fce HCD\",\"description\":\"Malarg\u00fce Mendoza Argentina\",\"potentialAction\":[{\"@type\":\"SearchAction\",\"target\":{\"@type\":\"EntryPoint\",\"urlTemplate\":\"https:\/\/hcd.malargue.gov.ar\/?s={search_term_string}\"},\"query-input\":\"required name=search_term_string\"}],\"inLanguage\":\"es-AR\"},{\"@type\":\"Person\",\"@id\":\"https:\/\/hcd.malargue.gov.ar\/#\/schema\/person\/ee682cfebfbf463de71f53a5c722be75\",\"name\":\"Celina Gonzalez\",\"image\":{\"@type\":\"ImageObject\",\"inLanguage\":\"es-AR\",\"@id\":\"https:\/\/hcd.malargue.gov.ar\/#\/schema\/person\/image\/\",\"url\":\"https:\/\/secure.gravatar.com\/avatar\/306223a4268d159ebfcea14c5a513206411b872b38a6568525d852b77a1fdb63?s=96&d=mm&r=g\",\"contentUrl\":\"https:\/\/secure.gravatar.com\/avatar\/306223a4268d159ebfcea14c5a513206411b872b38a6568525d852b77a1fdb63?s=96&d=mm&r=g\",\"caption\":\"Celina Gonzalez\"},\"url\":\"https:\/\/hcd.malargue.gov.ar\/?author=11\"}]}<\/script>\n<!-- \/ Yoast SEO plugin. -->","yoast_head_json":{"title":"RESOLUCI\u00d3N N\u00b0300\/2.026 - Malarg\u00fce HCD","robots":{"index":"index","follow":"follow","max-snippet":"max-snippet:-1","max-image-preview":"max-image-preview:large","max-video-preview":"max-video-preview:-1"},"canonical":"https:\/\/hcd.malargue.gov.ar\/?p=41340","og_locale":"es_ES","og_type":"article","og_title":"RESOLUCI\u00d3N N\u00b0300\/2.026 - Malarg\u00fce HCD","og_description":"El HCD impulsa la implementaci\u00f3n de un programa de formaci\u00f3n para cuidadores domiciliarios de personas mayores. El Honorable Concejo Deliberante de Malarg\u00fce aprob\u00f3 una iniciativa que busca promover la formaci\u00f3n de cuidadores domiciliarios de personas mayores, mediante la articulaci\u00f3n entre el Municipio, la Universidad Nacional de Cuyo y el Hospital Universitario. La propuesta surge ante [&hellip;]","og_url":"https:\/\/hcd.malargue.gov.ar\/?p=41340","og_site_name":"Malarg\u00fce HCD","article_published_time":"2026-09-01T14:10:38+00:00","article_modified_time":"2026-09-01T14:11:10+00:00","og_image":[{"width":940,"height":788,"url":"https:\/\/hcd.malargue.gov.ar\/wp-content\/uploads\/2026\/09\/RESOLUCION-3.png","type":"image\/png"}],"author":"Celina Gonzalez","twitter_card":"summary_large_image","twitter_misc":{"Escrito por":"Celina Gonzalez","Tiempo de lectura":"5 minutos"},"schema":{"@context":"https:\/\/schema.org","@graph":[{"@type":"WebPage","@id":"https:\/\/hcd.malargue.gov.ar\/?p=41340","url":"https:\/\/hcd.malargue.gov.ar\/?p=41340","name":"RESOLUCI\u00d3N N\u00b0300\/2.026 - Malarg\u00fce HCD","isPartOf":{"@id":"https:\/\/hcd.malargue.gov.ar\/#website"},"datePublished":"2026-09-01T14:10:38+00:00","dateModified":"2026-09-01T14:11:10+00:00","author":{"@id":"https:\/\/hcd.malargue.gov.ar\/#\/schema\/person\/ee682cfebfbf463de71f53a5c722be75"},"breadcrumb":{"@id":"https:\/\/hcd.malargue.gov.ar\/?p=41340#breadcrumb"},"inLanguage":"es-AR","potentialAction":[{"@type":"ReadAction","target":["https:\/\/hcd.malargue.gov.ar\/?p=41340"]}]},{"@type":"BreadcrumbList","@id":"https:\/\/hcd.malargue.gov.ar\/?p=41340#breadcrumb","itemListElement":[{"@type":"ListItem","position":1,"name":"Inicio","item":"https:\/\/hcd.malargue.gov.ar\/"},{"@type":"ListItem","position":2,"name":"RESOLUCI\u00d3N N\u00b0300\/2.026"}]},{"@type":"WebSite","@id":"https:\/\/hcd.malargue.gov.ar\/#website","url":"https:\/\/hcd.malargue.gov.ar\/","name":"Malarg\u00fce HCD","description":"Malarg\u00fce Mendoza Argentina","potentialAction":[{"@type":"SearchAction","target":{"@type":"EntryPoint","urlTemplate":"https:\/\/hcd.malargue.gov.ar\/?s={search_term_string}"},"query-input":"required name=search_term_string"}],"inLanguage":"es-AR"},{"@type":"Person","@id":"https:\/\/hcd.malargue.gov.ar\/#\/schema\/person\/ee682cfebfbf463de71f53a5c722be75","name":"Celina Gonzalez","image":{"@type":"ImageObject","inLanguage":"es-AR","@id":"https:\/\/hcd.malargue.gov.ar\/#\/schema\/person\/image\/","url":"https:\/\/secure.gravatar.com\/avatar\/306223a4268d159ebfcea14c5a513206411b872b38a6568525d852b77a1fdb63?s=96&d=mm&r=g","contentUrl":"https:\/\/secure.gravatar.com\/avatar\/306223a4268d159ebfcea14c5a513206411b872b38a6568525d852b77a1fdb63?s=96&d=mm&r=g","caption":"Celina Gonzalez"},"url":"https:\/\/hcd.malargue.gov.ar\/?author=11"}]}},"_links":{"self":[{"href":"https:\/\/hcd.malargue.gov.ar\/index.php?rest_route=\/wp\/v2\/posts\/41340","targetHints":{"allow":["GET"]}}],"collection":[{"href":"https:\/\/hcd.malargue.gov.ar\/index.php?rest_route=\/wp\/v2\/posts"}],"about":[{"href":"https:\/\/hcd.malargue.gov.ar\/index.php?rest_route=\/wp\/v2\/types\/post"}],"author":[{"embeddable":true,"href":"https:\/\/hcd.malargue.gov.ar\/index.php?rest_route=\/wp\/v2\/users\/11"}],"replies":[{"embeddable":true,"href":"https:\/\/hcd.malargue.gov.ar\/index.php?rest_route=%2Fwp%2Fv2%2Fcomments&post=41340"}],"version-history":[{"count":1,"href":"https:\/\/hcd.malargue.gov.ar\/index.php?rest_route=\/wp\/v2\/posts\/41340\/revisions"}],"predecessor-version":[{"id":41343,"href":"https:\/\/hcd.malargue.gov.ar\/index.php?rest_route=\/wp\/v2\/posts\/41340\/revisions\/41343"}],"wp:featuredmedia":[{"embeddable":true,"href":"https:\/\/hcd.malargue.gov.ar\/index.php?rest_route=\/wp\/v2\/media\/41342"}],"wp:attachment":[{"href":"https:\/\/hcd.malargue.gov.ar\/index.php?rest_route=%2Fwp%2Fv2%2Fmedia&parent=41340"}],"wp:term":[{"taxonomy":"category","embeddable":true,"href":"https:\/\/hcd.malargue.gov.ar\/index.php?rest_route=%2Fwp%2Fv2%2Fcategories&post=41340"},{"taxonomy":"post_tag","embeddable":true,"href":"https:\/\/hcd.malargue.gov.ar\/index.php?rest_route=%2Fwp%2Fv2%2Ftags&post=41340"}],"curies":[{"name":"wp","href":"https:\/\/api.w.org\/{rel}","templated":true}]}}