{"id":41344,"date":"2026-09-02T08:45:28","date_gmt":"2026-09-02T11:45:28","guid":{"rendered":"https:\/\/hcd.malargue.gov.ar\/?p=41344"},"modified":"2026-09-02T08:45:33","modified_gmt":"2026-09-02T11:45:33","slug":"resolucion-n303-2-026","status":"publish","type":"post","link":"https:\/\/hcd.malargue.gov.ar\/?p=41344","title":{"rendered":"RESOLUCI\u00d3N N\u00b0303\/2.026"},"content":{"rendered":"\n<p class=\"wp-block-paragraph\"><strong>El HCD reconoci\u00f3 a la deportista Keila Villarruel por su designaci\u00f3n como Vicepresidenta de la Federaci\u00f3n Mendocina de Judo<\/strong><\/p>\n\n\n\n<p class=\"wp-block-paragraph\"><em>Concejales reconocieron y felicitaron a la deportista malarg\u00fcina Keila Villarruel por su designaci\u00f3n como Vicepresidenta de la Federaci\u00f3n Mendocina de Judo, un nuevo desaf\u00edo que representa un importante hito para el deporte del sur mendocino.<\/em><\/p>\n\n\n\n<p class=\"wp-block-paragraph\"><em>El reconocimiento qued\u00f3 establecido mediante la presente Resoluci\u00f3n N\u00b0 303\/2026, aprobada en la sesi\u00f3n del 27 de agosto, donde se destac\u00f3 tanto su trayectoria deportiva como el nuevo rol dirigencial que asumi\u00f3 en el \u00e1mbito provincial.<\/em><\/p>\n\n\n\n<p class=\"wp-block-paragraph\"><em>Villarruel es oriunda de Malarg\u00fce y se form\u00f3 en la Escuela Municipal de Judo. A lo largo de su carrera ha representado al Departamento, a la Provincia de Mendoza y al pa\u00eds en competencias nacionales e internacionales. Entre sus principales logros se encuentran tres t\u00edtulos de campeona argentina y el campeonato sudamericano de la disciplina. Asimismo, recibi\u00f3 el Premio Huarpe en Judo, distinci\u00f3n que reconoce su destacada trayectoria dentro del deporte provincial.<\/em><\/p>\n\n\n\n<p class=\"wp-block-paragraph\"><em>Su trayectoria tambi\u00e9n la llev\u00f3 a ser convocada por la Selecci\u00f3n Argentina de Judo para entrenar en el Centro Nacional de Alto Rendimiento Deportivo (CENARD), demostrando el nivel competitivo alcanzado a lo largo de los a\u00f1os.<\/em><\/p>\n\n\n\n<p class=\"wp-block-paragraph\"><em>Desde el HCD recordaron adem\u00e1s que en 2019 el Cuerpo ya hab\u00eda distinguido a Keila Villarruel por su participaci\u00f3n en el Campeonato Sudamericano de Judo, junto a la judoca Guadalupe Castro.<\/em><\/p>\n\n\n\n<p class=\"wp-block-paragraph\"><em>En esta oportunidad, los ediles destacaron que su designaci\u00f3n como Vicepresidenta de la Federaci\u00f3n Mendocina de Judo constituye un hecho in\u00e9dito para el deporte del sur mendocino, al permitir que la voz y las necesidades de la regi\u00f3n tengan representaci\u00f3n dentro de la conducci\u00f3n provincial de la disciplina.<\/em><\/p>\n\n\n\n<p class=\"wp-block-paragraph\"><em>La Resoluci\u00f3n tambi\u00e9n pone en valor que este logro trasciende lo individual y es resultado del trabajo sostenido de profesores, dirigentes, familias y deportistas que impulsan el crecimiento del judo en Malarg\u00fce.<\/em><\/p>\n\n\n\n<p class=\"wp-block-paragraph\"><em>De esta manera, el HCD hizo entrega de una copia de la Resoluci\u00f3n N\u00b0 303\/2026 a Keila Villarruel como testimonio del reconocimiento a su trayectoria y a este nuevo desaf\u00edo que asume, representando una vez m\u00e1s a Malarg\u00fce en el \u00e1mbito deportivo provincial.<\/em><\/p>\n\n\n<div class=\"wp-block-image\">\n<figure class=\"alignright size-full is-resized\"><a href=\"http:\/\/hcd.malargue.gov.ar\/2026\/RN%20303.2026.pdf\"><img loading=\"lazy\" decoding=\"async\" width=\"150\" height=\"150\" src=\"https:\/\/hcd.malargue.gov.ar\/wp-content\/uploads\/2026\/09\/image-3.png\" alt=\"\" class=\"wp-image-41345\" style=\"width:81px;height:auto\"\/><\/a><\/figure>\n<\/div>\n\n\n<p class=\"has-text-align-center wp-block-paragraph\"><strong>PIEZA LEGAL<\/strong>.<\/p>\n\n\n\n<p class=\"wp-block-paragraph\"><strong>AUTOR CONCEJAL: Daniel MART\u00cdNEZ .<\/strong><\/p>\n\n\n\n<p class=\"wp-block-paragraph\"><strong>BLOQUE LLA + CAMBIA MENDOZA<\/strong><\/p>\n\n\n\n<p class=\"wp-block-paragraph\">VISTO: El contenido del Expediente N\u00b0 3.679\/2.026-0. Bloque La Libertad Avanza + Cambia Mendoza. Proyecto de Resoluci\u00f3n: Reconocer y felicitar a la deportista malarg\u00fcina Keila Villarruel por su designaci\u00f3n como Vicepresidenta de la Federaci\u00f3n Mendocina de Judo.<\/p>\n\n\n\n<p class=\"wp-block-paragraph\">La designaci\u00f3n de la deportista malarg\u00fcina Keila Villarruel como Vicepresidenta de la Federaci\u00f3n Mendocina de Judo, concretada en el mes de agosto de 2026.<\/p>\n\n\n\n<p class=\"wp-block-paragraph\">y;<\/p>\n\n\n\n<p class=\"wp-block-paragraph\">CONSIDERANDO: Que Keila Villarruel es una deportista oriunda del Departamento de Malarg\u00fce, formada en la Escuela Municipal de Judo, que ha representado a la localidad, a la Provincia de Mendoza y al pa\u00eds en competencias de nivel nacional e internacional.<\/p>\n\n\n\n<p class=\"wp-block-paragraph\">Que a lo largo de su trayectoria se ha consagrado tres veces campeona argentina y campeona sudamericana de la disciplina, obteniendo asimismo el Premio Huarpe en Judo, distinci\u00f3n que la ubica entre las m\u00e1ximas figuras del deporte provincial.<\/p>\n\n\n\n<p class=\"wp-block-paragraph\">Que fue convocada por la Selecci\u00f3n Argentina de Judo para entrenar en el Centro Nacional de Alto Rendimiento Deportivo (CENARD), lo que da cuenta del nivel competitivo alcanzado a lo largo de su carrera.<\/p>\n\n\n\n<p class=\"wp-block-paragraph\">Que este Honorable Cuerpo ya distingui\u00f3 su trayectoria deportiva en el a\u00f1o 2019, en el marco de la 23\u00aa Sesi\u00f3n Ordinaria, oportunidad en la que fue reconocida junto a la judoca Guadalupe Castro por su participaci\u00f3n en el Campeonato Sudamericano de la disciplina.<\/p>\n\n\n\n<p class=\"wp-block-paragraph\">Que su designaci\u00f3n como Vicepresidenta de la Federaci\u00f3n Mendocina de Judo constituye un hecho in\u00e9dito y un hito institucional para el deporte del sur mendocino, en tanto garantiza que la voz y las necesidades de la regi\u00f3n tengan un lugar central en la conducci\u00f3n provincial de la disciplina.<\/p>\n\n\n\n<p class=\"wp-block-paragraph\">Que este logro trasciende lo individual y representa el fruto del trabajo sostenido de profesores, dirigentes, familias y deportistas que impulsan el judo en el Departamento, constituy\u00e9ndose adem\u00e1s en un ejemplo para las nuevas generaciones.<\/p>\n\n\n\n<p class=\"wp-block-paragraph\">Que resulta oportuno y justo que este Honorable Concejo Deliberante exprese su reconocimiento a la deportista por su destacada trayectoria y por el nuevo rol dirigencial asumido.<\/p>\n\n\n\n<p class=\"wp-block-paragraph\">EL HONORABLE CONCEJO DELIBERANTE DE LA MUNICIPALIDAD DE MALARG\u00dcE EN USO DE LAS FACULTADES QUE LE SON PROPIAS<\/p>\n\n\n\n<p class=\"wp-block-paragraph\">RESUELVE<\/p>\n\n\n\n<p class=\"wp-block-paragraph\">ART\u00cdCULO 1\u00ba: Reconocer y felicitar a la deportista malarg\u00fcina Keila Villarruel por su designaci\u00f3n como Vicepresidenta de la Federaci\u00f3n Mendocina de Judo, celebrando este hito para el deporte del Departamento de Malarg\u00fce y del sur de la Provincia de Mendoza.<\/p>\n\n\n\n<p class=\"wp-block-paragraph\">ART\u00cdCULO 2\u00ba: Destacar su trayectoria deportiva como tres veces campeona argentina y campeona sudamericana de judo, poniendo en valor su aporte a la representaci\u00f3n del Departamento en el \u00e1mbito nacional e internacional.<\/p>\n\n\n\n<p class=\"wp-block-paragraph\">ART\u00cdCULO 3\u00ba: Hacer entrega de una copia de la presente Resoluci\u00f3n a la se\u00f1ora Keila Villarruel, como testimonio del reconocimiento de este Honorable Cuerpo.<\/p>\n\n\n\n<p class=\"wp-block-paragraph\">ART\u00cdCULO 4\u00ba: Comun\u00edquese, reg\u00edstrese, agr\u00e9guese copia de la presente en las actuaciones correspondientes y arch\u00edvese.<\/p>\n\n\n\n<p class=\"wp-block-paragraph\">DADA EN LA SALA DE SESIONES DR.&nbsp; RICARDO BALBIN DEL HONORABLE CONCEJO DELIBERANTE DE LA MUNICIPALIDAD DE MALARG\u00dcE A VEINTISIETE D\u00cdAS DE AGOSTO DE DOS MIL VEINTISEIS.<\/p>\n","protected":false},"excerpt":{"rendered":"<p>El HCD reconoci\u00f3 a la deportista Keila Villarruel por su designaci\u00f3n como Vicepresidenta de la Federaci\u00f3n Mendocina de Judo Concejales reconocieron y felicitaron a la deportista malarg\u00fcina Keila Villarruel por su designaci\u00f3n como Vicepresidenta de la Federaci\u00f3n Mendocina de Judo, un nuevo desaf\u00edo que representa un importante hito para el deporte del sur mendocino. El [&hellip;]<\/p>\n","protected":false},"author":11,"featured_media":41347,"comment_status":"closed","ping_status":"closed","sticky":false,"template":"","format":"standard","meta":{"footnotes":""},"categories":[52,29,33,51],"tags":[],"class_list":["post-41344","post","type-post","status-publish","format-standard","has-post-thumbnail","hentry","category-gacetillas","category-lesgilacion","category-prensa","category-resoluciones"],"yoast_head":"<!-- This site is optimized with the Yoast SEO plugin v19.10 - https:\/\/yoast.com\/wordpress\/plugins\/seo\/ -->\n<title>RESOLUCI\u00d3N N\u00b0303\/2.026 - Malarg\u00fce HCD<\/title>\n<meta name=\"robots\" content=\"index, follow, max-snippet:-1, max-image-preview:large, max-video-preview:-1\" \/>\n<link rel=\"canonical\" href=\"https:\/\/hcd.malargue.gov.ar\/?p=41344\" \/>\n<meta property=\"og:locale\" content=\"es_ES\" \/>\n<meta property=\"og:type\" content=\"article\" \/>\n<meta property=\"og:title\" content=\"RESOLUCI\u00d3N N\u00b0303\/2.026 - Malarg\u00fce HCD\" \/>\n<meta property=\"og:description\" content=\"El HCD reconoci\u00f3 a la deportista Keila Villarruel por su designaci\u00f3n como Vicepresidenta de la Federaci\u00f3n Mendocina de Judo Concejales reconocieron y felicitaron a la deportista malarg\u00fcina Keila Villarruel por su designaci\u00f3n como Vicepresidenta de la Federaci\u00f3n Mendocina de Judo, un nuevo desaf\u00edo que representa un importante hito para el deporte del sur mendocino. El [&hellip;]\" \/>\n<meta property=\"og:url\" content=\"https:\/\/hcd.malargue.gov.ar\/?p=41344\" \/>\n<meta property=\"og:site_name\" content=\"Malarg\u00fce HCD\" \/>\n<meta property=\"article:published_time\" content=\"2026-09-02T11:45:28+00:00\" \/>\n<meta property=\"article:modified_time\" content=\"2026-09-02T11:45:33+00:00\" \/>\n<meta property=\"og:image\" content=\"https:\/\/hcd.malargue.gov.ar\/wp-content\/uploads\/2026\/09\/RESOLUCION.png\" \/>\n\t<meta property=\"og:image:width\" content=\"940\" \/>\n\t<meta property=\"og:image:height\" content=\"788\" \/>\n\t<meta property=\"og:image:type\" content=\"image\/png\" \/>\n<meta name=\"author\" content=\"Celina Gonzalez\" \/>\n<meta name=\"twitter:card\" content=\"summary_large_image\" \/>\n<meta name=\"twitter:label1\" content=\"Escrito por\" \/>\n\t<meta name=\"twitter:data1\" content=\"Celina Gonzalez\" \/>\n\t<meta name=\"twitter:label2\" content=\"Tiempo de lectura\" \/>\n\t<meta name=\"twitter:data2\" content=\"5 minutos\" \/>\n<script type=\"application\/ld+json\" class=\"yoast-schema-graph\">{\"@context\":\"https:\/\/schema.org\",\"@graph\":[{\"@type\":\"WebPage\",\"@id\":\"https:\/\/hcd.malargue.gov.ar\/?p=41344\",\"url\":\"https:\/\/hcd.malargue.gov.ar\/?p=41344\",\"name\":\"RESOLUCI\u00d3N N\u00b0303\/2.026 - Malarg\u00fce HCD\",\"isPartOf\":{\"@id\":\"https:\/\/hcd.malargue.gov.ar\/#website\"},\"datePublished\":\"2026-09-02T11:45:28+00:00\",\"dateModified\":\"2026-09-02T11:45:33+00:00\",\"author\":{\"@id\":\"https:\/\/hcd.malargue.gov.ar\/#\/schema\/person\/ee682cfebfbf463de71f53a5c722be75\"},\"breadcrumb\":{\"@id\":\"https:\/\/hcd.malargue.gov.ar\/?p=41344#breadcrumb\"},\"inLanguage\":\"es-AR\",\"potentialAction\":[{\"@type\":\"ReadAction\",\"target\":[\"https:\/\/hcd.malargue.gov.ar\/?p=41344\"]}]},{\"@type\":\"BreadcrumbList\",\"@id\":\"https:\/\/hcd.malargue.gov.ar\/?p=41344#breadcrumb\",\"itemListElement\":[{\"@type\":\"ListItem\",\"position\":1,\"name\":\"Inicio\",\"item\":\"https:\/\/hcd.malargue.gov.ar\/\"},{\"@type\":\"ListItem\",\"position\":2,\"name\":\"RESOLUCI\u00d3N N\u00b0303\/2.026\"}]},{\"@type\":\"WebSite\",\"@id\":\"https:\/\/hcd.malargue.gov.ar\/#website\",\"url\":\"https:\/\/hcd.malargue.gov.ar\/\",\"name\":\"Malarg\u00fce HCD\",\"description\":\"Malarg\u00fce Mendoza Argentina\",\"potentialAction\":[{\"@type\":\"SearchAction\",\"target\":{\"@type\":\"EntryPoint\",\"urlTemplate\":\"https:\/\/hcd.malargue.gov.ar\/?s={search_term_string}\"},\"query-input\":\"required name=search_term_string\"}],\"inLanguage\":\"es-AR\"},{\"@type\":\"Person\",\"@id\":\"https:\/\/hcd.malargue.gov.ar\/#\/schema\/person\/ee682cfebfbf463de71f53a5c722be75\",\"name\":\"Celina Gonzalez\",\"image\":{\"@type\":\"ImageObject\",\"inLanguage\":\"es-AR\",\"@id\":\"https:\/\/hcd.malargue.gov.ar\/#\/schema\/person\/image\/\",\"url\":\"https:\/\/secure.gravatar.com\/avatar\/306223a4268d159ebfcea14c5a513206411b872b38a6568525d852b77a1fdb63?s=96&d=mm&r=g\",\"contentUrl\":\"https:\/\/secure.gravatar.com\/avatar\/306223a4268d159ebfcea14c5a513206411b872b38a6568525d852b77a1fdb63?s=96&d=mm&r=g\",\"caption\":\"Celina Gonzalez\"},\"url\":\"https:\/\/hcd.malargue.gov.ar\/?author=11\"}]}<\/script>\n<!-- \/ Yoast SEO plugin. -->","yoast_head_json":{"title":"RESOLUCI\u00d3N N\u00b0303\/2.026 - Malarg\u00fce HCD","robots":{"index":"index","follow":"follow","max-snippet":"max-snippet:-1","max-image-preview":"max-image-preview:large","max-video-preview":"max-video-preview:-1"},"canonical":"https:\/\/hcd.malargue.gov.ar\/?p=41344","og_locale":"es_ES","og_type":"article","og_title":"RESOLUCI\u00d3N N\u00b0303\/2.026 - Malarg\u00fce HCD","og_description":"El HCD reconoci\u00f3 a la deportista Keila Villarruel por su designaci\u00f3n como Vicepresidenta de la Federaci\u00f3n Mendocina de Judo Concejales reconocieron y felicitaron a la deportista malarg\u00fcina Keila Villarruel por su designaci\u00f3n como Vicepresidenta de la Federaci\u00f3n Mendocina de Judo, un nuevo desaf\u00edo que representa un importante hito para el deporte del sur mendocino. El [&hellip;]","og_url":"https:\/\/hcd.malargue.gov.ar\/?p=41344","og_site_name":"Malarg\u00fce HCD","article_published_time":"2026-09-02T11:45:28+00:00","article_modified_time":"2026-09-02T11:45:33+00:00","og_image":[{"width":940,"height":788,"url":"https:\/\/hcd.malargue.gov.ar\/wp-content\/uploads\/2026\/09\/RESOLUCION.png","type":"image\/png"}],"author":"Celina Gonzalez","twitter_card":"summary_large_image","twitter_misc":{"Escrito por":"Celina Gonzalez","Tiempo de lectura":"5 minutos"},"schema":{"@context":"https:\/\/schema.org","@graph":[{"@type":"WebPage","@id":"https:\/\/hcd.malargue.gov.ar\/?p=41344","url":"https:\/\/hcd.malargue.gov.ar\/?p=41344","name":"RESOLUCI\u00d3N N\u00b0303\/2.026 - Malarg\u00fce HCD","isPartOf":{"@id":"https:\/\/hcd.malargue.gov.ar\/#website"},"datePublished":"2026-09-02T11:45:28+00:00","dateModified":"2026-09-02T11:45:33+00:00","author":{"@id":"https:\/\/hcd.malargue.gov.ar\/#\/schema\/person\/ee682cfebfbf463de71f53a5c722be75"},"breadcrumb":{"@id":"https:\/\/hcd.malargue.gov.ar\/?p=41344#breadcrumb"},"inLanguage":"es-AR","potentialAction":[{"@type":"ReadAction","target":["https:\/\/hcd.malargue.gov.ar\/?p=41344"]}]},{"@type":"BreadcrumbList","@id":"https:\/\/hcd.malargue.gov.ar\/?p=41344#breadcrumb","itemListElement":[{"@type":"ListItem","position":1,"name":"Inicio","item":"https:\/\/hcd.malargue.gov.ar\/"},{"@type":"ListItem","position":2,"name":"RESOLUCI\u00d3N N\u00b0303\/2.026"}]},{"@type":"WebSite","@id":"https:\/\/hcd.malargue.gov.ar\/#website","url":"https:\/\/hcd.malargue.gov.ar\/","name":"Malarg\u00fce HCD","description":"Malarg\u00fce Mendoza Argentina","potentialAction":[{"@type":"SearchAction","target":{"@type":"EntryPoint","urlTemplate":"https:\/\/hcd.malargue.gov.ar\/?s={search_term_string}"},"query-input":"required name=search_term_string"}],"inLanguage":"es-AR"},{"@type":"Person","@id":"https:\/\/hcd.malargue.gov.ar\/#\/schema\/person\/ee682cfebfbf463de71f53a5c722be75","name":"Celina Gonzalez","image":{"@type":"ImageObject","inLanguage":"es-AR","@id":"https:\/\/hcd.malargue.gov.ar\/#\/schema\/person\/image\/","url":"https:\/\/secure.gravatar.com\/avatar\/306223a4268d159ebfcea14c5a513206411b872b38a6568525d852b77a1fdb63?s=96&d=mm&r=g","contentUrl":"https:\/\/secure.gravatar.com\/avatar\/306223a4268d159ebfcea14c5a513206411b872b38a6568525d852b77a1fdb63?s=96&d=mm&r=g","caption":"Celina Gonzalez"},"url":"https:\/\/hcd.malargue.gov.ar\/?author=11"}]}},"_links":{"self":[{"href":"https:\/\/hcd.malargue.gov.ar\/index.php?rest_route=\/wp\/v2\/posts\/41344","targetHints":{"allow":["GET"]}}],"collection":[{"href":"https:\/\/hcd.malargue.gov.ar\/index.php?rest_route=\/wp\/v2\/posts"}],"about":[{"href":"https:\/\/hcd.malargue.gov.ar\/index.php?rest_route=\/wp\/v2\/types\/post"}],"author":[{"embeddable":true,"href":"https:\/\/hcd.malargue.gov.ar\/index.php?rest_route=\/wp\/v2\/users\/11"}],"replies":[{"embeddable":true,"href":"https:\/\/hcd.malargue.gov.ar\/index.php?rest_route=%2Fwp%2Fv2%2Fcomments&post=41344"}],"version-history":[{"count":2,"href":"https:\/\/hcd.malargue.gov.ar\/index.php?rest_route=\/wp\/v2\/posts\/41344\/revisions"}],"predecessor-version":[{"id":41348,"href":"https:\/\/hcd.malargue.gov.ar\/index.php?rest_route=\/wp\/v2\/posts\/41344\/revisions\/41348"}],"wp:featuredmedia":[{"embeddable":true,"href":"https:\/\/hcd.malargue.gov.ar\/index.php?rest_route=\/wp\/v2\/media\/41347"}],"wp:attachment":[{"href":"https:\/\/hcd.malargue.gov.ar\/index.php?rest_route=%2Fwp%2Fv2%2Fmedia&parent=41344"}],"wp:term":[{"taxonomy":"category","embeddable":true,"href":"https:\/\/hcd.malargue.gov.ar\/index.php?rest_route=%2Fwp%2Fv2%2Fcategories&post=41344"},{"taxonomy":"post_tag","embeddable":true,"href":"https:\/\/hcd.malargue.gov.ar\/index.php?rest_route=%2Fwp%2Fv2%2Ftags&post=41344"}],"curies":[{"name":"wp","href":"https:\/\/api.w.org\/{rel}","templated":true}]}}