{"id":41349,"date":"2026-09-02T09:11:45","date_gmt":"2026-09-02T12:11:45","guid":{"rendered":"https:\/\/hcd.malargue.gov.ar\/?p=41349"},"modified":"2026-09-02T09:11:52","modified_gmt":"2026-09-02T12:11:52","slug":"resolucion-n305-2-026","status":"publish","type":"post","link":"https:\/\/hcd.malargue.gov.ar\/?p=41349","title":{"rendered":"RESOLUCI\u00d3N N\u00b0305\/2.026"},"content":{"rendered":"\n<p class=\"wp-block-paragraph\"><strong>El HCD hizo un reconocimiento al equipo municipal primera de Basquet de Malarg\u00fce por su destacada temporada.<\/strong><\/p>\n\n\n\n<p class=\"wp-block-paragraph\"><em>El Cuerpo Deliberativo reconoci\u00f3 la destacada actuaci\u00f3n deportiva del Equipo Municipal de Malarg\u00fce Primera de B\u00e1squet, que durante la temporada 2026 alcanz\u00f3 importantes logros en competencias regionales y dej\u00f3 en alto el nombre del Departamento.<\/em><\/p>\n\n\n\n<p class=\"wp-block-paragraph\"><em>El reconocimiento fue establecido mediante la Resoluci\u00f3n N\u00b0 305\/2026, aprobada el 27 de agosto, en la que se puso en valor el desempe\u00f1o, la disciplina y el compromiso demostrado por los jugadores y el cuerpo t\u00e9cnico.<\/em><\/p>\n\n\n\n<p class=\"wp-block-paragraph\"><em>El equipo malarg\u00fcino tuvo una temporada sobresaliente en la Liga de San Rafael, donde logr\u00f3 consagrarse campe\u00f3n de la categor\u00eda A2, obteniendo el ascenso a la categor\u00eda A1. Posteriormente, volvi\u00f3 a quedarse con el t\u00edtulo, esta vez en la categor\u00eda A1, consolidando el gran trabajo realizado durante toda la competencia.<\/em><\/p>\n\n\n\n<p class=\"wp-block-paragraph\"><em>Estos resultados le permitieron al conjunto de Malarg\u00fce disputar la Liga del Valle de Uco, donde alcanz\u00f3 la Final de la Copa de Oro. El domingo 26 de julio disput\u00f3 el encuentro decisivo y obtuvo el subcampeonato, resultado que signific\u00f3 un nuevo logro para el b\u00e1squet del Departamento.<\/em><\/p>\n\n\n\n<p class=\"wp-block-paragraph\"><em>Desde el HCD se destac\u00f3 que los resultados obtenidos reflejan no solamente el nivel competitivo alcanzado, sino tambi\u00e9n el esfuerzo, la perseverancia, la responsabilidad y el trabajo en equipo de cada uno de sus integrantes.<\/em><\/p>\n\n\n\n<p class=\"wp-block-paragraph\"><em>La Resoluci\u00f3n distingue a los jugadores Juan Neira, Luciano Jaeggi, Jorge Chaile, Santiago Von Zedtwitz, Agust\u00edn VonZedtwitz, Manuel Salatti, Tom\u00e1s Salatti, Joaqu\u00edn Olivera, Nicol\u00e1s Martini, Juan Gim\u00e9nez, M\u00e1ximo Vergara y Cesar De La Cruz.<\/em><\/p>\n\n\n\n<p class=\"wp-block-paragraph\"><em>Asimismo, el reconocimiento se hizo extensivo al entrenador H\u00e9ctor Neira, Entrenador de B\u00e1squet Nivel II, por su labor en la formaci\u00f3n deportiva y humana de los j\u00f3venes, adem\u00e1s de su compromiso y liderazgo durante la temporada.<\/em><\/p>\n\n\n\n<p class=\"wp-block-paragraph\"><em>El HCD resalt\u00f3 que el deporte constituye una herramienta fundamental para la formaci\u00f3n integral de ni\u00f1os y j\u00f3venes, ya que fomenta valores como el esfuerzo, el respeto, la solidaridad, la responsabilidad y la perseverancia.<\/em><\/p>\n\n\n\n<p class=\"has-text-align-center wp-block-paragraph\"><strong>PIEZA LEGAL<\/strong>.<\/p>\n\n\n<div class=\"wp-block-image\">\n<figure class=\"alignright size-full is-resized\"><a href=\"http:\/\/hcd.malargue.gov.ar\/2026\/RN%20305.2026.pdf\"><img loading=\"lazy\" decoding=\"async\" width=\"150\" height=\"150\" src=\"https:\/\/hcd.malargue.gov.ar\/wp-content\/uploads\/2026\/09\/image-4.png\" alt=\"\" class=\"wp-image-41350\" style=\"width:86px;height:auto\"\/><\/a><\/figure>\n<\/div>\n\n\n<p class=\"wp-block-paragraph\"><strong>AUTOR CONCEJAL: Pablo VILLARRUEL.<\/strong><\/p>\n\n\n\n<p class=\"wp-block-paragraph\"><strong>BLOQUE UCR MALARG\u00dcE<\/strong><\/p>\n\n\n\n<p class=\"wp-block-paragraph\">VISTO: El contenido del Expediente N\u00b0 3.421\/2.026-0. Bloque UCR Malarg\u00fce. Proyecto de Resoluci\u00f3n: Reconocer la destacada actuaci\u00f3n deportiva del Equipo de B\u00e1squet de Malarg\u00fce.<\/p>\n\n\n\n<p class=\"wp-block-paragraph\">La destacada trayectoria deportiva del Equipo Municipal de Malarg\u00fce Primera de B\u00e1squet, integrado por j\u00f3venes de nuestro departamento, quienes han obtenido importantes logros en competencias regionales representando con compromiso, disciplina y excelencia al Departamento de Malarg\u00fce.<\/p>\n\n\n\n<p class=\"wp-block-paragraph\">y;<\/p>\n\n\n\n<p class=\"wp-block-paragraph\">CONSIDERANDO: Que el deporte constituye una herramienta fundamental para la formaci\u00f3n integral de ni\u00f1os y j\u00f3venes, promoviendo valores como el esfuerzo, la responsabilidad, el respeto, la solidaridad, el trabajo en equipo y la perseverancia.<\/p>\n\n\n\n<p class=\"wp-block-paragraph\">Que el Equipo Municipal de Malarg\u00fce Primera de B\u00e1squet logr\u00f3 consagrarse Campe\u00f3n de la categor\u00eda A2 de la Liga de San Rafael, obteniendo el ascenso a la categor\u00eda A1.<\/p>\n\n\n\n<p class=\"wp-block-paragraph\">Que posteriormente alcanz\u00f3 un nuevo e importante logro al consagrarse Campe\u00f3n de la categor\u00eda A1, demostrando un alto nivel competitivo y consolidando el excelente trabajo realizado durante toda la temporada.<\/p>\n\n\n\n<p class=\"wp-block-paragraph\">Que dichos resultados permitieron al equipo disputar la Liga del Valle de Uco, alcanzando la Final de la Copa de Oro.<\/p>\n\n\n\n<p class=\"wp-block-paragraph\">Que el d\u00eda domingo 26 de julio de 2026, el Equipo Municipal de Malarg\u00fce Primera de B\u00e1squet disput\u00f3 la Final de la Copa de Oro de la Liga del Valle de Uco, obteniendo el subcampeonato, resultado que refleja el esfuerzo, la dedicaci\u00f3n, la disciplina y el compromiso de cada uno de sus integrantes y del cuerpo t\u00e9cnico.<\/p>\n\n\n\n<p class=\"wp-block-paragraph\">Que alcanzar el subcampeonato en una competencia de alto nivel constituye un importante logro deportivo y un motivo de orgullo para el Departamento de Malarg\u00fce, destacando el crecimiento y la proyecci\u00f3n del b\u00e1squet local.<\/p>\n\n\n\n<p class=\"wp-block-paragraph\">EL HONORABLE CONCEJO DELIBERANTE DE LA MUNICIPALIDAD DE MALARG\u00dcE EN USO DE LAS FACULTADES QUE LE SON PROPIAS<\/p>\n\n\n\n<p class=\"wp-block-paragraph\">RESUELVE<\/p>\n\n\n\n<p class=\"wp-block-paragraph\">ART\u00cdCULO 1\u00b0: Reconocer la destacada actuaci\u00f3n del Equipo Municipal de Malarg\u00fce Primera de B\u00e1squet por haberse consagrado Campe\u00f3n de Liga de San Rafael en las categor\u00edas A2 y A1, y posteriormente Subcampeones de la Copa de Oro de la Liga del Valle de Uco, t\u00edtulo obtenido el d\u00eda 26 de julio de 2026.<\/p>\n\n\n\n<p class=\"wp-block-paragraph\">ART\u00cdCULO 2\u00b0: Distinguir por su desempe\u00f1o y compromiso deportivo a los siguientes jugadores:<\/p>\n\n\n\n<ul class=\"wp-block-list\">\n<li>Juan Neira<\/li>\n\n\n\n<li>Luciano Jaeggi<\/li>\n\n\n\n<li>Jorge Chaile<\/li>\n\n\n\n<li>Santiago Von Zedtwitz<\/li>\n\n\n\n<li>Agust\u00edn VonZedtwitz<\/li>\n\n\n\n<li>Manuel Salatti<\/li>\n\n\n\n<li>Tom\u00e1s Salatti<\/li>\n\n\n\n<li>Joaqu\u00edn Olivera<\/li>\n\n\n\n<li>Nicol\u00e1s Martini<\/li>\n\n\n\n<li>Juan Gim\u00e9nez<\/li>\n\n\n\n<li>M\u00e1ximo Vergara<\/li>\n\n\n\n<li>Cesar De La Cruz<\/li>\n<\/ul>\n\n\n\n<p class=\"wp-block-paragraph\">ART\u00cdCULO 3\u00b0: Hacer extensivo el presente reconocimiento al entrenador H\u00e9ctor Neira, Entrenador de B\u00e1squet Nivel II, por su destacada labor en la formaci\u00f3n deportiva y humana de los j\u00f3venes, as\u00ed como su compromiso y liderazgo en la obtenci\u00f3n de los logros alcanzados.<\/p>\n\n\n\n<p class=\"wp-block-paragraph\">ART\u00cdCULO 4\u00b0: Remitir copia de la presente Resoluci\u00f3n a los jugadores, al entrenador y a las instituciones deportivas correspondientes, como testimonio del reconocimiento otorgado por este Honorable Concejo Deliberante.<\/p>\n\n\n\n<p class=\"wp-block-paragraph\">ART\u00cdCULO 5\u00ba: Comun\u00edquese, reg\u00edstrese, agr\u00e9guese copia de la presente en las actuaciones correspondientes y arch\u00edvese.<\/p>\n\n\n\n<p class=\"wp-block-paragraph\">DADA EN LA SALA DE SESIONES DR.&nbsp; RICARDO BALBIN DEL HONORABLE CONCEJO DELIBERANTE DE LA MUNICIPALIDAD DE MALARG\u00dcE A VEINTISIETE D\u00cdAS DE AGOSTO DE DOS MIL VEINTISEIS.<\/p>\n","protected":false},"excerpt":{"rendered":"<p>El HCD hizo un reconocimiento al equipo municipal primera de Basquet de Malarg\u00fce por su destacada temporada. El Cuerpo Deliberativo reconoci\u00f3 la destacada actuaci\u00f3n deportiva del Equipo Municipal de Malarg\u00fce Primera de B\u00e1squet, que durante la temporada 2026 alcanz\u00f3 importantes logros en competencias regionales y dej\u00f3 en alto el nombre del Departamento. El reconocimiento fue [&hellip;]<\/p>\n","protected":false},"author":11,"featured_media":41351,"comment_status":"closed","ping_status":"closed","sticky":false,"template":"","format":"standard","meta":{"footnotes":""},"categories":[52,29,33,51],"tags":[],"class_list":["post-41349","post","type-post","status-publish","format-standard","has-post-thumbnail","hentry","category-gacetillas","category-lesgilacion","category-prensa","category-resoluciones"],"yoast_head":"<!-- This site is optimized with the Yoast SEO plugin v19.10 - https:\/\/yoast.com\/wordpress\/plugins\/seo\/ -->\n<title>RESOLUCI\u00d3N N\u00b0305\/2.026 - Malarg\u00fce HCD<\/title>\n<meta name=\"robots\" content=\"index, follow, max-snippet:-1, max-image-preview:large, max-video-preview:-1\" \/>\n<link rel=\"canonical\" href=\"https:\/\/hcd.malargue.gov.ar\/?p=41349\" \/>\n<meta property=\"og:locale\" content=\"es_ES\" \/>\n<meta property=\"og:type\" content=\"article\" \/>\n<meta property=\"og:title\" content=\"RESOLUCI\u00d3N N\u00b0305\/2.026 - Malarg\u00fce HCD\" \/>\n<meta property=\"og:description\" content=\"El HCD hizo un reconocimiento al equipo municipal primera de Basquet de Malarg\u00fce por su destacada temporada. El Cuerpo Deliberativo reconoci\u00f3 la destacada actuaci\u00f3n deportiva del Equipo Municipal de Malarg\u00fce Primera de B\u00e1squet, que durante la temporada 2026 alcanz\u00f3 importantes logros en competencias regionales y dej\u00f3 en alto el nombre del Departamento. El reconocimiento fue [&hellip;]\" \/>\n<meta property=\"og:url\" content=\"https:\/\/hcd.malargue.gov.ar\/?p=41349\" \/>\n<meta property=\"og:site_name\" content=\"Malarg\u00fce HCD\" \/>\n<meta property=\"article:published_time\" content=\"2026-09-02T12:11:45+00:00\" \/>\n<meta property=\"article:modified_time\" content=\"2026-09-02T12:11:52+00:00\" \/>\n<meta property=\"og:image\" content=\"https:\/\/hcd.malargue.gov.ar\/wp-content\/uploads\/2026\/09\/RESOLUCION-1-1.png\" \/>\n\t<meta property=\"og:image:width\" content=\"940\" \/>\n\t<meta property=\"og:image:height\" content=\"788\" \/>\n\t<meta property=\"og:image:type\" content=\"image\/png\" \/>\n<meta name=\"author\" content=\"Celina Gonzalez\" \/>\n<meta name=\"twitter:card\" content=\"summary_large_image\" \/>\n<meta name=\"twitter:label1\" content=\"Escrito por\" \/>\n\t<meta name=\"twitter:data1\" content=\"Celina Gonzalez\" \/>\n\t<meta name=\"twitter:label2\" content=\"Tiempo de lectura\" \/>\n\t<meta name=\"twitter:data2\" content=\"4 minutos\" \/>\n<script type=\"application\/ld+json\" class=\"yoast-schema-graph\">{\"@context\":\"https:\/\/schema.org\",\"@graph\":[{\"@type\":\"WebPage\",\"@id\":\"https:\/\/hcd.malargue.gov.ar\/?p=41349\",\"url\":\"https:\/\/hcd.malargue.gov.ar\/?p=41349\",\"name\":\"RESOLUCI\u00d3N N\u00b0305\/2.026 - Malarg\u00fce HCD\",\"isPartOf\":{\"@id\":\"https:\/\/hcd.malargue.gov.ar\/#website\"},\"datePublished\":\"2026-09-02T12:11:45+00:00\",\"dateModified\":\"2026-09-02T12:11:52+00:00\",\"author\":{\"@id\":\"https:\/\/hcd.malargue.gov.ar\/#\/schema\/person\/ee682cfebfbf463de71f53a5c722be75\"},\"breadcrumb\":{\"@id\":\"https:\/\/hcd.malargue.gov.ar\/?p=41349#breadcrumb\"},\"inLanguage\":\"es-AR\",\"potentialAction\":[{\"@type\":\"ReadAction\",\"target\":[\"https:\/\/hcd.malargue.gov.ar\/?p=41349\"]}]},{\"@type\":\"BreadcrumbList\",\"@id\":\"https:\/\/hcd.malargue.gov.ar\/?p=41349#breadcrumb\",\"itemListElement\":[{\"@type\":\"ListItem\",\"position\":1,\"name\":\"Inicio\",\"item\":\"https:\/\/hcd.malargue.gov.ar\/\"},{\"@type\":\"ListItem\",\"position\":2,\"name\":\"RESOLUCI\u00d3N N\u00b0305\/2.026\"}]},{\"@type\":\"WebSite\",\"@id\":\"https:\/\/hcd.malargue.gov.ar\/#website\",\"url\":\"https:\/\/hcd.malargue.gov.ar\/\",\"name\":\"Malarg\u00fce HCD\",\"description\":\"Malarg\u00fce Mendoza Argentina\",\"potentialAction\":[{\"@type\":\"SearchAction\",\"target\":{\"@type\":\"EntryPoint\",\"urlTemplate\":\"https:\/\/hcd.malargue.gov.ar\/?s={search_term_string}\"},\"query-input\":\"required name=search_term_string\"}],\"inLanguage\":\"es-AR\"},{\"@type\":\"Person\",\"@id\":\"https:\/\/hcd.malargue.gov.ar\/#\/schema\/person\/ee682cfebfbf463de71f53a5c722be75\",\"name\":\"Celina Gonzalez\",\"image\":{\"@type\":\"ImageObject\",\"inLanguage\":\"es-AR\",\"@id\":\"https:\/\/hcd.malargue.gov.ar\/#\/schema\/person\/image\/\",\"url\":\"https:\/\/secure.gravatar.com\/avatar\/306223a4268d159ebfcea14c5a513206411b872b38a6568525d852b77a1fdb63?s=96&d=mm&r=g\",\"contentUrl\":\"https:\/\/secure.gravatar.com\/avatar\/306223a4268d159ebfcea14c5a513206411b872b38a6568525d852b77a1fdb63?s=96&d=mm&r=g\",\"caption\":\"Celina Gonzalez\"},\"url\":\"https:\/\/hcd.malargue.gov.ar\/?author=11\"}]}<\/script>\n<!-- \/ Yoast SEO plugin. -->","yoast_head_json":{"title":"RESOLUCI\u00d3N N\u00b0305\/2.026 - Malarg\u00fce HCD","robots":{"index":"index","follow":"follow","max-snippet":"max-snippet:-1","max-image-preview":"max-image-preview:large","max-video-preview":"max-video-preview:-1"},"canonical":"https:\/\/hcd.malargue.gov.ar\/?p=41349","og_locale":"es_ES","og_type":"article","og_title":"RESOLUCI\u00d3N N\u00b0305\/2.026 - Malarg\u00fce HCD","og_description":"El HCD hizo un reconocimiento al equipo municipal primera de Basquet de Malarg\u00fce por su destacada temporada. El Cuerpo Deliberativo reconoci\u00f3 la destacada actuaci\u00f3n deportiva del Equipo Municipal de Malarg\u00fce Primera de B\u00e1squet, que durante la temporada 2026 alcanz\u00f3 importantes logros en competencias regionales y dej\u00f3 en alto el nombre del Departamento. El reconocimiento fue [&hellip;]","og_url":"https:\/\/hcd.malargue.gov.ar\/?p=41349","og_site_name":"Malarg\u00fce HCD","article_published_time":"2026-09-02T12:11:45+00:00","article_modified_time":"2026-09-02T12:11:52+00:00","og_image":[{"width":940,"height":788,"url":"https:\/\/hcd.malargue.gov.ar\/wp-content\/uploads\/2026\/09\/RESOLUCION-1-1.png","type":"image\/png"}],"author":"Celina Gonzalez","twitter_card":"summary_large_image","twitter_misc":{"Escrito por":"Celina Gonzalez","Tiempo de lectura":"4 minutos"},"schema":{"@context":"https:\/\/schema.org","@graph":[{"@type":"WebPage","@id":"https:\/\/hcd.malargue.gov.ar\/?p=41349","url":"https:\/\/hcd.malargue.gov.ar\/?p=41349","name":"RESOLUCI\u00d3N N\u00b0305\/2.026 - Malarg\u00fce HCD","isPartOf":{"@id":"https:\/\/hcd.malargue.gov.ar\/#website"},"datePublished":"2026-09-02T12:11:45+00:00","dateModified":"2026-09-02T12:11:52+00:00","author":{"@id":"https:\/\/hcd.malargue.gov.ar\/#\/schema\/person\/ee682cfebfbf463de71f53a5c722be75"},"breadcrumb":{"@id":"https:\/\/hcd.malargue.gov.ar\/?p=41349#breadcrumb"},"inLanguage":"es-AR","potentialAction":[{"@type":"ReadAction","target":["https:\/\/hcd.malargue.gov.ar\/?p=41349"]}]},{"@type":"BreadcrumbList","@id":"https:\/\/hcd.malargue.gov.ar\/?p=41349#breadcrumb","itemListElement":[{"@type":"ListItem","position":1,"name":"Inicio","item":"https:\/\/hcd.malargue.gov.ar\/"},{"@type":"ListItem","position":2,"name":"RESOLUCI\u00d3N N\u00b0305\/2.026"}]},{"@type":"WebSite","@id":"https:\/\/hcd.malargue.gov.ar\/#website","url":"https:\/\/hcd.malargue.gov.ar\/","name":"Malarg\u00fce HCD","description":"Malarg\u00fce Mendoza Argentina","potentialAction":[{"@type":"SearchAction","target":{"@type":"EntryPoint","urlTemplate":"https:\/\/hcd.malargue.gov.ar\/?s={search_term_string}"},"query-input":"required name=search_term_string"}],"inLanguage":"es-AR"},{"@type":"Person","@id":"https:\/\/hcd.malargue.gov.ar\/#\/schema\/person\/ee682cfebfbf463de71f53a5c722be75","name":"Celina Gonzalez","image":{"@type":"ImageObject","inLanguage":"es-AR","@id":"https:\/\/hcd.malargue.gov.ar\/#\/schema\/person\/image\/","url":"https:\/\/secure.gravatar.com\/avatar\/306223a4268d159ebfcea14c5a513206411b872b38a6568525d852b77a1fdb63?s=96&d=mm&r=g","contentUrl":"https:\/\/secure.gravatar.com\/avatar\/306223a4268d159ebfcea14c5a513206411b872b38a6568525d852b77a1fdb63?s=96&d=mm&r=g","caption":"Celina Gonzalez"},"url":"https:\/\/hcd.malargue.gov.ar\/?author=11"}]}},"_links":{"self":[{"href":"https:\/\/hcd.malargue.gov.ar\/index.php?rest_route=\/wp\/v2\/posts\/41349","targetHints":{"allow":["GET"]}}],"collection":[{"href":"https:\/\/hcd.malargue.gov.ar\/index.php?rest_route=\/wp\/v2\/posts"}],"about":[{"href":"https:\/\/hcd.malargue.gov.ar\/index.php?rest_route=\/wp\/v2\/types\/post"}],"author":[{"embeddable":true,"href":"https:\/\/hcd.malargue.gov.ar\/index.php?rest_route=\/wp\/v2\/users\/11"}],"replies":[{"embeddable":true,"href":"https:\/\/hcd.malargue.gov.ar\/index.php?rest_route=%2Fwp%2Fv2%2Fcomments&post=41349"}],"version-history":[{"count":1,"href":"https:\/\/hcd.malargue.gov.ar\/index.php?rest_route=\/wp\/v2\/posts\/41349\/revisions"}],"predecessor-version":[{"id":41352,"href":"https:\/\/hcd.malargue.gov.ar\/index.php?rest_route=\/wp\/v2\/posts\/41349\/revisions\/41352"}],"wp:featuredmedia":[{"embeddable":true,"href":"https:\/\/hcd.malargue.gov.ar\/index.php?rest_route=\/wp\/v2\/media\/41351"}],"wp:attachment":[{"href":"https:\/\/hcd.malargue.gov.ar\/index.php?rest_route=%2Fwp%2Fv2%2Fmedia&parent=41349"}],"wp:term":[{"taxonomy":"category","embeddable":true,"href":"https:\/\/hcd.malargue.gov.ar\/index.php?rest_route=%2Fwp%2Fv2%2Fcategories&post=41349"},{"taxonomy":"post_tag","embeddable":true,"href":"https:\/\/hcd.malargue.gov.ar\/index.php?rest_route=%2Fwp%2Fv2%2Ftags&post=41349"}],"curies":[{"name":"wp","href":"https:\/\/api.w.org\/{rel}","templated":true}]}}