{"id":5047,"date":"2018-04-24T08:35:10","date_gmt":"2018-04-24T11:35:10","guid":{"rendered":"http:\/\/hcd.malargue.gov.ar\/?p=5047"},"modified":"2022-05-23T09:52:33","modified_gmt":"2022-05-23T12:52:33","slug":"malargue-formara-parte-de-ramcc","status":"publish","type":"post","link":"https:\/\/hcd.malargue.gov.ar\/?p=5047","title":{"rendered":"MALARG\u00dcE FORMAR\u00c1 PARTE DE RAMCC"},"content":{"rendered":"<p><span class=\" _2iem\" role=\"heading\" aria-level=\"4\">Por la ma\u00f1ana del lunes 23 de abril en la Sala Cald\u00e9n del Centro de Convenciones y Exposiciones Thesaurus se llev\u00f3 a cabo la presentaci\u00f3n y firma del convenio de la RED ARGENTINA DE MUNICIPIOS FRENTE AL CAMBIO CLIMATICO (RAMCC). De la misma participaron el Sr Intendente Municipal Jorge Vergara Martinez junto con el Ing. Agrimenzor Ricardo Bertolino. <\/span><\/p>\n<p><span class=\" _2iem\" role=\"heading\" aria-level=\"4\">Estuvieron presentes el Sr Presidente del Honorable Concejo Deliberante Fernando Glatigny, integrantes del Gabinete y p\u00fablicos en general. Cabe destacar que dicha firma del convenio est\u00e1 establecia bajo la ORDENANZA N\u00ba 1.913\/2.017 Adhesi\u00f3n a Red Argentina de Municipios frente al Cambio Clim\u00e1tico presentada por la Edil Graciella Viollaz del Bloque Justiciliasta Frente p\/ la Victoria. <\/span><\/p>\n<p><span class=\" _2iem\" role=\"heading\" aria-level=\"4\">QUE ES RAMCC: es un instrumento de coordinaci\u00f3n e impulso de pol\u00edticas p\u00fablicas locales frente al cambio clim\u00e1tico en ciudades y pueblos de la Argentina, donde se coordinan acciones locales, se socializan experiencias y se eval\u00faan los resultados de los programas que desarrollan los municipios que la integran, tomando las recomendaciones de los organismos internacionales. <\/span><span class=\" _2iem\" role=\"heading\" aria-level=\"4\">Adem\u00e1s se ejecutan proyectos o programas municipales, regionales o nacionales, relacionados con la mitigaci\u00f3n y\/o adaptaci\u00f3n al cambio clim\u00e1tico, a partir de la movilizaci\u00f3n de recursos locales, nacionales e internacionales.<\/span><\/p>\n\n<p><span class=\" _2iem\" role=\"heading\" aria-level=\"4\">Mas Informaci\u00f3n: http:\/\/www.ramcc.net\/es <\/span><\/p>\n<p>Relacionado: <a href=\"http:\/\/ramcc.net\/es\/posts\/view\/152\/malargue-ya-es-parte-de-la-red-argentina-de-municipios-frente-al-cambio-climatico\">http:\/\/ramcc.net\/es\/posts\/view\/152\/malargue-ya-es-parte-de-la-red-argentina-de-municipios-frente-al-cambio-climatico<\/a><\/p>\n<p><span class=\" _2iem\" role=\"heading\" aria-level=\"4\">&#8212;&#8212;&#8212;&#8212;&#8212;&#8212;&#8212;&#8212;&#8212;&#8212;&#8212;&#8212;<\/span><\/p>\n<p><span class=\" _2iem\" role=\"heading\" aria-level=\"4\">Bel\u00e9n Pedernera Ferragut<\/span><\/p>\n<p><span class=\" _2iem\" role=\"heading\" aria-level=\"4\">PRENSA HCD<\/span><\/p>\n","protected":false},"excerpt":{"rendered":"<p>Por la ma\u00f1ana del lunes 23 de abril en la Sala Cald\u00e9n del Centro de Convenciones y Exposiciones Thesaurus se llev\u00f3 a cabo la presentaci\u00f3n y firma del convenio de la RED ARGENTINA DE MUNICIPIOS FRENTE AL CAMBIO CLIMATICO (RAMCC). De la misma participaron el Sr Intendente Municipal Jorge Vergara Martinez junto con el Ing. [&hellip;]<\/p>\n","protected":false},"author":5,"featured_media":0,"comment_status":"closed","ping_status":"closed","sticky":false,"template":"","format":"standard","meta":{"footnotes":""},"categories":[52,33],"tags":[],"class_list":["post-5047","post","type-post","status-publish","format-standard","hentry","category-gacetillas","category-prensa"],"yoast_head":"<!-- This site is optimized with the Yoast SEO plugin v19.10 - https:\/\/yoast.com\/wordpress\/plugins\/seo\/ -->\n<title>MALARG\u00dcE FORMAR\u00c1 PARTE DE RAMCC - Malarg\u00fce HCD<\/title>\n<meta name=\"robots\" content=\"index, follow, max-snippet:-1, max-image-preview:large, max-video-preview:-1\" \/>\n<link rel=\"canonical\" href=\"https:\/\/hcd.malargue.gov.ar\/?p=5047\" \/>\n<meta property=\"og:locale\" content=\"es_ES\" \/>\n<meta property=\"og:type\" content=\"article\" \/>\n<meta property=\"og:title\" content=\"MALARG\u00dcE FORMAR\u00c1 PARTE DE RAMCC - Malarg\u00fce HCD\" \/>\n<meta property=\"og:description\" content=\"Por la ma\u00f1ana del lunes 23 de abril en la Sala Cald\u00e9n del Centro de Convenciones y Exposiciones Thesaurus se llev\u00f3 a cabo la presentaci\u00f3n y firma del convenio de la RED ARGENTINA DE MUNICIPIOS FRENTE AL CAMBIO CLIMATICO (RAMCC). De la misma participaron el Sr Intendente Municipal Jorge Vergara Martinez junto con el Ing. [&hellip;]\" \/>\n<meta property=\"og:url\" content=\"https:\/\/hcd.malargue.gov.ar\/?p=5047\" \/>\n<meta property=\"og:site_name\" content=\"Malarg\u00fce HCD\" \/>\n<meta property=\"article:published_time\" content=\"2018-04-24T11:35:10+00:00\" \/>\n<meta property=\"article:modified_time\" content=\"2022-05-23T12:52:33+00:00\" \/>\n<meta property=\"og:image\" content=\"https:\/\/hcd.malargue.gov.ar\/wp-content\/uploads\/2018\/04\/IMGP7499.jpg\" \/>\n\t<meta property=\"og:image:width\" content=\"4288\" \/>\n\t<meta property=\"og:image:height\" content=\"2848\" \/>\n\t<meta property=\"og:image:type\" content=\"image\/jpeg\" \/>\n<meta name=\"author\" content=\"Belen Pedernera Ferragut\" \/>\n<meta name=\"twitter:card\" content=\"summary_large_image\" \/>\n<meta name=\"twitter:label1\" content=\"Escrito por\" \/>\n\t<meta name=\"twitter:data1\" content=\"Belen Pedernera Ferragut\" \/>\n\t<meta name=\"twitter:label2\" content=\"Tiempo de lectura\" \/>\n\t<meta name=\"twitter:data2\" content=\"1 minuto\" \/>\n<script type=\"application\/ld+json\" class=\"yoast-schema-graph\">{\"@context\":\"https:\/\/schema.org\",\"@graph\":[{\"@type\":\"WebPage\",\"@id\":\"https:\/\/hcd.malargue.gov.ar\/?p=5047\",\"url\":\"https:\/\/hcd.malargue.gov.ar\/?p=5047\",\"name\":\"MALARG\u00dcE FORMAR\u00c1 PARTE DE RAMCC - Malarg\u00fce HCD\",\"isPartOf\":{\"@id\":\"https:\/\/hcd.malargue.gov.ar\/#website\"},\"datePublished\":\"2018-04-24T11:35:10+00:00\",\"dateModified\":\"2022-05-23T12:52:33+00:00\",\"author\":{\"@id\":\"https:\/\/hcd.malargue.gov.ar\/#\/schema\/person\/3fd6bbab64edd703961b795156c955d0\"},\"breadcrumb\":{\"@id\":\"https:\/\/hcd.malargue.gov.ar\/?p=5047#breadcrumb\"},\"inLanguage\":\"es-AR\",\"potentialAction\":[{\"@type\":\"ReadAction\",\"target\":[\"https:\/\/hcd.malargue.gov.ar\/?p=5047\"]}]},{\"@type\":\"BreadcrumbList\",\"@id\":\"https:\/\/hcd.malargue.gov.ar\/?p=5047#breadcrumb\",\"itemListElement\":[{\"@type\":\"ListItem\",\"position\":1,\"name\":\"Inicio\",\"item\":\"https:\/\/hcd.malargue.gov.ar\/\"},{\"@type\":\"ListItem\",\"position\":2,\"name\":\"MALARG\u00dcE FORMAR\u00c1 PARTE DE RAMCC\"}]},{\"@type\":\"WebSite\",\"@id\":\"https:\/\/hcd.malargue.gov.ar\/#website\",\"url\":\"https:\/\/hcd.malargue.gov.ar\/\",\"name\":\"Malarg\u00fce HCD\",\"description\":\"Malarg\u00fce Mendoza Argentina\",\"potentialAction\":[{\"@type\":\"SearchAction\",\"target\":{\"@type\":\"EntryPoint\",\"urlTemplate\":\"https:\/\/hcd.malargue.gov.ar\/?s={search_term_string}\"},\"query-input\":\"required name=search_term_string\"}],\"inLanguage\":\"es-AR\"},{\"@type\":\"Person\",\"@id\":\"https:\/\/hcd.malargue.gov.ar\/#\/schema\/person\/3fd6bbab64edd703961b795156c955d0\",\"name\":\"Belen Pedernera Ferragut\",\"image\":{\"@type\":\"ImageObject\",\"inLanguage\":\"es-AR\",\"@id\":\"https:\/\/hcd.malargue.gov.ar\/#\/schema\/person\/image\/\",\"url\":\"https:\/\/secure.gravatar.com\/avatar\/1054ffab3893de4bb3eb29bdd22f7e34b8537bf5d34d9dab311818154ad5b71f?s=96&d=mm&r=g\",\"contentUrl\":\"https:\/\/secure.gravatar.com\/avatar\/1054ffab3893de4bb3eb29bdd22f7e34b8537bf5d34d9dab311818154ad5b71f?s=96&d=mm&r=g\",\"caption\":\"Belen Pedernera Ferragut\"},\"url\":\"https:\/\/hcd.malargue.gov.ar\/?author=5\"}]}<\/script>\n<!-- \/ Yoast SEO plugin. -->","yoast_head_json":{"title":"MALARG\u00dcE FORMAR\u00c1 PARTE DE RAMCC - Malarg\u00fce HCD","robots":{"index":"index","follow":"follow","max-snippet":"max-snippet:-1","max-image-preview":"max-image-preview:large","max-video-preview":"max-video-preview:-1"},"canonical":"https:\/\/hcd.malargue.gov.ar\/?p=5047","og_locale":"es_ES","og_type":"article","og_title":"MALARG\u00dcE FORMAR\u00c1 PARTE DE RAMCC - Malarg\u00fce HCD","og_description":"Por la ma\u00f1ana del lunes 23 de abril en la Sala Cald\u00e9n del Centro de Convenciones y Exposiciones Thesaurus se llev\u00f3 a cabo la presentaci\u00f3n y firma del convenio de la RED ARGENTINA DE MUNICIPIOS FRENTE AL CAMBIO CLIMATICO (RAMCC). De la misma participaron el Sr Intendente Municipal Jorge Vergara Martinez junto con el Ing. [&hellip;]","og_url":"https:\/\/hcd.malargue.gov.ar\/?p=5047","og_site_name":"Malarg\u00fce HCD","article_published_time":"2018-04-24T11:35:10+00:00","article_modified_time":"2022-05-23T12:52:33+00:00","og_image":[{"width":4288,"height":2848,"url":"https:\/\/hcd.malargue.gov.ar\/wp-content\/uploads\/2018\/04\/IMGP7499.jpg","type":"image\/jpeg"}],"author":"Belen Pedernera Ferragut","twitter_card":"summary_large_image","twitter_misc":{"Escrito por":"Belen Pedernera Ferragut","Tiempo de lectura":"1 minuto"},"schema":{"@context":"https:\/\/schema.org","@graph":[{"@type":"WebPage","@id":"https:\/\/hcd.malargue.gov.ar\/?p=5047","url":"https:\/\/hcd.malargue.gov.ar\/?p=5047","name":"MALARG\u00dcE FORMAR\u00c1 PARTE DE RAMCC - Malarg\u00fce HCD","isPartOf":{"@id":"https:\/\/hcd.malargue.gov.ar\/#website"},"datePublished":"2018-04-24T11:35:10+00:00","dateModified":"2022-05-23T12:52:33+00:00","author":{"@id":"https:\/\/hcd.malargue.gov.ar\/#\/schema\/person\/3fd6bbab64edd703961b795156c955d0"},"breadcrumb":{"@id":"https:\/\/hcd.malargue.gov.ar\/?p=5047#breadcrumb"},"inLanguage":"es-AR","potentialAction":[{"@type":"ReadAction","target":["https:\/\/hcd.malargue.gov.ar\/?p=5047"]}]},{"@type":"BreadcrumbList","@id":"https:\/\/hcd.malargue.gov.ar\/?p=5047#breadcrumb","itemListElement":[{"@type":"ListItem","position":1,"name":"Inicio","item":"https:\/\/hcd.malargue.gov.ar\/"},{"@type":"ListItem","position":2,"name":"MALARG\u00dcE FORMAR\u00c1 PARTE DE RAMCC"}]},{"@type":"WebSite","@id":"https:\/\/hcd.malargue.gov.ar\/#website","url":"https:\/\/hcd.malargue.gov.ar\/","name":"Malarg\u00fce HCD","description":"Malarg\u00fce Mendoza Argentina","potentialAction":[{"@type":"SearchAction","target":{"@type":"EntryPoint","urlTemplate":"https:\/\/hcd.malargue.gov.ar\/?s={search_term_string}"},"query-input":"required name=search_term_string"}],"inLanguage":"es-AR"},{"@type":"Person","@id":"https:\/\/hcd.malargue.gov.ar\/#\/schema\/person\/3fd6bbab64edd703961b795156c955d0","name":"Belen Pedernera Ferragut","image":{"@type":"ImageObject","inLanguage":"es-AR","@id":"https:\/\/hcd.malargue.gov.ar\/#\/schema\/person\/image\/","url":"https:\/\/secure.gravatar.com\/avatar\/1054ffab3893de4bb3eb29bdd22f7e34b8537bf5d34d9dab311818154ad5b71f?s=96&d=mm&r=g","contentUrl":"https:\/\/secure.gravatar.com\/avatar\/1054ffab3893de4bb3eb29bdd22f7e34b8537bf5d34d9dab311818154ad5b71f?s=96&d=mm&r=g","caption":"Belen Pedernera Ferragut"},"url":"https:\/\/hcd.malargue.gov.ar\/?author=5"}]}},"_links":{"self":[{"href":"https:\/\/hcd.malargue.gov.ar\/index.php?rest_route=\/wp\/v2\/posts\/5047","targetHints":{"allow":["GET"]}}],"collection":[{"href":"https:\/\/hcd.malargue.gov.ar\/index.php?rest_route=\/wp\/v2\/posts"}],"about":[{"href":"https:\/\/hcd.malargue.gov.ar\/index.php?rest_route=\/wp\/v2\/types\/post"}],"author":[{"embeddable":true,"href":"https:\/\/hcd.malargue.gov.ar\/index.php?rest_route=\/wp\/v2\/users\/5"}],"replies":[{"embeddable":true,"href":"https:\/\/hcd.malargue.gov.ar\/index.php?rest_route=%2Fwp%2Fv2%2Fcomments&post=5047"}],"version-history":[{"count":0,"href":"https:\/\/hcd.malargue.gov.ar\/index.php?rest_route=\/wp\/v2\/posts\/5047\/revisions"}],"wp:attachment":[{"href":"https:\/\/hcd.malargue.gov.ar\/index.php?rest_route=%2Fwp%2Fv2%2Fmedia&parent=5047"}],"wp:term":[{"taxonomy":"category","embeddable":true,"href":"https:\/\/hcd.malargue.gov.ar\/index.php?rest_route=%2Fwp%2Fv2%2Fcategories&post=5047"},{"taxonomy":"post_tag","embeddable":true,"href":"https:\/\/hcd.malargue.gov.ar\/index.php?rest_route=%2Fwp%2Fv2%2Ftags&post=5047"}],"curies":[{"name":"wp","href":"https:\/\/api.w.org\/{rel}","templated":true}]}}