{"id":5090,"date":"2018-03-26T10:05:27","date_gmt":"2018-03-26T13:05:27","guid":{"rendered":"http:\/\/hcd.malargue.gov.ar\/?p=5090"},"modified":"2018-04-24T11:56:15","modified_gmt":"2018-04-24T14:56:15","slug":"comenzo-la-comision-de-educacion","status":"publish","type":"post","link":"https:\/\/hcd.malargue.gov.ar\/?p=5090","title":{"rendered":"COMENZ\u00d3 LA COMISI\u00d3N DE EDUCACI\u00d3N"},"content":{"rendered":"<p><span class=\" _2iem\" role=\"heading\" aria-level=\"4\">LUEGO DE HABER TRANSCURRIDO UN A\u00d1O DEL VETO, LOS CONCEJALES INSISTIR\u00c1N CON EL EXPTE. N\u00ba 4.176-HC 264-2017, EL CUAL ORDENA LA OBLIGATORIEDAD DE ETIQUETAR ENVASES PARA VENTA DE PRODUCTOS SUELTOS DE LIMPIEZA, PINTURER\u00cdA Y\/O L\u00cdQUIDOS PARA LA CONSTRUCCI\u00d3N, EL DESPACHO CORRESPONDIENTE SER\u00cdA PUESTO A CONSIDERACI\u00d3N EN LA PR\u00d3XIMA SESI\u00d3N ORDINARIA.<\/span><\/p>\n<p><span class=\" _2iem\" role=\"heading\" aria-level=\"4\">26-MAR-2018 Siendo las 10:00 hrs se reuni\u00f3 la Comisi\u00f3n de Educaci\u00f3n, Higiene, Moralidad, Acci\u00f3n Social y Cultura. Los Ediles Raul Rodriguez (Bloque Justicialista Fpv) Mauricio Martinez y Paola Paleico (Bloque Cambia Mendoza) se reunieron para dar comienzo a las comisiones correspondientes al periodo 2018 del Honorable Cuerpo; en esta oportunidad le dieron tratamiento y elaboraron despachos correspondientes a los sgtes Exptes.: <\/span><\/p>\n<p><span class=\" _2iem\" role=\"heading\" aria-level=\"4\">*N\u00ba4.338-HC-275-2018 Proyecto de Declaraci\u00f3n: Declarar de Inter\u00e9s Cultural, Educativo y Tur\u00edstico al Primer Certamen Nacional de Danzas Folcl\u00f3ricas, \u201cMalarg\u00fce 2018\u201d. <\/span><\/p>\n<p><span class=\" _2iem\" role=\"heading\" aria-level=\"4\">*N\u00ba4.334-HC-275-2017 Proyecto de Declaraci\u00f3n: Reconocimiento al Maestro Julio Andr\u00e9s Mercado como Ciudadano Distinguido del Departamento. <\/span><\/p>\n<p><span class=\" _2iem\" role=\"heading\" aria-level=\"4\">* N\u00ba 4.344-HC 276-2018 Proyecto de Resoluci\u00f3n: Solicitar a los Legisladores por el 4\u00ba Distrito Incluyan en el Presupuesto 2019 la partida presupuestaria para la construcci\u00f3n y techado play\u00f3n deportivo Escuela N\u00ba4-190 Dr. J. W. Cronin. <\/span><\/p>\n<p><span class=\" _2iem\" role=\"heading\" aria-level=\"4\">*N\u00ba 4.306-HC 273-2017Proyecto de Resoluci\u00f3n: Solicitar a la Direcci\u00f3n General de Escuelas restablezca el uso de sanitarios de la Escuela Albergue N\u00ba8-511 Peregrina Cantos de la Localidad de Bardas Blancas. <\/span><\/p>\n<p><span class=\" _2iem\" role=\"heading\" aria-level=\"4\">*N\u00ba 4.345-HC 276-2018 Proyecto de Declaraci\u00f3n: Declarar de Inter\u00e9s Departamental y Cultural la Jornada OFIDISMO y ANTR\u00d3PODOS PELIGROSOS a realizarse los d\u00edas 6 y 7 de abril del corriente a\u00f1o. &#8212;&#8212;&#8212;&#8212;&#8212;&#8212;&#8212;&#8212;&#8212;&#8212;&#8212;&#8212;&#8211; <\/span><\/p>\n<p><span class=\" _2iem\" role=\"heading\" aria-level=\"4\">Bel\u00e9n Pedernera Ferragut <\/span><\/p>\n\n<p><span class=\" _2iem\" role=\"heading\" aria-level=\"4\">PRENSA HCD<\/span><\/p>\n","protected":false},"excerpt":{"rendered":"<p>LUEGO DE HABER TRANSCURRIDO UN A\u00d1O DEL VETO, LOS CONCEJALES INSISTIR\u00c1N CON EL EXPTE. N\u00ba 4.176-HC 264-2017, EL CUAL ORDENA LA OBLIGATORIEDAD DE ETIQUETAR ENVASES PARA VENTA DE PRODUCTOS SUELTOS DE LIMPIEZA, PINTURER\u00cdA Y\/O L\u00cdQUIDOS PARA LA CONSTRUCCI\u00d3N, EL DESPACHO CORRESPONDIENTE SER\u00cdA PUESTO A CONSIDERACI\u00d3N EN LA PR\u00d3XIMA SESI\u00d3N ORDINARIA. 26-MAR-2018 Siendo las 10:00 hrs [&hellip;]<\/p>\n","protected":false},"author":5,"featured_media":0,"comment_status":"closed","ping_status":"closed","sticky":false,"template":"","format":"standard","meta":{"footnotes":""},"categories":[61,39,52,33],"tags":[],"class_list":["post-5090","post","type-post","status-publish","format-standard","hentry","category-comision-de-educacion-higiene-moralidad-accion-social-y-cultura","category-comisiones","category-gacetillas","category-prensa"],"yoast_head":"<!-- This site is optimized with the Yoast SEO plugin v19.10 - https:\/\/yoast.com\/wordpress\/plugins\/seo\/ -->\n<title>COMENZ\u00d3 LA COMISI\u00d3N DE EDUCACI\u00d3N - Malarg\u00fce HCD<\/title>\n<meta name=\"robots\" content=\"index, follow, max-snippet:-1, max-image-preview:large, max-video-preview:-1\" \/>\n<link rel=\"canonical\" href=\"https:\/\/hcd.malargue.gov.ar\/?p=5090\" \/>\n<meta property=\"og:locale\" content=\"es_ES\" \/>\n<meta property=\"og:type\" content=\"article\" \/>\n<meta property=\"og:title\" content=\"COMENZ\u00d3 LA COMISI\u00d3N DE EDUCACI\u00d3N - Malarg\u00fce HCD\" \/>\n<meta property=\"og:description\" content=\"LUEGO DE HABER TRANSCURRIDO UN A\u00d1O DEL VETO, LOS CONCEJALES INSISTIR\u00c1N CON EL EXPTE. N\u00ba 4.176-HC 264-2017, EL CUAL ORDENA LA OBLIGATORIEDAD DE ETIQUETAR ENVASES PARA VENTA DE PRODUCTOS SUELTOS DE LIMPIEZA, PINTURER\u00cdA Y\/O L\u00cdQUIDOS PARA LA CONSTRUCCI\u00d3N, EL DESPACHO CORRESPONDIENTE SER\u00cdA PUESTO A CONSIDERACI\u00d3N EN LA PR\u00d3XIMA SESI\u00d3N ORDINARIA. 26-MAR-2018 Siendo las 10:00 hrs [&hellip;]\" \/>\n<meta property=\"og:url\" content=\"https:\/\/hcd.malargue.gov.ar\/?p=5090\" \/>\n<meta property=\"og:site_name\" content=\"Malarg\u00fce HCD\" \/>\n<meta property=\"article:published_time\" content=\"2018-03-26T13:05:27+00:00\" \/>\n<meta property=\"article:modified_time\" content=\"2018-04-24T14:56:15+00:00\" \/>\n<meta property=\"og:image\" content=\"https:\/\/hcd.malargue.gov.ar\/wp-content\/uploads\/2018\/04\/IMGP5007.jpg\" \/>\n\t<meta property=\"og:image:width\" content=\"4288\" \/>\n\t<meta property=\"og:image:height\" content=\"2848\" \/>\n\t<meta property=\"og:image:type\" content=\"image\/jpeg\" \/>\n<meta name=\"author\" content=\"Belen Pedernera Ferragut\" \/>\n<meta name=\"twitter:card\" content=\"summary_large_image\" \/>\n<meta name=\"twitter:label1\" content=\"Escrito por\" \/>\n\t<meta name=\"twitter:data1\" content=\"Belen Pedernera Ferragut\" \/>\n\t<meta name=\"twitter:label2\" content=\"Tiempo de lectura\" \/>\n\t<meta name=\"twitter:data2\" content=\"1 minuto\" \/>\n<script type=\"application\/ld+json\" class=\"yoast-schema-graph\">{\"@context\":\"https:\/\/schema.org\",\"@graph\":[{\"@type\":\"WebPage\",\"@id\":\"https:\/\/hcd.malargue.gov.ar\/?p=5090\",\"url\":\"https:\/\/hcd.malargue.gov.ar\/?p=5090\",\"name\":\"COMENZ\u00d3 LA COMISI\u00d3N DE EDUCACI\u00d3N - Malarg\u00fce HCD\",\"isPartOf\":{\"@id\":\"https:\/\/hcd.malargue.gov.ar\/#website\"},\"datePublished\":\"2018-03-26T13:05:27+00:00\",\"dateModified\":\"2018-04-24T14:56:15+00:00\",\"author\":{\"@id\":\"https:\/\/hcd.malargue.gov.ar\/#\/schema\/person\/3fd6bbab64edd703961b795156c955d0\"},\"breadcrumb\":{\"@id\":\"https:\/\/hcd.malargue.gov.ar\/?p=5090#breadcrumb\"},\"inLanguage\":\"es-AR\",\"potentialAction\":[{\"@type\":\"ReadAction\",\"target\":[\"https:\/\/hcd.malargue.gov.ar\/?p=5090\"]}]},{\"@type\":\"BreadcrumbList\",\"@id\":\"https:\/\/hcd.malargue.gov.ar\/?p=5090#breadcrumb\",\"itemListElement\":[{\"@type\":\"ListItem\",\"position\":1,\"name\":\"Inicio\",\"item\":\"https:\/\/hcd.malargue.gov.ar\/\"},{\"@type\":\"ListItem\",\"position\":2,\"name\":\"COMENZ\u00d3 LA COMISI\u00d3N DE EDUCACI\u00d3N\"}]},{\"@type\":\"WebSite\",\"@id\":\"https:\/\/hcd.malargue.gov.ar\/#website\",\"url\":\"https:\/\/hcd.malargue.gov.ar\/\",\"name\":\"Malarg\u00fce HCD\",\"description\":\"Malarg\u00fce Mendoza Argentina\",\"potentialAction\":[{\"@type\":\"SearchAction\",\"target\":{\"@type\":\"EntryPoint\",\"urlTemplate\":\"https:\/\/hcd.malargue.gov.ar\/?s={search_term_string}\"},\"query-input\":\"required name=search_term_string\"}],\"inLanguage\":\"es-AR\"},{\"@type\":\"Person\",\"@id\":\"https:\/\/hcd.malargue.gov.ar\/#\/schema\/person\/3fd6bbab64edd703961b795156c955d0\",\"name\":\"Belen Pedernera Ferragut\",\"image\":{\"@type\":\"ImageObject\",\"inLanguage\":\"es-AR\",\"@id\":\"https:\/\/hcd.malargue.gov.ar\/#\/schema\/person\/image\/\",\"url\":\"https:\/\/secure.gravatar.com\/avatar\/1054ffab3893de4bb3eb29bdd22f7e34b8537bf5d34d9dab311818154ad5b71f?s=96&d=mm&r=g\",\"contentUrl\":\"https:\/\/secure.gravatar.com\/avatar\/1054ffab3893de4bb3eb29bdd22f7e34b8537bf5d34d9dab311818154ad5b71f?s=96&d=mm&r=g\",\"caption\":\"Belen Pedernera Ferragut\"},\"url\":\"https:\/\/hcd.malargue.gov.ar\/?author=5\"}]}<\/script>\n<!-- \/ Yoast SEO plugin. -->","yoast_head_json":{"title":"COMENZ\u00d3 LA COMISI\u00d3N DE EDUCACI\u00d3N - Malarg\u00fce HCD","robots":{"index":"index","follow":"follow","max-snippet":"max-snippet:-1","max-image-preview":"max-image-preview:large","max-video-preview":"max-video-preview:-1"},"canonical":"https:\/\/hcd.malargue.gov.ar\/?p=5090","og_locale":"es_ES","og_type":"article","og_title":"COMENZ\u00d3 LA COMISI\u00d3N DE EDUCACI\u00d3N - Malarg\u00fce HCD","og_description":"LUEGO DE HABER TRANSCURRIDO UN A\u00d1O DEL VETO, LOS CONCEJALES INSISTIR\u00c1N CON EL EXPTE. N\u00ba 4.176-HC 264-2017, EL CUAL ORDENA LA OBLIGATORIEDAD DE ETIQUETAR ENVASES PARA VENTA DE PRODUCTOS SUELTOS DE LIMPIEZA, PINTURER\u00cdA Y\/O L\u00cdQUIDOS PARA LA CONSTRUCCI\u00d3N, EL DESPACHO CORRESPONDIENTE SER\u00cdA PUESTO A CONSIDERACI\u00d3N EN LA PR\u00d3XIMA SESI\u00d3N ORDINARIA. 26-MAR-2018 Siendo las 10:00 hrs [&hellip;]","og_url":"https:\/\/hcd.malargue.gov.ar\/?p=5090","og_site_name":"Malarg\u00fce HCD","article_published_time":"2018-03-26T13:05:27+00:00","article_modified_time":"2018-04-24T14:56:15+00:00","og_image":[{"width":4288,"height":2848,"url":"https:\/\/hcd.malargue.gov.ar\/wp-content\/uploads\/2018\/04\/IMGP5007.jpg","type":"image\/jpeg"}],"author":"Belen Pedernera Ferragut","twitter_card":"summary_large_image","twitter_misc":{"Escrito por":"Belen Pedernera Ferragut","Tiempo de lectura":"1 minuto"},"schema":{"@context":"https:\/\/schema.org","@graph":[{"@type":"WebPage","@id":"https:\/\/hcd.malargue.gov.ar\/?p=5090","url":"https:\/\/hcd.malargue.gov.ar\/?p=5090","name":"COMENZ\u00d3 LA COMISI\u00d3N DE EDUCACI\u00d3N - Malarg\u00fce HCD","isPartOf":{"@id":"https:\/\/hcd.malargue.gov.ar\/#website"},"datePublished":"2018-03-26T13:05:27+00:00","dateModified":"2018-04-24T14:56:15+00:00","author":{"@id":"https:\/\/hcd.malargue.gov.ar\/#\/schema\/person\/3fd6bbab64edd703961b795156c955d0"},"breadcrumb":{"@id":"https:\/\/hcd.malargue.gov.ar\/?p=5090#breadcrumb"},"inLanguage":"es-AR","potentialAction":[{"@type":"ReadAction","target":["https:\/\/hcd.malargue.gov.ar\/?p=5090"]}]},{"@type":"BreadcrumbList","@id":"https:\/\/hcd.malargue.gov.ar\/?p=5090#breadcrumb","itemListElement":[{"@type":"ListItem","position":1,"name":"Inicio","item":"https:\/\/hcd.malargue.gov.ar\/"},{"@type":"ListItem","position":2,"name":"COMENZ\u00d3 LA COMISI\u00d3N DE EDUCACI\u00d3N"}]},{"@type":"WebSite","@id":"https:\/\/hcd.malargue.gov.ar\/#website","url":"https:\/\/hcd.malargue.gov.ar\/","name":"Malarg\u00fce HCD","description":"Malarg\u00fce Mendoza Argentina","potentialAction":[{"@type":"SearchAction","target":{"@type":"EntryPoint","urlTemplate":"https:\/\/hcd.malargue.gov.ar\/?s={search_term_string}"},"query-input":"required name=search_term_string"}],"inLanguage":"es-AR"},{"@type":"Person","@id":"https:\/\/hcd.malargue.gov.ar\/#\/schema\/person\/3fd6bbab64edd703961b795156c955d0","name":"Belen Pedernera Ferragut","image":{"@type":"ImageObject","inLanguage":"es-AR","@id":"https:\/\/hcd.malargue.gov.ar\/#\/schema\/person\/image\/","url":"https:\/\/secure.gravatar.com\/avatar\/1054ffab3893de4bb3eb29bdd22f7e34b8537bf5d34d9dab311818154ad5b71f?s=96&d=mm&r=g","contentUrl":"https:\/\/secure.gravatar.com\/avatar\/1054ffab3893de4bb3eb29bdd22f7e34b8537bf5d34d9dab311818154ad5b71f?s=96&d=mm&r=g","caption":"Belen Pedernera Ferragut"},"url":"https:\/\/hcd.malargue.gov.ar\/?author=5"}]}},"_links":{"self":[{"href":"https:\/\/hcd.malargue.gov.ar\/index.php?rest_route=\/wp\/v2\/posts\/5090","targetHints":{"allow":["GET"]}}],"collection":[{"href":"https:\/\/hcd.malargue.gov.ar\/index.php?rest_route=\/wp\/v2\/posts"}],"about":[{"href":"https:\/\/hcd.malargue.gov.ar\/index.php?rest_route=\/wp\/v2\/types\/post"}],"author":[{"embeddable":true,"href":"https:\/\/hcd.malargue.gov.ar\/index.php?rest_route=\/wp\/v2\/users\/5"}],"replies":[{"embeddable":true,"href":"https:\/\/hcd.malargue.gov.ar\/index.php?rest_route=%2Fwp%2Fv2%2Fcomments&post=5090"}],"version-history":[{"count":0,"href":"https:\/\/hcd.malargue.gov.ar\/index.php?rest_route=\/wp\/v2\/posts\/5090\/revisions"}],"wp:attachment":[{"href":"https:\/\/hcd.malargue.gov.ar\/index.php?rest_route=%2Fwp%2Fv2%2Fmedia&parent=5090"}],"wp:term":[{"taxonomy":"category","embeddable":true,"href":"https:\/\/hcd.malargue.gov.ar\/index.php?rest_route=%2Fwp%2Fv2%2Fcategories&post=5090"},{"taxonomy":"post_tag","embeddable":true,"href":"https:\/\/hcd.malargue.gov.ar\/index.php?rest_route=%2Fwp%2Fv2%2Ftags&post=5090"}],"curies":[{"name":"wp","href":"https:\/\/api.w.org\/{rel}","templated":true}]}}