{"id":5158,"date":"2018-04-09T11:06:12","date_gmt":"2018-04-09T14:06:12","guid":{"rendered":"http:\/\/hcd.malargue.gov.ar\/?p=5158"},"modified":"2022-05-23T09:27:08","modified_gmt":"2022-05-23T12:27:08","slug":"se-llevo-a-cabo-la-audiencia-publica-por-portezuelo-del-viento","status":"publish","type":"post","link":"https:\/\/hcd.malargue.gov.ar\/?p=5158","title":{"rendered":"SE LLEV\u00d3 A CABO LA AUDIENCIA P\u00daBLICA POR PORTEZUELO DEL VIENTO"},"content":{"rendered":"<p><span class=\" _2iem\" role=\"heading\" aria-level=\"4\">Convocada para las 10hrs del lunes 9 de abril, se desarrollo en el Centro de Convenciones y Exposiciones Thesaurus la Audiencia Publica por Portezuelo del Viento, organizada por la Secretar\u00eda de Ambiente y Ordenamiento Territorial de Mendoza de la misma participaron Autoridades Provinciales y Municipales, Ediles, Gremios, Instituciones Educativas, Camara de Comercio, P\u00fablico en general, sumando un total no menor a 400 personas. <\/span><\/p>\n<p><span class=\" _2iem\" role=\"heading\" aria-level=\"4\">El primero en dar sus palabras fue el Intendente Municipal Don Jorge Vergara Martinez quien dio la bienvenida y se mostr\u00f3 conforme con el avance de la obra: &#8220;Es una obra que nos va a permitir desarrollar a Malarg\u00fce y volver a generar fuentes de trabajo y energ\u00eda&#8221;; seguido del Ministro de Econom\u00eda, Infraestructura y Energ\u00edas; Cdor. Mart\u00edn Kerchner quien destac\u00f3 que una vez comenzada la obra brindar\u00e1 trabajo a mas de 8000 personas a lo largo de todo el proyecto, que incluye cinco obras: la relocalizaci\u00f3n de los pobladores de Las Loicas, la construcci\u00f3n de dos nuevos tramos de las rutas 145 y 226, el desarrollo de una l\u00ednea de alta tensi\u00f3n para transporte la energ\u00eda y la represa en si. <\/span><\/p>\n<p><span class=\" _2iem\" role=\"heading\" aria-level=\"4\">El Subsecretario de Energ\u00eda y Miner\u00eda, Ing. Emilio Gui\u00f1azu a trav\u00e9s de una presentaci\u00f3n dio detalles espec\u00edficos del Proyecto y resalto que pretenden llamar a licitaci\u00f3n durante el 2018 y comenzar la obra en 2019. <\/span><\/p>\n<p><span class=\" _2iem\" role=\"heading\" aria-level=\"4\">A trav\u00e9s de un video, el secretario de Ambiente y Ordenamiento Territorial Humberto Mingorance envi\u00f3 unas palabras, y fue Nadia Rapali, integrante de la Agencia de Ordenamiento Territorial, quien detall\u00f3 el trabajo social que se llev\u00f3 a cabo con los habitantes de Las Loicas. <\/span><\/p>\n<p><span class=\" _2iem\" role=\"heading\" aria-level=\"4\">Los encargados del Estudio de Impacto Imbiental fue un grupo conformado por la UnCuyo, y fue un referente Daniel Pizzi, quien repas\u00f3 el trabajo t\u00e9cnico que desde la casa de altos estudios se llev\u00f3 a cabo con la intervenci\u00f3n de mas de 50 personas profesionales de diferentes areas. Luego de dar los detalles tecnicos y estudios realizados se paso a las exposicones por parte de los inscriptos, sumando un total de 42 personas, en su mayoria mostrandose conforme con el Proyecto. La audiencia p\u00fablica es un avance mas que importante para la obra, ya que se viene proyectando desde 1950.<\/span><\/p>\n\n<p><span class=\" _2iem\" role=\"heading\" aria-level=\"4\">&#8212;&#8212;&#8212;&#8212;&#8212;&#8212;&#8212;&#8212;&#8212;&#8212;&#8212;&#8212;&#8211; <\/span><\/p>\n<p><span class=\" _2iem\" role=\"heading\" aria-level=\"4\">Belen Pedernera Ferragut <\/span><\/p>\n<p><span class=\" _2iem\" role=\"heading\" aria-level=\"4\">PRENSA HCD<\/span><\/p>\n","protected":false},"excerpt":{"rendered":"<p>Convocada para las 10hrs del lunes 9 de abril, se desarrollo en el Centro de Convenciones y Exposiciones Thesaurus la Audiencia Publica por Portezuelo del Viento, organizada por la Secretar\u00eda de Ambiente y Ordenamiento Territorial de Mendoza de la misma participaron Autoridades Provinciales y Municipales, Ediles, Gremios, Instituciones Educativas, Camara de Comercio, P\u00fablico en general, [&hellip;]<\/p>\n","protected":false},"author":5,"featured_media":0,"comment_status":"closed","ping_status":"closed","sticky":false,"template":"","format":"standard","meta":{"footnotes":""},"categories":[52,33],"tags":[],"class_list":["post-5158","post","type-post","status-publish","format-standard","hentry","category-gacetillas","category-prensa"],"yoast_head":"<!-- This site is optimized with the Yoast SEO plugin v19.10 - https:\/\/yoast.com\/wordpress\/plugins\/seo\/ -->\n<title>SE LLEV\u00d3 A CABO LA AUDIENCIA P\u00daBLICA POR PORTEZUELO DEL VIENTO - Malarg\u00fce HCD<\/title>\n<meta name=\"robots\" content=\"index, follow, max-snippet:-1, max-image-preview:large, max-video-preview:-1\" \/>\n<link rel=\"canonical\" href=\"https:\/\/hcd.malargue.gov.ar\/?p=5158\" \/>\n<meta property=\"og:locale\" content=\"es_ES\" \/>\n<meta property=\"og:type\" content=\"article\" \/>\n<meta property=\"og:title\" content=\"SE LLEV\u00d3 A CABO LA AUDIENCIA P\u00daBLICA POR PORTEZUELO DEL VIENTO - Malarg\u00fce HCD\" \/>\n<meta property=\"og:description\" content=\"Convocada para las 10hrs del lunes 9 de abril, se desarrollo en el Centro de Convenciones y Exposiciones Thesaurus la Audiencia Publica por Portezuelo del Viento, organizada por la Secretar\u00eda de Ambiente y Ordenamiento Territorial de Mendoza de la misma participaron Autoridades Provinciales y Municipales, Ediles, Gremios, Instituciones Educativas, Camara de Comercio, P\u00fablico en general, [&hellip;]\" \/>\n<meta property=\"og:url\" content=\"https:\/\/hcd.malargue.gov.ar\/?p=5158\" \/>\n<meta property=\"og:site_name\" content=\"Malarg\u00fce HCD\" \/>\n<meta property=\"article:published_time\" content=\"2018-04-09T14:06:12+00:00\" \/>\n<meta property=\"article:modified_time\" content=\"2022-05-23T12:27:08+00:00\" \/>\n<meta property=\"og:image\" content=\"https:\/\/hcd.malargue.gov.ar\/wp-content\/uploads\/2018\/04\/IMGP5742.jpg\" \/>\n\t<meta property=\"og:image:width\" content=\"4288\" \/>\n\t<meta property=\"og:image:height\" content=\"2848\" \/>\n\t<meta property=\"og:image:type\" content=\"image\/jpeg\" \/>\n<meta name=\"author\" content=\"Belen Pedernera Ferragut\" \/>\n<meta name=\"twitter:card\" content=\"summary_large_image\" \/>\n<meta name=\"twitter:label1\" content=\"Escrito por\" \/>\n\t<meta name=\"twitter:data1\" content=\"Belen Pedernera Ferragut\" \/>\n\t<meta name=\"twitter:label2\" content=\"Tiempo de lectura\" \/>\n\t<meta name=\"twitter:data2\" content=\"2 minutos\" \/>\n<script type=\"application\/ld+json\" class=\"yoast-schema-graph\">{\"@context\":\"https:\/\/schema.org\",\"@graph\":[{\"@type\":\"WebPage\",\"@id\":\"https:\/\/hcd.malargue.gov.ar\/?p=5158\",\"url\":\"https:\/\/hcd.malargue.gov.ar\/?p=5158\",\"name\":\"SE LLEV\u00d3 A CABO LA AUDIENCIA P\u00daBLICA POR PORTEZUELO DEL VIENTO - Malarg\u00fce HCD\",\"isPartOf\":{\"@id\":\"https:\/\/hcd.malargue.gov.ar\/#website\"},\"datePublished\":\"2018-04-09T14:06:12+00:00\",\"dateModified\":\"2022-05-23T12:27:08+00:00\",\"author\":{\"@id\":\"https:\/\/hcd.malargue.gov.ar\/#\/schema\/person\/3fd6bbab64edd703961b795156c955d0\"},\"breadcrumb\":{\"@id\":\"https:\/\/hcd.malargue.gov.ar\/?p=5158#breadcrumb\"},\"inLanguage\":\"es-AR\",\"potentialAction\":[{\"@type\":\"ReadAction\",\"target\":[\"https:\/\/hcd.malargue.gov.ar\/?p=5158\"]}]},{\"@type\":\"BreadcrumbList\",\"@id\":\"https:\/\/hcd.malargue.gov.ar\/?p=5158#breadcrumb\",\"itemListElement\":[{\"@type\":\"ListItem\",\"position\":1,\"name\":\"Inicio\",\"item\":\"https:\/\/hcd.malargue.gov.ar\/\"},{\"@type\":\"ListItem\",\"position\":2,\"name\":\"SE LLEV\u00d3 A CABO LA AUDIENCIA P\u00daBLICA POR PORTEZUELO DEL VIENTO\"}]},{\"@type\":\"WebSite\",\"@id\":\"https:\/\/hcd.malargue.gov.ar\/#website\",\"url\":\"https:\/\/hcd.malargue.gov.ar\/\",\"name\":\"Malarg\u00fce HCD\",\"description\":\"Malarg\u00fce Mendoza Argentina\",\"potentialAction\":[{\"@type\":\"SearchAction\",\"target\":{\"@type\":\"EntryPoint\",\"urlTemplate\":\"https:\/\/hcd.malargue.gov.ar\/?s={search_term_string}\"},\"query-input\":\"required name=search_term_string\"}],\"inLanguage\":\"es-AR\"},{\"@type\":\"Person\",\"@id\":\"https:\/\/hcd.malargue.gov.ar\/#\/schema\/person\/3fd6bbab64edd703961b795156c955d0\",\"name\":\"Belen Pedernera Ferragut\",\"image\":{\"@type\":\"ImageObject\",\"inLanguage\":\"es-AR\",\"@id\":\"https:\/\/hcd.malargue.gov.ar\/#\/schema\/person\/image\/\",\"url\":\"https:\/\/secure.gravatar.com\/avatar\/1054ffab3893de4bb3eb29bdd22f7e34b8537bf5d34d9dab311818154ad5b71f?s=96&d=mm&r=g\",\"contentUrl\":\"https:\/\/secure.gravatar.com\/avatar\/1054ffab3893de4bb3eb29bdd22f7e34b8537bf5d34d9dab311818154ad5b71f?s=96&d=mm&r=g\",\"caption\":\"Belen Pedernera Ferragut\"},\"url\":\"https:\/\/hcd.malargue.gov.ar\/?author=5\"}]}<\/script>\n<!-- \/ Yoast SEO plugin. -->","yoast_head_json":{"title":"SE LLEV\u00d3 A CABO LA AUDIENCIA P\u00daBLICA POR PORTEZUELO DEL VIENTO - Malarg\u00fce HCD","robots":{"index":"index","follow":"follow","max-snippet":"max-snippet:-1","max-image-preview":"max-image-preview:large","max-video-preview":"max-video-preview:-1"},"canonical":"https:\/\/hcd.malargue.gov.ar\/?p=5158","og_locale":"es_ES","og_type":"article","og_title":"SE LLEV\u00d3 A CABO LA AUDIENCIA P\u00daBLICA POR PORTEZUELO DEL VIENTO - Malarg\u00fce HCD","og_description":"Convocada para las 10hrs del lunes 9 de abril, se desarrollo en el Centro de Convenciones y Exposiciones Thesaurus la Audiencia Publica por Portezuelo del Viento, organizada por la Secretar\u00eda de Ambiente y Ordenamiento Territorial de Mendoza de la misma participaron Autoridades Provinciales y Municipales, Ediles, Gremios, Instituciones Educativas, Camara de Comercio, P\u00fablico en general, [&hellip;]","og_url":"https:\/\/hcd.malargue.gov.ar\/?p=5158","og_site_name":"Malarg\u00fce HCD","article_published_time":"2018-04-09T14:06:12+00:00","article_modified_time":"2022-05-23T12:27:08+00:00","og_image":[{"width":4288,"height":2848,"url":"https:\/\/hcd.malargue.gov.ar\/wp-content\/uploads\/2018\/04\/IMGP5742.jpg","type":"image\/jpeg"}],"author":"Belen Pedernera Ferragut","twitter_card":"summary_large_image","twitter_misc":{"Escrito por":"Belen Pedernera Ferragut","Tiempo de lectura":"2 minutos"},"schema":{"@context":"https:\/\/schema.org","@graph":[{"@type":"WebPage","@id":"https:\/\/hcd.malargue.gov.ar\/?p=5158","url":"https:\/\/hcd.malargue.gov.ar\/?p=5158","name":"SE LLEV\u00d3 A CABO LA AUDIENCIA P\u00daBLICA POR PORTEZUELO DEL VIENTO - Malarg\u00fce HCD","isPartOf":{"@id":"https:\/\/hcd.malargue.gov.ar\/#website"},"datePublished":"2018-04-09T14:06:12+00:00","dateModified":"2022-05-23T12:27:08+00:00","author":{"@id":"https:\/\/hcd.malargue.gov.ar\/#\/schema\/person\/3fd6bbab64edd703961b795156c955d0"},"breadcrumb":{"@id":"https:\/\/hcd.malargue.gov.ar\/?p=5158#breadcrumb"},"inLanguage":"es-AR","potentialAction":[{"@type":"ReadAction","target":["https:\/\/hcd.malargue.gov.ar\/?p=5158"]}]},{"@type":"BreadcrumbList","@id":"https:\/\/hcd.malargue.gov.ar\/?p=5158#breadcrumb","itemListElement":[{"@type":"ListItem","position":1,"name":"Inicio","item":"https:\/\/hcd.malargue.gov.ar\/"},{"@type":"ListItem","position":2,"name":"SE LLEV\u00d3 A CABO LA AUDIENCIA P\u00daBLICA POR PORTEZUELO DEL VIENTO"}]},{"@type":"WebSite","@id":"https:\/\/hcd.malargue.gov.ar\/#website","url":"https:\/\/hcd.malargue.gov.ar\/","name":"Malarg\u00fce HCD","description":"Malarg\u00fce Mendoza Argentina","potentialAction":[{"@type":"SearchAction","target":{"@type":"EntryPoint","urlTemplate":"https:\/\/hcd.malargue.gov.ar\/?s={search_term_string}"},"query-input":"required name=search_term_string"}],"inLanguage":"es-AR"},{"@type":"Person","@id":"https:\/\/hcd.malargue.gov.ar\/#\/schema\/person\/3fd6bbab64edd703961b795156c955d0","name":"Belen Pedernera Ferragut","image":{"@type":"ImageObject","inLanguage":"es-AR","@id":"https:\/\/hcd.malargue.gov.ar\/#\/schema\/person\/image\/","url":"https:\/\/secure.gravatar.com\/avatar\/1054ffab3893de4bb3eb29bdd22f7e34b8537bf5d34d9dab311818154ad5b71f?s=96&d=mm&r=g","contentUrl":"https:\/\/secure.gravatar.com\/avatar\/1054ffab3893de4bb3eb29bdd22f7e34b8537bf5d34d9dab311818154ad5b71f?s=96&d=mm&r=g","caption":"Belen Pedernera Ferragut"},"url":"https:\/\/hcd.malargue.gov.ar\/?author=5"}]}},"_links":{"self":[{"href":"https:\/\/hcd.malargue.gov.ar\/index.php?rest_route=\/wp\/v2\/posts\/5158","targetHints":{"allow":["GET"]}}],"collection":[{"href":"https:\/\/hcd.malargue.gov.ar\/index.php?rest_route=\/wp\/v2\/posts"}],"about":[{"href":"https:\/\/hcd.malargue.gov.ar\/index.php?rest_route=\/wp\/v2\/types\/post"}],"author":[{"embeddable":true,"href":"https:\/\/hcd.malargue.gov.ar\/index.php?rest_route=\/wp\/v2\/users\/5"}],"replies":[{"embeddable":true,"href":"https:\/\/hcd.malargue.gov.ar\/index.php?rest_route=%2Fwp%2Fv2%2Fcomments&post=5158"}],"version-history":[{"count":0,"href":"https:\/\/hcd.malargue.gov.ar\/index.php?rest_route=\/wp\/v2\/posts\/5158\/revisions"}],"wp:attachment":[{"href":"https:\/\/hcd.malargue.gov.ar\/index.php?rest_route=%2Fwp%2Fv2%2Fmedia&parent=5158"}],"wp:term":[{"taxonomy":"category","embeddable":true,"href":"https:\/\/hcd.malargue.gov.ar\/index.php?rest_route=%2Fwp%2Fv2%2Fcategories&post=5158"},{"taxonomy":"post_tag","embeddable":true,"href":"https:\/\/hcd.malargue.gov.ar\/index.php?rest_route=%2Fwp%2Fv2%2Ftags&post=5158"}],"curies":[{"name":"wp","href":"https:\/\/api.w.org\/{rel}","templated":true}]}}