{"id":5236,"date":"2018-04-01T12:01:20","date_gmt":"2018-04-01T15:01:20","guid":{"rendered":"http:\/\/hcd.malargue.gov.ar\/?p=5236"},"modified":"2021-06-25T10:52:37","modified_gmt":"2021-06-25T13:52:37","slug":"velada-36-aniversario-veteranos-y-caidos-en-malvinas","status":"publish","type":"post","link":"https:\/\/hcd.malargue.gov.ar\/?p=5236","title":{"rendered":"VELADA 36\u00b0 ANIVERSARIO VETERANOS Y CAIDOS EN MALVINAS"},"content":{"rendered":"<p><span class=\" _2iem\" role=\"heading\" aria-level=\"4\">1-ABR-2018 Gran cantidad de personas particip\u00f3 de la velada que se realiz\u00f3 en el Polideportivo Municipal Malal-Hue para recibir el D\u00eda los Veteranos y los Ca\u00eddos en la Guerra de Malvinas. Durante la noche se repartieron diversos presentes y recordatorios a los veteranos que viajaron desde distintas partes de la Argentina a conmemorar su dia en el Departamento, que desde hace 10 a\u00f1os los alberga, y esto es posible gracias a las gestiones que realiza Rolando Cardenas del Programa que se emite por LV19 &#8220;Malvinas Clamor de Gloria&#8221;. <\/span><\/p>\n<p><span class=\" _2iem\" role=\"heading\" aria-level=\"4\">En esta oportinidad el Presidente del Honorable Concejo Deliberante Fernando Glatigny junto al Vicepresidente Raul Rodriguez hicieron entrega de un reconocimiento por parte del Cuerpo Deliberativo, por su lealtad, valentia, y heroismo en defensa de nuestras Islas Malvinas, un eterno agradecimiento a todos los soldados que dejaron su vida, luchando por nuestra patria. <\/span><\/p>\n<p><span class=\" _2iem\" role=\"heading\" aria-level=\"4\">La velada cont\u00f3 con la presencia de artistas que sobre el escenario con cantos y bailes, entre ellos se destaco el Coro Municipal con la interpretacion del Hinmo Nacional Argetino a las 00hrs , momento en el cual todos los presentes encendieon sus velas que llevaban el nombre de un Heroe de Malvinas<\/span><\/p>\n<p><span class=\" _2iem\" role=\"heading\" aria-level=\"4\">Belen Pedernera Ferragut \/\/ <\/span><span class=\" _2iem\" role=\"heading\" aria-level=\"4\">PRENSA HCD<\/span><\/p>\n<p>GALERIA DE FOTOS: <a href=\"https:\/\/www.facebook.com\/media\/set\/?vanity=hcdmalargue&amp;set=a.380731992427560\">https:\/\/www.facebook.com\/media\/set\/?vanity=hcdmalargue&amp;set=a.380731992427560<\/a><\/p>\n","protected":false},"excerpt":{"rendered":"<p>1-ABR-2018 Gran cantidad de personas particip\u00f3 de la velada que se realiz\u00f3 en el Polideportivo Municipal Malal-Hue para recibir el D\u00eda los Veteranos y los Ca\u00eddos en la Guerra de Malvinas. Durante la noche se repartieron diversos presentes y recordatorios a los veteranos que viajaron desde distintas partes de la Argentina a conmemorar su dia [&hellip;]<\/p>\n","protected":false},"author":5,"featured_media":24953,"comment_status":"closed","ping_status":"closed","sticky":false,"template":"","format":"standard","meta":{"footnotes":""},"categories":[52,33],"tags":[],"class_list":["post-5236","post","type-post","status-publish","format-standard","has-post-thumbnail","hentry","category-gacetillas","category-prensa"],"yoast_head":"<!-- This site is optimized with the Yoast SEO plugin v19.10 - https:\/\/yoast.com\/wordpress\/plugins\/seo\/ -->\n<title>VELADA 36\u00b0 ANIVERSARIO VETERANOS Y CAIDOS EN MALVINAS - Malarg\u00fce HCD<\/title>\n<meta name=\"robots\" content=\"index, follow, max-snippet:-1, max-image-preview:large, max-video-preview:-1\" \/>\n<link rel=\"canonical\" href=\"https:\/\/hcd.malargue.gov.ar\/?p=5236\" \/>\n<meta property=\"og:locale\" content=\"es_ES\" \/>\n<meta property=\"og:type\" content=\"article\" \/>\n<meta property=\"og:title\" content=\"VELADA 36\u00b0 ANIVERSARIO VETERANOS Y CAIDOS EN MALVINAS - Malarg\u00fce HCD\" \/>\n<meta property=\"og:description\" content=\"1-ABR-2018 Gran cantidad de personas particip\u00f3 de la velada que se realiz\u00f3 en el Polideportivo Municipal Malal-Hue para recibir el D\u00eda los Veteranos y los Ca\u00eddos en la Guerra de Malvinas. Durante la noche se repartieron diversos presentes y recordatorios a los veteranos que viajaron desde distintas partes de la Argentina a conmemorar su dia [&hellip;]\" \/>\n<meta property=\"og:url\" content=\"https:\/\/hcd.malargue.gov.ar\/?p=5236\" \/>\n<meta property=\"og:site_name\" content=\"Malarg\u00fce HCD\" \/>\n<meta property=\"article:published_time\" content=\"2018-04-01T15:01:20+00:00\" \/>\n<meta property=\"article:modified_time\" content=\"2021-06-25T13:52:37+00:00\" \/>\n<meta property=\"og:image\" content=\"https:\/\/hcd.malargue.gov.ar\/wp-content\/uploads\/2018\/04\/29873370_380735342427225_7187328903229635440_o.jpg\" \/>\n\t<meta property=\"og:image:width\" content=\"1072\" \/>\n\t<meta property=\"og:image:height\" content=\"712\" \/>\n\t<meta property=\"og:image:type\" content=\"image\/jpeg\" \/>\n<meta name=\"author\" content=\"Belen Pedernera Ferragut\" \/>\n<meta name=\"twitter:card\" content=\"summary_large_image\" \/>\n<meta name=\"twitter:label1\" content=\"Escrito por\" \/>\n\t<meta name=\"twitter:data1\" content=\"Belen Pedernera Ferragut\" \/>\n\t<meta name=\"twitter:label2\" content=\"Tiempo de lectura\" \/>\n\t<meta name=\"twitter:data2\" content=\"1 minuto\" \/>\n<script type=\"application\/ld+json\" class=\"yoast-schema-graph\">{\"@context\":\"https:\/\/schema.org\",\"@graph\":[{\"@type\":\"WebPage\",\"@id\":\"https:\/\/hcd.malargue.gov.ar\/?p=5236\",\"url\":\"https:\/\/hcd.malargue.gov.ar\/?p=5236\",\"name\":\"VELADA 36\u00b0 ANIVERSARIO VETERANOS Y CAIDOS EN MALVINAS - Malarg\u00fce HCD\",\"isPartOf\":{\"@id\":\"https:\/\/hcd.malargue.gov.ar\/#website\"},\"datePublished\":\"2018-04-01T15:01:20+00:00\",\"dateModified\":\"2021-06-25T13:52:37+00:00\",\"author\":{\"@id\":\"https:\/\/hcd.malargue.gov.ar\/#\/schema\/person\/3fd6bbab64edd703961b795156c955d0\"},\"breadcrumb\":{\"@id\":\"https:\/\/hcd.malargue.gov.ar\/?p=5236#breadcrumb\"},\"inLanguage\":\"es-AR\",\"potentialAction\":[{\"@type\":\"ReadAction\",\"target\":[\"https:\/\/hcd.malargue.gov.ar\/?p=5236\"]}]},{\"@type\":\"BreadcrumbList\",\"@id\":\"https:\/\/hcd.malargue.gov.ar\/?p=5236#breadcrumb\",\"itemListElement\":[{\"@type\":\"ListItem\",\"position\":1,\"name\":\"Inicio\",\"item\":\"https:\/\/hcd.malargue.gov.ar\/\"},{\"@type\":\"ListItem\",\"position\":2,\"name\":\"VELADA 36\u00b0 ANIVERSARIO VETERANOS Y CAIDOS EN MALVINAS\"}]},{\"@type\":\"WebSite\",\"@id\":\"https:\/\/hcd.malargue.gov.ar\/#website\",\"url\":\"https:\/\/hcd.malargue.gov.ar\/\",\"name\":\"Malarg\u00fce HCD\",\"description\":\"Malarg\u00fce Mendoza Argentina\",\"potentialAction\":[{\"@type\":\"SearchAction\",\"target\":{\"@type\":\"EntryPoint\",\"urlTemplate\":\"https:\/\/hcd.malargue.gov.ar\/?s={search_term_string}\"},\"query-input\":\"required name=search_term_string\"}],\"inLanguage\":\"es-AR\"},{\"@type\":\"Person\",\"@id\":\"https:\/\/hcd.malargue.gov.ar\/#\/schema\/person\/3fd6bbab64edd703961b795156c955d0\",\"name\":\"Belen Pedernera Ferragut\",\"image\":{\"@type\":\"ImageObject\",\"inLanguage\":\"es-AR\",\"@id\":\"https:\/\/hcd.malargue.gov.ar\/#\/schema\/person\/image\/\",\"url\":\"https:\/\/secure.gravatar.com\/avatar\/1054ffab3893de4bb3eb29bdd22f7e34b8537bf5d34d9dab311818154ad5b71f?s=96&d=mm&r=g\",\"contentUrl\":\"https:\/\/secure.gravatar.com\/avatar\/1054ffab3893de4bb3eb29bdd22f7e34b8537bf5d34d9dab311818154ad5b71f?s=96&d=mm&r=g\",\"caption\":\"Belen Pedernera Ferragut\"},\"url\":\"https:\/\/hcd.malargue.gov.ar\/?author=5\"}]}<\/script>\n<!-- \/ Yoast SEO plugin. -->","yoast_head_json":{"title":"VELADA 36\u00b0 ANIVERSARIO VETERANOS Y CAIDOS EN MALVINAS - Malarg\u00fce HCD","robots":{"index":"index","follow":"follow","max-snippet":"max-snippet:-1","max-image-preview":"max-image-preview:large","max-video-preview":"max-video-preview:-1"},"canonical":"https:\/\/hcd.malargue.gov.ar\/?p=5236","og_locale":"es_ES","og_type":"article","og_title":"VELADA 36\u00b0 ANIVERSARIO VETERANOS Y CAIDOS EN MALVINAS - Malarg\u00fce HCD","og_description":"1-ABR-2018 Gran cantidad de personas particip\u00f3 de la velada que se realiz\u00f3 en el Polideportivo Municipal Malal-Hue para recibir el D\u00eda los Veteranos y los Ca\u00eddos en la Guerra de Malvinas. Durante la noche se repartieron diversos presentes y recordatorios a los veteranos que viajaron desde distintas partes de la Argentina a conmemorar su dia [&hellip;]","og_url":"https:\/\/hcd.malargue.gov.ar\/?p=5236","og_site_name":"Malarg\u00fce HCD","article_published_time":"2018-04-01T15:01:20+00:00","article_modified_time":"2021-06-25T13:52:37+00:00","og_image":[{"width":1072,"height":712,"url":"https:\/\/hcd.malargue.gov.ar\/wp-content\/uploads\/2018\/04\/29873370_380735342427225_7187328903229635440_o.jpg","type":"image\/jpeg"}],"author":"Belen Pedernera Ferragut","twitter_card":"summary_large_image","twitter_misc":{"Escrito por":"Belen Pedernera Ferragut","Tiempo de lectura":"1 minuto"},"schema":{"@context":"https:\/\/schema.org","@graph":[{"@type":"WebPage","@id":"https:\/\/hcd.malargue.gov.ar\/?p=5236","url":"https:\/\/hcd.malargue.gov.ar\/?p=5236","name":"VELADA 36\u00b0 ANIVERSARIO VETERANOS Y CAIDOS EN MALVINAS - Malarg\u00fce HCD","isPartOf":{"@id":"https:\/\/hcd.malargue.gov.ar\/#website"},"datePublished":"2018-04-01T15:01:20+00:00","dateModified":"2021-06-25T13:52:37+00:00","author":{"@id":"https:\/\/hcd.malargue.gov.ar\/#\/schema\/person\/3fd6bbab64edd703961b795156c955d0"},"breadcrumb":{"@id":"https:\/\/hcd.malargue.gov.ar\/?p=5236#breadcrumb"},"inLanguage":"es-AR","potentialAction":[{"@type":"ReadAction","target":["https:\/\/hcd.malargue.gov.ar\/?p=5236"]}]},{"@type":"BreadcrumbList","@id":"https:\/\/hcd.malargue.gov.ar\/?p=5236#breadcrumb","itemListElement":[{"@type":"ListItem","position":1,"name":"Inicio","item":"https:\/\/hcd.malargue.gov.ar\/"},{"@type":"ListItem","position":2,"name":"VELADA 36\u00b0 ANIVERSARIO VETERANOS Y CAIDOS EN MALVINAS"}]},{"@type":"WebSite","@id":"https:\/\/hcd.malargue.gov.ar\/#website","url":"https:\/\/hcd.malargue.gov.ar\/","name":"Malarg\u00fce HCD","description":"Malarg\u00fce Mendoza Argentina","potentialAction":[{"@type":"SearchAction","target":{"@type":"EntryPoint","urlTemplate":"https:\/\/hcd.malargue.gov.ar\/?s={search_term_string}"},"query-input":"required name=search_term_string"}],"inLanguage":"es-AR"},{"@type":"Person","@id":"https:\/\/hcd.malargue.gov.ar\/#\/schema\/person\/3fd6bbab64edd703961b795156c955d0","name":"Belen Pedernera Ferragut","image":{"@type":"ImageObject","inLanguage":"es-AR","@id":"https:\/\/hcd.malargue.gov.ar\/#\/schema\/person\/image\/","url":"https:\/\/secure.gravatar.com\/avatar\/1054ffab3893de4bb3eb29bdd22f7e34b8537bf5d34d9dab311818154ad5b71f?s=96&d=mm&r=g","contentUrl":"https:\/\/secure.gravatar.com\/avatar\/1054ffab3893de4bb3eb29bdd22f7e34b8537bf5d34d9dab311818154ad5b71f?s=96&d=mm&r=g","caption":"Belen Pedernera Ferragut"},"url":"https:\/\/hcd.malargue.gov.ar\/?author=5"}]}},"_links":{"self":[{"href":"https:\/\/hcd.malargue.gov.ar\/index.php?rest_route=\/wp\/v2\/posts\/5236","targetHints":{"allow":["GET"]}}],"collection":[{"href":"https:\/\/hcd.malargue.gov.ar\/index.php?rest_route=\/wp\/v2\/posts"}],"about":[{"href":"https:\/\/hcd.malargue.gov.ar\/index.php?rest_route=\/wp\/v2\/types\/post"}],"author":[{"embeddable":true,"href":"https:\/\/hcd.malargue.gov.ar\/index.php?rest_route=\/wp\/v2\/users\/5"}],"replies":[{"embeddable":true,"href":"https:\/\/hcd.malargue.gov.ar\/index.php?rest_route=%2Fwp%2Fv2%2Fcomments&post=5236"}],"version-history":[{"count":0,"href":"https:\/\/hcd.malargue.gov.ar\/index.php?rest_route=\/wp\/v2\/posts\/5236\/revisions"}],"wp:featuredmedia":[{"embeddable":true,"href":"https:\/\/hcd.malargue.gov.ar\/index.php?rest_route=\/wp\/v2\/media\/24953"}],"wp:attachment":[{"href":"https:\/\/hcd.malargue.gov.ar\/index.php?rest_route=%2Fwp%2Fv2%2Fmedia&parent=5236"}],"wp:term":[{"taxonomy":"category","embeddable":true,"href":"https:\/\/hcd.malargue.gov.ar\/index.php?rest_route=%2Fwp%2Fv2%2Fcategories&post=5236"},{"taxonomy":"post_tag","embeddable":true,"href":"https:\/\/hcd.malargue.gov.ar\/index.php?rest_route=%2Fwp%2Fv2%2Ftags&post=5236"}],"curies":[{"name":"wp","href":"https:\/\/api.w.org\/{rel}","templated":true}]}}