{"id":5268,"date":"2018-04-02T12:11:02","date_gmt":"2018-04-02T15:11:02","guid":{"rendered":"http:\/\/hcd.malargue.gov.ar\/?p=5268"},"modified":"2021-06-25T10:47:22","modified_gmt":"2021-06-25T13:47:22","slug":"acto-36o-aniversario-de-la-gesta-de-malvinas-1982-2018","status":"publish","type":"post","link":"https:\/\/hcd.malargue.gov.ar\/?p=5268","title":{"rendered":"ACTO 36\u00ba ANIVERSARIO DE LA GESTA DE MALVINAS 1982-2018"},"content":{"rendered":"<p><span class=\" _2iem\" role=\"heading\" aria-level=\"4\">2-ABR-2018 a las 11hrs en la Plaza Soberan\u00eda Nacional ubicado en el Barrio Malvinas Argentinas de la Cuidad de Malarg\u00fce, se llev\u00f3 a cabo el Acto en conmemoraci\u00f3n del D\u00eda de los Veteranos y ca\u00eddos en Malvinas, en el estuvieron presentes el Sr. Intendente Municipal Dn. Jorge Vergara Martinez, el Presidente del Honorable Concejo Deliberante Fernando Glatigny acompa\u00f1ado por el Vicepresidente Raul Rodriguez, las Ediles Patricia Cecconato y Paola Paleico, miembros de Gabinete, Veteranos, P\u00fablico en general. <\/span><\/p>\n<p><span class=\" _2iem\" role=\"heading\" aria-level=\"4\">Durante la jornada se hicieron reconocimientos a los Veteranos presentes; ademas el Sr Intendente hizo entrega de un terreno para la creacion de una replica del Cementerio Darwin. Para finalizar los presentes disfrutaron de un emotimo acto artistico por parte de la Esc Maurin Navarro; y compartieron el tradicional chocolate con tortas fritas.<\/span><\/p>\n<p><span class=\" _2iem\" role=\"heading\" aria-level=\"4\">Belen Pedernera Ferragut \/\/ <\/span><span class=\" _2iem\" role=\"heading\" aria-level=\"4\">PRENSA HCD<\/span><\/p>\n<p>GALERIA DE FOTOS: <a href=\"https:\/\/www.facebook.com\/media\/set\/?vanity=hcdmalargue&amp;set=a.381238222376937\">https:\/\/www.facebook.com\/media\/set\/?vanity=hcdmalargue&amp;set=a.381238222376937<\/a><\/p>\n","protected":false},"excerpt":{"rendered":"<p>2-ABR-2018 a las 11hrs en la Plaza Soberan\u00eda Nacional ubicado en el Barrio Malvinas Argentinas de la Cuidad de Malarg\u00fce, se llev\u00f3 a cabo el Acto en conmemoraci\u00f3n del D\u00eda de los Veteranos y ca\u00eddos en Malvinas, en el estuvieron presentes el Sr. Intendente Municipal Dn. Jorge Vergara Martinez, el Presidente del Honorable Concejo Deliberante [&hellip;]<\/p>\n","protected":false},"author":5,"featured_media":0,"comment_status":"closed","ping_status":"closed","sticky":false,"template":"","format":"standard","meta":{"footnotes":""},"categories":[52,33],"tags":[],"class_list":["post-5268","post","type-post","status-publish","format-standard","hentry","category-gacetillas","category-prensa"],"yoast_head":"<!-- This site is optimized with the Yoast SEO plugin v19.10 - https:\/\/yoast.com\/wordpress\/plugins\/seo\/ -->\n<title>ACTO 36\u00ba ANIVERSARIO DE LA GESTA DE MALVINAS 1982-2018 - Malarg\u00fce HCD<\/title>\n<meta name=\"robots\" content=\"index, follow, max-snippet:-1, max-image-preview:large, max-video-preview:-1\" \/>\n<link rel=\"canonical\" href=\"https:\/\/hcd.malargue.gov.ar\/?p=5268\" \/>\n<meta property=\"og:locale\" content=\"es_ES\" \/>\n<meta property=\"og:type\" content=\"article\" \/>\n<meta property=\"og:title\" content=\"ACTO 36\u00ba ANIVERSARIO DE LA GESTA DE MALVINAS 1982-2018 - Malarg\u00fce HCD\" \/>\n<meta property=\"og:description\" content=\"2-ABR-2018 a las 11hrs en la Plaza Soberan\u00eda Nacional ubicado en el Barrio Malvinas Argentinas de la Cuidad de Malarg\u00fce, se llev\u00f3 a cabo el Acto en conmemoraci\u00f3n del D\u00eda de los Veteranos y ca\u00eddos en Malvinas, en el estuvieron presentes el Sr. Intendente Municipal Dn. Jorge Vergara Martinez, el Presidente del Honorable Concejo Deliberante [&hellip;]\" \/>\n<meta property=\"og:url\" content=\"https:\/\/hcd.malargue.gov.ar\/?p=5268\" \/>\n<meta property=\"og:site_name\" content=\"Malarg\u00fce HCD\" \/>\n<meta property=\"article:published_time\" content=\"2018-04-02T15:11:02+00:00\" \/>\n<meta property=\"article:modified_time\" content=\"2021-06-25T13:47:22+00:00\" \/>\n<meta property=\"og:image\" content=\"https:\/\/hcd.malargue.gov.ar\/wp-content\/uploads\/2018\/04\/IMGP5492.jpg\" \/>\n\t<meta property=\"og:image:width\" content=\"3985\" \/>\n\t<meta property=\"og:image:height\" content=\"2530\" \/>\n\t<meta property=\"og:image:type\" content=\"image\/jpeg\" \/>\n<meta name=\"author\" content=\"Belen Pedernera Ferragut\" \/>\n<meta name=\"twitter:card\" content=\"summary_large_image\" \/>\n<meta name=\"twitter:label1\" content=\"Escrito por\" \/>\n\t<meta name=\"twitter:data1\" content=\"Belen Pedernera Ferragut\" \/>\n\t<meta name=\"twitter:label2\" content=\"Tiempo de lectura\" \/>\n\t<meta name=\"twitter:data2\" content=\"1 minuto\" \/>\n<script type=\"application\/ld+json\" class=\"yoast-schema-graph\">{\"@context\":\"https:\/\/schema.org\",\"@graph\":[{\"@type\":\"WebPage\",\"@id\":\"https:\/\/hcd.malargue.gov.ar\/?p=5268\",\"url\":\"https:\/\/hcd.malargue.gov.ar\/?p=5268\",\"name\":\"ACTO 36\u00ba ANIVERSARIO DE LA GESTA DE MALVINAS 1982-2018 - Malarg\u00fce HCD\",\"isPartOf\":{\"@id\":\"https:\/\/hcd.malargue.gov.ar\/#website\"},\"datePublished\":\"2018-04-02T15:11:02+00:00\",\"dateModified\":\"2021-06-25T13:47:22+00:00\",\"author\":{\"@id\":\"https:\/\/hcd.malargue.gov.ar\/#\/schema\/person\/3fd6bbab64edd703961b795156c955d0\"},\"breadcrumb\":{\"@id\":\"https:\/\/hcd.malargue.gov.ar\/?p=5268#breadcrumb\"},\"inLanguage\":\"es-AR\",\"potentialAction\":[{\"@type\":\"ReadAction\",\"target\":[\"https:\/\/hcd.malargue.gov.ar\/?p=5268\"]}]},{\"@type\":\"BreadcrumbList\",\"@id\":\"https:\/\/hcd.malargue.gov.ar\/?p=5268#breadcrumb\",\"itemListElement\":[{\"@type\":\"ListItem\",\"position\":1,\"name\":\"Inicio\",\"item\":\"https:\/\/hcd.malargue.gov.ar\/\"},{\"@type\":\"ListItem\",\"position\":2,\"name\":\"ACTO 36\u00ba ANIVERSARIO DE LA GESTA DE MALVINAS 1982-2018\"}]},{\"@type\":\"WebSite\",\"@id\":\"https:\/\/hcd.malargue.gov.ar\/#website\",\"url\":\"https:\/\/hcd.malargue.gov.ar\/\",\"name\":\"Malarg\u00fce HCD\",\"description\":\"Malarg\u00fce Mendoza Argentina\",\"potentialAction\":[{\"@type\":\"SearchAction\",\"target\":{\"@type\":\"EntryPoint\",\"urlTemplate\":\"https:\/\/hcd.malargue.gov.ar\/?s={search_term_string}\"},\"query-input\":\"required name=search_term_string\"}],\"inLanguage\":\"es-AR\"},{\"@type\":\"Person\",\"@id\":\"https:\/\/hcd.malargue.gov.ar\/#\/schema\/person\/3fd6bbab64edd703961b795156c955d0\",\"name\":\"Belen Pedernera Ferragut\",\"image\":{\"@type\":\"ImageObject\",\"inLanguage\":\"es-AR\",\"@id\":\"https:\/\/hcd.malargue.gov.ar\/#\/schema\/person\/image\/\",\"url\":\"https:\/\/secure.gravatar.com\/avatar\/1054ffab3893de4bb3eb29bdd22f7e34b8537bf5d34d9dab311818154ad5b71f?s=96&d=mm&r=g\",\"contentUrl\":\"https:\/\/secure.gravatar.com\/avatar\/1054ffab3893de4bb3eb29bdd22f7e34b8537bf5d34d9dab311818154ad5b71f?s=96&d=mm&r=g\",\"caption\":\"Belen Pedernera Ferragut\"},\"url\":\"https:\/\/hcd.malargue.gov.ar\/?author=5\"}]}<\/script>\n<!-- \/ Yoast SEO plugin. -->","yoast_head_json":{"title":"ACTO 36\u00ba ANIVERSARIO DE LA GESTA DE MALVINAS 1982-2018 - Malarg\u00fce HCD","robots":{"index":"index","follow":"follow","max-snippet":"max-snippet:-1","max-image-preview":"max-image-preview:large","max-video-preview":"max-video-preview:-1"},"canonical":"https:\/\/hcd.malargue.gov.ar\/?p=5268","og_locale":"es_ES","og_type":"article","og_title":"ACTO 36\u00ba ANIVERSARIO DE LA GESTA DE MALVINAS 1982-2018 - Malarg\u00fce HCD","og_description":"2-ABR-2018 a las 11hrs en la Plaza Soberan\u00eda Nacional ubicado en el Barrio Malvinas Argentinas de la Cuidad de Malarg\u00fce, se llev\u00f3 a cabo el Acto en conmemoraci\u00f3n del D\u00eda de los Veteranos y ca\u00eddos en Malvinas, en el estuvieron presentes el Sr. Intendente Municipal Dn. Jorge Vergara Martinez, el Presidente del Honorable Concejo Deliberante [&hellip;]","og_url":"https:\/\/hcd.malargue.gov.ar\/?p=5268","og_site_name":"Malarg\u00fce HCD","article_published_time":"2018-04-02T15:11:02+00:00","article_modified_time":"2021-06-25T13:47:22+00:00","og_image":[{"width":3985,"height":2530,"url":"https:\/\/hcd.malargue.gov.ar\/wp-content\/uploads\/2018\/04\/IMGP5492.jpg","type":"image\/jpeg"}],"author":"Belen Pedernera Ferragut","twitter_card":"summary_large_image","twitter_misc":{"Escrito por":"Belen Pedernera Ferragut","Tiempo de lectura":"1 minuto"},"schema":{"@context":"https:\/\/schema.org","@graph":[{"@type":"WebPage","@id":"https:\/\/hcd.malargue.gov.ar\/?p=5268","url":"https:\/\/hcd.malargue.gov.ar\/?p=5268","name":"ACTO 36\u00ba ANIVERSARIO DE LA GESTA DE MALVINAS 1982-2018 - Malarg\u00fce HCD","isPartOf":{"@id":"https:\/\/hcd.malargue.gov.ar\/#website"},"datePublished":"2018-04-02T15:11:02+00:00","dateModified":"2021-06-25T13:47:22+00:00","author":{"@id":"https:\/\/hcd.malargue.gov.ar\/#\/schema\/person\/3fd6bbab64edd703961b795156c955d0"},"breadcrumb":{"@id":"https:\/\/hcd.malargue.gov.ar\/?p=5268#breadcrumb"},"inLanguage":"es-AR","potentialAction":[{"@type":"ReadAction","target":["https:\/\/hcd.malargue.gov.ar\/?p=5268"]}]},{"@type":"BreadcrumbList","@id":"https:\/\/hcd.malargue.gov.ar\/?p=5268#breadcrumb","itemListElement":[{"@type":"ListItem","position":1,"name":"Inicio","item":"https:\/\/hcd.malargue.gov.ar\/"},{"@type":"ListItem","position":2,"name":"ACTO 36\u00ba ANIVERSARIO DE LA GESTA DE MALVINAS 1982-2018"}]},{"@type":"WebSite","@id":"https:\/\/hcd.malargue.gov.ar\/#website","url":"https:\/\/hcd.malargue.gov.ar\/","name":"Malarg\u00fce HCD","description":"Malarg\u00fce Mendoza Argentina","potentialAction":[{"@type":"SearchAction","target":{"@type":"EntryPoint","urlTemplate":"https:\/\/hcd.malargue.gov.ar\/?s={search_term_string}"},"query-input":"required name=search_term_string"}],"inLanguage":"es-AR"},{"@type":"Person","@id":"https:\/\/hcd.malargue.gov.ar\/#\/schema\/person\/3fd6bbab64edd703961b795156c955d0","name":"Belen Pedernera Ferragut","image":{"@type":"ImageObject","inLanguage":"es-AR","@id":"https:\/\/hcd.malargue.gov.ar\/#\/schema\/person\/image\/","url":"https:\/\/secure.gravatar.com\/avatar\/1054ffab3893de4bb3eb29bdd22f7e34b8537bf5d34d9dab311818154ad5b71f?s=96&d=mm&r=g","contentUrl":"https:\/\/secure.gravatar.com\/avatar\/1054ffab3893de4bb3eb29bdd22f7e34b8537bf5d34d9dab311818154ad5b71f?s=96&d=mm&r=g","caption":"Belen Pedernera Ferragut"},"url":"https:\/\/hcd.malargue.gov.ar\/?author=5"}]}},"_links":{"self":[{"href":"https:\/\/hcd.malargue.gov.ar\/index.php?rest_route=\/wp\/v2\/posts\/5268","targetHints":{"allow":["GET"]}}],"collection":[{"href":"https:\/\/hcd.malargue.gov.ar\/index.php?rest_route=\/wp\/v2\/posts"}],"about":[{"href":"https:\/\/hcd.malargue.gov.ar\/index.php?rest_route=\/wp\/v2\/types\/post"}],"author":[{"embeddable":true,"href":"https:\/\/hcd.malargue.gov.ar\/index.php?rest_route=\/wp\/v2\/users\/5"}],"replies":[{"embeddable":true,"href":"https:\/\/hcd.malargue.gov.ar\/index.php?rest_route=%2Fwp%2Fv2%2Fcomments&post=5268"}],"version-history":[{"count":0,"href":"https:\/\/hcd.malargue.gov.ar\/index.php?rest_route=\/wp\/v2\/posts\/5268\/revisions"}],"wp:attachment":[{"href":"https:\/\/hcd.malargue.gov.ar\/index.php?rest_route=%2Fwp%2Fv2%2Fmedia&parent=5268"}],"wp:term":[{"taxonomy":"category","embeddable":true,"href":"https:\/\/hcd.malargue.gov.ar\/index.php?rest_route=%2Fwp%2Fv2%2Fcategories&post=5268"},{"taxonomy":"post_tag","embeddable":true,"href":"https:\/\/hcd.malargue.gov.ar\/index.php?rest_route=%2Fwp%2Fv2%2Ftags&post=5268"}],"curies":[{"name":"wp","href":"https:\/\/api.w.org\/{rel}","templated":true}]}}