{"id":5379,"date":"2018-04-09T12:40:59","date_gmt":"2018-04-09T15:40:59","guid":{"rendered":"http:\/\/hcd.malargue.gov.ar\/?p=5379"},"modified":"2022-05-23T09:22:10","modified_gmt":"2022-05-23T12:22:10","slug":"firman-acta-de-inicio-de-obra-de-11-viviendas-del-barrio-cerro-el-trapal-ii","status":"publish","type":"post","link":"https:\/\/hcd.malargue.gov.ar\/?p=5379","title":{"rendered":"FIRMAN ACTA DE INICIO DE OBRA DE 11 VIVIENDAS DEL BARRIO CERRO EL TRAPAL II"},"content":{"rendered":"<p>&nbsp;<\/p>\n<p>En la ma\u00f1ana de este lunes, el Presidente del Concejo Deliberante, Sr. Fernando Glatigny, particip\u00f3 de una importante reuni\u00f3n en la que el Sr. Intendente municipal Dn Jorge Vergara Mart\u00ednez, firm\u00f3 el acta de Inicio de Obra del Barrio Cerro El Trapal II, con el Sr Ministro de Econom\u00eda, Infraestructura y energ\u00eda de la provincia de Mendoza, Cdor Pedro Mart\u00edn Kerchner, el Representante de la Empresa Constructora ORALCO SRL Ing. Jos\u00e9 Domingo Agust\u00edn y representantes e Inspectores del Instituto Provincial de la Vivienda, el Arq. Maximiliano Oca\u00f1a, la Arq. Flavia Alvornoz y la Coordinadora de la Regi\u00f3n Sur Arq. Graciela Stornini.<\/p>\n<figure id=\"attachment_5381\" aria-describedby=\"caption-attachment-5381\" style=\"width: 402px\" class=\"wp-caption alignleft\"><img loading=\"lazy\" decoding=\"async\" class=\"wp-image-5381\" src=\"http:\/\/hcd.malargue.gov.ar\/wp-content\/uploads\/2018\/04\/EL-TRAPAL-VIVIENDAS-300x153.jpg\" alt=\"\" width=\"402\" height=\"205\" \/><figcaption id=\"caption-attachment-5381\" class=\"wp-caption-text\">Acta de Inicio de Obra- Barrio Cerro El TrapalII- Gentileza Fernando Glatigny- Presidente HCD<\/figcaption><\/figure>\n<p>El Acta corresponde a la Construcci\u00f3n de 11 viviendas con las respectivas obras de Urbanizaci\u00f3n e infraestructura, seg\u00fan documentaci\u00f3n licitatoria, correspondiente al Barrio Cerro El Trapal II ubicado en el Distrito Ciudad, Cuarta Divisi\u00f3n y El Sosneado- Mg\u00fce. de conformidad con las disposiciones de la Resoluci\u00f3n de Adjudicaci\u00f3n N\u00ba 200 de fecha 15-05-2017 (Prototipo IPV5 sur chapa 10 y prototipo IPV5 Sur chapa &#8211; discapacitado- 1).<\/p>\n<p>Glatigny adem\u00e1s informo que la Empresa, tiene un Plazo de Obra de 300 d\u00edas corridos a partir del d\u00eda de la fecha y que el vecino recibir\u00e1 llave en mano de una vivienda en funcionamiento y con todos los servicios.<\/p>\n<p>Marcia Sep\u00falveda \/\/ Prensa HCD<\/p>\n<p>Foto: Gentileza\u00a0 Prensa Municipalidad de Malarg\u00fce<\/p>\n","protected":false},"excerpt":{"rendered":"<p>&nbsp; En la ma\u00f1ana de este lunes, el Presidente del Concejo Deliberante, Sr. Fernando Glatigny, particip\u00f3 de una importante reuni\u00f3n en la que el Sr. Intendente municipal Dn Jorge Vergara Mart\u00ednez, firm\u00f3 el acta de Inicio de Obra del Barrio Cerro El Trapal II, con el Sr Ministro de Econom\u00eda, Infraestructura y energ\u00eda de la [&hellip;]<\/p>\n","protected":false},"author":4,"featured_media":0,"comment_status":"closed","ping_status":"closed","sticky":false,"template":"","format":"standard","meta":{"footnotes":""},"categories":[52,33],"tags":[],"class_list":["post-5379","post","type-post","status-publish","format-standard","hentry","category-gacetillas","category-prensa"],"yoast_head":"<!-- This site is optimized with the Yoast SEO plugin v19.10 - https:\/\/yoast.com\/wordpress\/plugins\/seo\/ -->\n<title>FIRMAN ACTA DE INICIO DE OBRA DE 11 VIVIENDAS DEL BARRIO CERRO EL TRAPAL II - Malarg\u00fce HCD<\/title>\n<meta name=\"robots\" content=\"index, follow, max-snippet:-1, max-image-preview:large, max-video-preview:-1\" \/>\n<link rel=\"canonical\" href=\"https:\/\/hcd.malargue.gov.ar\/?p=5379\" \/>\n<meta property=\"og:locale\" content=\"es_ES\" \/>\n<meta property=\"og:type\" content=\"article\" \/>\n<meta property=\"og:title\" content=\"FIRMAN ACTA DE INICIO DE OBRA DE 11 VIVIENDAS DEL BARRIO CERRO EL TRAPAL II - Malarg\u00fce HCD\" \/>\n<meta property=\"og:description\" content=\"&nbsp; En la ma\u00f1ana de este lunes, el Presidente del Concejo Deliberante, Sr. Fernando Glatigny, particip\u00f3 de una importante reuni\u00f3n en la que el Sr. Intendente municipal Dn Jorge Vergara Mart\u00ednez, firm\u00f3 el acta de Inicio de Obra del Barrio Cerro El Trapal II, con el Sr Ministro de Econom\u00eda, Infraestructura y energ\u00eda de la [&hellip;]\" \/>\n<meta property=\"og:url\" content=\"https:\/\/hcd.malargue.gov.ar\/?p=5379\" \/>\n<meta property=\"og:site_name\" content=\"Malarg\u00fce HCD\" \/>\n<meta property=\"article:published_time\" content=\"2018-04-09T15:40:59+00:00\" \/>\n<meta property=\"article:modified_time\" content=\"2022-05-23T12:22:10+00:00\" \/>\n<meta property=\"og:image\" content=\"https:\/\/hcd.malargue.gov.ar\/wp-content\/uploads\/2018\/04\/firma-acta-constrccion-barrio-el-trapal-II.jpg\" \/>\n\t<meta property=\"og:image:width\" content=\"960\" \/>\n\t<meta property=\"og:image:height\" content=\"638\" \/>\n\t<meta property=\"og:image:type\" content=\"image\/jpeg\" \/>\n<meta name=\"author\" content=\"Marcia Sepulveda\" \/>\n<meta name=\"twitter:card\" content=\"summary_large_image\" \/>\n<meta name=\"twitter:label1\" content=\"Escrito por\" \/>\n\t<meta name=\"twitter:data1\" content=\"Marcia Sepulveda\" \/>\n\t<meta name=\"twitter:label2\" content=\"Tiempo de lectura\" \/>\n\t<meta name=\"twitter:data2\" content=\"1 minuto\" \/>\n<script type=\"application\/ld+json\" class=\"yoast-schema-graph\">{\"@context\":\"https:\/\/schema.org\",\"@graph\":[{\"@type\":\"WebPage\",\"@id\":\"https:\/\/hcd.malargue.gov.ar\/?p=5379\",\"url\":\"https:\/\/hcd.malargue.gov.ar\/?p=5379\",\"name\":\"FIRMAN ACTA DE INICIO DE OBRA DE 11 VIVIENDAS DEL BARRIO CERRO EL TRAPAL II - Malarg\u00fce HCD\",\"isPartOf\":{\"@id\":\"https:\/\/hcd.malargue.gov.ar\/#website\"},\"datePublished\":\"2018-04-09T15:40:59+00:00\",\"dateModified\":\"2022-05-23T12:22:10+00:00\",\"author\":{\"@id\":\"https:\/\/hcd.malargue.gov.ar\/#\/schema\/person\/c02f28730a528313e04d34aba071fe06\"},\"breadcrumb\":{\"@id\":\"https:\/\/hcd.malargue.gov.ar\/?p=5379#breadcrumb\"},\"inLanguage\":\"es-AR\",\"potentialAction\":[{\"@type\":\"ReadAction\",\"target\":[\"https:\/\/hcd.malargue.gov.ar\/?p=5379\"]}]},{\"@type\":\"BreadcrumbList\",\"@id\":\"https:\/\/hcd.malargue.gov.ar\/?p=5379#breadcrumb\",\"itemListElement\":[{\"@type\":\"ListItem\",\"position\":1,\"name\":\"Inicio\",\"item\":\"https:\/\/hcd.malargue.gov.ar\/\"},{\"@type\":\"ListItem\",\"position\":2,\"name\":\"FIRMAN ACTA DE INICIO DE OBRA DE 11 VIVIENDAS DEL BARRIO CERRO EL TRAPAL II\"}]},{\"@type\":\"WebSite\",\"@id\":\"https:\/\/hcd.malargue.gov.ar\/#website\",\"url\":\"https:\/\/hcd.malargue.gov.ar\/\",\"name\":\"Malarg\u00fce HCD\",\"description\":\"Malarg\u00fce Mendoza Argentina\",\"potentialAction\":[{\"@type\":\"SearchAction\",\"target\":{\"@type\":\"EntryPoint\",\"urlTemplate\":\"https:\/\/hcd.malargue.gov.ar\/?s={search_term_string}\"},\"query-input\":\"required name=search_term_string\"}],\"inLanguage\":\"es-AR\"},{\"@type\":\"Person\",\"@id\":\"https:\/\/hcd.malargue.gov.ar\/#\/schema\/person\/c02f28730a528313e04d34aba071fe06\",\"name\":\"Marcia Sepulveda\",\"image\":{\"@type\":\"ImageObject\",\"inLanguage\":\"es-AR\",\"@id\":\"https:\/\/hcd.malargue.gov.ar\/#\/schema\/person\/image\/\",\"url\":\"https:\/\/secure.gravatar.com\/avatar\/3557e3bccdef0a5d4de0476d077c8920f0638f6f0bd05553351eb0e70d99f241?s=96&d=mm&r=g\",\"contentUrl\":\"https:\/\/secure.gravatar.com\/avatar\/3557e3bccdef0a5d4de0476d077c8920f0638f6f0bd05553351eb0e70d99f241?s=96&d=mm&r=g\",\"caption\":\"Marcia Sepulveda\"},\"url\":\"https:\/\/hcd.malargue.gov.ar\/?author=4\"}]}<\/script>\n<!-- \/ Yoast SEO plugin. -->","yoast_head_json":{"title":"FIRMAN ACTA DE INICIO DE OBRA DE 11 VIVIENDAS DEL BARRIO CERRO EL TRAPAL II - Malarg\u00fce HCD","robots":{"index":"index","follow":"follow","max-snippet":"max-snippet:-1","max-image-preview":"max-image-preview:large","max-video-preview":"max-video-preview:-1"},"canonical":"https:\/\/hcd.malargue.gov.ar\/?p=5379","og_locale":"es_ES","og_type":"article","og_title":"FIRMAN ACTA DE INICIO DE OBRA DE 11 VIVIENDAS DEL BARRIO CERRO EL TRAPAL II - Malarg\u00fce HCD","og_description":"&nbsp; En la ma\u00f1ana de este lunes, el Presidente del Concejo Deliberante, Sr. Fernando Glatigny, particip\u00f3 de una importante reuni\u00f3n en la que el Sr. Intendente municipal Dn Jorge Vergara Mart\u00ednez, firm\u00f3 el acta de Inicio de Obra del Barrio Cerro El Trapal II, con el Sr Ministro de Econom\u00eda, Infraestructura y energ\u00eda de la [&hellip;]","og_url":"https:\/\/hcd.malargue.gov.ar\/?p=5379","og_site_name":"Malarg\u00fce HCD","article_published_time":"2018-04-09T15:40:59+00:00","article_modified_time":"2022-05-23T12:22:10+00:00","og_image":[{"width":960,"height":638,"url":"https:\/\/hcd.malargue.gov.ar\/wp-content\/uploads\/2018\/04\/firma-acta-constrccion-barrio-el-trapal-II.jpg","type":"image\/jpeg"}],"author":"Marcia Sepulveda","twitter_card":"summary_large_image","twitter_misc":{"Escrito por":"Marcia Sepulveda","Tiempo de lectura":"1 minuto"},"schema":{"@context":"https:\/\/schema.org","@graph":[{"@type":"WebPage","@id":"https:\/\/hcd.malargue.gov.ar\/?p=5379","url":"https:\/\/hcd.malargue.gov.ar\/?p=5379","name":"FIRMAN ACTA DE INICIO DE OBRA DE 11 VIVIENDAS DEL BARRIO CERRO EL TRAPAL II - Malarg\u00fce HCD","isPartOf":{"@id":"https:\/\/hcd.malargue.gov.ar\/#website"},"datePublished":"2018-04-09T15:40:59+00:00","dateModified":"2022-05-23T12:22:10+00:00","author":{"@id":"https:\/\/hcd.malargue.gov.ar\/#\/schema\/person\/c02f28730a528313e04d34aba071fe06"},"breadcrumb":{"@id":"https:\/\/hcd.malargue.gov.ar\/?p=5379#breadcrumb"},"inLanguage":"es-AR","potentialAction":[{"@type":"ReadAction","target":["https:\/\/hcd.malargue.gov.ar\/?p=5379"]}]},{"@type":"BreadcrumbList","@id":"https:\/\/hcd.malargue.gov.ar\/?p=5379#breadcrumb","itemListElement":[{"@type":"ListItem","position":1,"name":"Inicio","item":"https:\/\/hcd.malargue.gov.ar\/"},{"@type":"ListItem","position":2,"name":"FIRMAN ACTA DE INICIO DE OBRA DE 11 VIVIENDAS DEL BARRIO CERRO EL TRAPAL II"}]},{"@type":"WebSite","@id":"https:\/\/hcd.malargue.gov.ar\/#website","url":"https:\/\/hcd.malargue.gov.ar\/","name":"Malarg\u00fce HCD","description":"Malarg\u00fce Mendoza Argentina","potentialAction":[{"@type":"SearchAction","target":{"@type":"EntryPoint","urlTemplate":"https:\/\/hcd.malargue.gov.ar\/?s={search_term_string}"},"query-input":"required name=search_term_string"}],"inLanguage":"es-AR"},{"@type":"Person","@id":"https:\/\/hcd.malargue.gov.ar\/#\/schema\/person\/c02f28730a528313e04d34aba071fe06","name":"Marcia Sepulveda","image":{"@type":"ImageObject","inLanguage":"es-AR","@id":"https:\/\/hcd.malargue.gov.ar\/#\/schema\/person\/image\/","url":"https:\/\/secure.gravatar.com\/avatar\/3557e3bccdef0a5d4de0476d077c8920f0638f6f0bd05553351eb0e70d99f241?s=96&d=mm&r=g","contentUrl":"https:\/\/secure.gravatar.com\/avatar\/3557e3bccdef0a5d4de0476d077c8920f0638f6f0bd05553351eb0e70d99f241?s=96&d=mm&r=g","caption":"Marcia Sepulveda"},"url":"https:\/\/hcd.malargue.gov.ar\/?author=4"}]}},"_links":{"self":[{"href":"https:\/\/hcd.malargue.gov.ar\/index.php?rest_route=\/wp\/v2\/posts\/5379","targetHints":{"allow":["GET"]}}],"collection":[{"href":"https:\/\/hcd.malargue.gov.ar\/index.php?rest_route=\/wp\/v2\/posts"}],"about":[{"href":"https:\/\/hcd.malargue.gov.ar\/index.php?rest_route=\/wp\/v2\/types\/post"}],"author":[{"embeddable":true,"href":"https:\/\/hcd.malargue.gov.ar\/index.php?rest_route=\/wp\/v2\/users\/4"}],"replies":[{"embeddable":true,"href":"https:\/\/hcd.malargue.gov.ar\/index.php?rest_route=%2Fwp%2Fv2%2Fcomments&post=5379"}],"version-history":[{"count":0,"href":"https:\/\/hcd.malargue.gov.ar\/index.php?rest_route=\/wp\/v2\/posts\/5379\/revisions"}],"wp:attachment":[{"href":"https:\/\/hcd.malargue.gov.ar\/index.php?rest_route=%2Fwp%2Fv2%2Fmedia&parent=5379"}],"wp:term":[{"taxonomy":"category","embeddable":true,"href":"https:\/\/hcd.malargue.gov.ar\/index.php?rest_route=%2Fwp%2Fv2%2Fcategories&post=5379"},{"taxonomy":"post_tag","embeddable":true,"href":"https:\/\/hcd.malargue.gov.ar\/index.php?rest_route=%2Fwp%2Fv2%2Ftags&post=5379"}],"curies":[{"name":"wp","href":"https:\/\/api.w.org\/{rel}","templated":true}]}}