{"id":5404,"date":"2018-04-14T12:48:01","date_gmt":"2018-04-14T15:48:01","guid":{"rendered":"http:\/\/hcd.malargue.gov.ar\/?p=5404"},"modified":"2018-04-25T12:54:12","modified_gmt":"2018-04-25T15:54:12","slug":"26o-fiesta-de-la-vuelta-del-veranador","status":"publish","type":"post","link":"https:\/\/hcd.malargue.gov.ar\/?p=5404","title":{"rendered":"26\u00ba FIESTA DE LA VUELTA DEL VERANADOR"},"content":{"rendered":"<p><span class=\" _2iem\" role=\"heading\" aria-level=\"4\">SE LLEV\u00d3 A CABO LA 26\u00ba FIESTA DE LA VUELTA DEL VERANADOR EN BARDAS BLANCAS.-<\/span><\/p>\n<p><span class=\" _2iem\" role=\"heading\" aria-level=\"4\"> A las 14:30 hrs como estaba programado dio inicio el acto protocolar del que estuvieron presentes el Sr Intendente Municipal Jorge Vergara, el Presidente del Honorable Concejo Deliberante, Sr. Fernando Glatigny, los Ediles Paola Paleico, Patricia Cecconato, Mauricio Martinez , miembros de Gabinete y p\u00fablico en general. Los presentes pudieron disfrutar de un espect\u00e1culo art\u00edstico y destrezas guachas. Y por la noche la tradicional pe\u00f1a folcl\u00f3rica en la que se enleji\u00f3 la soberana que representa a la localidad.<\/span><\/p>\n\n<p><span class=\" _2iem\" role=\"heading\" aria-level=\"4\">&#8212;&#8212;&#8212;&#8212;&#8212;&#8212;&#8212;&#8212;&#8212;&#8212;&#8212;- <\/span><\/p>\n<p><span class=\" _2iem\" role=\"heading\" aria-level=\"4\">PRENSA HCD <\/span><\/p>\n<p><span class=\" _2iem\" role=\"heading\" aria-level=\"4\">Fotos gentileza- Edil Patricia Cecconato<br \/>\n<\/span><\/p>\n","protected":false},"excerpt":{"rendered":"<p>SE LLEV\u00d3 A CABO LA 26\u00ba FIESTA DE LA VUELTA DEL VERANADOR EN BARDAS BLANCAS.- A las 14:30 hrs como estaba programado dio inicio el acto protocolar del que estuvieron presentes el Sr Intendente Municipal Jorge Vergara, el Presidente del Honorable Concejo Deliberante, Sr. Fernando Glatigny, los Ediles Paola Paleico, Patricia Cecconato, Mauricio Martinez , [&hellip;]<\/p>\n","protected":false},"author":5,"featured_media":0,"comment_status":"closed","ping_status":"closed","sticky":false,"template":"","format":"standard","meta":{"footnotes":""},"categories":[52,33],"tags":[],"class_list":["post-5404","post","type-post","status-publish","format-standard","hentry","category-gacetillas","category-prensa"],"yoast_head":"<!-- This site is optimized with the Yoast SEO plugin v19.10 - https:\/\/yoast.com\/wordpress\/plugins\/seo\/ -->\n<title>26\u00ba FIESTA DE LA VUELTA DEL VERANADOR - Malarg\u00fce HCD<\/title>\n<meta name=\"robots\" content=\"index, follow, max-snippet:-1, max-image-preview:large, max-video-preview:-1\" \/>\n<link rel=\"canonical\" href=\"https:\/\/hcd.malargue.gov.ar\/?p=5404\" \/>\n<meta property=\"og:locale\" content=\"es_ES\" \/>\n<meta property=\"og:type\" content=\"article\" \/>\n<meta property=\"og:title\" content=\"26\u00ba FIESTA DE LA VUELTA DEL VERANADOR - Malarg\u00fce HCD\" \/>\n<meta property=\"og:description\" content=\"SE LLEV\u00d3 A CABO LA 26\u00ba FIESTA DE LA VUELTA DEL VERANADOR EN BARDAS BLANCAS.- A las 14:30 hrs como estaba programado dio inicio el acto protocolar del que estuvieron presentes el Sr Intendente Municipal Jorge Vergara, el Presidente del Honorable Concejo Deliberante, Sr. Fernando Glatigny, los Ediles Paola Paleico, Patricia Cecconato, Mauricio Martinez , [&hellip;]\" \/>\n<meta property=\"og:url\" content=\"https:\/\/hcd.malargue.gov.ar\/?p=5404\" \/>\n<meta property=\"og:site_name\" content=\"Malarg\u00fce HCD\" \/>\n<meta property=\"article:published_time\" content=\"2018-04-14T15:48:01+00:00\" \/>\n<meta property=\"article:modified_time\" content=\"2018-04-25T15:54:12+00:00\" \/>\n<meta property=\"og:image\" content=\"https:\/\/hcd.malargue.gov.ar\/wp-content\/uploads\/2018\/04\/29790965_381697218997704_3854244449601191936_n.jpg\" \/>\n\t<meta property=\"og:image:width\" content=\"641\" \/>\n\t<meta property=\"og:image:height\" content=\"960\" \/>\n\t<meta property=\"og:image:type\" content=\"image\/jpeg\" \/>\n<meta name=\"author\" content=\"Belen Pedernera Ferragut\" \/>\n<meta name=\"twitter:card\" content=\"summary_large_image\" \/>\n<meta name=\"twitter:label1\" content=\"Escrito por\" \/>\n\t<meta name=\"twitter:data1\" content=\"Belen Pedernera Ferragut\" \/>\n\t<meta name=\"twitter:label2\" content=\"Tiempo de lectura\" \/>\n\t<meta name=\"twitter:data2\" content=\"1 minuto\" \/>\n<script type=\"application\/ld+json\" class=\"yoast-schema-graph\">{\"@context\":\"https:\/\/schema.org\",\"@graph\":[{\"@type\":\"WebPage\",\"@id\":\"https:\/\/hcd.malargue.gov.ar\/?p=5404\",\"url\":\"https:\/\/hcd.malargue.gov.ar\/?p=5404\",\"name\":\"26\u00ba FIESTA DE LA VUELTA DEL VERANADOR - Malarg\u00fce HCD\",\"isPartOf\":{\"@id\":\"https:\/\/hcd.malargue.gov.ar\/#website\"},\"datePublished\":\"2018-04-14T15:48:01+00:00\",\"dateModified\":\"2018-04-25T15:54:12+00:00\",\"author\":{\"@id\":\"https:\/\/hcd.malargue.gov.ar\/#\/schema\/person\/3fd6bbab64edd703961b795156c955d0\"},\"breadcrumb\":{\"@id\":\"https:\/\/hcd.malargue.gov.ar\/?p=5404#breadcrumb\"},\"inLanguage\":\"es-AR\",\"potentialAction\":[{\"@type\":\"ReadAction\",\"target\":[\"https:\/\/hcd.malargue.gov.ar\/?p=5404\"]}]},{\"@type\":\"BreadcrumbList\",\"@id\":\"https:\/\/hcd.malargue.gov.ar\/?p=5404#breadcrumb\",\"itemListElement\":[{\"@type\":\"ListItem\",\"position\":1,\"name\":\"Inicio\",\"item\":\"https:\/\/hcd.malargue.gov.ar\/\"},{\"@type\":\"ListItem\",\"position\":2,\"name\":\"26\u00ba FIESTA DE LA VUELTA DEL VERANADOR\"}]},{\"@type\":\"WebSite\",\"@id\":\"https:\/\/hcd.malargue.gov.ar\/#website\",\"url\":\"https:\/\/hcd.malargue.gov.ar\/\",\"name\":\"Malarg\u00fce HCD\",\"description\":\"Malarg\u00fce Mendoza Argentina\",\"potentialAction\":[{\"@type\":\"SearchAction\",\"target\":{\"@type\":\"EntryPoint\",\"urlTemplate\":\"https:\/\/hcd.malargue.gov.ar\/?s={search_term_string}\"},\"query-input\":\"required name=search_term_string\"}],\"inLanguage\":\"es-AR\"},{\"@type\":\"Person\",\"@id\":\"https:\/\/hcd.malargue.gov.ar\/#\/schema\/person\/3fd6bbab64edd703961b795156c955d0\",\"name\":\"Belen Pedernera Ferragut\",\"image\":{\"@type\":\"ImageObject\",\"inLanguage\":\"es-AR\",\"@id\":\"https:\/\/hcd.malargue.gov.ar\/#\/schema\/person\/image\/\",\"url\":\"https:\/\/secure.gravatar.com\/avatar\/1054ffab3893de4bb3eb29bdd22f7e34b8537bf5d34d9dab311818154ad5b71f?s=96&d=mm&r=g\",\"contentUrl\":\"https:\/\/secure.gravatar.com\/avatar\/1054ffab3893de4bb3eb29bdd22f7e34b8537bf5d34d9dab311818154ad5b71f?s=96&d=mm&r=g\",\"caption\":\"Belen Pedernera Ferragut\"},\"url\":\"https:\/\/hcd.malargue.gov.ar\/?author=5\"}]}<\/script>\n<!-- \/ Yoast SEO plugin. -->","yoast_head_json":{"title":"26\u00ba FIESTA DE LA VUELTA DEL VERANADOR - Malarg\u00fce HCD","robots":{"index":"index","follow":"follow","max-snippet":"max-snippet:-1","max-image-preview":"max-image-preview:large","max-video-preview":"max-video-preview:-1"},"canonical":"https:\/\/hcd.malargue.gov.ar\/?p=5404","og_locale":"es_ES","og_type":"article","og_title":"26\u00ba FIESTA DE LA VUELTA DEL VERANADOR - Malarg\u00fce HCD","og_description":"SE LLEV\u00d3 A CABO LA 26\u00ba FIESTA DE LA VUELTA DEL VERANADOR EN BARDAS BLANCAS.- A las 14:30 hrs como estaba programado dio inicio el acto protocolar del que estuvieron presentes el Sr Intendente Municipal Jorge Vergara, el Presidente del Honorable Concejo Deliberante, Sr. Fernando Glatigny, los Ediles Paola Paleico, Patricia Cecconato, Mauricio Martinez , [&hellip;]","og_url":"https:\/\/hcd.malargue.gov.ar\/?p=5404","og_site_name":"Malarg\u00fce HCD","article_published_time":"2018-04-14T15:48:01+00:00","article_modified_time":"2018-04-25T15:54:12+00:00","og_image":[{"width":641,"height":960,"url":"https:\/\/hcd.malargue.gov.ar\/wp-content\/uploads\/2018\/04\/29790965_381697218997704_3854244449601191936_n.jpg","type":"image\/jpeg"}],"author":"Belen Pedernera Ferragut","twitter_card":"summary_large_image","twitter_misc":{"Escrito por":"Belen Pedernera Ferragut","Tiempo de lectura":"1 minuto"},"schema":{"@context":"https:\/\/schema.org","@graph":[{"@type":"WebPage","@id":"https:\/\/hcd.malargue.gov.ar\/?p=5404","url":"https:\/\/hcd.malargue.gov.ar\/?p=5404","name":"26\u00ba FIESTA DE LA VUELTA DEL VERANADOR - Malarg\u00fce HCD","isPartOf":{"@id":"https:\/\/hcd.malargue.gov.ar\/#website"},"datePublished":"2018-04-14T15:48:01+00:00","dateModified":"2018-04-25T15:54:12+00:00","author":{"@id":"https:\/\/hcd.malargue.gov.ar\/#\/schema\/person\/3fd6bbab64edd703961b795156c955d0"},"breadcrumb":{"@id":"https:\/\/hcd.malargue.gov.ar\/?p=5404#breadcrumb"},"inLanguage":"es-AR","potentialAction":[{"@type":"ReadAction","target":["https:\/\/hcd.malargue.gov.ar\/?p=5404"]}]},{"@type":"BreadcrumbList","@id":"https:\/\/hcd.malargue.gov.ar\/?p=5404#breadcrumb","itemListElement":[{"@type":"ListItem","position":1,"name":"Inicio","item":"https:\/\/hcd.malargue.gov.ar\/"},{"@type":"ListItem","position":2,"name":"26\u00ba FIESTA DE LA VUELTA DEL VERANADOR"}]},{"@type":"WebSite","@id":"https:\/\/hcd.malargue.gov.ar\/#website","url":"https:\/\/hcd.malargue.gov.ar\/","name":"Malarg\u00fce HCD","description":"Malarg\u00fce Mendoza Argentina","potentialAction":[{"@type":"SearchAction","target":{"@type":"EntryPoint","urlTemplate":"https:\/\/hcd.malargue.gov.ar\/?s={search_term_string}"},"query-input":"required name=search_term_string"}],"inLanguage":"es-AR"},{"@type":"Person","@id":"https:\/\/hcd.malargue.gov.ar\/#\/schema\/person\/3fd6bbab64edd703961b795156c955d0","name":"Belen Pedernera Ferragut","image":{"@type":"ImageObject","inLanguage":"es-AR","@id":"https:\/\/hcd.malargue.gov.ar\/#\/schema\/person\/image\/","url":"https:\/\/secure.gravatar.com\/avatar\/1054ffab3893de4bb3eb29bdd22f7e34b8537bf5d34d9dab311818154ad5b71f?s=96&d=mm&r=g","contentUrl":"https:\/\/secure.gravatar.com\/avatar\/1054ffab3893de4bb3eb29bdd22f7e34b8537bf5d34d9dab311818154ad5b71f?s=96&d=mm&r=g","caption":"Belen Pedernera Ferragut"},"url":"https:\/\/hcd.malargue.gov.ar\/?author=5"}]}},"_links":{"self":[{"href":"https:\/\/hcd.malargue.gov.ar\/index.php?rest_route=\/wp\/v2\/posts\/5404","targetHints":{"allow":["GET"]}}],"collection":[{"href":"https:\/\/hcd.malargue.gov.ar\/index.php?rest_route=\/wp\/v2\/posts"}],"about":[{"href":"https:\/\/hcd.malargue.gov.ar\/index.php?rest_route=\/wp\/v2\/types\/post"}],"author":[{"embeddable":true,"href":"https:\/\/hcd.malargue.gov.ar\/index.php?rest_route=\/wp\/v2\/users\/5"}],"replies":[{"embeddable":true,"href":"https:\/\/hcd.malargue.gov.ar\/index.php?rest_route=%2Fwp%2Fv2%2Fcomments&post=5404"}],"version-history":[{"count":0,"href":"https:\/\/hcd.malargue.gov.ar\/index.php?rest_route=\/wp\/v2\/posts\/5404\/revisions"}],"wp:attachment":[{"href":"https:\/\/hcd.malargue.gov.ar\/index.php?rest_route=%2Fwp%2Fv2%2Fmedia&parent=5404"}],"wp:term":[{"taxonomy":"category","embeddable":true,"href":"https:\/\/hcd.malargue.gov.ar\/index.php?rest_route=%2Fwp%2Fv2%2Fcategories&post=5404"},{"taxonomy":"post_tag","embeddable":true,"href":"https:\/\/hcd.malargue.gov.ar\/index.php?rest_route=%2Fwp%2Fv2%2Ftags&post=5404"}],"curies":[{"name":"wp","href":"https:\/\/api.w.org\/{rel}","templated":true}]}}