{"id":5600,"date":"2018-04-26T14:53:24","date_gmt":"2018-04-26T17:53:24","guid":{"rendered":"http:\/\/hcd.malargue.gov.ar\/?p=5600"},"modified":"2018-05-03T08:58:10","modified_gmt":"2018-05-03T11:58:10","slug":"el-hcd-llevo-a-cabo-la-6-sesion-ordinaria-y-se-manifesto-fuertemente-a-favor-del-fracking","status":"publish","type":"post","link":"https:\/\/hcd.malargue.gov.ar\/?p=5600","title":{"rendered":"EL HCD LLEV\u00d3 A CABO LA 6\u00b0 SESI\u00d3N ORDINARIA Y SE MANIFEST\u00d3 FUERTEMENTE A FAVOR DEL FRACKING."},"content":{"rendered":"<p><strong>26-04-2018 El d\u00eda jueves 26 de abril, a las 9 de la ma\u00f1ana y con la presencia de los Ediles Graciela Viollaz, Ra\u00fal Rodr\u00edguez, Rodolfo Cabeza, Jos\u00e9 Barro, Marina la Rosa (Bloque Justicialista Fpv), Paola Paleico, Mauricio Mart\u00ednez (Bloque Cambia Mendoza) Gladys Mabel Ruiz y Patricia Cecconato (Bloque UCR-Mopoma), el presidente del Honorable Cuerpo Concejal Fernando Glatigny, se desarroll\u00f3 la sexta sesi\u00f3n ordinaria del a\u00f1o en el Honorable Concejo Deliberante de Malarg\u00fce.<\/strong><\/p>\n<p><strong>En el punto Homenaje de Los Sres. Concejales<\/strong>, la Edil Gladys Ruiz, pidi\u00f3 hacer uso de la palabra para\u00a0\u00a0\u00a0 informar sobre\u00a0 la toma de juramento como legisladora, lo que no le impedir\u00eda seguir ocupando su banca como concejal hasta el d\u00eda primero de mayo:<\/p>\n<p><img loading=\"lazy\" decoding=\"async\" class=\"alignleft wp-image-5605\" src=\"http:\/\/hcd.malargue.gov.ar\/wp-content\/uploads\/2018\/04\/31357713_391567524677340_4660450759278592000_n-280x300.jpg\" alt=\"\" width=\"142\" height=\"152\" srcset=\"https:\/\/hcd.malargue.gov.ar\/wp-content\/uploads\/2018\/04\/31357713_391567524677340_4660450759278592000_n-280x300.jpg 280w, https:\/\/hcd.malargue.gov.ar\/wp-content\/uploads\/2018\/04\/31357713_391567524677340_4660450759278592000_n.jpg 598w\" sizes=\"auto, (max-width: 142px) 100vw, 142px\" \/><\/p>\n<p>\u201cTomo la palabra en este punto para comunicarle a la poblaci\u00f3n de Malarg\u00fce a quien no lo sepa que yo he tomado juramento como Senadora Provincial, y que me hago cargo de ese puesto reci\u00e9n el primero de mayo. Quiero aclararlo porque tal vez, mucha gente piense que yo estoy ocupando una banca y la banca la ocupo reci\u00e9n el primero de mayo, por eso estoy\u00a0 presente en la Sesi\u00f3n. Muchas Gracias Presidente\u201d.<\/p>\n<p>A continuaci\u00f3n\u00a0\u00a0 la\u00a0 Concejal Graciela Viollaz, continu\u00f3 con el \u00a0uso de la palabra\u00a0 para referirse al d\u00eda de la Tierra.<\/p>\n<p><img loading=\"lazy\" decoding=\"async\" class=\"alignleft wp-image-5606\" src=\"http:\/\/hcd.malargue.gov.ar\/wp-content\/uploads\/2018\/04\/31306759_391569871343772_1293549789123706880_n-289x300.jpg\" alt=\"\" width=\"148\" height=\"154\" srcset=\"https:\/\/hcd.malargue.gov.ar\/wp-content\/uploads\/2018\/04\/31306759_391569871343772_1293549789123706880_n-289x300.jpg 289w, https:\/\/hcd.malargue.gov.ar\/wp-content\/uploads\/2018\/04\/31306759_391569871343772_1293549789123706880_n.jpg 669w\" sizes=\"auto, (max-width: 148px) 100vw, 148px\" \/>\u201cSolamente hacer en referencia en esta semana el d\u00eda 22, fue el d\u00eda de la Tierra y creo Malarg\u00fce \u00a0es un departamento en el que los conceptos ambientales son muy fuertes, es muy fuerte la defensa que se hace a todos los derechos\u00a0 ambientales y particularmente de la Tierra. Entonces quer\u00eda solamente recordarlo e invitar a todos los malarg\u00fcinos a que siempre estemos atentos a eso, desde las acciones cotidianas, desde lo que hacemos en la escuela, desde las actividades que el mismo\u00a0 planeta nos ofrece, los recursos para aprovecharlos sabiamente y siempre pensando en las generaciones futuras, en el aprovechamiento que podemos hacer nosotros pero, \u00a0tambi\u00e9n pensando en la herencia que estamos dejando a las futuras generaciones. Nada m\u00e1s que eso\u201d<\/p>\n<p>Habiendo sido autorizar para hablar desde presidencia el Concejal \u00a0Fernando Glatigny, manifest\u00f3 su rotundo apoyo a la fractura hidr\u00e1ulica en Malarg\u00fce:<\/p>\n<p><img loading=\"lazy\" decoding=\"async\" class=\"alignleft wp-image-5610\" src=\"http:\/\/hcd.malargue.gov.ar\/wp-content\/uploads\/2018\/04\/31357192_391569854677107_2466485381768413184_o-300x293.jpg\" alt=\"\" width=\"169\" height=\"164\" srcset=\"https:\/\/hcd.malargue.gov.ar\/wp-content\/uploads\/2018\/04\/31357192_391569854677107_2466485381768413184_o-300x293.jpg 300w, https:\/\/hcd.malargue.gov.ar\/wp-content\/uploads\/2018\/04\/31357192_391569854677107_2466485381768413184_o.jpg 628w\" sizes=\"auto, (max-width: 169px) 100vw, 169px\" \/> \u201cPrimero que nada quiero manifestarme sobre el tema que est\u00e1 en la actualidad hoy en la Provincia de Mendoza , que es el tema del Fracking. Quiero manifestarme como presidente del Concejo y como concejal Fernando Glatigny, yo estoy\u00a0 a favor del Fracking y estoy a favor del trabajo de Malarg\u00fce, estoy a favor del ambiente, de que se cuide el ambiente. Estoy a favor de los controles que se tienen que hacer, pero tambi\u00e9n estoy a favor del Departamento de Malargue, ya que el Fracking o acci\u00f3n petrolera que se viene haciendo hace 60 a\u00f1os en Malarg\u00fce, se viene haciendo con los controles\u00a0 necesarios y cada vez se est\u00e1n haciendo m\u00e1s controles, que son necesarios\u00a0 para que no haya problemas ambientales y dem\u00e1s. Entonces, \u00a0yo manifiesto personalmente \u00a0que estoy a favor, y estoy en el sentido de que no puede ser que cada vez que Malarg\u00fce quiere hacer algo, ya sea minero ya sea petrolero\u00a0 o algo, \u00a0tengamos que pelearnos con los otros\u00a0 Departamentos. Pido por favor, \u00a0de que tengamos\u00a0 la prudencia necesaria para hacer las cosas como corresponde. Pido por favor, \u00a0que cada uno\u00a0 hable con sus vecinos, con la persona que pregunte, \u00a0para decirle que no es verdad lo que est\u00e1n diciendo sobre el Fracking, sobre la contaminaci\u00f3n,\u00a0 que no es verdad que deja tanto impacto ambiental como se est\u00e1 diciendo ni nada por el estilo.<\/p>\n<p>Creo que la sociedad de Malarg\u00fce tiene que empezar\u00a0 a comprometerse, a defender a su departamento y a defender las actividades que se hacen en su departamento, ya sean mineras, petroleras, tur\u00edsticas y ambientales. Creo que es fundamental para que Malarg\u00fce pueda crecer, m\u00e1s all\u00e1 de que digan que no vamos a tener\u00a0 los empleos que queremos. Pero, como malarg\u00fcinos, como municipalidad y como gobierno, \u00a0vamos a recibir mucho m\u00e1s coparticipaci\u00f3n \u00a0ya sea por petr\u00f3leo o por gas. Y esto lo recibe, y esto hay que dejarlo bien claro, la naci\u00f3n recibe coparticipaci\u00f3n nuestra, la provincia recibe coparticipaci\u00f3n\u00a0 nuestra y la municipalidad recibe\u00a0 la coparticipaci\u00f3n nuestra. Esto quiere decir que hay un mont\u00f3n\u00a0 de departamentos que no reciben coparticipaci\u00f3n nuestra, pero la reciben\u00a0 indirectamente con infraestructura, con escuelas, con educaci\u00f3n, \u00a0con salud, \u00a0porque se le baja la plata que nosotros le damos a trav\u00e9s de la coparticipaci\u00f3n. Ellos lo bajan a trav\u00e9s de infraestructura, de caminos. Entonces hay que dejar las cosas bien claras. Esto que est\u00e1 haciendo\u00a0 Malarg\u00fce, \u00a0es para beneficio de la naci\u00f3n, \u00a0de la provincia y del departamento porque todos, absolutamente todos, \u00a0sacan un poquito de lo que Malarg\u00fce les est\u00e1 dando a trav\u00e9s del petr\u00f3leo, a trav\u00e9s del gas, a trav\u00e9s de la miner\u00eda, porque son porcentajes\u00a0 grandes los que se deja la naci\u00f3n, porcentajes grandes los que se deja la provincia y porcentajes m\u00ednimos los que llegan al departamento. Entonces por favor, \u00a0yo les pido que cada uno hable de los beneficios que tiene explotar Fracking, \u00a0directa e indirectamente. Gracias\u201d.<\/p>\n<p>El Concejal Mauricio Mart\u00ednez, se manifest\u00f3 tambi\u00e9n a favor del Fracking:<\/p>\n<p><img loading=\"lazy\" decoding=\"async\" class=\"alignleft wp-image-5611 \" src=\"http:\/\/hcd.malargue.gov.ar\/wp-content\/uploads\/2018\/04\/31369257_391567608010665_5002330546882215936_n-300x264.jpg\" alt=\"\" width=\"170\" height=\"149\" srcset=\"https:\/\/hcd.malargue.gov.ar\/wp-content\/uploads\/2018\/04\/31369257_391567608010665_5002330546882215936_n-300x264.jpg 300w, https:\/\/hcd.malargue.gov.ar\/wp-content\/uploads\/2018\/04\/31369257_391567608010665_5002330546882215936_n-110x96.jpg 110w, https:\/\/hcd.malargue.gov.ar\/wp-content\/uploads\/2018\/04\/31369257_391567608010665_5002330546882215936_n.jpg 644w\" sizes=\"auto, (max-width: 170px) 100vw, 170px\" \/>\u201cLa verdad que me parece excelente lo que Ud. manifiesta (en referencia a lo expresado por el Presidente del Concejo Deliberante Fernando Glatigny). \u00a0La verdad que la postura m\u00eda tambi\u00e9n es igual a la suya y, tambi\u00e9n como para aportar a sus palabras, decir todas las falacias que se est\u00e1n escuchando, de que se contaminan las aguas subterr\u00e1neas, cuando las aguas subterr\u00e1neas est\u00e1n a 300 mts. \u00a0y la estimulaci\u00f3n hidr\u00e1ulica se hace a 1.500, 1.800 mts,\u00a0 con tres capas de sellado, hormigonada, sin escape de nada, y \u00a0ya est\u00e1n diciendo que estamos contaminando las napas subterr\u00e1neas, diciendo de que se estimula con sulfuro, cuando los aditivos no tienen cianuro. Hay muchas falacias, muchas campa\u00f1as de miedo. Se nos acercan malarg\u00fcinos a decirnos si esto es cierto, \u00a0y uno responsablemente tiene\u00a0 que decirles que se acerquen a Irrigaci\u00f3n donde\u00a0 le pueden informar, donde est\u00e1n los estudios de la UNC, que explican\u00a0 que los r\u00edos no est\u00e1n contaminados, \u00a0estudios s\u00edsmicos que dicen que la actividad no genera sismos.\u00a0\u00a0 Las personas tambi\u00e9n que tienen miedo, se tienen que acercarse y \u00a0pedir los estudios cient\u00edficos para que vea que esta actividad econ\u00f3mica no es contaminante, no genera ning\u00fan tipo de terremotos. Hoy en d\u00eda genera una actividad econ\u00f3mica que es vital para el Departamento, por la gran desocupaci\u00f3n que tiene. Eso los puede ver cualquiera, cualquiera puede ir\u00a0 pedirlo, est\u00e1 a disposici\u00f3n de cualquiera.<\/p>\n<p>Escuche al intendente \u00a0(de General Alvear)\u00a0 Marcolini diciendo,\u00a0 y admiro las palabras de ese intendente, en\u00a0 ese departamento que esta tan en contra de esta actividad econ\u00f3mica, diciendo\u00a0 \u201cla campa\u00f1a de miedo carece de estudios cient\u00edficos y carece de denuncias\u201d. Hoy no hay\u00a0 ninguna denuncia en fiscal\u00eda, \u00a0ni en ning\u00fan lado y todas son denuncias an\u00f3nimas, nadie da nombre y apellido. Entonces digo, hay que acabar con la campa\u00f1a del miedo, hay que informarse, tenemos tambi\u00e9n la obligaci\u00f3n de informar obviamente. Est\u00e1n todos\u00a0 los estudios en Irrigaci\u00f3n y en Ambiente para que cualquiera los pueda ir a consultar\u201d.<\/p>\n<p>El Concejal justicialista Ra\u00fal Rodr\u00edguez, tambi\u00e9n manifest\u00f3 su apoyo al Fracking:<\/p>\n<p><img loading=\"lazy\" decoding=\"async\" class=\"alignleft wp-image-5609\" src=\"http:\/\/hcd.malargue.gov.ar\/wp-content\/uploads\/2018\/04\/31353534_391568894677203_7610175658982899712_o-300x271.jpg\" alt=\"\" width=\"188\" height=\"169\" srcset=\"https:\/\/hcd.malargue.gov.ar\/wp-content\/uploads\/2018\/04\/31353534_391568894677203_7610175658982899712_o-300x271.jpg 300w, https:\/\/hcd.malargue.gov.ar\/wp-content\/uploads\/2018\/04\/31353534_391568894677203_7610175658982899712_o.jpg 609w\" sizes=\"auto, (max-width: 188px) 100vw, 188px\" \/>\u201cSimplemente adherir a los que Uds. est\u00e1n diciendo. Esto ya se sabe. Malarg\u00fce ha tenido ciclos, alguna vez fue productor de carb\u00f3n, hasta que paso esa \u00e9poca\u00a0 que Malarg\u00fce decae. Despu\u00e9s tenemos una \u00e9poca de petr\u00f3leo hasta que decae y,\u00a0 nuevamente\u00a0 hay una suba\u00a0 con el aumento de barril\u00a0 de petr\u00f3leo \u00a0y la mayor producci\u00f3n, \u00a0y regal\u00edas que tendr\u00edan que\u00a0 beneficiar directamente al Departamento de Malarg\u00fce. Generalmente todos los departamentos, todos, \u00a0absolutamente todos,\u00a0 a trav\u00e9s de\u00a0 rentas generales reciben\u00a0 ese dinero de parte de la coparticipaci\u00f3n que corresponde totalmente a Malarg\u00fce. Si a\u00a0 esto le sumamos que hay departamentos como Las Heras,\u00a0 Guaymallen, que en su momento sacaron, \u00a0entre todos los intendentes, una nota mediante la cual a \u00a0Malarg\u00fce se le descontaba\u00a0 un porcentaje para distribuirlo en las poblaciones de mayor habitabilidad. Es cierto que si nosotros\u00a0 hablamos del impuesto automotor, si hablamos de un mont\u00f3n de cosas de aquellos grandes departamentos, nada es lo que estamos recibiendo.<\/p>\n<p>Hist\u00f3ricamente hemos tenido trabas por ser Malarg\u00fce. Cuando viene el proyecto de Vale,\u00a0 no lo quer\u00eda nadie. \u00a0Hab\u00eda que pelear hasta el fondo ambiental con todos los departamentos. Logramos el fondo ambiental, se puso en marcha y que luego se cae, y en ese proyecto, \u00a0justamente trabajaba gente de San Carlos, Tunuyan, General Alvear, Las Heras, gente que se opone\u00a0 a lo que nosotros producimos. Por lo tanto, \u00a0creo que es la hora, como dec\u00edas vos (en referencia a lo expresado por el Presidente del Concejo Deliberante Fernando Glatigny),\u00a0 prudentemente ponernos la camiseta de Malarg\u00fce, \u00a0firmemente y defender estas cosas. Y en esto, yo le solicitar\u00eda al ejecutivo, que haga un seguimiento excautivo de lo que va a pasar. En estos momentos por desagracia, \u00a0hay disturbios, \u00a0guerras en Medio Oriente, disposiciones de Estados Unidos\u00a0 que llevan a que el barril de petr\u00f3leo aumente, \u00a0lo que va\u00a0 a llevar a que a Malarg\u00fce nuevamente le vengan esas regal\u00edas que son tan necesaria para seguir trabajando. Seguramente el Ejecutivo,\u00a0 va a contar con el apoyo un\u00e1nime de este Concejo,\u00a0 para hacer el\u00a0 seguimiento que corresponda y para que no se repita\u00a0 esta cuesti\u00f3n que se repiten cada vez\u00a0 que hay algo. Nos pelean en la legislatura, seguramente\u00a0 a Laly \u00a0(por la Concejal Gladys Ruiz, quien el primero de mayo \u00a0asume como Senadora Provincial), \u00a0le va a tocar defender estas cosas. Y\u00a0 despu\u00e9s cuando el proyecto sale, se pone en marcha, los malarg\u00fcinos les cuestan entrar a trabajar all\u00ed \u00a0y muy livianamente, esta gente que nos critic\u00f3,\u00a0\u00a0 que se opuso, tienen gente trabajando ah\u00ed. Por lo tanto era eso,\u00a0 solicitar al Ejecutivo que haga un seguimiento muy serio de c\u00f3mo est\u00e1n las condiciones\u00a0 de las regal\u00edas, \u00a0\u00a0si esto ten\u00eda un final\u00a0 para iniciarlo de\u00a0 nuevo\u00a0 a trav\u00e9s de la legislatura y sobre todas las cosas, para demostrarle a los malarg\u00fcinos\u00a0 que aqu\u00ed en el Concejo, \u00a0tambi\u00e9n se pelea, se discute, se trabaja en pos de Malarg\u00fce.<\/p>\n<p>Esta es una cuesti\u00f3n de piel ya,\u00a0 y\u00a0 cada vez que hemos tenido la posibilidad de un crecimiento, \u00a0no la han dejado pasar y si paso, luego se sirvieron de ella. Han hablado much\u00edsimo\u00a0 a trav\u00e9s de los medios, sin fundamentos como dice Mauricio, \u00a0el concejal Mart\u00ednez, pero tambi\u00e9n ahora Irrigaci\u00f3n ha puesto\u00a0 acciones de amparo ante distintas declaraciones de periodistas y cient\u00edficos o pseudocient\u00edficos que dicen de la contaminaci\u00f3n del\u00a0 Fracking y hasta se dan el lujo de hablar de que ser\u00eda peligroso Portezuelo Del Viento,\u00a0 porque esa agua contaminar\u00eda. Uds. imag\u00ednense la distancia que hay desde Portezuelo Del Viento hasta donde se est\u00e1 realizando Fracking. Es imposible, \u00a0pero ya se habla\u00a0 pavadas sobre el tema sin conocimiento y en eso, nosotros tenemos nutrirnos del conocimiento necesario nutrir a gente de Malarg\u00fce para que, \u00a0cuando este en otro lado, \u00a0sepa defenderlo tambi\u00e9n. Creo que ha llegado el momento como dije, \u00a0de ponernos todos la camiseta de Malarg\u00fce y acompa\u00f1ar en esto tambi\u00e9n de que el Ejecutivo haga un seguimiento excautivo de qu\u00e9 pasa con nuestras regal\u00edas,\u00a0 y evitar que pase lo que me paso a m\u00ed,\u00a0 que nos sacaron\u00a0 en la Intendencia nuestra, un porcentaje para repartirlo\u00a0 entre los departamento que m\u00e1s ten\u00edan en ese momento. Gracias Sr presidente\u201d.<\/p>\n<p>El Concejal Barro,\u00a0 pidi\u00f3 hacer uso de la palabra tambi\u00e9n para referirse a la actividad de fractura hidr\u00e1ulica en Malarg\u00fce:<\/p>\n<p><img loading=\"lazy\" decoding=\"async\" class=\"alignleft wp-image-5612\" src=\"http:\/\/hcd.malargue.gov.ar\/wp-content\/uploads\/2018\/04\/31417177_391569788010447_2236431325483499520_o-300x262.jpg\" alt=\"\" width=\"185\" height=\"161\" srcset=\"https:\/\/hcd.malargue.gov.ar\/wp-content\/uploads\/2018\/04\/31417177_391569788010447_2236431325483499520_o-300x262.jpg 300w, https:\/\/hcd.malargue.gov.ar\/wp-content\/uploads\/2018\/04\/31417177_391569788010447_2236431325483499520_o-110x96.jpg 110w, https:\/\/hcd.malargue.gov.ar\/wp-content\/uploads\/2018\/04\/31417177_391569788010447_2236431325483499520_o.jpg 599w\" sizes=\"auto, (max-width: 185px) 100vw, 185px\" \/>\u201cEn este tema yo siempre me he manifestado a favor del Fracking, soy pro minero. El Fracking hace 60 a\u00f1os que se hace aqu\u00ed en Argentina,\u00a0 en Malarg\u00fce el primer\u00a0 Fracking se hizo hace 20 a\u00f1os. Yo creo que con todos los controles y el respeto que debe haber hacia los ambientalistas, entre todos debemos bajar un cambio.<\/p>\n<p>Tambi\u00e9n le pido Presidente, Ud. que es oficialista y que cuenta con el apoyo del Sr Intendente,\u00a0 y que en la provincia est\u00e1 gobernando el gobernador Cornejo,\u00a0 trabajemos para derogar la 7.722 (Ley que proh\u00edbe el uso de sustancias qu\u00edmicas en los procesos metal\u00edferos)\u00a0 y que nos dejen la autonom\u00eda a los malarg\u00fcinos y decidamos nosotros lo que queremos hacer con los proyectos mineros que,\u00a0 tambi\u00e9n esto, le va a traer, a trav\u00e9s de la inserci\u00f3n de empresas, fuentes\u00a0 de trabajo.<\/p>\n<p>Me preocupan los proyectos mineros,\u00a0 nosotros \u00a0aqu\u00ed no pudimos hacer Hierro Indio, comparado con una cantera de yeso,\u00a0 es pr\u00e1cticamente lo mismo. Se puede discutir Cerro Amarillo,\u00a0 que si est\u00e1 cerca de un oc\u00e9ano o cerca de\u00a0 r\u00edos tendr\u00e1 otras discusiones, quiz\u00e1 no se pueda hacer, pero que lo decidamos los malarg\u00fcinos si lo podemos o no hacer. En este punto lo veo (al Sr Gobernador Alfredo Cornejo) \u00a0\u00a0preocupado y apoyando el\u00a0 Fracking. Quiero que tambi\u00e9n apoye la miner\u00eda y que trabajemos para que deroguemos la 7722, \u00a0o lo que haga falta para que nosotros tengamos autonom\u00eda propia y decidamos qu\u00e9 hacer\u00a0 con los malarg\u00fcinos. Cuando decimos ponernos la camiseta los malarg\u00fcinos, \u00a0de esto se trata\u201d.<\/p>\n<p>La Concejal\u00a0 Marina La Rosa,\u00a0 expreso su postura al respecto:<\/p>\n<p><img loading=\"lazy\" decoding=\"async\" class=\"alignleft wp-image-5607\" src=\"http:\/\/hcd.malargue.gov.ar\/wp-content\/uploads\/2018\/04\/31345521_391568994677193_5314883765212807168_n-285x300.jpg\" alt=\"\" width=\"176\" height=\"185\" srcset=\"https:\/\/hcd.malargue.gov.ar\/wp-content\/uploads\/2018\/04\/31345521_391568994677193_5314883765212807168_n-285x300.jpg 285w, https:\/\/hcd.malargue.gov.ar\/wp-content\/uploads\/2018\/04\/31345521_391568994677193_5314883765212807168_n.jpg 466w\" sizes=\"auto, (max-width: 176px) 100vw, 176px\" \/>\u201cYo, \u00a0como muchos saben y muchas veces he expresado, \u00a0no tengo esta visi\u00f3n pro minera, pero si tengo visi\u00f3n pro Malargue. Y\u00a0 como en tantos otros temas, \u00a0es muy probable que en este tema,\u00a0 se gane a partir de la discusi\u00f3n extremista.\u00a0 A que me refiero con esto? Si nosotros hablamos y planteamos el eje de la discusi\u00f3n Fracking si, Fracking no, miner\u00eda si, miner\u00eda no, somos el departamento austral que sale de la formas agroecol\u00f3gicas del resto de la provincia de Mendoza, entonces, en general este tipo de discusiones,\u00a0 las perdemos. Entones, mi planteo es: \u00a0se puede estar en contra de los autos, o estamos en contra del conductor que maneja borracho?. Porque no es lo mismo. Tampoco podemos negarnos al `progreso, ni tampoco negarnos a las caracter\u00edsticas de Malarg\u00fce, que tiene un mont\u00f3n de riquezas sin explotar y estamos, \u00a0otra vez, con la preocupaci\u00f3n\u00a0 de la desocupaci\u00f3n en el departamento.<\/p>\n<p>Claro que\u00a0 a m\u00ed me gusta m\u00e1s otro tipo de actividades, soy veterinaria, me gusta la naturaleza,\u00a0 los animales, pero nosotros vivimos en un\u00a0 lugar donde hay un vasto territorio, que no tiene\u00a0 muchas alternativas productivas y tiene, insisto, \u00a0estas riquezas subterr\u00e1neas sin explotar. Lo que yo quiero decir es que, \u00a0el eje de la discusi\u00f3n es C\u00f3mo,\u00a0 Cu\u00e1ndo,\u00a0 D\u00f3nde Y Qui\u00e9n va a controlar, y C\u00f3mo la Sociedad se va a ser parte de esos controles \u00a0y va a exigir lo que hoy tendr\u00eda que estar exigiendo;\u00a0 que es ir, y como se ha dicho aqu\u00ed, investigar, informarse, \u00a0buscar los antecedentes y no dejarse llevar exclusivamente por videos, y esta informaci\u00f3n que est\u00e1 circulando. Ya tenemos antecedentes de eso. La 7722 fue producto\u00a0 del \u00a0corte masivo y sistem\u00e1tico de rutas, no s\u00e9 si de tanto estudio, \u00a0y nuevamente Malarg\u00fce ha sido discriminado por eso. Como hemos sido discriminados en otras actividades.<\/p>\n<p>Ahora me voy a meter en la que me importa a m\u00ed, la producci\u00f3n caprina, siempre va\u00a0 a la cola de las otras producciones, porque el caprino es un ganado menor, pero es lo que masivamente produce nuestra gente. Insisto, \u00a0me parece, con todo respeto y con humildad, es una cuota de sabidur\u00eda \u00a0correr el eje de la discusi\u00f3n hacia donde nosotros podemos discutir. Porque podemos discutir t\u00e9cnicamente: Se va a controlar, \u00a0listo!. Eso es lo que tenemos que expresar.\u00a0 Como,\u00a0 Quien,\u00a0\u00a0 Donde, Quienes son los responsables\u00a0 de\u00a0 control y discutamos eso. No discutamos si la actividad si, o\u00a0 la actividad no. Porque en ese eje donde nos meten siempre, es donde terminamos a partir de todas estas manifestaciones,\u00a0 perdiendo la lucha. Muchas Gracias!<\/p>\n<p>Graciela Viollaz, Concejal justicialista tambi\u00e9n expreso su postura respecto al Fracking<\/p>\n<p><img loading=\"lazy\" decoding=\"async\" class=\"alignleft wp-image-5606\" src=\"http:\/\/hcd.malargue.gov.ar\/wp-content\/uploads\/2018\/04\/31306759_391569871343772_1293549789123706880_n-289x300.jpg\" alt=\"\" width=\"179\" height=\"186\" srcset=\"https:\/\/hcd.malargue.gov.ar\/wp-content\/uploads\/2018\/04\/31306759_391569871343772_1293549789123706880_n-289x300.jpg 289w, https:\/\/hcd.malargue.gov.ar\/wp-content\/uploads\/2018\/04\/31306759_391569871343772_1293549789123706880_n.jpg 669w\" sizes=\"auto, (max-width: 179px) 100vw, 179px\" \/>\u201cPresidente solamente para continuar con lo que planteaba la Concejal\u00a0 La Rosa, justamente, \u00a0donde est\u00e1 el eje de algunas discusiones? \u00a0y en esto para que los malarg\u00fcinos en general podamos empoderarnos. En estos d\u00edas y por las caracter\u00edsticas particulares que tiene Malarg\u00fce, las caracter\u00edsticas fitogeograf\u00edas y territoriales, tambi\u00e9n en muchos aspectos hace que podamos hablar de\u00a0 tarifas patag\u00f3nicas que tiene Malarg\u00fce, \u00a0como es en el caso del gas y como es en el caso de las naftas. En estos d\u00edas, \u00a0tambi\u00e9n escuchamos las discusiones\u00a0 que se quiere ampliar a toda la provincia de Mendoza, y digo, \u00a0hay que ponerse la camiseta de los malarg\u00fcinos y ver que esto nos cost\u00f3 mucho conseguirlo, \u00a0justamente a los malarg\u00fcinos por las caracter\u00edsticas de Malarg\u00fce digo,\u00a0 entonces tal vez, hay que hacer mucho hincapi\u00e9 en las caracter\u00edsticas que tiene nuestro departamento, que son en muchos aspectos diferenciales al resto de los departamento s de la provincia de Mendoza y en eso tal vez, \u00a0vale la pena que no nos olvidemos\u201d.<\/p>\n<p><strong>A continuaci\u00f3n los Concejales continuaron con el Orden del d\u00eda y la Concejal Paola Paleico se refiri\u00f3 expl\u00edcitamente a la Nota del Honorable Tribunal de Cuentas, quien remiti\u00f3 una C\u00e9dula de Notificaci\u00f3n, Fallo N\u00ba 16.971, para conocimiento y que fuera remitida a la Comisi\u00f3n de Hacienda Presupuesto, Legislaci\u00f3n y Asuntos Constitucionales del Concejo Deliberante.<\/strong><\/p>\n<p><img loading=\"lazy\" decoding=\"async\" class=\"wp-image-5613 alignleft\" src=\"http:\/\/hcd.malargue.gov.ar\/wp-content\/uploads\/2018\/04\/31357924_391569544677138_1038131124867432448_o-297x300.jpg\" alt=\"\" width=\"180\" height=\"181\" srcset=\"https:\/\/hcd.malargue.gov.ar\/wp-content\/uploads\/2018\/04\/31357924_391569544677138_1038131124867432448_o-297x300.jpg 297w, https:\/\/hcd.malargue.gov.ar\/wp-content\/uploads\/2018\/04\/31357924_391569544677138_1038131124867432448_o-150x150.jpg 150w, https:\/\/hcd.malargue.gov.ar\/wp-content\/uploads\/2018\/04\/31357924_391569544677138_1038131124867432448_o.jpg 506w\" sizes=\"auto, (max-width: 180px) 100vw, 180px\" \/>La edil Paleico manifest\u00f3 \u00a0\u201c\u2026 para aquellos que no han tenido tiempo de leer la cedula esta, \u00a0o no sean presidente de bloques, el tribunal de cuentas le est\u00e1 requiriendo a la ex directora de desarrollo\u00a0 social en ese momento, la Sra. Ruarte,\u00a0\u00a0 la devoluci\u00f3n de ciento veinte mil \u00a0pesos, en virtud de gastos\u00a0 a rendir que no fueron rendidos en forma correcta. Cuando nosotros hablamos de Cambiemos y dem\u00e1s, y tanto hincapi\u00e9 hacemos y\u00a0 a veces se nos critica en este aspecto, estas son las cosas que no deben pasar,\u00a0 ni en el gobierno que paso, ni en el nuestro \u00a0y por supuesto, en los que vendr\u00e1n. Son ciento veinte mil pesos, alguno capaz que les parecer\u00e1 poco, pero entiendo que hay much\u00edsimos m\u00e1s, \u00a0que no se ha podido comprobar. Es m\u00e1s si leen despu\u00e9s el expte. habla de exptes que han desaparcado y dem\u00e1s. Sabemos que cuando entr\u00f3 la actual gesti\u00f3n fue muy dif\u00edcil,\u00a0 hubo que recomponer much\u00edsimos exptes. Esto la verdad que no tuvo demasiada publicidad. Se hicieron denuncias, entendemos c\u00f3mo funciona la justicia y lo respetamos,\u00a0 pero hubo much\u00edsimos exptes. que desaparecieron. M\u00e1gicamente desaparecieron los exptes antes que ingresara esta gesti\u00f3n y este es uno de estos casos, un expte que desapareci\u00f3, se pudo recomponer de cierta forma. El tribunal termina requiri\u00e9ndole a esta ex funcionaria, estos montos. Reitero, espero el compromiso de esta gesti\u00f3n para que este tipo de cosas\u00a0 no pasen ahora y que se sigan investigando las que pasaron, porque creo \u00a0que la Comunidad tiene derecho a saber este tipo de cuestiones\u201d.<\/p>\n<p><strong>En el punto Determinaci\u00f3n de los temas que ser\u00e1n incluidos en el punto Asuntos Varios y puesta a consideraci\u00f3n de mociones de tratamientos sobre tablas de diversos expedientes, los Ediles solicitaron el tratamiento de 2 temas:<\/strong><\/p>\n<p><img loading=\"lazy\" decoding=\"async\" class=\"wp-image-5608 alignleft\" src=\"http:\/\/hcd.malargue.gov.ar\/wp-content\/uploads\/2018\/04\/31349643_391569268010499_9066484410609565696_o-300x293.jpg\" alt=\"\" width=\"183\" height=\"179\" srcset=\"https:\/\/hcd.malargue.gov.ar\/wp-content\/uploads\/2018\/04\/31349643_391569268010499_9066484410609565696_o-300x293.jpg 300w, https:\/\/hcd.malargue.gov.ar\/wp-content\/uploads\/2018\/04\/31349643_391569268010499_9066484410609565696_o.jpg 678w\" sizes=\"auto, (max-width: 183px) 100vw, 183px\" \/>El Concejal Rodolfo \u00a0Cabeza \u00a0\u00a0solicit\u00f3 a los Sres. Concejales el tratamiento y \u00a0revisi\u00f3n de la tarifaria porque seg\u00fan inform\u00f3\u00a0 han \u00a0tenido \u201cvarias sorpresas con aplicaci\u00f3n de la nueva tarifaria y ya se han producido los reclamos correspondientes, donde gente que pagaba quinientos pesos, hoy est\u00e1 pagando mil setecientos pesos con sesenta y\u00a0 siete centavos. Creo que ha habido un error. Tambi\u00e9n quiero manifestar\u00a0 a los Sres. Concejales\u00a0 que den \u00a0el acuerdo correspondiente, por cuanto desde el municipio informan que nosotros somos los responsables de esta situaci\u00f3n, del\u00a0 tema de la tarifaria. Yo creo que hay situaciones compartidas por cuanto los valores,\u00a0 los n\u00fameros y todo vienen desde el ejecutivo. Creo que se tendr\u00eda que dar una respuesta correspondiente desde el ejecutivo, inform\u00e1ndoles porque se ha dado esa situaci\u00f3n. Ac\u00e1 es simple Por ejemplo en la zona D en el 2016 era del 0,6, en el 2017 el 0,76 % y ha\u00a0 habido un aumento del 30%,\u00a0 pero en el 2018 el aumento fue del 4,5% en un \u00edtem y no nos dimos cuenta que en el\u00a0 valor anterior\u00a0 en el 2017, era de 0,78, si nosotros lo llevamos al 4,5% como es por metro cuadrado, se va a 476%. Ese es uno de los errores que se ha cometido. Despu\u00e9s los bald\u00edos sin cierre en el 2016 era de 1.8, en el 2017\u00a0 1,56, \u00a0en definitiva el aumento fue del 30%, pero si lo comparamos al del 2017 con el 2018, en el 2017 1, 56 y en el 4, 95 multiplicado por los metros cuadrados,\u00a0 nos va a dar 217%. Entonces la zona m\u00e1s afectada es la zona cuyo aumento es de\u00a0 476%. Yo quiero que le demos el tratamiento correspondiente y comprometernos a estudiar y \u00a0verificar los errores y ver que podemos subsanar por cuanto sabemos perfectamente bien , que hemos presentado proyectos desde este Concejo Deliberante para frenar tarifazos, que estamos en desacuerdo. Entonces ser\u00eda conveniente que nosotros nos dispusi\u00e9ramos a trabajar en comisi\u00f3n y elaborar la pieza correspondiente. Yo creo que un proyecto de ordenanza a efectos de rectificar lo acontecido con la ordenanza tarifaria 2018.<\/p>\n<p><img loading=\"lazy\" decoding=\"async\" class=\" wp-image-5607 alignleft\" src=\"http:\/\/hcd.malargue.gov.ar\/wp-content\/uploads\/2018\/04\/31345521_391568994677193_5314883765212807168_n-285x300.jpg\" alt=\"\" width=\"188\" height=\"198\" srcset=\"https:\/\/hcd.malargue.gov.ar\/wp-content\/uploads\/2018\/04\/31345521_391568994677193_5314883765212807168_n-285x300.jpg 285w, https:\/\/hcd.malargue.gov.ar\/wp-content\/uploads\/2018\/04\/31345521_391568994677193_5314883765212807168_n.jpg 466w\" sizes=\"auto, (max-width: 188px) 100vw, 188px\" \/>Tras el Cuarto intermedio la Edil\u00a0 Marina La Rosa, tambi\u00e9n \u00a0\u00a0se expres\u00f3 al respecto, particularmente de las Boletas de ABL municipal: \u201cQuiero referirme a este tema de las boletas del impuesto municipal en concepto de ABL servicios municipales. Acabo de contarles en el cuarto intermedio, que una boleta que s\u00ed, es del barrio YPF, \u00a0donde yo vivo, un vecino pagaba $687 y ahora paga m\u00e1s de tres mil. Como bien dice el concejal Mart\u00ednez son nueve \u00a0pesos por d\u00eda, s\u00ed, pero nosotros no estamos defendiendo una cuesti\u00f3n personal. Estamos defendiendo una cuesti\u00f3n colectiva, porque as\u00ed lo creemos, porque as\u00ed estamos convencidos y porque pertenecemos a un espacio pol\u00edtico que mira las cosas as\u00ed. Entonces es verdad que para cierto sector de la sociedad como bien se\u00f1ala el concejal Mart\u00ednez, nueve \u00a0pesos no es mucho. Pero nosotros no estamos pensando en lo que cada uno tiene que pagar y esto, para no abundar en el tema, es el mismo concepto y la misma visi\u00f3n que tenemos cuando hemos pedido la emergencia tarifaria. Por eso,\u00a0 pido encarecidamente,\u00a0 que tengamos una mirada colectica cuando hagamos este tipo de an\u00e1lisis, porque nosotros no nos representamos a nosotros mismos en estas bancas, representamos\u00a0 a un sector de la poblaci\u00f3n que seguramente, es heterog\u00e9neo y que nos ha puesto en este lugar. Gracias\u201d.<\/p>\n<p style=\"font-size: 14px; font-family: 'Open Sans', Arial, sans-serif;\"><img loading=\"lazy\" decoding=\"async\" class=\"wp-image-5611 alignleft\" style=\"font-size: 14px; font-family: 'Open Sans', Arial, sans-serif;\" src=\"http:\/\/hcd.malargue.gov.ar\/wp-content\/uploads\/2018\/04\/31369257_391567608010665_5002330546882215936_n-300x264.jpg\" alt=\"\" width=\"185\" height=\"163\" srcset=\"https:\/\/hcd.malargue.gov.ar\/wp-content\/uploads\/2018\/04\/31369257_391567608010665_5002330546882215936_n-300x264.jpg 300w, https:\/\/hcd.malargue.gov.ar\/wp-content\/uploads\/2018\/04\/31369257_391567608010665_5002330546882215936_n-110x96.jpg 110w, https:\/\/hcd.malargue.gov.ar\/wp-content\/uploads\/2018\/04\/31369257_391567608010665_5002330546882215936_n.jpg 644w\" sizes=\"auto, (max-width: 185px) 100vw, 185px\" \/><\/p>\n<p>En uso de la palabra y con el fin de responder a lo manifestado por la Edil La Rosa, el Concejal Mauricio Mart\u00ednez \u00a0expres\u00f3 \u201cya que la concejal La Rosa, hace locuci\u00f3n de lo que se habl\u00f3 en el cuarto intermedio, creo que tengo derecho a defensa. Me parece fuera de lugar tratarlo de boludo a otro concejal. Perd\u00f3n la palabra, pero as\u00ed fui tratado en el cuarto intermedio. Y tampoco me dej\u00f3 terminar de hablar, porque yo quer\u00eda decir que nueve pesos no es nada para el servicio que se prestaba.\u00a0 En un\u00a0 recolecci\u00f3n de residuos no solamente implica el gasto de combustible, sino gasto de mantenimiento del cami\u00f3n, sueldo, no solo de la persona que recolecta el residuo, sino adem\u00e1s cubierta sanitaria, de la gente que trabaja en servicios p\u00fablicos, la gente que corta el c\u00e9sped, la gente que mantiene limpio el agua que pasa por las acequias. Hay muchos,\u00a0 muchos, muchos gastos que tiene la municipalidad, que con nueve pesos diarios, no recupera sino va a perdida. Pero, \u00a0obviamente que no solo apoyamos la moci\u00f3n del concejal Cabeza, \u00a0de revisar la tarifaria, \u00a0porque si hay algo que est\u00e1 mal nosotros \u00a0lo queremos revisar y arreglarlo\u201d.<\/p>\n<p><img loading=\"lazy\" decoding=\"async\" class=\" wp-image-5605 alignleft\" src=\"http:\/\/hcd.malargue.gov.ar\/wp-content\/uploads\/2018\/04\/31357713_391567524677340_4660450759278592000_n-280x300.jpg\" alt=\"\" width=\"186\" height=\"199\" srcset=\"https:\/\/hcd.malargue.gov.ar\/wp-content\/uploads\/2018\/04\/31357713_391567524677340_4660450759278592000_n-280x300.jpg 280w, https:\/\/hcd.malargue.gov.ar\/wp-content\/uploads\/2018\/04\/31357713_391567524677340_4660450759278592000_n.jpg 598w\" sizes=\"auto, (max-width: 186px) 100vw, 186px\" \/>La Concejal Gladys Ruiz, pidi\u00f3 hacer uso de la palabra para solicitar que desde Presidencia se emita un comunicado de prensa, donde se haga menci\u00f3n al apoyo un\u00e1nime al Fracking, al sistema de estimulaci\u00f3n hidr\u00e1ulica. \u00a0\u00a0Ruiz inform\u00f3 que \u201cayer viajando escuchaba a varios comunicados que se emiten\u00a0 a favor y otros que se emiten en contra. Adem\u00e1s de las redes sociales como est\u00e1n con este tema, es importante un tipo memor\u00e1ndum o comunicado que saliera desde el Concejo Deliberante y dando explicaciones en base a un video muy simples, que hace seis o siete preguntas y las contesta en forma muy clara\u201d.<\/p>\n<p><img loading=\"lazy\" decoding=\"async\" class=\" wp-image-5606 alignleft\" src=\"http:\/\/hcd.malargue.gov.ar\/wp-content\/uploads\/2018\/04\/31306759_391569871343772_1293549789123706880_n-289x300.jpg\" alt=\"\" width=\"188\" height=\"195\" srcset=\"https:\/\/hcd.malargue.gov.ar\/wp-content\/uploads\/2018\/04\/31306759_391569871343772_1293549789123706880_n-289x300.jpg 289w, https:\/\/hcd.malargue.gov.ar\/wp-content\/uploads\/2018\/04\/31306759_391569871343772_1293549789123706880_n.jpg 669w\" sizes=\"auto, (max-width: 188px) 100vw, 188px\" \/>La Moci\u00f3n fue aprobada solo por mayor\u00eda y no por unanimidad ya que la Edil Graciela Viollaz, se abstuvo de votar. Al respecto la Edil Viollaz expres\u00f3 \u201cEntiendo que es importante pero creo que tambi\u00e9n hay unas cuestiones ambientales a tener en cuenta, por eso me abstuve de votar. \u00a0\u00a0Yo realmente considero que tiene que haber trabajo para los malarg\u00fcinos. La actividad minera es importante, la actividad petrolera es importante\u00a0 y s\u00ed,\u00a0 adhiero\u00a0 a lo que se estaba planteando hace un momento que, tal vez mas all\u00e1 de esta adhesi\u00f3n exclusiva al tema del fracking y toda la actividad de explotaci\u00f3n \u00a0que se puede hacer en Vaca Muerta, \u00a0creo q es muy importante trabajar la derogaci\u00f3n de la 7722, que realmente es una ley que nos ha condicionado fuertemente \u00a0a todos los malarg\u00fcinos. Por eso es que yo me abstuve\u201d.<\/p>\n<p>Habi\u00e9ndose respetado el derecho de cada edil de emitir su opini\u00f3n respecto a los temas referidos, el Cuerpo continu\u00f3 con el tratamiento del Orden del D\u00eda convocado para el d\u00eda 26 de abril.<\/p>\n<p><strong>Respecto a los Proyectos de los Se\u00f1ores Concejales, los mismos fueron remitidos a las respectivas Comisiones de Trabajo para su tratamiento y an\u00e1lisis.<\/strong><\/p>\n<p>La COMISION DE OBRAS P\u00daBLICAS, TURISMO Y RECURSOS NATURALES, recepcionar\u00e1\u00a0 dos Exptes. el N\u00ba 4.369-HC 278-2018 Proyecto de Resoluci\u00f3n: Solicitar al Departamento Ejecutivo \u00f3ptimas condiciones para la Ciclo V\u00edas Norte y Sur. (INTERBLOQUE CAMBIA MENDOZA \u2013FRENTE U.C.R-MOPOMA) Autor: Mauricio MARTINEZ \u00a0y el Expte. N\u00ba 4.370-HC 278-2018 Proyecto de Resoluci\u00f3n: Requerir al Se\u00f1or Intendente Municipal realice las gestiones necesarias para la construcci\u00f3n del Centro de Salud de El Manzano (BLOQUE JUSTICIALISTA FRENTE PARA LA VICTORIA) Autor: Concejal Rodolfo CABEZA<\/p>\n<p>La COMISION DE HACIENDA, PRESUPUESTO, LEGISLACION Y ASUNTOS CONSTITUCIONALES &#8211; HPLAC, recepcionar\u00e1 y dar\u00e1 tratamiento a dos proyectos: Expte. N\u00ba 4.367 -HC 278-2018: Proyecto de Ordenanza: Imponer nombre de PLAZA CARBOMETAL a la Plaza ubicada en el Barrio del mismo nombre en la Ciudad de Malarg\u00fce (INTERBLOQUE CAMBIA MENDOZA-FRENTE U.C.R-MOPOMA) Autor Concejal Fernando GLATIGNY \u00a0y el \u00a0Expte .N\u00ba 4.368-HC 278-2018 Proyecto de Resoluci\u00f3n: Solicitar al DEM informe la situaci\u00f3n actual de los Fondos Capital m\u00e1s intereses depositados en la Banca Privada con sede en la Ciudad de Malarg\u00fce (BLOQUE JUSTICIALISTA FRENTE PARA LA VICTORIA) Autores: Concejales CABEZA, LA ROSA, RODRIGUEZ Y VIOLLAZ.\u00a0Tambi\u00e9n firmado por el Concejal BARRO.<\/p>\n<p>En este punto el Concejal Rodolfo Cabeza, uno de los autores del proyecto de resoluci\u00f3n, expres\u00f3 \u201cHemos presentado ese proyecto porque hace mucho tiempo en una discusi\u00f3n que hubo en esta sala de sesiones,\u00a0 se manifest\u00f3 los plazos fijos que ten\u00eda en ese momento,\u00a0 en ejecutivo municipal y tambi\u00e9n, quien ocupaba la presidencia en ese momento, manifest\u00f3 que no solamente eran tres plazos fijos, sino cuatro plazos fijos y que ya \u00edbamos\u00a0 a tener \u00a0la comunicaci\u00f3n respectiva del ejecutivo, para saber perfectamente a trav\u00e9s de los decretos, donde estaban depositados esos plazos fijos. Como a la fecha no se ha tenido respuesta e los decretos no vienen consignados donde se encuentran esos plazos fijos, creo que la funci\u00f3n primordial de los concejales, tanto del oficialismo como de la oposici\u00f3n,\u00a0 es ser contralor del ejecutivo. En virtud de eso, hemos solicitado este proyecto\u201d.<\/p>\n<p><strong>Los Exptes. provenientes del Ejecutivo Municipal<\/strong> fueron remitidos a la\u00a0 COMISION DE HACIENDA, PRESUPUESTO, LEGISLACION Y ASUNTOS CONSTITUCIONALES \u2013 HPLAC: detalle: Expte. N\u00ba 1747\/2018 Rendici\u00f3n Ejercicio 2017 Acuerdo 2988 \u00a0y el Expte. N\u00ba 4.350-HC 276-2018 Proyecto de Ordenanza: Regularizaci\u00f3n parta el ingreso a los Jardines Maternales dependientes del DEGYC y Municipalidad de Malarg\u00fce (Decreto N\u00ba427\/2018)<\/p>\n<p><strong>En el punto de despachos emitidos por las\u00a0 Comisiones de Trabajo, los ediles \u00a0aprobaron dos \u00a0piezas legales;\u00a0 una Resoluci\u00f3n y una Declaraci\u00f3n: <\/strong><\/p>\n<p><strong><u>DECLARACI\u00d3N:<\/u><\/strong> Declarar de Inter\u00e9s ambiental, Tur\u00edstico y Educacional la Jornada de \u00c1reas Naturales Protegidas y Turismo. (Expte. N\u00ba 4.349-HC 276-2018)<\/p>\n<p><strong><u>RESOLUCI\u00d3N:<\/u><\/strong> Solicitar al Departamento Ejecutivo Municipal Informe el avance de las obras en el Parque de Huella de Dinosaurios y el destino de los fondos recibidos del Ente Provincial de Turismo p\/ el mismo. (Expte. N\u00ba 4.346- HC 276-2018)<\/p>\n<p>Respecto a la Nota HC-118-2018 elevada por el Sr. Guillermo M\u00e9ndez, M\u00e9dico Pediatra Hospital Malarg\u00fce quien \u00a0solicita soluci\u00f3n ante los inconvenientes que causan los colectivos que permanecen en la Terminal de \u00d3mnibus , el Cuerpo de ediles aprob\u00f3 el despacho mediante el cual se elevar copia de la nota a la delegaci\u00f3n Malarg\u00fce de la \u00a0direcci\u00f3n provincial de transporte \u00a0y otra copia al DEM, \u00a0a la Direcci\u00f3n de Ambiente de la Municipalidad, para que eleven informes para dar continuidad al tratamiento de la nota de referencia.<\/p>\n<p>La siguientes notas fueron enviadas a archivo ya sea porque la solicitud original fue resulta o por \u00a0extempor\u00e1neas.<\/p>\n<p>Nota HC 608-2013 Comisi\u00f3n de Colonia Pehuenche I .Informa n\u00f3mina de autoridades de nueva Comisi\u00f3n Directiva (O.P.T Y R.N),\u00a0 Nota HC 339-2012 Grupo de Pre-adjudicatarios Barrio SUTE exponen problem\u00e1tica de gas natural en viviendas pr\u00f3ximas a entregar.(O.P.T Y R.N), Nota HC 527-2017 Sr. Pablo Gim\u00e9nez Gerente P.G Servicios Petroleros solicita apoyo para desarrollo como Empresa Malarg\u00fcina de Servicios Petroleros. (O.P.T Y R.N) , Nota HC 297-2016 y Nota HC 289-2016 Sr. Gabriel Flores Banca del Ciudadano: Problem\u00e1tica energ\u00e9tica en Paraje Las Loicas. (O.P.T Y R.N ) , \u00a0Nota HC-559-2017 Colegio de Arquitectos de Mendoza Solicita se declare de Inter\u00e9s Departamental al evento denominado MDA 2017 Mes de la Arquitectura\u201d (O.P.T Y R.N), \u00a0Nota HC-410-16 Sr. Juan Jos\u00e9 Dotta vecino del Barrio Y.P.F Reiteraci\u00f3n de reclamo por falta de atenci\u00f3n espacios verdes. (O.P.T Y R.N), \u00a0Nota HC-471-16 Sr. Jos\u00e9 Luis Mac\u00edas Presidente de Uni\u00f3n Vecinal Barrio Palau Mahuida Banca del Ciudadano Falta de conexi\u00f3n de red de gas natural. (O.P.T Y R.N), \u00a0Nota HC 692-16 Lic. Norma Pag\u00e9s Diputada Provincial acusa recibo de Resoluci\u00f3n N\u00ba324-16 . (O.P.T Y R.N), Nota HC 442-15 Sr. Rodolfo Genovesi eleva informe de trabajos realizados para la Comisi\u00f3n. (O.P.T.Y R.N) , Nota HC 495-2016 Sra. Ver\u00f3nica Iraola Prof. Tecnicatura de Gesti\u00f3n ambiental Banca Ciudadano. Ref. Separaci\u00f3n en origen de residuos s\u00f3lidos urbanos .(O.P.T Y R.N), \u00a0Nota HC 676-2014 Sr. Juan Antonio Barros, presenta copia Acta de Reuni\u00f3n en Paraje Pata Mora. (O.P.T Y R.N), Nota HC 621-2015 Agr. Rodolfo Genovesi Eleva respuesta solicitud del Director del CENS N\u00ba 3-446 del Director Prof. Pablo Dom\u00ednguez. (O.P.T Y R.N)<\/p>\n<p>Finalmente el \u00a0Expte. N\u00ba 4347-HC 276-2018 Proyecto de Ordenanza: Creaci\u00f3n de Cord\u00f3n Verde alrededor del casco urbano (O.P.T Y R.N ), se elevar\u00e1 copia al Ejecutivo Provincial para que\u00a0 informe al respecto y enriquezca el proyecto.<\/p>\n<p><strong>En el punto I) Asuntos Varios, los Concejales dieron tratamiento a los temas solicitados, entre ellos y tras una reconsideraci\u00f3n de asuntos varios, el solicitado por la Edil Marina La Rosa \u00a0de Emergencia tarifaria.<\/strong><\/p>\n<p>De este modo, el Cuerpo de Ediles dar\u00e1 nuevo tratamiento y an\u00e1lisis a la TARIFARIA 2018, tema incorporado\u00a0 por el Concejal Cabeza y que, a solicitud de Edil Jos\u00e9 Barro, recibir\u00e1 Tratamiento Preferencial.<\/p>\n<p>Tambi\u00e9n y a pedido de la Edil Gladys Ruiz, el Concejo Deliberante\u00a0 emitir\u00e1 un Comunicado De Prensa\u00a0 Manifestando Apoyo al Fracking.<\/p>\n<p>Respecto al\u00a0 Expte N\u00ba 4.355 Emergencia Tarifaria , \u00a0incorporado por la Concejal Marina La Rosa , el Cuerpo de Ediles aprob\u00f3 la <strong><u>ORDENANZA <\/u><\/strong>mediante la cual se adhiere a las gestiones realizadas a nivel nacional y provincial\u00a0 en referencia a la situaci\u00f3n de los aumentos de tarifas y servicios p\u00fablicos generados en todo el pa\u00eds y que alcanzan al departamento de Malarg\u00fce, Mendoza.<\/p>\n<div id='gallery-1' class='gallery galleryid-5600 gallery-columns-9 gallery-size-thumbnail'><figure class='gallery-item'>\n\t\t\t<div class='gallery-icon portrait'>\n\t\t\t\t<a href='https:\/\/hcd.malargue.gov.ar\/wp-content\/uploads\/2018\/04\/P1070239.jpg'><img loading=\"lazy\" decoding=\"async\" width=\"150\" height=\"150\" src=\"https:\/\/hcd.malargue.gov.ar\/wp-content\/uploads\/2018\/04\/P1070239-150x150.jpg\" class=\"attachment-thumbnail size-thumbnail\" alt=\"\" \/><\/a>\n\t\t\t<\/div><\/figure><figure class='gallery-item'>\n\t\t\t<div class='gallery-icon landscape'>\n\t\t\t\t<a href='https:\/\/hcd.malargue.gov.ar\/wp-content\/uploads\/2018\/04\/P1070242.jpg'><img loading=\"lazy\" decoding=\"async\" width=\"150\" height=\"150\" src=\"https:\/\/hcd.malargue.gov.ar\/wp-content\/uploads\/2018\/04\/P1070242-150x150.jpg\" class=\"attachment-thumbnail size-thumbnail\" alt=\"\" \/><\/a>\n\t\t\t<\/div><\/figure><figure class='gallery-item'>\n\t\t\t<div class='gallery-icon landscape'>\n\t\t\t\t<a href='https:\/\/hcd.malargue.gov.ar\/wp-content\/uploads\/2018\/04\/P1070245.jpg'><img loading=\"lazy\" decoding=\"async\" width=\"150\" height=\"150\" src=\"https:\/\/hcd.malargue.gov.ar\/wp-content\/uploads\/2018\/04\/P1070245-150x150.jpg\" class=\"attachment-thumbnail size-thumbnail\" alt=\"\" \/><\/a>\n\t\t\t<\/div><\/figure><figure class='gallery-item'>\n\t\t\t<div class='gallery-icon landscape'>\n\t\t\t\t<a href='https:\/\/hcd.malargue.gov.ar\/wp-content\/uploads\/2018\/04\/P1070248.jpg'><img loading=\"lazy\" decoding=\"async\" width=\"150\" height=\"150\" src=\"https:\/\/hcd.malargue.gov.ar\/wp-content\/uploads\/2018\/04\/P1070248-150x150.jpg\" class=\"attachment-thumbnail size-thumbnail\" alt=\"\" \/><\/a>\n\t\t\t<\/div><\/figure><figure class='gallery-item'>\n\t\t\t<div class='gallery-icon landscape'>\n\t\t\t\t<a href='https:\/\/hcd.malargue.gov.ar\/wp-content\/uploads\/2018\/04\/P1070250.jpg'><img loading=\"lazy\" decoding=\"async\" width=\"150\" height=\"150\" src=\"https:\/\/hcd.malargue.gov.ar\/wp-content\/uploads\/2018\/04\/P1070250-150x150.jpg\" class=\"attachment-thumbnail size-thumbnail\" alt=\"\" \/><\/a>\n\t\t\t<\/div><\/figure><figure class='gallery-item'>\n\t\t\t<div class='gallery-icon portrait'>\n\t\t\t\t<a href='https:\/\/hcd.malargue.gov.ar\/wp-content\/uploads\/2018\/04\/P1070253.jpg'><img loading=\"lazy\" decoding=\"async\" width=\"150\" height=\"150\" src=\"https:\/\/hcd.malargue.gov.ar\/wp-content\/uploads\/2018\/04\/P1070253-150x150.jpg\" class=\"attachment-thumbnail size-thumbnail\" alt=\"\" \/><\/a>\n\t\t\t<\/div><\/figure><figure class='gallery-item'>\n\t\t\t<div class='gallery-icon landscape'>\n\t\t\t\t<a href='https:\/\/hcd.malargue.gov.ar\/wp-content\/uploads\/2018\/04\/P1070255.jpg'><img loading=\"lazy\" decoding=\"async\" width=\"150\" height=\"150\" src=\"https:\/\/hcd.malargue.gov.ar\/wp-content\/uploads\/2018\/04\/P1070255-150x150.jpg\" class=\"attachment-thumbnail size-thumbnail\" alt=\"\" \/><\/a>\n\t\t\t<\/div><\/figure><figure class='gallery-item'>\n\t\t\t<div class='gallery-icon portrait'>\n\t\t\t\t<a href='https:\/\/hcd.malargue.gov.ar\/wp-content\/uploads\/2018\/04\/P1070257.jpg'><img loading=\"lazy\" decoding=\"async\" width=\"150\" height=\"150\" src=\"https:\/\/hcd.malargue.gov.ar\/wp-content\/uploads\/2018\/04\/P1070257-150x150.jpg\" class=\"attachment-thumbnail size-thumbnail\" alt=\"\" \/><\/a>\n\t\t\t<\/div><\/figure><figure class='gallery-item'>\n\t\t\t<div class='gallery-icon portrait'>\n\t\t\t\t<a href='https:\/\/hcd.malargue.gov.ar\/wp-content\/uploads\/2018\/04\/P1070260.jpg'><img loading=\"lazy\" decoding=\"async\" width=\"150\" height=\"150\" src=\"https:\/\/hcd.malargue.gov.ar\/wp-content\/uploads\/2018\/04\/P1070260-150x150.jpg\" class=\"attachment-thumbnail size-thumbnail\" alt=\"\" \/><\/a>\n\t\t\t<\/div><\/figure><figure class='gallery-item'>\n\t\t\t<div class='gallery-icon portrait'>\n\t\t\t\t<a href='https:\/\/hcd.malargue.gov.ar\/wp-content\/uploads\/2018\/04\/P1070261.jpg'><img loading=\"lazy\" decoding=\"async\" width=\"150\" height=\"150\" src=\"https:\/\/hcd.malargue.gov.ar\/wp-content\/uploads\/2018\/04\/P1070261-150x150.jpg\" class=\"attachment-thumbnail size-thumbnail\" alt=\"\" \/><\/a>\n\t\t\t<\/div><\/figure><figure class='gallery-item'>\n\t\t\t<div class='gallery-icon landscape'>\n\t\t\t\t<a href='https:\/\/hcd.malargue.gov.ar\/wp-content\/uploads\/2018\/04\/P1070263.jpg'><img loading=\"lazy\" decoding=\"async\" width=\"150\" height=\"150\" src=\"https:\/\/hcd.malargue.gov.ar\/wp-content\/uploads\/2018\/04\/P1070263-150x150.jpg\" class=\"attachment-thumbnail size-thumbnail\" alt=\"\" \/><\/a>\n\t\t\t<\/div><\/figure><figure class='gallery-item'>\n\t\t\t<div class='gallery-icon landscape'>\n\t\t\t\t<a href='https:\/\/hcd.malargue.gov.ar\/wp-content\/uploads\/2018\/04\/P1070264.jpg'><img loading=\"lazy\" decoding=\"async\" width=\"150\" height=\"150\" src=\"https:\/\/hcd.malargue.gov.ar\/wp-content\/uploads\/2018\/04\/P1070264-150x150.jpg\" class=\"attachment-thumbnail size-thumbnail\" alt=\"\" \/><\/a>\n\t\t\t<\/div><\/figure><figure class='gallery-item'>\n\t\t\t<div class='gallery-icon landscape'>\n\t\t\t\t<a href='https:\/\/hcd.malargue.gov.ar\/wp-content\/uploads\/2018\/04\/P1070265.jpg'><img loading=\"lazy\" decoding=\"async\" width=\"150\" height=\"150\" src=\"https:\/\/hcd.malargue.gov.ar\/wp-content\/uploads\/2018\/04\/P1070265-150x150.jpg\" class=\"attachment-thumbnail size-thumbnail\" alt=\"\" \/><\/a>\n\t\t\t<\/div><\/figure><figure class='gallery-item'>\n\t\t\t<div class='gallery-icon portrait'>\n\t\t\t\t<a href='https:\/\/hcd.malargue.gov.ar\/wp-content\/uploads\/2018\/04\/P1070267.jpg'><img loading=\"lazy\" decoding=\"async\" width=\"150\" height=\"150\" src=\"https:\/\/hcd.malargue.gov.ar\/wp-content\/uploads\/2018\/04\/P1070267-150x150.jpg\" class=\"attachment-thumbnail size-thumbnail\" alt=\"\" \/><\/a>\n\t\t\t<\/div><\/figure><figure class='gallery-item'>\n\t\t\t<div class='gallery-icon landscape'>\n\t\t\t\t<a href='https:\/\/hcd.malargue.gov.ar\/wp-content\/uploads\/2018\/04\/P1070269.jpg'><img loading=\"lazy\" decoding=\"async\" width=\"150\" height=\"150\" src=\"https:\/\/hcd.malargue.gov.ar\/wp-content\/uploads\/2018\/04\/P1070269-150x150.jpg\" class=\"attachment-thumbnail size-thumbnail\" alt=\"\" \/><\/a>\n\t\t\t<\/div><\/figure><figure class='gallery-item'>\n\t\t\t<div class='gallery-icon landscape'>\n\t\t\t\t<a href='https:\/\/hcd.malargue.gov.ar\/wp-content\/uploads\/2018\/04\/P1070273.jpg'><img loading=\"lazy\" decoding=\"async\" width=\"150\" height=\"150\" src=\"https:\/\/hcd.malargue.gov.ar\/wp-content\/uploads\/2018\/04\/P1070273-150x150.jpg\" class=\"attachment-thumbnail size-thumbnail\" alt=\"\" \/><\/a>\n\t\t\t<\/div><\/figure><figure class='gallery-item'>\n\t\t\t<div class='gallery-icon landscape'>\n\t\t\t\t<a href='https:\/\/hcd.malargue.gov.ar\/wp-content\/uploads\/2018\/04\/P1070274.jpg'><img loading=\"lazy\" decoding=\"async\" width=\"150\" height=\"150\" src=\"https:\/\/hcd.malargue.gov.ar\/wp-content\/uploads\/2018\/04\/P1070274-150x150.jpg\" class=\"attachment-thumbnail size-thumbnail\" alt=\"\" \/><\/a>\n\t\t\t<\/div><\/figure><figure class='gallery-item'>\n\t\t\t<div class='gallery-icon landscape'>\n\t\t\t\t<a href='https:\/\/hcd.malargue.gov.ar\/wp-content\/uploads\/2018\/04\/P1070278.jpg'><img loading=\"lazy\" decoding=\"async\" width=\"150\" height=\"150\" src=\"https:\/\/hcd.malargue.gov.ar\/wp-content\/uploads\/2018\/04\/P1070278-150x150.jpg\" class=\"attachment-thumbnail size-thumbnail\" alt=\"\" \/><\/a>\n\t\t\t<\/div><\/figure><figure class='gallery-item'>\n\t\t\t<div class='gallery-icon landscape'>\n\t\t\t\t<a href='https:\/\/hcd.malargue.gov.ar\/wp-content\/uploads\/2018\/04\/P1070279.jpg'><img loading=\"lazy\" decoding=\"async\" width=\"150\" height=\"150\" src=\"https:\/\/hcd.malargue.gov.ar\/wp-content\/uploads\/2018\/04\/P1070279-150x150.jpg\" class=\"attachment-thumbnail size-thumbnail\" alt=\"\" \/><\/a>\n\t\t\t<\/div><\/figure><figure class='gallery-item'>\n\t\t\t<div class='gallery-icon landscape'>\n\t\t\t\t<a href='https:\/\/hcd.malargue.gov.ar\/wp-content\/uploads\/2018\/04\/P1070282.jpg'><img loading=\"lazy\" decoding=\"async\" width=\"150\" height=\"150\" src=\"https:\/\/hcd.malargue.gov.ar\/wp-content\/uploads\/2018\/04\/P1070282-150x150.jpg\" class=\"attachment-thumbnail size-thumbnail\" alt=\"\" \/><\/a>\n\t\t\t<\/div><\/figure><figure class='gallery-item'>\n\t\t\t<div class='gallery-icon landscape'>\n\t\t\t\t<a href='https:\/\/hcd.malargue.gov.ar\/wp-content\/uploads\/2018\/04\/P1070284.jpg'><img loading=\"lazy\" decoding=\"async\" width=\"150\" height=\"150\" src=\"https:\/\/hcd.malargue.gov.ar\/wp-content\/uploads\/2018\/04\/P1070284-150x150.jpg\" class=\"attachment-thumbnail size-thumbnail\" alt=\"\" \/><\/a>\n\t\t\t<\/div><\/figure><figure class='gallery-item'>\n\t\t\t<div class='gallery-icon landscape'>\n\t\t\t\t<a href='https:\/\/hcd.malargue.gov.ar\/wp-content\/uploads\/2018\/04\/P1070287.jpg'><img loading=\"lazy\" decoding=\"async\" width=\"150\" height=\"150\" src=\"https:\/\/hcd.malargue.gov.ar\/wp-content\/uploads\/2018\/04\/P1070287-150x150.jpg\" class=\"attachment-thumbnail size-thumbnail\" alt=\"\" \/><\/a>\n\t\t\t<\/div><\/figure><figure class='gallery-item'>\n\t\t\t<div class='gallery-icon landscape'>\n\t\t\t\t<a href='https:\/\/hcd.malargue.gov.ar\/wp-content\/uploads\/2018\/04\/P1070289.jpg'><img loading=\"lazy\" decoding=\"async\" width=\"150\" height=\"150\" src=\"https:\/\/hcd.malargue.gov.ar\/wp-content\/uploads\/2018\/04\/P1070289-150x150.jpg\" class=\"attachment-thumbnail size-thumbnail\" alt=\"\" \/><\/a>\n\t\t\t<\/div><\/figure><figure class='gallery-item'>\n\t\t\t<div class='gallery-icon landscape'>\n\t\t\t\t<a href='https:\/\/hcd.malargue.gov.ar\/wp-content\/uploads\/2018\/04\/P1070296.jpg'><img loading=\"lazy\" decoding=\"async\" width=\"150\" height=\"150\" src=\"https:\/\/hcd.malargue.gov.ar\/wp-content\/uploads\/2018\/04\/P1070296-150x150.jpg\" class=\"attachment-thumbnail size-thumbnail\" alt=\"\" \/><\/a>\n\t\t\t<\/div><\/figure><figure class='gallery-item'>\n\t\t\t<div class='gallery-icon landscape'>\n\t\t\t\t<a href='https:\/\/hcd.malargue.gov.ar\/wp-content\/uploads\/2018\/04\/P1070298.jpg'><img loading=\"lazy\" decoding=\"async\" width=\"150\" height=\"150\" src=\"https:\/\/hcd.malargue.gov.ar\/wp-content\/uploads\/2018\/04\/P1070298-150x150.jpg\" class=\"attachment-thumbnail size-thumbnail\" alt=\"\" \/><\/a>\n\t\t\t<\/div><\/figure><figure class='gallery-item'>\n\t\t\t<div class='gallery-icon landscape'>\n\t\t\t\t<a href='https:\/\/hcd.malargue.gov.ar\/wp-content\/uploads\/2018\/04\/P1070299.jpg'><img loading=\"lazy\" decoding=\"async\" width=\"150\" height=\"150\" src=\"https:\/\/hcd.malargue.gov.ar\/wp-content\/uploads\/2018\/04\/P1070299-150x150.jpg\" class=\"attachment-thumbnail size-thumbnail\" alt=\"\" \/><\/a>\n\t\t\t<\/div><\/figure><figure class='gallery-item'>\n\t\t\t<div class='gallery-icon landscape'>\n\t\t\t\t<a href='https:\/\/hcd.malargue.gov.ar\/wp-content\/uploads\/2018\/04\/P1070300.jpg'><img loading=\"lazy\" decoding=\"async\" width=\"150\" height=\"150\" src=\"https:\/\/hcd.malargue.gov.ar\/wp-content\/uploads\/2018\/04\/P1070300-150x150.jpg\" class=\"attachment-thumbnail size-thumbnail\" alt=\"\" \/><\/a>\n\t\t\t<\/div><\/figure><figure class='gallery-item'>\n\t\t\t<div class='gallery-icon landscape'>\n\t\t\t\t<a href='https:\/\/hcd.malargue.gov.ar\/wp-content\/uploads\/2018\/04\/P1070302.jpg'><img loading=\"lazy\" decoding=\"async\" width=\"150\" height=\"150\" src=\"https:\/\/hcd.malargue.gov.ar\/wp-content\/uploads\/2018\/04\/P1070302-150x150.jpg\" class=\"attachment-thumbnail size-thumbnail\" alt=\"\" \/><\/a>\n\t\t\t<\/div><\/figure><figure class='gallery-item'>\n\t\t\t<div class='gallery-icon landscape'>\n\t\t\t\t<a href='https:\/\/hcd.malargue.gov.ar\/wp-content\/uploads\/2018\/04\/P1070306.jpg'><img loading=\"lazy\" decoding=\"async\" width=\"150\" height=\"150\" src=\"https:\/\/hcd.malargue.gov.ar\/wp-content\/uploads\/2018\/04\/P1070306-150x150.jpg\" class=\"attachment-thumbnail size-thumbnail\" alt=\"\" \/><\/a>\n\t\t\t<\/div><\/figure><figure class='gallery-item'>\n\t\t\t<div class='gallery-icon landscape'>\n\t\t\t\t<a href='https:\/\/hcd.malargue.gov.ar\/wp-content\/uploads\/2018\/04\/P1070307.jpg'><img loading=\"lazy\" decoding=\"async\" width=\"150\" height=\"150\" src=\"https:\/\/hcd.malargue.gov.ar\/wp-content\/uploads\/2018\/04\/P1070307-150x150.jpg\" class=\"attachment-thumbnail size-thumbnail\" alt=\"\" \/><\/a>\n\t\t\t<\/div><\/figure><figure class='gallery-item'>\n\t\t\t<div class='gallery-icon portrait'>\n\t\t\t\t<a href='https:\/\/hcd.malargue.gov.ar\/wp-content\/uploads\/2018\/04\/P1070310.jpg'><img loading=\"lazy\" decoding=\"async\" width=\"150\" height=\"150\" src=\"https:\/\/hcd.malargue.gov.ar\/wp-content\/uploads\/2018\/04\/P1070310-150x150.jpg\" class=\"attachment-thumbnail size-thumbnail\" alt=\"\" \/><\/a>\n\t\t\t<\/div><\/figure><figure class='gallery-item'>\n\t\t\t<div class='gallery-icon portrait'>\n\t\t\t\t<a href='https:\/\/hcd.malargue.gov.ar\/wp-content\/uploads\/2018\/04\/P1070314.jpg'><img loading=\"lazy\" decoding=\"async\" width=\"150\" height=\"150\" src=\"https:\/\/hcd.malargue.gov.ar\/wp-content\/uploads\/2018\/04\/P1070314-150x150.jpg\" class=\"attachment-thumbnail size-thumbnail\" alt=\"\" \/><\/a>\n\t\t\t<\/div><\/figure><figure class='gallery-item'>\n\t\t\t<div class='gallery-icon landscape'>\n\t\t\t\t<a href='https:\/\/hcd.malargue.gov.ar\/wp-content\/uploads\/2018\/04\/P1070316.jpg'><img loading=\"lazy\" decoding=\"async\" width=\"150\" height=\"150\" src=\"https:\/\/hcd.malargue.gov.ar\/wp-content\/uploads\/2018\/04\/P1070316-150x150.jpg\" class=\"attachment-thumbnail size-thumbnail\" alt=\"\" \/><\/a>\n\t\t\t<\/div><\/figure><figure class='gallery-item'>\n\t\t\t<div class='gallery-icon landscape'>\n\t\t\t\t<a href='https:\/\/hcd.malargue.gov.ar\/wp-content\/uploads\/2018\/04\/P1070317.jpg'><img loading=\"lazy\" decoding=\"async\" width=\"150\" height=\"150\" src=\"https:\/\/hcd.malargue.gov.ar\/wp-content\/uploads\/2018\/04\/P1070317-150x150.jpg\" class=\"attachment-thumbnail size-thumbnail\" alt=\"\" \/><\/a>\n\t\t\t<\/div><\/figure><figure class='gallery-item'>\n\t\t\t<div class='gallery-icon portrait'>\n\t\t\t\t<a href='https:\/\/hcd.malargue.gov.ar\/wp-content\/uploads\/2018\/04\/P1070319.jpg'><img loading=\"lazy\" decoding=\"async\" width=\"150\" height=\"150\" src=\"https:\/\/hcd.malargue.gov.ar\/wp-content\/uploads\/2018\/04\/P1070319-150x150.jpg\" class=\"attachment-thumbnail size-thumbnail\" alt=\"\" \/><\/a>\n\t\t\t<\/div><\/figure><figure class='gallery-item'>\n\t\t\t<div class='gallery-icon portrait'>\n\t\t\t\t<a href='https:\/\/hcd.malargue.gov.ar\/wp-content\/uploads\/2018\/04\/P1070326-1.jpg'><img loading=\"lazy\" decoding=\"async\" width=\"150\" height=\"150\" src=\"https:\/\/hcd.malargue.gov.ar\/wp-content\/uploads\/2018\/04\/P1070326-1-150x150.jpg\" class=\"attachment-thumbnail size-thumbnail\" alt=\"\" \/><\/a>\n\t\t\t<\/div><\/figure><figure class='gallery-item'>\n\t\t\t<div class='gallery-icon landscape'>\n\t\t\t\t<a href='https:\/\/hcd.malargue.gov.ar\/wp-content\/uploads\/2018\/04\/P1070327.jpg'><img loading=\"lazy\" decoding=\"async\" width=\"150\" height=\"150\" src=\"https:\/\/hcd.malargue.gov.ar\/wp-content\/uploads\/2018\/04\/P1070327-150x150.jpg\" class=\"attachment-thumbnail size-thumbnail\" alt=\"\" \/><\/a>\n\t\t\t<\/div><\/figure><figure class='gallery-item'>\n\t\t\t<div class='gallery-icon portrait'>\n\t\t\t\t<a href='https:\/\/hcd.malargue.gov.ar\/wp-content\/uploads\/2018\/04\/P1070329.jpg'><img loading=\"lazy\" decoding=\"async\" width=\"150\" height=\"150\" src=\"https:\/\/hcd.malargue.gov.ar\/wp-content\/uploads\/2018\/04\/P1070329-150x150.jpg\" class=\"attachment-thumbnail size-thumbnail\" alt=\"\" \/><\/a>\n\t\t\t<\/div><\/figure><figure class='gallery-item'>\n\t\t\t<div class='gallery-icon portrait'>\n\t\t\t\t<a href='https:\/\/hcd.malargue.gov.ar\/wp-content\/uploads\/2018\/04\/P1070332.jpg'><img loading=\"lazy\" decoding=\"async\" width=\"150\" height=\"150\" src=\"https:\/\/hcd.malargue.gov.ar\/wp-content\/uploads\/2018\/04\/P1070332-150x150.jpg\" class=\"attachment-thumbnail size-thumbnail\" alt=\"\" \/><\/a>\n\t\t\t<\/div><\/figure><figure class='gallery-item'>\n\t\t\t<div class='gallery-icon portrait'>\n\t\t\t\t<a href='https:\/\/hcd.malargue.gov.ar\/wp-content\/uploads\/2018\/04\/P1070333.jpg'><img loading=\"lazy\" decoding=\"async\" width=\"150\" height=\"150\" src=\"https:\/\/hcd.malargue.gov.ar\/wp-content\/uploads\/2018\/04\/P1070333-150x150.jpg\" class=\"attachment-thumbnail size-thumbnail\" alt=\"\" \/><\/a>\n\t\t\t<\/div><\/figure><figure class='gallery-item'>\n\t\t\t<div class='gallery-icon landscape'>\n\t\t\t\t<a href='https:\/\/hcd.malargue.gov.ar\/wp-content\/uploads\/2018\/04\/P1070334.jpg'><img loading=\"lazy\" decoding=\"async\" width=\"150\" height=\"150\" src=\"https:\/\/hcd.malargue.gov.ar\/wp-content\/uploads\/2018\/04\/P1070334-150x150.jpg\" class=\"attachment-thumbnail size-thumbnail\" alt=\"\" \/><\/a>\n\t\t\t<\/div><\/figure><figure class='gallery-item'>\n\t\t\t<div class='gallery-icon landscape'>\n\t\t\t\t<a href='https:\/\/hcd.malargue.gov.ar\/wp-content\/uploads\/2018\/04\/P1070338.jpg'><img loading=\"lazy\" decoding=\"async\" width=\"150\" height=\"150\" src=\"https:\/\/hcd.malargue.gov.ar\/wp-content\/uploads\/2018\/04\/P1070338-150x150.jpg\" class=\"attachment-thumbnail size-thumbnail\" alt=\"\" \/><\/a>\n\t\t\t<\/div><\/figure><figure class='gallery-item'>\n\t\t\t<div class='gallery-icon landscape'>\n\t\t\t\t<a href='https:\/\/hcd.malargue.gov.ar\/wp-content\/uploads\/2018\/04\/P1070344.jpg'><img loading=\"lazy\" decoding=\"async\" width=\"150\" height=\"150\" src=\"https:\/\/hcd.malargue.gov.ar\/wp-content\/uploads\/2018\/04\/P1070344-150x150.jpg\" class=\"attachment-thumbnail size-thumbnail\" alt=\"\" \/><\/a>\n\t\t\t<\/div><\/figure><figure class='gallery-item'>\n\t\t\t<div class='gallery-icon landscape'>\n\t\t\t\t<a href='https:\/\/hcd.malargue.gov.ar\/wp-content\/uploads\/2018\/04\/P1070350-1.jpg'><img loading=\"lazy\" decoding=\"async\" width=\"150\" height=\"150\" src=\"https:\/\/hcd.malargue.gov.ar\/wp-content\/uploads\/2018\/04\/P1070350-1-150x150.jpg\" class=\"attachment-thumbnail size-thumbnail\" alt=\"\" \/><\/a>\n\t\t\t<\/div><\/figure><figure class='gallery-item'>\n\t\t\t<div class='gallery-icon portrait'>\n\t\t\t\t<a href='https:\/\/hcd.malargue.gov.ar\/wp-content\/uploads\/2018\/04\/P1070352.jpg'><img loading=\"lazy\" decoding=\"async\" width=\"150\" height=\"150\" src=\"https:\/\/hcd.malargue.gov.ar\/wp-content\/uploads\/2018\/04\/P1070352-150x150.jpg\" class=\"attachment-thumbnail size-thumbnail\" alt=\"\" \/><\/a>\n\t\t\t<\/div><\/figure><figure class='gallery-item'>\n\t\t\t<div class='gallery-icon portrait'>\n\t\t\t\t<a href='https:\/\/hcd.malargue.gov.ar\/wp-content\/uploads\/2018\/04\/P1070358.jpg'><img loading=\"lazy\" decoding=\"async\" width=\"150\" height=\"150\" src=\"https:\/\/hcd.malargue.gov.ar\/wp-content\/uploads\/2018\/04\/P1070358-150x150.jpg\" class=\"attachment-thumbnail size-thumbnail\" alt=\"\" \/><\/a>\n\t\t\t<\/div><\/figure><figure class='gallery-item'>\n\t\t\t<div class='gallery-icon landscape'>\n\t\t\t\t<a href='https:\/\/hcd.malargue.gov.ar\/wp-content\/uploads\/2018\/04\/P1070362.jpg'><img loading=\"lazy\" decoding=\"async\" width=\"150\" height=\"150\" src=\"https:\/\/hcd.malargue.gov.ar\/wp-content\/uploads\/2018\/04\/P1070362-150x150.jpg\" class=\"attachment-thumbnail size-thumbnail\" alt=\"\" \/><\/a>\n\t\t\t<\/div><\/figure><figure class='gallery-item'>\n\t\t\t<div class='gallery-icon portrait'>\n\t\t\t\t<a href='https:\/\/hcd.malargue.gov.ar\/wp-content\/uploads\/2018\/04\/P1070369-1.jpg'><img loading=\"lazy\" decoding=\"async\" width=\"150\" height=\"150\" src=\"https:\/\/hcd.malargue.gov.ar\/wp-content\/uploads\/2018\/04\/P1070369-1-150x150.jpg\" class=\"attachment-thumbnail size-thumbnail\" alt=\"\" \/><\/a>\n\t\t\t<\/div><\/figure><figure class='gallery-item'>\n\t\t\t<div class='gallery-icon landscape'>\n\t\t\t\t<a href='https:\/\/hcd.malargue.gov.ar\/wp-content\/uploads\/2018\/04\/P1070372.jpg'><img loading=\"lazy\" decoding=\"async\" width=\"150\" height=\"150\" src=\"https:\/\/hcd.malargue.gov.ar\/wp-content\/uploads\/2018\/04\/P1070372-150x150.jpg\" class=\"attachment-thumbnail size-thumbnail\" alt=\"\" \/><\/a>\n\t\t\t<\/div><\/figure><figure class='gallery-item'>\n\t\t\t<div class='gallery-icon portrait'>\n\t\t\t\t<a href='https:\/\/hcd.malargue.gov.ar\/wp-content\/uploads\/2018\/04\/P1070336.jpg'><img loading=\"lazy\" decoding=\"async\" width=\"150\" height=\"150\" src=\"https:\/\/hcd.malargue.gov.ar\/wp-content\/uploads\/2018\/04\/P1070336-150x150.jpg\" class=\"attachment-thumbnail size-thumbnail\" alt=\"\" \/><\/a>\n\t\t\t<\/div><\/figure><figure class='gallery-item'>\n\t\t\t<div class='gallery-icon landscape'>\n\t\t\t\t<a href='https:\/\/hcd.malargue.gov.ar\/wp-content\/uploads\/2018\/04\/P1070382.jpg'><img loading=\"lazy\" decoding=\"async\" width=\"150\" height=\"150\" src=\"https:\/\/hcd.malargue.gov.ar\/wp-content\/uploads\/2018\/04\/P1070382-150x150.jpg\" class=\"attachment-thumbnail size-thumbnail\" alt=\"\" \/><\/a>\n\t\t\t<\/div><\/figure><figure class='gallery-item'>\n\t\t\t<div class='gallery-icon landscape'>\n\t\t\t\t<a href='https:\/\/hcd.malargue.gov.ar\/wp-content\/uploads\/2018\/04\/P1070383.jpg'><img loading=\"lazy\" decoding=\"async\" width=\"150\" height=\"150\" src=\"https:\/\/hcd.malargue.gov.ar\/wp-content\/uploads\/2018\/04\/P1070383-150x150.jpg\" class=\"attachment-thumbnail size-thumbnail\" alt=\"\" \/><\/a>\n\t\t\t<\/div><\/figure>\n\t\t<\/div>\n\n<p>Por Marcia Sep\u00falveda \/\/\u00a0 Fotos: Bel\u00e9n Pedernera Ferrragut<\/p>\n<p>Prensa HCD<\/p>\n<p>&nbsp;<\/p>\n<p>&nbsp;<\/p>\n<p>&nbsp;<\/p>\n<p>&nbsp;<\/p>\n<p>&nbsp;<\/p>\n<p>&nbsp;<\/p>\n<p>&nbsp;<\/p>\n<p>&nbsp;<\/p>\n<p>&nbsp;<\/p>\n","protected":false},"excerpt":{"rendered":"<p>26-04-2018 El d\u00eda jueves 26 de abril, a las 9 de la ma\u00f1ana y con la presencia de los Ediles Graciela Viollaz, Ra\u00fal Rodr\u00edguez, Rodolfo Cabeza, Jos\u00e9 Barro, Marina la Rosa (Bloque Justicialista Fpv), Paola Paleico, Mauricio Mart\u00ednez (Bloque Cambia Mendoza) Gladys Mabel Ruiz y Patricia Cecconato (Bloque UCR-Mopoma), el presidente del Honorable Cuerpo Concejal [&hellip;]<\/p>\n","protected":false},"author":4,"featured_media":5601,"comment_status":"closed","ping_status":"closed","sticky":false,"template":"","format":"standard","meta":{"footnotes":""},"categories":[52,58,33,36],"tags":[],"class_list":["post-5600","post","type-post","status-publish","format-standard","has-post-thumbnail","hentry","category-gacetillas","category-ordinarias","category-prensa","category-sesiones"],"yoast_head":"<!-- This site is optimized with the Yoast SEO plugin v19.10 - https:\/\/yoast.com\/wordpress\/plugins\/seo\/ -->\n<title>EL HCD LLEV\u00d3 A CABO LA 6\u00b0 SESI\u00d3N ORDINARIA Y SE MANIFEST\u00d3 FUERTEMENTE A FAVOR DEL FRACKING. - Malarg\u00fce HCD<\/title>\n<meta name=\"robots\" content=\"index, follow, max-snippet:-1, max-image-preview:large, max-video-preview:-1\" \/>\n<link rel=\"canonical\" href=\"https:\/\/hcd.malargue.gov.ar\/?p=5600\" \/>\n<meta property=\"og:locale\" content=\"es_ES\" \/>\n<meta property=\"og:type\" content=\"article\" \/>\n<meta property=\"og:title\" content=\"EL HCD LLEV\u00d3 A CABO LA 6\u00b0 SESI\u00d3N ORDINARIA Y SE MANIFEST\u00d3 FUERTEMENTE A FAVOR DEL FRACKING. - Malarg\u00fce HCD\" \/>\n<meta property=\"og:description\" content=\"26-04-2018 El d\u00eda jueves 26 de abril, a las 9 de la ma\u00f1ana y con la presencia de los Ediles Graciela Viollaz, Ra\u00fal Rodr\u00edguez, Rodolfo Cabeza, Jos\u00e9 Barro, Marina la Rosa (Bloque Justicialista Fpv), Paola Paleico, Mauricio Mart\u00ednez (Bloque Cambia Mendoza) Gladys Mabel Ruiz y Patricia Cecconato (Bloque UCR-Mopoma), el presidente del Honorable Cuerpo Concejal [&hellip;]\" \/>\n<meta property=\"og:url\" content=\"https:\/\/hcd.malargue.gov.ar\/?p=5600\" \/>\n<meta property=\"og:site_name\" content=\"Malarg\u00fce HCD\" \/>\n<meta property=\"article:published_time\" content=\"2018-04-26T17:53:24+00:00\" \/>\n<meta property=\"article:modified_time\" content=\"2018-05-03T11:58:10+00:00\" \/>\n<meta property=\"og:image\" content=\"https:\/\/hcd.malargue.gov.ar\/wp-content\/uploads\/2018\/05\/31389383_391568384677254_1547042980886478848_n.jpg\" \/>\n\t<meta property=\"og:image:width\" content=\"960\" \/>\n\t<meta property=\"og:image:height\" content=\"584\" \/>\n\t<meta property=\"og:image:type\" content=\"image\/jpeg\" \/>\n<meta name=\"author\" content=\"Marcia Sepulveda\" \/>\n<meta name=\"twitter:card\" content=\"summary_large_image\" \/>\n<meta name=\"twitter:label1\" content=\"Escrito por\" \/>\n\t<meta name=\"twitter:data1\" content=\"Marcia Sepulveda\" \/>\n\t<meta name=\"twitter:label2\" content=\"Tiempo de lectura\" \/>\n\t<meta name=\"twitter:data2\" content=\"28 minutos\" \/>\n<script type=\"application\/ld+json\" class=\"yoast-schema-graph\">{\"@context\":\"https:\/\/schema.org\",\"@graph\":[{\"@type\":\"WebPage\",\"@id\":\"https:\/\/hcd.malargue.gov.ar\/?p=5600\",\"url\":\"https:\/\/hcd.malargue.gov.ar\/?p=5600\",\"name\":\"EL HCD LLEV\u00d3 A CABO LA 6\u00b0 SESI\u00d3N ORDINARIA Y SE MANIFEST\u00d3 FUERTEMENTE A FAVOR DEL FRACKING. - Malarg\u00fce HCD\",\"isPartOf\":{\"@id\":\"https:\/\/hcd.malargue.gov.ar\/#website\"},\"datePublished\":\"2018-04-26T17:53:24+00:00\",\"dateModified\":\"2018-05-03T11:58:10+00:00\",\"author\":{\"@id\":\"https:\/\/hcd.malargue.gov.ar\/#\/schema\/person\/c02f28730a528313e04d34aba071fe06\"},\"breadcrumb\":{\"@id\":\"https:\/\/hcd.malargue.gov.ar\/?p=5600#breadcrumb\"},\"inLanguage\":\"es-AR\",\"potentialAction\":[{\"@type\":\"ReadAction\",\"target\":[\"https:\/\/hcd.malargue.gov.ar\/?p=5600\"]}]},{\"@type\":\"BreadcrumbList\",\"@id\":\"https:\/\/hcd.malargue.gov.ar\/?p=5600#breadcrumb\",\"itemListElement\":[{\"@type\":\"ListItem\",\"position\":1,\"name\":\"Inicio\",\"item\":\"https:\/\/hcd.malargue.gov.ar\/\"},{\"@type\":\"ListItem\",\"position\":2,\"name\":\"EL HCD LLEV\u00d3 A CABO LA 6\u00b0 SESI\u00d3N ORDINARIA Y SE MANIFEST\u00d3 FUERTEMENTE A FAVOR DEL FRACKING.\"}]},{\"@type\":\"WebSite\",\"@id\":\"https:\/\/hcd.malargue.gov.ar\/#website\",\"url\":\"https:\/\/hcd.malargue.gov.ar\/\",\"name\":\"Malarg\u00fce HCD\",\"description\":\"Malarg\u00fce Mendoza Argentina\",\"potentialAction\":[{\"@type\":\"SearchAction\",\"target\":{\"@type\":\"EntryPoint\",\"urlTemplate\":\"https:\/\/hcd.malargue.gov.ar\/?s={search_term_string}\"},\"query-input\":\"required name=search_term_string\"}],\"inLanguage\":\"es-AR\"},{\"@type\":\"Person\",\"@id\":\"https:\/\/hcd.malargue.gov.ar\/#\/schema\/person\/c02f28730a528313e04d34aba071fe06\",\"name\":\"Marcia Sepulveda\",\"image\":{\"@type\":\"ImageObject\",\"inLanguage\":\"es-AR\",\"@id\":\"https:\/\/hcd.malargue.gov.ar\/#\/schema\/person\/image\/\",\"url\":\"https:\/\/secure.gravatar.com\/avatar\/3557e3bccdef0a5d4de0476d077c8920f0638f6f0bd05553351eb0e70d99f241?s=96&d=mm&r=g\",\"contentUrl\":\"https:\/\/secure.gravatar.com\/avatar\/3557e3bccdef0a5d4de0476d077c8920f0638f6f0bd05553351eb0e70d99f241?s=96&d=mm&r=g\",\"caption\":\"Marcia Sepulveda\"},\"url\":\"https:\/\/hcd.malargue.gov.ar\/?author=4\"}]}<\/script>\n<!-- \/ Yoast SEO plugin. -->","yoast_head_json":{"title":"EL HCD LLEV\u00d3 A CABO LA 6\u00b0 SESI\u00d3N ORDINARIA Y SE MANIFEST\u00d3 FUERTEMENTE A FAVOR DEL FRACKING. - Malarg\u00fce HCD","robots":{"index":"index","follow":"follow","max-snippet":"max-snippet:-1","max-image-preview":"max-image-preview:large","max-video-preview":"max-video-preview:-1"},"canonical":"https:\/\/hcd.malargue.gov.ar\/?p=5600","og_locale":"es_ES","og_type":"article","og_title":"EL HCD LLEV\u00d3 A CABO LA 6\u00b0 SESI\u00d3N ORDINARIA Y SE MANIFEST\u00d3 FUERTEMENTE A FAVOR DEL FRACKING. - Malarg\u00fce HCD","og_description":"26-04-2018 El d\u00eda jueves 26 de abril, a las 9 de la ma\u00f1ana y con la presencia de los Ediles Graciela Viollaz, Ra\u00fal Rodr\u00edguez, Rodolfo Cabeza, Jos\u00e9 Barro, Marina la Rosa (Bloque Justicialista Fpv), Paola Paleico, Mauricio Mart\u00ednez (Bloque Cambia Mendoza) Gladys Mabel Ruiz y Patricia Cecconato (Bloque UCR-Mopoma), el presidente del Honorable Cuerpo Concejal [&hellip;]","og_url":"https:\/\/hcd.malargue.gov.ar\/?p=5600","og_site_name":"Malarg\u00fce HCD","article_published_time":"2018-04-26T17:53:24+00:00","article_modified_time":"2018-05-03T11:58:10+00:00","og_image":[{"width":960,"height":584,"url":"https:\/\/hcd.malargue.gov.ar\/wp-content\/uploads\/2018\/05\/31389383_391568384677254_1547042980886478848_n.jpg","type":"image\/jpeg"}],"author":"Marcia Sepulveda","twitter_card":"summary_large_image","twitter_misc":{"Escrito por":"Marcia Sepulveda","Tiempo de lectura":"28 minutos"},"schema":{"@context":"https:\/\/schema.org","@graph":[{"@type":"WebPage","@id":"https:\/\/hcd.malargue.gov.ar\/?p=5600","url":"https:\/\/hcd.malargue.gov.ar\/?p=5600","name":"EL HCD LLEV\u00d3 A CABO LA 6\u00b0 SESI\u00d3N ORDINARIA Y SE MANIFEST\u00d3 FUERTEMENTE A FAVOR DEL FRACKING. - Malarg\u00fce HCD","isPartOf":{"@id":"https:\/\/hcd.malargue.gov.ar\/#website"},"datePublished":"2018-04-26T17:53:24+00:00","dateModified":"2018-05-03T11:58:10+00:00","author":{"@id":"https:\/\/hcd.malargue.gov.ar\/#\/schema\/person\/c02f28730a528313e04d34aba071fe06"},"breadcrumb":{"@id":"https:\/\/hcd.malargue.gov.ar\/?p=5600#breadcrumb"},"inLanguage":"es-AR","potentialAction":[{"@type":"ReadAction","target":["https:\/\/hcd.malargue.gov.ar\/?p=5600"]}]},{"@type":"BreadcrumbList","@id":"https:\/\/hcd.malargue.gov.ar\/?p=5600#breadcrumb","itemListElement":[{"@type":"ListItem","position":1,"name":"Inicio","item":"https:\/\/hcd.malargue.gov.ar\/"},{"@type":"ListItem","position":2,"name":"EL HCD LLEV\u00d3 A CABO LA 6\u00b0 SESI\u00d3N ORDINARIA Y SE MANIFEST\u00d3 FUERTEMENTE A FAVOR DEL FRACKING."}]},{"@type":"WebSite","@id":"https:\/\/hcd.malargue.gov.ar\/#website","url":"https:\/\/hcd.malargue.gov.ar\/","name":"Malarg\u00fce HCD","description":"Malarg\u00fce Mendoza Argentina","potentialAction":[{"@type":"SearchAction","target":{"@type":"EntryPoint","urlTemplate":"https:\/\/hcd.malargue.gov.ar\/?s={search_term_string}"},"query-input":"required name=search_term_string"}],"inLanguage":"es-AR"},{"@type":"Person","@id":"https:\/\/hcd.malargue.gov.ar\/#\/schema\/person\/c02f28730a528313e04d34aba071fe06","name":"Marcia Sepulveda","image":{"@type":"ImageObject","inLanguage":"es-AR","@id":"https:\/\/hcd.malargue.gov.ar\/#\/schema\/person\/image\/","url":"https:\/\/secure.gravatar.com\/avatar\/3557e3bccdef0a5d4de0476d077c8920f0638f6f0bd05553351eb0e70d99f241?s=96&d=mm&r=g","contentUrl":"https:\/\/secure.gravatar.com\/avatar\/3557e3bccdef0a5d4de0476d077c8920f0638f6f0bd05553351eb0e70d99f241?s=96&d=mm&r=g","caption":"Marcia Sepulveda"},"url":"https:\/\/hcd.malargue.gov.ar\/?author=4"}]}},"_links":{"self":[{"href":"https:\/\/hcd.malargue.gov.ar\/index.php?rest_route=\/wp\/v2\/posts\/5600","targetHints":{"allow":["GET"]}}],"collection":[{"href":"https:\/\/hcd.malargue.gov.ar\/index.php?rest_route=\/wp\/v2\/posts"}],"about":[{"href":"https:\/\/hcd.malargue.gov.ar\/index.php?rest_route=\/wp\/v2\/types\/post"}],"author":[{"embeddable":true,"href":"https:\/\/hcd.malargue.gov.ar\/index.php?rest_route=\/wp\/v2\/users\/4"}],"replies":[{"embeddable":true,"href":"https:\/\/hcd.malargue.gov.ar\/index.php?rest_route=%2Fwp%2Fv2%2Fcomments&post=5600"}],"version-history":[{"count":0,"href":"https:\/\/hcd.malargue.gov.ar\/index.php?rest_route=\/wp\/v2\/posts\/5600\/revisions"}],"wp:featuredmedia":[{"embeddable":true,"href":"https:\/\/hcd.malargue.gov.ar\/index.php?rest_route=\/wp\/v2\/media\/5601"}],"wp:attachment":[{"href":"https:\/\/hcd.malargue.gov.ar\/index.php?rest_route=%2Fwp%2Fv2%2Fmedia&parent=5600"}],"wp:term":[{"taxonomy":"category","embeddable":true,"href":"https:\/\/hcd.malargue.gov.ar\/index.php?rest_route=%2Fwp%2Fv2%2Fcategories&post=5600"},{"taxonomy":"post_tag","embeddable":true,"href":"https:\/\/hcd.malargue.gov.ar\/index.php?rest_route=%2Fwp%2Fv2%2Ftags&post=5600"}],"curies":[{"name":"wp","href":"https:\/\/api.w.org\/{rel}","templated":true}]}}