{"id":7263,"date":"2018-05-23T11:52:29","date_gmt":"2018-05-23T14:52:29","guid":{"rendered":"http:\/\/hcd.malargue.gov.ar\/?p=7263"},"modified":"2018-05-23T11:53:17","modified_gmt":"2018-05-23T14:53:17","slug":"se-reunio-la-comision-de-obras-publicas-5","status":"publish","type":"post","link":"https:\/\/hcd.malargue.gov.ar\/?p=7263","title":{"rendered":"SE REUNI\u00d3 LA COMISI\u00d3N DE OBRAS P\u00daBLICAS"},"content":{"rendered":"<div data-contents=\"true\">\n<div class=\"\" data-block=\"true\" data-editor=\"2nmem\" data-offset-key=\"d1a8f-0-0\">\n<div class=\"_1mf _1mj\" data-offset-key=\"d1a8f-0-0\"><span data-offset-key=\"d1a8f-0-0\">23-MAY-2018 a las 9:00 se reuni\u00f3 la Comisi\u00f3n de Obras Publicas, Turismo y Recursos Naturales. Con la presencia de los Ediles Martin Palma, Mauricio Martinez (Bloque Cambia Mendoza) , Daniela Favari, Paola Jofre (Bloque Somos Mendoza) y Rodolfo Cabeza (Bloque Justicialista Frente Para La Victoria).<\/span><\/div>\n<\/div>\n<div class=\"\" data-block=\"true\" data-editor=\"2nmem\" data-offset-key=\"a45g5-0-0\">\n<div class=\"_1mf _1mj\" data-offset-key=\"a45g5-0-0\"><span data-offset-key=\"a45g5-0-0\">\u00a0<\/span><\/div>\n<\/div>\n<div class=\"\" data-block=\"true\" data-editor=\"2nmem\" data-offset-key=\"84kvo-0-0\">\n<div class=\"_1mf _1mj\" data-offset-key=\"84kvo-0-0\"><span data-offset-key=\"84kvo-0-0\">En esta oportunidad dieron tratamiento entre diversas Notas a los sgtes Exptes: <\/span><\/div>\n<\/div>\n<div class=\"\" data-block=\"true\" data-editor=\"2nmem\" data-offset-key=\"3m7jk-0-0\">\n<div class=\"_1mf _1mj\" data-offset-key=\"3m7jk-0-0\"><span data-offset-key=\"3m7jk-0-0\">\u00a0<\/span><\/div>\n<\/div>\n<div class=\"\" data-block=\"true\" data-editor=\"2nmem\" data-offset-key=\"fkorr-0-0\">\n<div class=\"_1mf _1mj\" data-offset-key=\"fkorr-0-0\"><span data-offset-key=\"fkorr-0-0\">*N\u00ba 4.363-HC 277-2018 Proyecto de Resoluci\u00f3n: Solicitar a Direcci\u00f3n de Transporte de la Pcia. de Mendoza la instalaci\u00f3n de sem\u00e1foro 4 tiempos en la intersecci\u00f3n de Avda. San Mart\u00edn y 4ta. Divisi\u00f3n en el Departamento de Malarg\u00fce. <\/span><\/div>\n<\/div>\n<div class=\"\" data-block=\"true\" data-editor=\"2nmem\" data-offset-key=\"eqavb-0-0\">\n<div class=\"_1mf _1mj\" data-offset-key=\"eqavb-0-0\"><span data-offset-key=\"eqavb-0-0\">\u00a0<\/span><\/div>\n<\/div>\n<div class=\"\" data-block=\"true\" data-editor=\"2nmem\" data-offset-key=\"dav10-0-0\">\n<div class=\"_1mf _1mj\" data-offset-key=\"dav10-0-0\"><span data-offset-key=\"dav10-0-0\">*N\u00ba 4.376-HC 278-2018 Proyecto de Resoluci\u00f3n: Regularizar, reorganizar, determinar y demarcar , los espacios de estacionamiento en la zona c\u00e9ntrica y centro c\u00edvico del Departamento.<\/span><\/div>\n<\/div>\n<div class=\"\" data-block=\"true\" data-editor=\"2nmem\" data-offset-key=\"eo7q3-0-0\">\n<div class=\"_1mf _1mj\" data-offset-key=\"eo7q3-0-0\"><span data-offset-key=\"eo7q3-0-0\">\u00a0<\/span><\/div>\n<\/div>\n<div class=\"\" data-block=\"true\" data-editor=\"2nmem\" data-offset-key=\"9i33v-0-0\">\n<div class=\"_1mf _1mj\" data-offset-key=\"9i33v-0-0\"><span data-offset-key=\"9i33v-0-0\">*N\u00ba 4.352-HC 276-2018 Proyecto de Ordenanza: Solicitar a Direcci\u00f3n de Transporte de la Provincia y Departamento Ejecutivo Municipal la se\u00f1alizaci\u00f3n de la Ciclov\u00eda ubicada en paralelo a calle Esquivel Aldao.<\/span><\/div>\n<\/div>\n<div class=\"\" data-block=\"true\" data-editor=\"2nmem\" data-offset-key=\"8robd-0-0\">\n<div class=\"_1mf _1mj\" data-offset-key=\"8robd-0-0\"><span data-offset-key=\"8robd-0-0\">\u00a0<\/span><\/div>\n<\/div>\n<div class=\"\" data-block=\"true\" data-editor=\"2nmem\" data-offset-key=\"8fo4k-0-0\">\n<div class=\"_1mf _1mj\" data-offset-key=\"8fo4k-0-0\"><span data-offset-key=\"8fo4k-0-0\">*N\u00ba 5.597\/2017-0 ALTUE S.R.L Cogo Elisa Ref. Autorizaci\u00f3n para estacionamiento 45\u00ba de mano izquierda.<\/span><\/div>\n<\/div>\n<div class=\"\" data-block=\"true\" data-editor=\"2nmem\" data-offset-key=\"267vs-0-0\">\n<div class=\"_1mf _1mj\" data-offset-key=\"267vs-0-0\"><span data-offset-key=\"267vs-0-0\">\u00a0<\/span><\/div>\n<\/div>\n<div class=\"\" data-block=\"true\" data-editor=\"2nmem\" data-offset-key=\"1f6ev-0-0\">\n<div class=\"_1mf _1mj\" data-offset-key=\"1f6ev-0-0\"><span data-offset-key=\"1f6ev-0-0\">\u00a0<\/span><\/div>\n<\/div>\n<div class=\"\" data-block=\"true\" data-editor=\"2nmem\" data-offset-key=\"4fhs-0-0\">\n<div class=\"_1mf _1mj\" data-offset-key=\"4fhs-0-0\">\n<p><span data-offset-key=\"4fhs-0-0\"><span data-offset-key=\"4fhs-0-0\">*entre otros.<\/span><\/span><\/p>\n<div id='gallery-1' class='gallery galleryid-7263 gallery-columns-5 gallery-size-thumbnail'><figure class='gallery-item'>\n\t\t\t<div class='gallery-icon landscape'>\n\t\t\t\t<a href='https:\/\/hcd.malargue.gov.ar\/wp-content\/uploads\/2018\/05\/IMGP8323.jpg'><img loading=\"lazy\" decoding=\"async\" width=\"150\" height=\"150\" src=\"https:\/\/hcd.malargue.gov.ar\/wp-content\/uploads\/2018\/05\/IMGP8323-150x150.jpg\" class=\"attachment-thumbnail size-thumbnail\" alt=\"\" \/><\/a>\n\t\t\t<\/div><\/figure><figure class='gallery-item'>\n\t\t\t<div class='gallery-icon landscape'>\n\t\t\t\t<a href='https:\/\/hcd.malargue.gov.ar\/wp-content\/uploads\/2018\/05\/IMGP8337.jpg'><img loading=\"lazy\" decoding=\"async\" width=\"150\" height=\"150\" src=\"https:\/\/hcd.malargue.gov.ar\/wp-content\/uploads\/2018\/05\/IMGP8337-150x150.jpg\" class=\"attachment-thumbnail size-thumbnail\" alt=\"\" \/><\/a>\n\t\t\t<\/div><\/figure><figure class='gallery-item'>\n\t\t\t<div class='gallery-icon landscape'>\n\t\t\t\t<a href='https:\/\/hcd.malargue.gov.ar\/wp-content\/uploads\/2018\/05\/IMGP8342.jpg'><img loading=\"lazy\" decoding=\"async\" width=\"150\" height=\"150\" src=\"https:\/\/hcd.malargue.gov.ar\/wp-content\/uploads\/2018\/05\/IMGP8342-150x150.jpg\" class=\"attachment-thumbnail size-thumbnail\" alt=\"\" \/><\/a>\n\t\t\t<\/div><\/figure><figure class='gallery-item'>\n\t\t\t<div class='gallery-icon portrait'>\n\t\t\t\t<a href='https:\/\/hcd.malargue.gov.ar\/wp-content\/uploads\/2018\/05\/IMGP8345.jpg'><img loading=\"lazy\" decoding=\"async\" width=\"150\" height=\"150\" src=\"https:\/\/hcd.malargue.gov.ar\/wp-content\/uploads\/2018\/05\/IMGP8345-150x150.jpg\" class=\"attachment-thumbnail size-thumbnail\" alt=\"\" \/><\/a>\n\t\t\t<\/div><\/figure><figure class='gallery-item'>\n\t\t\t<div class='gallery-icon landscape'>\n\t\t\t\t<a href='https:\/\/hcd.malargue.gov.ar\/wp-content\/uploads\/2018\/05\/IMGP8349.jpg'><img loading=\"lazy\" decoding=\"async\" width=\"150\" height=\"150\" src=\"https:\/\/hcd.malargue.gov.ar\/wp-content\/uploads\/2018\/05\/IMGP8349-150x150.jpg\" class=\"attachment-thumbnail size-thumbnail\" alt=\"\" \/><\/a>\n\t\t\t<\/div><\/figure><figure class='gallery-item'>\n\t\t\t<div class='gallery-icon portrait'>\n\t\t\t\t<a href='https:\/\/hcd.malargue.gov.ar\/wp-content\/uploads\/2018\/05\/IMGP8353.jpg'><img loading=\"lazy\" decoding=\"async\" width=\"150\" height=\"150\" src=\"https:\/\/hcd.malargue.gov.ar\/wp-content\/uploads\/2018\/05\/IMGP8353-150x150.jpg\" class=\"attachment-thumbnail size-thumbnail\" alt=\"\" \/><\/a>\n\t\t\t<\/div><\/figure><figure class='gallery-item'>\n\t\t\t<div class='gallery-icon portrait'>\n\t\t\t\t<a href='https:\/\/hcd.malargue.gov.ar\/wp-content\/uploads\/2018\/05\/IMGP8354.jpg'><img loading=\"lazy\" decoding=\"async\" width=\"150\" height=\"150\" src=\"https:\/\/hcd.malargue.gov.ar\/wp-content\/uploads\/2018\/05\/IMGP8354-150x150.jpg\" class=\"attachment-thumbnail size-thumbnail\" alt=\"\" \/><\/a>\n\t\t\t<\/div><\/figure><figure class='gallery-item'>\n\t\t\t<div class='gallery-icon landscape'>\n\t\t\t\t<a href='https:\/\/hcd.malargue.gov.ar\/wp-content\/uploads\/2018\/05\/IMGP8359.jpg'><img loading=\"lazy\" decoding=\"async\" width=\"150\" height=\"150\" src=\"https:\/\/hcd.malargue.gov.ar\/wp-content\/uploads\/2018\/05\/IMGP8359-150x150.jpg\" class=\"attachment-thumbnail size-thumbnail\" alt=\"\" \/><\/a>\n\t\t\t<\/div><\/figure><figure class='gallery-item'>\n\t\t\t<div class='gallery-icon landscape'>\n\t\t\t\t<a href='https:\/\/hcd.malargue.gov.ar\/wp-content\/uploads\/2018\/05\/IMGP8367.jpg'><img loading=\"lazy\" decoding=\"async\" width=\"150\" height=\"150\" src=\"https:\/\/hcd.malargue.gov.ar\/wp-content\/uploads\/2018\/05\/IMGP8367-150x150.jpg\" class=\"attachment-thumbnail size-thumbnail\" alt=\"\" \/><\/a>\n\t\t\t<\/div><\/figure><figure class='gallery-item'>\n\t\t\t<div class='gallery-icon landscape'>\n\t\t\t\t<a href='https:\/\/hcd.malargue.gov.ar\/wp-content\/uploads\/2018\/05\/\u00f1\u00f1-1.jpg'><img loading=\"lazy\" decoding=\"async\" width=\"150\" height=\"150\" src=\"https:\/\/hcd.malargue.gov.ar\/wp-content\/uploads\/2018\/05\/\u00f1\u00f1-1-150x150.jpg\" class=\"attachment-thumbnail size-thumbnail\" alt=\"\" \/><\/a>\n\t\t\t<\/div><\/figure>\n\t\t<\/div>\n\n<\/div>\n<\/div>\n<div class=\"\" data-block=\"true\" data-editor=\"2nmem\" data-offset-key=\"tios-0-0\">\n<div class=\"_1mf _1mj\" data-offset-key=\"tios-0-0\"><span data-offset-key=\"tios-0-0\">\u00a0<\/span><\/div>\n<\/div>\n<div class=\"\" data-block=\"true\" data-editor=\"2nmem\" data-offset-key=\"bm533-0-0\">\n<div class=\"_1mf _1mj\" data-offset-key=\"bm533-0-0\"><span data-offset-key=\"bm533-0-0\">&#8212;&#8212;&#8212;&#8212;&#8212;&#8212;&#8212;&#8212;&#8212;&#8212;&#8212;&#8212;&#8212;&#8211;<\/span><\/div>\n<\/div>\n<div class=\"\" data-block=\"true\" data-editor=\"2nmem\" data-offset-key=\"2pc8r-0-0\">\n<div class=\"_1mf _1mj\" data-offset-key=\"2pc8r-0-0\"><span data-offset-key=\"2pc8r-0-0\">Bel\u00e9n Pedernera Ferragut <\/span><\/div>\n<\/div>\n<div class=\"\" data-block=\"true\" data-editor=\"2nmem\" data-offset-key=\"522tt-0-0\">\n<div class=\"_1mf _1mj\" data-offset-key=\"522tt-0-0\"><span data-offset-key=\"522tt-0-0\">PRENSA HCD<\/span><\/div>\n<\/div>\n<\/div>\n","protected":false},"excerpt":{"rendered":"<p>23-MAY-2018 a las 9:00 se reuni\u00f3 la Comisi\u00f3n de Obras Publicas, Turismo y Recursos Naturales. Con la presencia de los Ediles Martin Palma, Mauricio Martinez (Bloque Cambia Mendoza) , Daniela Favari, Paola Jofre (Bloque Somos Mendoza) y Rodolfo Cabeza (Bloque Justicialista Frente Para La Victoria). \u00a0 En esta oportunidad dieron tratamiento entre diversas Notas a [&hellip;]<\/p>\n","protected":false},"author":5,"featured_media":7271,"comment_status":"closed","ping_status":"closed","sticky":false,"template":"","format":"standard","meta":{"footnotes":""},"categories":[63,39,52,33],"tags":[],"class_list":["post-7263","post","type-post","status-publish","format-standard","has-post-thumbnail","hentry","category-comision-de-obras-publicas-turismo-y-recursos-naturales","category-comisiones","category-gacetillas","category-prensa"],"yoast_head":"<!-- This site is optimized with the Yoast SEO plugin v19.10 - https:\/\/yoast.com\/wordpress\/plugins\/seo\/ -->\n<title>SE REUNI\u00d3 LA COMISI\u00d3N DE OBRAS P\u00daBLICAS - Malarg\u00fce HCD<\/title>\n<meta name=\"robots\" content=\"index, follow, max-snippet:-1, max-image-preview:large, max-video-preview:-1\" \/>\n<link rel=\"canonical\" href=\"https:\/\/hcd.malargue.gov.ar\/?p=7263\" \/>\n<meta property=\"og:locale\" content=\"es_ES\" \/>\n<meta property=\"og:type\" content=\"article\" \/>\n<meta property=\"og:title\" content=\"SE REUNI\u00d3 LA COMISI\u00d3N DE OBRAS P\u00daBLICAS - Malarg\u00fce HCD\" \/>\n<meta property=\"og:description\" content=\"23-MAY-2018 a las 9:00 se reuni\u00f3 la Comisi\u00f3n de Obras Publicas, Turismo y Recursos Naturales. Con la presencia de los Ediles Martin Palma, Mauricio Martinez (Bloque Cambia Mendoza) , Daniela Favari, Paola Jofre (Bloque Somos Mendoza) y Rodolfo Cabeza (Bloque Justicialista Frente Para La Victoria). \u00a0 En esta oportunidad dieron tratamiento entre diversas Notas a [&hellip;]\" \/>\n<meta property=\"og:url\" content=\"https:\/\/hcd.malargue.gov.ar\/?p=7263\" \/>\n<meta property=\"og:site_name\" content=\"Malarg\u00fce HCD\" \/>\n<meta property=\"article:published_time\" content=\"2018-05-23T14:52:29+00:00\" \/>\n<meta property=\"article:modified_time\" content=\"2018-05-23T14:53:17+00:00\" \/>\n<meta property=\"og:image\" content=\"https:\/\/hcd.malargue.gov.ar\/wp-content\/uploads\/2018\/05\/IMGP8359.jpg\" \/>\n\t<meta property=\"og:image:width\" content=\"3625\" \/>\n\t<meta property=\"og:image:height\" content=\"2408\" \/>\n\t<meta property=\"og:image:type\" content=\"image\/jpeg\" \/>\n<meta name=\"author\" content=\"Belen Pedernera Ferragut\" \/>\n<meta name=\"twitter:card\" content=\"summary_large_image\" \/>\n<meta name=\"twitter:label1\" content=\"Escrito por\" \/>\n\t<meta name=\"twitter:data1\" content=\"Belen Pedernera Ferragut\" \/>\n\t<meta name=\"twitter:label2\" content=\"Tiempo de lectura\" \/>\n\t<meta name=\"twitter:data2\" content=\"1 minuto\" \/>\n<script type=\"application\/ld+json\" class=\"yoast-schema-graph\">{\"@context\":\"https:\/\/schema.org\",\"@graph\":[{\"@type\":\"WebPage\",\"@id\":\"https:\/\/hcd.malargue.gov.ar\/?p=7263\",\"url\":\"https:\/\/hcd.malargue.gov.ar\/?p=7263\",\"name\":\"SE REUNI\u00d3 LA COMISI\u00d3N DE OBRAS P\u00daBLICAS - Malarg\u00fce HCD\",\"isPartOf\":{\"@id\":\"https:\/\/hcd.malargue.gov.ar\/#website\"},\"datePublished\":\"2018-05-23T14:52:29+00:00\",\"dateModified\":\"2018-05-23T14:53:17+00:00\",\"author\":{\"@id\":\"https:\/\/hcd.malargue.gov.ar\/#\/schema\/person\/3fd6bbab64edd703961b795156c955d0\"},\"breadcrumb\":{\"@id\":\"https:\/\/hcd.malargue.gov.ar\/?p=7263#breadcrumb\"},\"inLanguage\":\"es-AR\",\"potentialAction\":[{\"@type\":\"ReadAction\",\"target\":[\"https:\/\/hcd.malargue.gov.ar\/?p=7263\"]}]},{\"@type\":\"BreadcrumbList\",\"@id\":\"https:\/\/hcd.malargue.gov.ar\/?p=7263#breadcrumb\",\"itemListElement\":[{\"@type\":\"ListItem\",\"position\":1,\"name\":\"Inicio\",\"item\":\"https:\/\/hcd.malargue.gov.ar\/\"},{\"@type\":\"ListItem\",\"position\":2,\"name\":\"SE REUNI\u00d3 LA COMISI\u00d3N DE OBRAS P\u00daBLICAS\"}]},{\"@type\":\"WebSite\",\"@id\":\"https:\/\/hcd.malargue.gov.ar\/#website\",\"url\":\"https:\/\/hcd.malargue.gov.ar\/\",\"name\":\"Malarg\u00fce HCD\",\"description\":\"Malarg\u00fce Mendoza Argentina\",\"potentialAction\":[{\"@type\":\"SearchAction\",\"target\":{\"@type\":\"EntryPoint\",\"urlTemplate\":\"https:\/\/hcd.malargue.gov.ar\/?s={search_term_string}\"},\"query-input\":\"required name=search_term_string\"}],\"inLanguage\":\"es-AR\"},{\"@type\":\"Person\",\"@id\":\"https:\/\/hcd.malargue.gov.ar\/#\/schema\/person\/3fd6bbab64edd703961b795156c955d0\",\"name\":\"Belen Pedernera Ferragut\",\"image\":{\"@type\":\"ImageObject\",\"inLanguage\":\"es-AR\",\"@id\":\"https:\/\/hcd.malargue.gov.ar\/#\/schema\/person\/image\/\",\"url\":\"https:\/\/secure.gravatar.com\/avatar\/1054ffab3893de4bb3eb29bdd22f7e34b8537bf5d34d9dab311818154ad5b71f?s=96&d=mm&r=g\",\"contentUrl\":\"https:\/\/secure.gravatar.com\/avatar\/1054ffab3893de4bb3eb29bdd22f7e34b8537bf5d34d9dab311818154ad5b71f?s=96&d=mm&r=g\",\"caption\":\"Belen Pedernera Ferragut\"},\"url\":\"https:\/\/hcd.malargue.gov.ar\/?author=5\"}]}<\/script>\n<!-- \/ Yoast SEO plugin. -->","yoast_head_json":{"title":"SE REUNI\u00d3 LA COMISI\u00d3N DE OBRAS P\u00daBLICAS - Malarg\u00fce HCD","robots":{"index":"index","follow":"follow","max-snippet":"max-snippet:-1","max-image-preview":"max-image-preview:large","max-video-preview":"max-video-preview:-1"},"canonical":"https:\/\/hcd.malargue.gov.ar\/?p=7263","og_locale":"es_ES","og_type":"article","og_title":"SE REUNI\u00d3 LA COMISI\u00d3N DE OBRAS P\u00daBLICAS - Malarg\u00fce HCD","og_description":"23-MAY-2018 a las 9:00 se reuni\u00f3 la Comisi\u00f3n de Obras Publicas, Turismo y Recursos Naturales. Con la presencia de los Ediles Martin Palma, Mauricio Martinez (Bloque Cambia Mendoza) , Daniela Favari, Paola Jofre (Bloque Somos Mendoza) y Rodolfo Cabeza (Bloque Justicialista Frente Para La Victoria). \u00a0 En esta oportunidad dieron tratamiento entre diversas Notas a [&hellip;]","og_url":"https:\/\/hcd.malargue.gov.ar\/?p=7263","og_site_name":"Malarg\u00fce HCD","article_published_time":"2018-05-23T14:52:29+00:00","article_modified_time":"2018-05-23T14:53:17+00:00","og_image":[{"width":3625,"height":2408,"url":"https:\/\/hcd.malargue.gov.ar\/wp-content\/uploads\/2018\/05\/IMGP8359.jpg","type":"image\/jpeg"}],"author":"Belen Pedernera Ferragut","twitter_card":"summary_large_image","twitter_misc":{"Escrito por":"Belen Pedernera Ferragut","Tiempo de lectura":"1 minuto"},"schema":{"@context":"https:\/\/schema.org","@graph":[{"@type":"WebPage","@id":"https:\/\/hcd.malargue.gov.ar\/?p=7263","url":"https:\/\/hcd.malargue.gov.ar\/?p=7263","name":"SE REUNI\u00d3 LA COMISI\u00d3N DE OBRAS P\u00daBLICAS - Malarg\u00fce HCD","isPartOf":{"@id":"https:\/\/hcd.malargue.gov.ar\/#website"},"datePublished":"2018-05-23T14:52:29+00:00","dateModified":"2018-05-23T14:53:17+00:00","author":{"@id":"https:\/\/hcd.malargue.gov.ar\/#\/schema\/person\/3fd6bbab64edd703961b795156c955d0"},"breadcrumb":{"@id":"https:\/\/hcd.malargue.gov.ar\/?p=7263#breadcrumb"},"inLanguage":"es-AR","potentialAction":[{"@type":"ReadAction","target":["https:\/\/hcd.malargue.gov.ar\/?p=7263"]}]},{"@type":"BreadcrumbList","@id":"https:\/\/hcd.malargue.gov.ar\/?p=7263#breadcrumb","itemListElement":[{"@type":"ListItem","position":1,"name":"Inicio","item":"https:\/\/hcd.malargue.gov.ar\/"},{"@type":"ListItem","position":2,"name":"SE REUNI\u00d3 LA COMISI\u00d3N DE OBRAS P\u00daBLICAS"}]},{"@type":"WebSite","@id":"https:\/\/hcd.malargue.gov.ar\/#website","url":"https:\/\/hcd.malargue.gov.ar\/","name":"Malarg\u00fce HCD","description":"Malarg\u00fce Mendoza Argentina","potentialAction":[{"@type":"SearchAction","target":{"@type":"EntryPoint","urlTemplate":"https:\/\/hcd.malargue.gov.ar\/?s={search_term_string}"},"query-input":"required name=search_term_string"}],"inLanguage":"es-AR"},{"@type":"Person","@id":"https:\/\/hcd.malargue.gov.ar\/#\/schema\/person\/3fd6bbab64edd703961b795156c955d0","name":"Belen Pedernera Ferragut","image":{"@type":"ImageObject","inLanguage":"es-AR","@id":"https:\/\/hcd.malargue.gov.ar\/#\/schema\/person\/image\/","url":"https:\/\/secure.gravatar.com\/avatar\/1054ffab3893de4bb3eb29bdd22f7e34b8537bf5d34d9dab311818154ad5b71f?s=96&d=mm&r=g","contentUrl":"https:\/\/secure.gravatar.com\/avatar\/1054ffab3893de4bb3eb29bdd22f7e34b8537bf5d34d9dab311818154ad5b71f?s=96&d=mm&r=g","caption":"Belen Pedernera Ferragut"},"url":"https:\/\/hcd.malargue.gov.ar\/?author=5"}]}},"_links":{"self":[{"href":"https:\/\/hcd.malargue.gov.ar\/index.php?rest_route=\/wp\/v2\/posts\/7263","targetHints":{"allow":["GET"]}}],"collection":[{"href":"https:\/\/hcd.malargue.gov.ar\/index.php?rest_route=\/wp\/v2\/posts"}],"about":[{"href":"https:\/\/hcd.malargue.gov.ar\/index.php?rest_route=\/wp\/v2\/types\/post"}],"author":[{"embeddable":true,"href":"https:\/\/hcd.malargue.gov.ar\/index.php?rest_route=\/wp\/v2\/users\/5"}],"replies":[{"embeddable":true,"href":"https:\/\/hcd.malargue.gov.ar\/index.php?rest_route=%2Fwp%2Fv2%2Fcomments&post=7263"}],"version-history":[{"count":0,"href":"https:\/\/hcd.malargue.gov.ar\/index.php?rest_route=\/wp\/v2\/posts\/7263\/revisions"}],"wp:featuredmedia":[{"embeddable":true,"href":"https:\/\/hcd.malargue.gov.ar\/index.php?rest_route=\/wp\/v2\/media\/7271"}],"wp:attachment":[{"href":"https:\/\/hcd.malargue.gov.ar\/index.php?rest_route=%2Fwp%2Fv2%2Fmedia&parent=7263"}],"wp:term":[{"taxonomy":"category","embeddable":true,"href":"https:\/\/hcd.malargue.gov.ar\/index.php?rest_route=%2Fwp%2Fv2%2Fcategories&post=7263"},{"taxonomy":"post_tag","embeddable":true,"href":"https:\/\/hcd.malargue.gov.ar\/index.php?rest_route=%2Fwp%2Fv2%2Ftags&post=7263"}],"curies":[{"name":"wp","href":"https:\/\/api.w.org\/{rel}","templated":true}]}}